{"id":7451,"date":"2026-04-27T11:51:55","date_gmt":"2026-04-27T11:51:55","guid":{"rendered":"https:\/\/m-acryl.hu\/kad-kisokos\/?p=7451"},"modified":"2026-04-27T11:51:59","modified_gmt":"2026-04-27T11:51:59","slug":"hogyan-tortenik-a-kad-elolap-rogzites","status":"publish","type":"post","link":"https:\/\/m-acryl.hu\/kad-kisokos\/hogyan-tortenik-a-kad-elolap-rogzites\/","title":{"rendered":"Hogyan t\u00f6rt\u00e9nik a k\u00e1d el\u0151lap r\u00f6gz\u00edt\u00e9s? Praktikus tan\u00e1csok a szakszer\u0171 kivitelez\u00e9shez"},"content":{"rendered":"<p>[et_pb_section fb_built=&#8221;1&#8243; disabled_on=&#8221;off|off|off&#8221; _builder_version=&#8221;4.21.0&#8243; _module_preset=&#8221;default&#8221; global_colors_info=&#8221;{}&#8221;][et_pb_row _builder_version=&#8221;4.21.0&#8243; _module_preset=&#8221;default&#8221; width=&#8221;80%&#8221; min_height=&#8221;46.1px&#8221; custom_margin_tablet=&#8221;&#8221; custom_margin_phone=&#8221;0px||||false|false&#8221; custom_margin_last_edited=&#8221;on|phone&#8221; custom_padding=&#8221;0px||0.1%||false|false&#8221; global_colors_info=&#8221;{}&#8221;][et_pb_column type=&#8221;4_4&#8243; _builder_version=&#8221;4.16&#8243; _module_preset=&#8221;default&#8221; global_colors_info=&#8221;{}&#8221;][et_pb_text _builder_version=&#8221;4.27.5&#8243; _module_preset=&#8221;default&#8221; text_font_size=&#8221;16px&#8221; ul_font_size=&#8221;16px&#8221; ul_line_height=&#8221;1.7em&#8221; ol_font_size=&#8221;16px&#8221; ol_line_height=&#8221;1.7em&#8221; custom_padding=&#8221;||2px|||&#8221; global_colors_info=&#8221;{}&#8221;]<\/p>\n<p>Egy sz\u00e9p, eszt\u00e9tikus f\u00fcrd\u0151k\u00e1d a f\u00fcrd\u0151szoba k\u00f6zponti eleme lehet. \u00c1m ehhez elengedhetetlen a megfelel\u0151 be\u00e9p\u00edt\u00e9s, vagy a k\u00e1d el\u0151lap szakszer\u0171 r\u00f6gz\u00edt\u00e9se. A feladat elv\u00e9gz\u00e9s\u00e9hez csak egy j\u00f3l megv\u00e1lasztott <a href=\"https:\/\/m-acryl.hu\/kiegeszitok\/elolapok-es-oldallapok\" target=\"_blank\" rel=\"noopener\"><span style=\"text-decoration: underline; color: #00ccff;\">k\u00e1d el\u0151lapra,<\/span><\/a> n\u00e9h\u00e1ny csavarra, csavarh\u00faz\u00f3ra, esetleg szilikonra van sz\u00fcks\u00e9ge. Ismerje meg a folyamat l\u00e9p\u00e9seit.<i><span style=\"font-weight: 400;\">\u00a0<\/span><\/i><\/p>\n<p>[\/et_pb_text][et_pb_text _builder_version=&#8221;4.27.5&#8243; _module_preset=&#8221;default&#8221; text_font_size=&#8221;16px&#8221; ul_font_size=&#8221;16px&#8221; ul_line_height=&#8221;1.7em&#8221; ol_font_size=&#8221;16px&#8221; ol_line_height=&#8221;1.7em&#8221; custom_margin=&#8221;5%||||false|false&#8221; custom_padding=&#8221;||2px|||&#8221; global_colors_info=&#8221;{}&#8221;]<\/p>\n<h2><strong>Mi az a k\u00e1d el\u0151lap, \u00e9s mik az el\u0151nyei?<\/strong><\/h2>\n<p><span style=\"font-weight: 400;\">A k\u00e1d el\u0151lap egy olyan takar\u00f3elem, amelyet <\/span><b>a k\u00e1d k\u00fcls\u0151, l\u00e1that\u00f3 oldal\u00e1ra szerelnek fel.<\/b><span style=\"font-weight: 400;\"> Els\u0151dleges funkci\u00f3ja, hogy eltakarja a k\u00e1d alatti szerkezeti elemeket, p\u00e9ld\u00e1ul a l\u00e1bakat, cs\u00f6veket vagy a szifont, \u00edgy <\/span><b>eszt\u00e9tikusabb\u00e1 \u00e9s letisztultabb\u00e1 teszi a f\u00fcrd\u0151szoba \u00f6sszk\u00e9p\u00e9t. <\/b><span style=\"font-weight: 400;\">Emellett megk\u00f6nny\u00edti a tiszt\u00e1ntart\u00e1st is, mivel cs\u00f6kkenti annak az es\u00e9ly\u00e9t, hogy por, hajsz\u00e1l vagy nedvess\u00e9g gy\u0171lj\u00f6n \u00f6ssze a k\u00e1d alatti ter\u00fcleten.<\/span><\/p>\n<p><span style=\"font-weight: 400;\">A modern k\u00e1d el\u0151lapok tov\u00e1bbi el\u0151nye, hogy sok esetben k\u00f6nnyen elt\u00e1vol\u00edthat\u00f3k, \u00edgy <\/span><b>gyors hozz\u00e1f\u00e9r\u00e9st biztos\u00edtanak a k\u00e1d alatti szerelv\u00e9nyekhez<\/b><span style=\"font-weight: 400;\"> jav\u00edt\u00e1s vagy karbantart\u00e1s eset\u00e9n. Egy j\u00f3l megv\u00e1lasztott el\u0151lap nemcsak praktikus, de st\u00edlus\u00e1ban is illeszkedik a f\u00fcrd\u0151szoba kialak\u00edt\u00e1s\u00e1hoz, legyen sz\u00f3 minimalista, klasszikus vagy modern otthonr\u00f3l.<\/span><\/p>\n<p><span style=\"font-weight: 400;\">Az M-Acryl k\u00edn\u00e1lat\u00e1ban val\u00f3di <span style=\"text-decoration: underline;\"><span style=\"color: #00ccff; text-decoration: underline;\"><a href=\"https:\/\/m-acryl.hu\/kad-kisokos\/ezert-erdemel-furdokadja-igazi-tropusi-fa-elolapot\/\" target=\"_blank\" rel=\"noopener\" style=\"color: #00ccff; text-decoration: underline;\">tr\u00f3pusi fa burkolatok<\/a><\/span><\/span>, <span style=\"text-decoration: underline;\"><span style=\"color: #00ccff; text-decoration: underline;\"><a href=\"https:\/\/m-acryl.hu\/kereses?search=everwood\" target=\"_blank\" rel=\"noopener\" style=\"color: #00ccff; text-decoration: underline;\">everwood fa hat\u00e1s\u00fa m\u0171anyag el\u0151lapok<\/a><\/span><\/span>, \u00e9s a hagyom\u00e1nyos akril k\u00e1d el\u0151- \u00e9s oldallapok tal\u00e1lhat\u00f3ak. \u00cdgy biztosan megtal\u00e1lhatja az \u00edzl\u00e9s\u00e9hez \u00e9s a f\u00fcrd\u0151szob\u00e1j\u00e1hoz legink\u00e1bb ill\u0151 megold\u00e1st.\u00a0<\/span><\/p>\n<p>[\/et_pb_text][et_pb_image src=&#8221;https:\/\/m-acryl.hu\/kad-kisokos\/wp-content\/uploads\/2026\/04\/everwood-muanyag-kad-oldalburkolat-web.jpg&#8221; alt=&#8221;Everwood m\u0171anyag k\u00e1d oldalburkolat&#8221; title_text=&#8221;everwood-muanyag-kad-oldalburkolat-web&#8221; url=&#8221;https:\/\/m-acryl.hu\/kereses?search=everwood&#8221; url_new_window=&#8221;on&#8221; admin_label=&#8221;Sabina Pro Slim egyenes akril k\u00e1d&#8221; _builder_version=&#8221;4.27.5&#8243; _module_preset=&#8221;default&#8221; custom_margin=&#8221;||-3px|||&#8221; custom_padding=&#8221;||0px||false|false&#8221; global_colors_info=&#8221;{}&#8221;][\/et_pb_image][et_pb_text _builder_version=&#8221;4.27.5&#8243; _module_preset=&#8221;default&#8221; text_font_size=&#8221;16px&#8221; ul_font_size=&#8221;16px&#8221; ul_line_height=&#8221;1.7em&#8221; ol_font_size=&#8221;16px&#8221; ol_line_height=&#8221;1.7em&#8221; custom_margin=&#8221;1%||||false|false&#8221; custom_padding=&#8221;||||false|false&#8221; link_option_url_new_window=&#8221;on&#8221; global_colors_info=&#8221;{}&#8221;]<\/p>\n<p style=\"text-align: center;\"><a href=\"https:\/\/m-acryl.hu\/kereses?search=everwood\" target=\"_blank\" rel=\"noopener\"><em><u>Everwood fa hat\u00e1s\u00fa m\u0171anyag k\u00e1d oldalburkolat<\/u><\/em><\/a><\/p>\n<p>[\/et_pb_text][et_pb_text _builder_version=&#8221;4.27.5&#8243; _module_preset=&#8221;default&#8221; text_font_size=&#8221;16px&#8221; ul_font_size=&#8221;16px&#8221; ul_line_height=&#8221;1.7em&#8221; ol_font_size=&#8221;16px&#8221; ol_line_height=&#8221;1.7em&#8221; custom_margin=&#8221;5%||||false|false&#8221; custom_padding=&#8221;||2px|||&#8221; global_colors_info=&#8221;{}&#8221;]<\/p>\n<h2>Mi\u00e9rt fontos a megfelel\u0151 el\u0151lapr\u00f6gz\u00edt\u00e9s?<\/h2>\n<p><span style=\"font-weight: 400;\">A <\/span><a href=\"https:\/\/m-acryl.hu\"><span style=\"font-weight: 400;\">f\u00fcrd\u0151k\u00e1dak<\/span><\/a><span style=\"font-weight: 400;\"> el\u0151lapj\u00e1nak els\u0151dleges funkci\u00f3ja, hogy eszt\u00e9tikusan takarja el a k\u00e1d als\u00f3 szerkezet\u00e9t, l\u00e1bait, illetve hogy meg\u00f3vja ezeket a k\u00fcls\u0151 hat\u00e1sokt\u00f3l. Emellett a megfelel\u0151en r\u00f6gz\u00edtett el\u0151lap hozz\u00e1j\u00e1rul a f\u00fcrd\u0151szoba higi\u00e9nikusabb\u00e1 t\u00e9tel\u00e9hez is, hiszen a takart r\u00e9szek m\u00f6g\u00e9 kevesebb por, szennyez\u0151d\u00e9s vagy p\u00e1ra juthat be.<\/span><\/p>\n<p><b>A nem megfelel\u0151 r\u00f6gz\u00edt\u00e9s ugyanakkor t\u00f6bb probl\u00e9m\u00e1t is okozhat: <\/b><span style=\"font-weight: 400;\">z\u00f6rg\u0151, elmozdul\u00f3 el\u0151lapot, reped\u00e9seket, v\u00edzsziv\u00e1rg\u00e1st vagy a szervizel\u00e9s neh\u00e9zs\u00e9geit. \u00c9ppen ez\u00e9rt fontos a szakszer\u0171 el\u0151lapr\u00f6gz\u00edt\u00e9s, ak\u00e1r saj\u00e1t kez\u0171leg, ak\u00e1r <span style=\"text-decoration: underline;\"><span style=\"color: #00ccff;\"><a href=\"Mi\u00e9rt%20fontos a megfelel\u0151 el\u0151lap-r\u00f6gz\u00edt\u00e9s? (H2) A f\u00fcrd\u0151k\u00e1dak el\u0151lapj\u00e1nak els\u0151dleges funkci\u00f3ja, hogy eszt\u00e9tikusan takarja el a k\u00e1d als\u00f3 szerkezet\u00e9t, l\u00e1bait, illetve hogy meg\u00f3vja ezeket a k\u00fcls\u0151 hat\u00e1sokt\u00f3l. Emellett a megfelel\u0151en r\u00f6gz\u00edtett el\u0151lap hozz\u00e1j\u00e1rul a f\u00fcrd\u0151szoba higi\u00e9nikusabb\u00e1 t\u00e9tel\u00e9hez is, hiszen a takart r\u00e9szek m\u00f6g\u00e9 kevesebb por, szennyez\u0151d\u00e9s vagy p\u00e1ra juthat be. A nem megfelel\u0151 r\u00f6gz\u00edt\u00e9s ugyanakkor t\u00f6bb probl\u00e9m\u00e1t is okozhat: z\u00f6rg\u0151, elmozdul\u00f3 el\u0151lapot, reped\u00e9seket, v\u00edzsziv\u00e1rg\u00e1st vagy a szervizel\u00e9s neh\u00e9zs\u00e9geit. \u00c9ppen ez\u00e9rt fontos a szakszer\u0171 el\u0151lap-r\u00f6gz\u00edt\u00e9s, ak\u00e1r otthoni k\u00f6rnyezetben, saj\u00e1t kez\u0171leg, ak\u00e1r szakember seg\u00edts\u00e9g\u00e9vel t\u00f6rt\u00e9nik a kivitelez\u00e9s.\" target=\"_blank\" rel=\"noopener\" style=\"color: #00ccff; text-decoration: underline;\">szakember seg\u00edts\u00e9g\u00e9vel t\u00f6rt\u00e9nik a kivitelez\u00e9s.<\/a><\/span><\/span><\/span><\/p>\n<p><span style=\"color: #00ccff;\"><a href=\"https:\/\/m-acryl.hu\/kereses?search=everwood#\" target=\"_blank\" rel=\"noopener\" style=\"color: #00ccff;\">Az Everwood fahat\u00e1s\u00fa<\/a><\/span> \u00e9s <span style=\"text-decoration: underline;\"><span style=\"color: #00ccff; text-decoration: underline;\"><a href=\"https:\/\/m-acryl.hu\/kad-kisokos\/ezert-erdemel-furdokadja-igazi-tropusi-fa-elolapot\/\" target=\"_blank\" rel=\"noopener\" style=\"color: #00ccff; text-decoration: underline;\">val\u00f3di tr\u00f3pusi fa k\u00e1del\u0151lapokn\u00e1l<\/a><\/span><\/span> ilyen probl\u00e9m\u00e1val nem kell szemben\u00e9znie, hiszen azokat a k\u00e1dra szerelve sz\u00e1ll\u00edtjuk. Ebb\u0151l ad\u00f3d\u00f3an ezeket a k\u00e1ddal egy\u00fctt kell megrendelnie.<\/p>\n<p>[\/et_pb_text][et_pb_image src=&#8221;https:\/\/m-acryl.hu\/kad-kisokos\/wp-content\/uploads\/2024\/11\/samanta-akril-sarokkad-macryl.jpeg&#8221; alt=&#8221;Samanta akril sarokk\u00e1d tr\u00f3pusi fa el\u0151lappal&#8221; title_text=&#8221;samanta-akril-sarokkad-macryl&#8221; url=&#8221;https:\/\/m-acryl.hu\/termekek\/sarokkad\/samanta-akril-sarokkad&#8221; url_new_window=&#8221;on&#8221; admin_label=&#8221;Sabina Pro Slim egyenes akril k\u00e1d&#8221; _builder_version=&#8221;4.27.5&#8243; _module_preset=&#8221;default&#8221; custom_margin=&#8221;||-3px|||&#8221; custom_padding=&#8221;||0px||false|false&#8221; global_colors_info=&#8221;{}&#8221;][\/et_pb_image][et_pb_text _builder_version=&#8221;4.27.5&#8243; _module_preset=&#8221;default&#8221; text_font_size=&#8221;16px&#8221; ul_font_size=&#8221;16px&#8221; ul_line_height=&#8221;1.7em&#8221; ol_font_size=&#8221;16px&#8221; ol_line_height=&#8221;1.7em&#8221; custom_margin=&#8221;1%||||false|false&#8221; custom_padding=&#8221;||||false|false&#8221; link_option_url_new_window=&#8221;on&#8221; global_colors_info=&#8221;{}&#8221;]<\/p>\n<p style=\"text-align: center;\"><span style=\"text-decoration: underline;\"><em><a href=\"https:\/\/m-acryl.hu\/termekek\/sarokkad\/samanta-akril-sarokkad\" target=\"_blank\" rel=\"noopener\">Samanta akril sarokk\u00e1d tr\u00f3pusi fa el\u0151lappal<\/a><\/em><\/span><\/p>\n<p>[\/et_pb_text][et_pb_text _builder_version=&#8221;4.27.5&#8243; _module_preset=&#8221;default&#8221; text_font_size=&#8221;16px&#8221; ul_font_size=&#8221;16px&#8221; ul_line_height=&#8221;1.7em&#8221; ol_font_size=&#8221;16px&#8221; ol_line_height=&#8221;1.7em&#8221; custom_margin=&#8221;5%||||false|false&#8221; custom_padding=&#8221;||2px|||&#8221; global_colors_info=&#8221;{}&#8221;]<\/p>\n<h3>M\u00e1gneses r\u00f6gz\u00edt\u00e9s<\/h3>\n<p data-start=\"131\" data-end=\"262\">A m\u00e1gneses k\u00e1d el\u0151lap r\u00f6gz\u00edt\u00e9s letisztult megjelen\u00e9st ad: k\u00edv\u00fclr\u0151l teljesen csavarmentes, \u00edgy a f\u00fcrd\u0151szoba \u00f6sszk\u00e9pe egys\u00e9ges marad. A gyakorlatban azonban ez nem csak m\u00e1gnes. Az M-Acryl fe hat\u00e1s\u00fa Everwood el\u0151lapok eset\u00e9ben egy kombin\u00e1lt rendszer m\u0171k\u00f6dik:<\/p>\n<ul data-start=\"408\" data-end=\"649\">\n<li data-section-id=\"b9284t\" data-start=\"408\" data-end=\"456\">az el\u0151lap alj\u00e1n m\u00e1gnes seg\u00edti a pozicion\u00e1l\u00e1st,<\/li>\n<li data-section-id=\"1y8cxl9\" data-start=\"457\" data-end=\"553\">alul egy menetes sz\u00e1ras kit\u00e1maszt\u00f3 \u00e9s egy L-alak\u00fa f\u00e9m tart\u00f3 biztos\u00edtja a stabil al\u00e1t\u00e1maszt\u00e1st,<\/li>\n<li data-section-id=\"1jijmvs\" data-start=\"554\" data-end=\"649\">fel\u00fcl pedig az el\u0151lap egy \u00e9lv\u00e9d\u0151n kereszt\u00fcl becs\u00faszik a k\u00e1dperem alatt r\u00f6gz\u00edtett elemek k\u00f6z\u00e9.<\/li>\n<\/ul>\n<p data-start=\"651\" data-end=\"720\">Ez azt jelenti, hogy a m\u00e1gnes nem tart, hanem pontosan a hely\u00e9re h\u00faz. El\u0151nye a gyors, szersz\u00e1m n\u00e9lk\u00fcli hozz\u00e1f\u00e9r\u00e9s, \u00e9s az eszt\u00e9tikus, csavarmentes k\u00fcls\u0151.<\/p>\n<p data-start=\"803\" data-end=\"920\">Fontos tudni: a val\u00f3di stabilit\u00e1st itt mindig a mechanikus r\u00f6gz\u00edt\u00e9s adja, a m\u00e1gnes csak kieg\u00e9sz\u00edt\u0151 szerepet j\u00e1tszik.<span style=\"font-weight: 400;\"><\/span><\/p>\n<p>[\/et_pb_text][et_pb_image src=&#8221;https:\/\/m-acryl.hu\/kad-kisokos\/wp-content\/uploads\/2026\/04\/everwood-fahatasu-muanyag-kad-oldalburkolat-web-scaled.jpg&#8221; alt=&#8221;everwood-fahatasu-muanyag-kad-oldalburkolat-web&#8221; title_text=&#8221;everwood-fahatasu-muanyag-kad-oldalburkolat-web&#8221; url=&#8221;https:\/\/m-acryl.hu\/kereses?search=everwood&#8221; url_new_window=&#8221;on&#8221; admin_label=&#8221;Sabina Pro Slim egyenes akril k\u00e1d&#8221; _builder_version=&#8221;4.27.5&#8243; _module_preset=&#8221;default&#8221; custom_margin=&#8221;||-3px|||&#8221; custom_padding=&#8221;||0px||false|false&#8221; global_colors_info=&#8221;{}&#8221;][\/et_pb_image][et_pb_text _builder_version=&#8221;4.27.5&#8243; _module_preset=&#8221;default&#8221; text_font_size=&#8221;16px&#8221; ul_font_size=&#8221;16px&#8221; ul_line_height=&#8221;1.7em&#8221; ol_font_size=&#8221;16px&#8221; ol_line_height=&#8221;1.7em&#8221; custom_margin=&#8221;1%||||false|false&#8221; custom_padding=&#8221;||||false|false&#8221; link_option_url_new_window=&#8221;on&#8221; global_colors_info=&#8221;{}&#8221;]<\/p>\n<p style=\"text-align: center;\"><span style=\"text-decoration: underline;\"><a href=\"https:\/\/m-acryl.hu\/kereses?search=everwood\" target=\"_blank\" rel=\"noopener\"><em>F\u00fcrd\u0151k\u00e1d Everwood fa hat\u00e1s\u00fa el\u0151lappal<\/em><\/a><\/span><\/p>\n<p>[\/et_pb_text][et_pb_text _builder_version=&#8221;4.27.5&#8243; _module_preset=&#8221;default&#8221; text_font_size=&#8221;16px&#8221; ul_font_size=&#8221;16px&#8221; ul_line_height=&#8221;1.7em&#8221; ol_font_size=&#8221;16px&#8221; ol_line_height=&#8221;1.7em&#8221; custom_margin=&#8221;5%||||false|false&#8221; custom_padding=&#8221;||2px|||&#8221; global_colors_info=&#8221;{}&#8221;]<\/p>\n<p data-start=\"803\" data-end=\"920\">\n<h3 data-section-id=\"1u6w35a\" data-start=\"927\" data-end=\"967\">Kapcsos, bepattinthat\u00f3 rendszer<\/h3>\n<p data-start=\"969\" data-end=\"1066\">Az akril el\u0151lapokn\u00e1l az egyik legpraktikusabb k\u00e1d el\u0151lap r\u00f6gz\u00edt\u00e9si megold\u00e1s. Az M-Acryl akril el\u0151lapjain\u00e1l p\u00e9ld\u00e1ul a rendszer \u00edgy m\u0171k\u00f6dik: a k\u00e1dperem alatt m\u0171anyag kock\u00e1khoz r\u00f6gz\u00edtett S-alak\u00fa f\u00e9m f\u00fclek adj\u00e1k a tart\u00e1st, az el\u0151lap ezek k\u00f6z\u00e9 cs\u00faszik be, majd stabilan a hely\u00e9re illeszkedik.<\/p>\n<p data-start=\"1286\" data-end=\"1356\">K\u00edv\u00fclr\u0151l itt sem l\u00e1that\u00f3 csavar, a r\u00f6gz\u00edt\u00e9s \u201el\u00e1thatatlanul\u201d dolgozik.\u00a0Ami\u00e9rt sokan ezt v\u00e1lasztj\u00e1k:<\/p>\n<ul data-start=\"1387\" data-end=\"1510\">\n<li data-section-id=\"1kok73f\" data-start=\"1387\" data-end=\"1422\">stabil, m\u00e9gsem v\u00e9gleges r\u00f6gz\u00edt\u00e9s,<\/li>\n<li data-section-id=\"dlfw7u\" data-start=\"1423\" data-end=\"1462\">gyorsan elt\u00e1vol\u00edthat\u00f3 szervizel\u00e9shez,<\/li>\n<li data-section-id=\"95sfd8\" data-start=\"1463\" data-end=\"1510\">eszt\u00e9tikus megjelen\u00e9s kompromisszumok n\u00e9lk\u00fcl.<\/li>\n<\/ul>\n<p>[\/et_pb_text][et_pb_image src=&#8221;https:\/\/m-acryl.hu\/kad-kisokos\/wp-content\/uploads\/2025\/01\/Claudia-kad.jpg&#8221; alt=&#8221;Claudia k\u00e1d&#8221; title_text=&#8221;Claudia-kad&#8221; url=&#8221;https:\/\/m-acryl.hu\/kereses?search=everwood&#8221; url_new_window=&#8221;on&#8221; admin_label=&#8221;Sabina Pro Slim egyenes akril k\u00e1d&#8221; _builder_version=&#8221;4.27.5&#8243; _module_preset=&#8221;default&#8221; custom_margin=&#8221;||-3px|||&#8221; custom_padding=&#8221;||0px||false|false&#8221; global_colors_info=&#8221;{}&#8221;][\/et_pb_image][et_pb_text _builder_version=&#8221;4.27.5&#8243; _module_preset=&#8221;default&#8221; text_font_size=&#8221;16px&#8221; ul_font_size=&#8221;16px&#8221; ul_line_height=&#8221;1.7em&#8221; ol_font_size=&#8221;16px&#8221; ol_line_height=&#8221;1.7em&#8221; custom_margin=&#8221;1%||||false|false&#8221; custom_padding=&#8221;||||false|false&#8221; link_option_url_new_window=&#8221;on&#8221; global_colors_info=&#8221;{}&#8221;]<\/p>\n<p style=\"text-align: center;\"><span style=\"text-decoration: underline;\"><a href=\"https:\/\/m-acryl.hu\/kereses?search=everwood\" target=\"_blank\" rel=\"noopener\"><em>Claudia k\u00e1d akril k\u00e1d el\u0151lappal<\/em><\/a><\/span><\/p>\n<p>[\/et_pb_text][et_pb_text _builder_version=&#8221;4.27.5&#8243; _module_preset=&#8221;default&#8221; text_font_size=&#8221;16px&#8221; ul_font_size=&#8221;16px&#8221; ul_line_height=&#8221;1.7em&#8221; ol_font_size=&#8221;16px&#8221; ol_line_height=&#8221;1.7em&#8221; custom_margin=&#8221;5%||||false|false&#8221; custom_padding=&#8221;||2px|||&#8221; global_colors_info=&#8221;{}&#8221;]<\/p>\n<p data-start=\"803\" data-end=\"920\"><strong>A rendszer \u00e9rz\u00e9keny a pontos be\u00e1ll\u00edt\u00e1sra:<\/strong> ha a r\u00f6gz\u00edt\u00e9si pontok j\u00f3l vannak kialak\u00edtva, az el\u0151lap nem mozdul el, m\u00e9g intenz\u00edv haszn\u00e1lat mellett sem. A pontos pozicion\u00e1l\u00e1s \u00e9s a stabil r\u00f6gz\u00edt\u00e9si pontok n\u00e9lk\u00fcl az el\u0151lap nem fog t\u00f6k\u00e9letesen illeszkedni, ez\u00e9rt \u00e9rdemes ilyen rendszern\u00e9l egy stabil alapot adni a szerkezetnek, p\u00e9ld\u00e1ul a kompakt <span style=\"text-decoration: underline;\"><span style=\"color: #00ccff;\"><a href=\"https:\/\/m-acryl.hu\/termekek\/egyeb\/kompakt-vazszerkezet\" target=\"_blank\" rel=\"noopener\" style=\"color: #00ccff; text-decoration: underline;\">v\u00e1zszerkezet haszn\u00e1lat\u00e1val.<\/a> <\/span><\/span>Ez nemcsak megk\u00f6nny\u00edti a pontos be\u00e1ll\u00edt\u00e1st, hanem hossz\u00fa t\u00e1von is biztos\u00edtja, hogy az el\u0151lap ne mozduljon el, \u00e9s ne fesz\u00fclj\u00f6n a haszn\u00e1lat sor\u00e1n.<\/p>\n<p>[\/et_pb_text][et_pb_image src=&#8221;https:\/\/m-acryl.hu\/kad-kisokos\/wp-content\/uploads\/2020\/02\/Lecke-GFXMia-akril-ka\u0301d-copy-4.jpg&#8221; alt=&#8221;Kompakt v\u00e1zszerkezet&#8221; title_text=&#8221;Kompakt v\u00e1zszerkezet&#8221; url=&#8221;https:\/\/m-acryl.hu\/termekek\/egyeb\/kompakt-vazszerkezet&#8221; url_new_window=&#8221;on&#8221; admin_label=&#8221;Sabina Pro Slim egyenes akril k\u00e1d&#8221; _builder_version=&#8221;4.27.5&#8243; _module_preset=&#8221;default&#8221; custom_margin=&#8221;||-3px|||&#8221; custom_padding=&#8221;||0px||false|false&#8221; global_colors_info=&#8221;{}&#8221;][\/et_pb_image][et_pb_text _builder_version=&#8221;4.27.5&#8243; _module_preset=&#8221;default&#8221; text_font_size=&#8221;16px&#8221; ul_font_size=&#8221;16px&#8221; ul_line_height=&#8221;1.7em&#8221; ol_font_size=&#8221;16px&#8221; ol_line_height=&#8221;1.7em&#8221; custom_margin=&#8221;1%||||false|false&#8221; custom_padding=&#8221;||||false|false&#8221; link_option_url_new_window=&#8221;on&#8221; global_colors_info=&#8221;{}&#8221;]<\/p>\n<p style=\"text-align: center;\"><span style=\"text-decoration: underline;\"><em><a href=\"https:\/\/m-acryl.hu\/termekek\/egyeb\/kompakt-vazszerkezet\" target=\"_blank\" rel=\"noopener\">Kompakt v\u00e1zszerkezet<\/a><\/em><\/span><\/p>\n<p>[\/et_pb_text][et_pb_text _builder_version=&#8221;4.27.5&#8243; _module_preset=&#8221;default&#8221; text_font_size=&#8221;16px&#8221; ul_font_size=&#8221;16px&#8221; ul_line_height=&#8221;1.7em&#8221; ol_font_size=&#8221;16px&#8221; ol_line_height=&#8221;1.7em&#8221; custom_margin=&#8221;5%||||false|false&#8221; custom_padding=&#8221;||2px|||&#8221; global_colors_info=&#8221;{}&#8221;]<\/p>\n<h3 data-section-id=\"2c5zbv\" data-start=\"1768\" data-end=\"1808\">K\u00e1d el\u0151lap r\u00f6gz\u00edt\u00e9s csavarokkal\u00a0<\/h3>\n<p data-start=\"1810\" data-end=\"1898\">Ha a maxim\u00e1lis stabilit\u00e1s a c\u00e9l, a csavaros k\u00e1d el\u0151lap r\u00f6gz\u00edt\u00e9s az egyik legbiztosabb megold\u00e1s. Az M-Acryl tr\u00f3pusi fa el\u0151lapokn\u00e1l ezt alkalmazzuk: alul menetes sz\u00e1ras kit\u00e1maszt\u00e1s \u00e9s L-alak\u00fa tart\u00f3elemek adj\u00e1k az alapot, fel\u00fcl a k\u00e1dperem alatt tov\u00e1bbi r\u00f6gz\u00edt\u00e9si pontok ker\u00fclnek kialak\u00edt\u00e1sra, az el\u0151lap ezekhez k\u00f6zvetlen\u00fcl, s\u00fcllyesztett, festett fej\u0171 csavarokkal kapcsol\u00f3dik.<\/p>\n<p data-start=\"2363\" data-end=\"2481\">\n<p>[\/et_pb_text][et_pb_image src=&#8221;https:\/\/m-acryl.hu\/kad-kisokos\/wp-content\/uploads\/2025\/03\/2025-egyenes_kad_tropusi_fa_elolap-1.png&#8221; alt=&#8221;Tr\u00f3pusi fa el\u0151lap egyenes k\u00e1dakhoz&#8221; title_text=&#8221;2025 egyenes_kad_tropusi_fa_elolap (1)&#8221; url=&#8221;https:\/\/m-acryl.hu\/kereses?search=tr%C3%B3pusi&#8221; url_new_window=&#8221;on&#8221; admin_label=&#8221;Sabina Pro Slim egyenes akril k\u00e1d&#8221; _builder_version=&#8221;4.27.5&#8243; _module_preset=&#8221;default&#8221; custom_margin=&#8221;||-3px|||&#8221; custom_padding=&#8221;||0px||false|false&#8221; global_colors_info=&#8221;{}&#8221;][\/et_pb_image][et_pb_text _builder_version=&#8221;4.27.5&#8243; _module_preset=&#8221;default&#8221; text_font_size=&#8221;16px&#8221; ul_font_size=&#8221;16px&#8221; ul_line_height=&#8221;1.7em&#8221; ol_font_size=&#8221;16px&#8221; ol_line_height=&#8221;1.7em&#8221; custom_margin=&#8221;1%||||false|false&#8221; custom_padding=&#8221;||||false|false&#8221; link_option_url_new_window=&#8221;on&#8221; global_colors_info=&#8221;{}&#8221;]<\/p>\n<p style=\"text-align: center;\"><span style=\"text-decoration: underline;\"><em><a href=\"https:\/\/m-acryl.hu\/kereses?search=tr%C3%B3pusi\" target=\"_blank\" rel=\"noopener\">Tr\u00f3pusi fa el\u0151lapok<\/a><\/em><\/span><\/p>\n<p>[\/et_pb_text][et_pb_text _builder_version=&#8221;4.27.5&#8243; _module_preset=&#8221;default&#8221; text_font_size=&#8221;16px&#8221; ul_font_size=&#8221;16px&#8221; ul_line_height=&#8221;1.7em&#8221; ol_font_size=&#8221;16px&#8221; ol_line_height=&#8221;1.7em&#8221; custom_margin=&#8221;5%||||false|false&#8221; custom_padding=&#8221;||2px|||&#8221; global_colors_info=&#8221;{}&#8221;]<\/p>\n<h3><strong>K\u00e1d be\u00e9p\u00edt\u00e9se<\/strong><\/h3>\n<p><span style=\"font-weight: 400;\">B\u00e1r nem a klasszikus \u00e9rtelemben vett el\u0151lapr\u00f3l van sz\u00f3, \u00e9rdemes eml\u00edt\u00e9st tenni a be\u00e9p\u00edtett k\u00e1dakr\u00f3l is. A <\/span><span style=\"text-decoration: underline;\"><span style=\"color: #00ccff;\"><a href=\"https:\/\/m-acryl.hu\/kad-kisokos\/akril-kad-beepites-ytong\/\" style=\"color: #00ccff;\"><span style=\"font-weight: 400;\">k\u00e1d be\u00e9p\u00edt\u00e9s ytong falazatba<\/span><\/a><\/span><\/span><span style=\"font-weight: 400;\"> igen n\u00e9pszer\u0171 azok k\u00f6r\u00e9ben, akik burkolt, stabil \u00e9s fix szerkezetet k\u00e9pzeltek el otthonukba. Mivel itt az el\u0151lap elt\u00e1vol\u00edt\u00e1s\u00e1ra nincs lehet\u0151s\u00e9g, <\/span><b>elengedhetetlen egy szerel\u0151lyuk l\u00e9tes\u00edt\u00e9se, <\/b><span style=\"font-weight: 400;\">ahol sz\u00fcks\u00e9g eset\u00e9n a szakember hozz\u00e1f\u00e9rhet a falazat m\u00f6g\u00f6tti ter\u00fclethez is.\u00a0<\/span><\/p>\n<p>[\/et_pb_text][et_pb_text _builder_version=&#8221;4.27.5&#8243; _module_preset=&#8221;default&#8221; text_font_size=&#8221;16px&#8221; ul_font_size=&#8221;16px&#8221; ul_line_height=&#8221;1.7em&#8221; ol_font_size=&#8221;16px&#8221; ol_line_height=&#8221;1.7em&#8221; custom_margin=&#8221;5%||||false|false&#8221; custom_padding=&#8221;||2px|||&#8221; global_colors_info=&#8221;{}&#8221;]<\/p>\n<p data-start=\"803\" data-end=\"920\">\n<p data-start=\"1512\" data-end=\"1697\">\n<p data-start=\"1512\" data-end=\"1697\">\n<h2><strong>Egyens\u00falyban az eszt\u00e9tika \u00e9s a funkcionalit\u00e1s<\/strong><\/h2>\n<p><span style=\"font-weight: 400;\">A k\u00e1d el\u0151lap r\u00f6gz\u00edt\u00e9se nem csup\u00e1n technikai feladat. A c\u00e9l az, hogy olyan megold\u00e1st v\u00e1lasszon, ami hossz\u00fa t\u00e1von is megfelel az ig\u00e9nyeinek.\u00a0<\/span><\/p>\n<p><span style=\"font-weight: 400;\">Az M-Acryl k\u00edn\u00e1lat\u00e1ban kaphat\u00f3 <a href=\"https:\/\/m-acryl.hu\/\" target=\"_blank\" rel=\"noopener\">k\u00e1dak,<\/a>\u00a0<span style=\"color: #00ccff;\"><a href=\"https:\/\/m-acryl.hu\/kiegeszitok\/elolapok-es-oldallapok\" target=\"_blank\" rel=\"noopener\" style=\"color: #00ccff;\"><span style=\"text-decoration: underline;\">el\u0151- \u00e9s oldallapok<\/span><\/a> <\/span>t\u00f6k\u00e9letesen k\u00e9pesek megfelelni valamennyi, vel\u00fck szemben t\u00e1masztott felt\u00e9telnek, ak\u00e1r a hagyom\u00e1nyos akril, ak\u00e1r az eleg\u00e1ns fa vagy fahat\u00e1s\u00fa el\u0151lapot v\u00e1lasztja. Amennyiben k\u00e9rd\u00e9se van ak\u00e1r term\u00e9keinkkel, ak\u00e1r a be\u00e9p\u00edt\u00e9ssel vagy karbantart\u00e1ssal kapcsolatban,<span style=\"text-decoration: underline;\"><span style=\"color: #00ccff;\"><a href=\"https:\/\/m-acryl.hu\/kapcsolat\" target=\"_blank\" rel=\"noopener\" style=\"color: #00ccff; text-decoration: underline;\"> forduljon hozz\u00e1nk bizalommal, szak\u00e9rt\u0151 koll\u00e9g\u00e1ink minden helyzetre megtal\u00e1lj\u00e1k a megold\u00e1st.<\/a><\/span><\/span><\/span><\/p>\n<h3><\/h3>\n<p><span style=\"font-weight: 400;\"><\/span><\/p>\n<p>[\/et_pb_text][\/et_pb_column][\/et_pb_row][\/et_pb_section][et_pb_section fb_built=&#8221;1&#8243; fullwidth=&#8221;on&#8221; _builder_version=&#8221;4.27.2&#8243; _module_preset=&#8221;default&#8221; global_colors_info=&#8221;{}&#8221;][\/et_pb_section][et_pb_section fb_built=&#8221;1&#8243; _builder_version=&#8221;4.16&#8243; background_color=&#8221;#f0f0f0&#8243; custom_margin=&#8221;||0px|||&#8221; custom_padding=&#8221;9px||1px|||&#8221; top_divider_height=&#8221;25px&#8221; border_width_all=&#8221;23px&#8221; border_color_all=&#8221;#e2e2e2&#8243; locked=&#8221;off&#8221; collapsed=&#8221;on&#8221; global_colors_info=&#8221;{}&#8221;][et_pb_row _builder_version=&#8221;4.16&#8243; width=&#8221;70%&#8221; width_tablet=&#8221;&#8221; width_phone=&#8221;90%&#8221; width_last_edited=&#8221;on|phone&#8221; min_height=&#8221;636px&#8221; custom_margin=&#8221;40px|auto||auto||&#8221; global_colors_info=&#8221;{}&#8221;][et_pb_column type=&#8221;4_4&#8243; _builder_version=&#8221;4.16&#8243; global_colors_info=&#8221;{}&#8221;][et_pb_blurb use_icon=&#8221;on&#8221; font_icon=&#8221;&#xe010;||divi||400&#8243; icon_color=&#8221;#c5d300&#8243; image_icon_width=&#8221;108px&#8221; content_max_width=&#8221;687px&#8221; _builder_version=&#8221;4.16&#8243; header_level=&#8221;h2&#8243; body_text_color=&#8221;#424242&#8243; body_font_size=&#8221;17px&#8221; custom_margin=&#8221;|0px|0px|0px|false|false&#8221; custom_padding=&#8221;|0px||0px|false|false&#8221; icon_font_size=&#8221;108px&#8221; global_colors_info=&#8221;{}&#8221;][\/et_pb_blurb][et_pb_text _builder_version=&#8221;4.16&#8243; header_text_align=&#8221;center&#8221; custom_margin=&#8221;6px||6px||true|false&#8221; global_colors_info=&#8221;{}&#8221;]<\/p>\n<h2 style=\"text-align: center;\">Cikksorozatunk tov\u00e1bbi r\u00e9szei is v\u00e1rj\u00e1k \u00f6nt.<\/h2>\n<p>[\/et_pb_text][et_pb_text _builder_version=&#8221;4.16&#8243; text_text_color=&#8221;#FFFFFF&#8221; text_font_size=&#8221;17px&#8221; text_line_height=&#8221;1.6em&#8221; custom_padding=&#8221;||2px|||&#8221; global_colors_info=&#8221;{}&#8221;]<\/p>\n<p style=\"text-align: center;\"><span style=\"color: #333333;\">K\u00e9rje tov\u00e1bbi inspir\u00e1l\u00f3 \u00e9s szak\u00e9rt\u0151i cikkeinket a f\u00fcrd\u0151k\u00e1d t\u00e9m\u00e1ban. Adja meg e-mail c\u00edm\u00e9t, hogy tov\u00e1bbi hasznos tartalmakat k\u00fcldhess\u00fcnk \u00d6nnek.<br \/>\n<\/span><\/p>\n<p>[\/et_pb_text][et_pb_code _builder_version=&#8221;4.16&#8243; background_color=&#8221;rgba(0,0,0,0)&#8221; custom_padding=&#8221;||0px|||&#8221; animation_style=&#8221;fade&#8221; global_colors_info=&#8221;{}&#8221;]<\/p>\n<div id=\"mmform201115\" class=\"mmform\" style=\"position: relative; padding-bottom: 300px; height: 0; overflow: hidden; max-width: 100%;\"><\/div>\n<p><!-- [et_pb_line_break_holder] --><!-- [et_pb_line_break_holder] --><!-- [et_pb_line_break_holder] --><!-- [et_pb_line_break_holder] --><!-- [et_pb_line_break_holder] --><!-- [et_pb_line_break_holder] --><script type=\"text\/javascript\"><!-- [et_pb_line_break_holder] -->var uniqueId = 2011151587117327,listId = 104491,formId = 201115,iwidth=115,mmDomain='salesautopilot.s3.amazonaws.com',secondMMDomain='sw.marketingszoftverek.hu',spancont=false,secure=('https:' == document.location.protocol)?true:false;<!-- [et_pb_line_break_holder] --><\/script><!-- [et_pb_line_break_holder] --><script type=\"text\/javascript\" src=\"https:\/\/d1ursyhqs5x9h1.cloudfront.net\/sw\/scripts\/mm-embed-iframe-1.15.min.js\"><\/script>[\/et_pb_code][\/et_pb_column][\/et_pb_row][\/et_pb_section]<\/p>\n","protected":false},"excerpt":{"rendered":"<p>A luxus f\u00fcrd\u0151szoba az \u00f6n sz\u00e1m\u00e1ra is el\u00e9rhet\u0151. Ismerje meg ennek elemeit, valamint a legfontosabb kieg\u00e9sz\u00edt\u0151 \u2013 a k\u00e1d szerep\u00e9t. <\/p>\n","protected":false},"author":6,"featured_media":7471,"comment_status":"closed","ping_status":"open","sticky":false,"template":"","format":"standard","meta":{"_et_pb_use_builder":"on","_et_pb_old_content":"","_et_gb_content_width":"","footnotes":""},"categories":[1,69],"tags":[183],"class_list":["post-7451","post","type-post","status-publish","format-standard","has-post-thumbnail","hentry","category-egyeb","category-kozlemeny","tag-luxus-furdoszoba","et-has-post-format-content","et_post_format-et-post-format-standard"],"yoast_head":"<!-- This site is optimized with the Yoast SEO plugin v26.6 - https:\/\/yoast.com\/wordpress\/plugins\/seo\/ -->\n<title>K\u00e1d kisokos - Hogyan t\u00f6rt\u00e9nik a k\u00e1d el\u0151lap r\u00f6gz\u00edt\u00e9s? Praktikus tan\u00e1csok a szakszer\u0171 kivitelez\u00e9shez<\/title>\n<meta name=\"description\" content=\"A k\u00e1d el\u0151lap r\u00f6gz\u00edt\u00e9st ak\u00e1r saj\u00e1t kez\u0171leg is megoldhatja. Ismerje meg a lehet\u0151s\u00e9geket!\" \/>\n<meta name=\"robots\" content=\"index, nofollow, max-snippet:-1, max-image-preview:large, max-video-preview:-1\" \/>\n<link rel=\"canonical\" href=\"https:\/\/m-acryl.hu\/kad-kisokos\/hogyan-tortenik-a-kad-elolap-rogzites\/\" \/>\n<meta property=\"og:locale\" content=\"hu_HU\" \/>\n<meta property=\"og:type\" content=\"article\" \/>\n<meta property=\"og:title\" content=\"K\u00e1d kisokos - Hogyan t\u00f6rt\u00e9nik a k\u00e1d el\u0151lap r\u00f6gz\u00edt\u00e9s? Praktikus tan\u00e1csok a szakszer\u0171 kivitelez\u00e9shez\" \/>\n<meta property=\"og:description\" content=\"A k\u00e1d el\u0151lap r\u00f6gz\u00edt\u00e9st ak\u00e1r saj\u00e1t kez\u0171leg is megoldhatja. Ismerje meg a lehet\u0151s\u00e9geket!\" \/>\n<meta property=\"og:url\" content=\"https:\/\/m-acryl.hu\/kad-kisokos\/hogyan-tortenik-a-kad-elolap-rogzites\/\" \/>\n<meta property=\"og:site_name\" content=\"K\u00e1d kisokos\" \/>\n<meta property=\"article:published_time\" content=\"2026-04-27T11:51:55+00:00\" \/>\n<meta property=\"article:modified_time\" content=\"2026-04-27T11:51:59+00:00\" \/>\n<meta property=\"og:image\" content=\"https:\/\/m-acryl.hu\/kad-kisokos\/wp-content\/uploads\/2026\/04\/m-acryl-furdokad-oldalburkolat.jpg\" \/>\n\t<meta property=\"og:image:width\" content=\"1280\" \/>\n\t<meta property=\"og:image:height\" content=\"640\" \/>\n\t<meta property=\"og:image:type\" content=\"image\/jpeg\" \/>\n<meta name=\"author\" content=\"Madar\u00e1sz J\u00falia\" \/>\n<meta name=\"twitter:card\" content=\"summary_large_image\" \/>\n<meta name=\"twitter:title\" content=\"K\u00e1d kisokos\" \/>\n<meta name=\"twitter:label1\" content=\"Szerz\u0151:\" \/>\n\t<meta name=\"twitter:data1\" content=\"Madar\u00e1sz J\u00falia\" \/>\n\t<meta name=\"twitter:label2\" content=\"Becs\u00fclt olvas\u00e1si id\u0151\" \/>\n\t<meta name=\"twitter:data2\" content=\"7 perc\" \/>\n<script type=\"application\/ld+json\" class=\"yoast-schema-graph\">{\"@context\":\"https:\/\/schema.org\",\"@graph\":[{\"@type\":\"WebPage\",\"@id\":\"https:\/\/m-acryl.hu\/kad-kisokos\/hogyan-tortenik-a-kad-elolap-rogzites\/\",\"url\":\"https:\/\/m-acryl.hu\/kad-kisokos\/hogyan-tortenik-a-kad-elolap-rogzites\/\",\"name\":\"K\u00e1d kisokos - Hogyan t\u00f6rt\u00e9nik a k\u00e1d el\u0151lap r\u00f6gz\u00edt\u00e9s? Praktikus tan\u00e1csok a szakszer\u0171 kivitelez\u00e9shez\",\"isPartOf\":{\"@id\":\"https:\/\/m-acryl.hu\/kad-kisokos\/#website\"},\"primaryImageOfPage\":{\"@id\":\"https:\/\/m-acryl.hu\/kad-kisokos\/hogyan-tortenik-a-kad-elolap-rogzites\/#primaryimage\"},\"image\":{\"@id\":\"https:\/\/m-acryl.hu\/kad-kisokos\/hogyan-tortenik-a-kad-elolap-rogzites\/#primaryimage\"},\"thumbnailUrl\":\"https:\/\/m-acryl.hu\/kad-kisokos\/wp-content\/uploads\/2026\/04\/m-acryl-furdokad-oldalburkolat.jpg\",\"datePublished\":\"2026-04-27T11:51:55+00:00\",\"dateModified\":\"2026-04-27T11:51:59+00:00\",\"author\":{\"@id\":\"https:\/\/m-acryl.hu\/kad-kisokos\/#\/schema\/person\/97de8d1c7a799dff979832f222a8832a\"},\"description\":\"A k\u00e1d el\u0151lap r\u00f6gz\u00edt\u00e9st ak\u00e1r saj\u00e1t kez\u0171leg is megoldhatja. Ismerje meg a lehet\u0151s\u00e9geket!\",\"breadcrumb\":{\"@id\":\"https:\/\/m-acryl.hu\/kad-kisokos\/hogyan-tortenik-a-kad-elolap-rogzites\/#breadcrumb\"},\"inLanguage\":\"hu\",\"potentialAction\":[{\"@type\":\"ReadAction\",\"target\":[\"https:\/\/m-acryl.hu\/kad-kisokos\/hogyan-tortenik-a-kad-elolap-rogzites\/\"]}]},{\"@type\":\"ImageObject\",\"inLanguage\":\"hu\",\"@id\":\"https:\/\/m-acryl.hu\/kad-kisokos\/hogyan-tortenik-a-kad-elolap-rogzites\/#primaryimage\",\"url\":\"https:\/\/m-acryl.hu\/kad-kisokos\/wp-content\/uploads\/2026\/04\/m-acryl-furdokad-oldalburkolat.jpg\",\"contentUrl\":\"https:\/\/m-acryl.hu\/kad-kisokos\/wp-content\/uploads\/2026\/04\/m-acryl-furdokad-oldalburkolat.jpg\",\"width\":1280,\"height\":640,\"caption\":\"M-Acryl f\u00fcrd\u0151k\u00e1d oldalburkolat be\u00e9p\u00edt\u00e9s\"},{\"@type\":\"BreadcrumbList\",\"@id\":\"https:\/\/m-acryl.hu\/kad-kisokos\/hogyan-tortenik-a-kad-elolap-rogzites\/#breadcrumb\",\"itemListElement\":[{\"@type\":\"ListItem\",\"position\":1,\"name\":\"Home\",\"item\":\"https:\/\/m-acryl.hu\/kad-kisokos\/\"},{\"@type\":\"ListItem\",\"position\":2,\"name\":\"Hogyan t\u00f6rt\u00e9nik a k\u00e1d el\u0151lap r\u00f6gz\u00edt\u00e9s? Praktikus tan\u00e1csok a szakszer\u0171 kivitelez\u00e9shez\"}]},{\"@type\":\"WebSite\",\"@id\":\"https:\/\/m-acryl.hu\/kad-kisokos\/#website\",\"url\":\"https:\/\/m-acryl.hu\/kad-kisokos\/\",\"name\":\"K\u00e1d kisokos\",\"description\":\"Az M-Acryl f\u00fcrd\u0151k\u00e1dakr\u00f3l k\u00f6z\u00e9rthet\u0151en\",\"potentialAction\":[{\"@type\":\"SearchAction\",\"target\":{\"@type\":\"EntryPoint\",\"urlTemplate\":\"https:\/\/m-acryl.hu\/kad-kisokos\/?s={search_term_string}\"},\"query-input\":{\"@type\":\"PropertyValueSpecification\",\"valueRequired\":true,\"valueName\":\"search_term_string\"}}],\"inLanguage\":\"hu\"},{\"@type\":\"Person\",\"@id\":\"https:\/\/m-acryl.hu\/kad-kisokos\/#\/schema\/person\/97de8d1c7a799dff979832f222a8832a\",\"name\":\"Madar\u00e1sz J\u00falia\",\"image\":{\"@type\":\"ImageObject\",\"inLanguage\":\"hu\",\"@id\":\"https:\/\/m-acryl.hu\/kad-kisokos\/#\/schema\/person\/image\/\",\"url\":\"https:\/\/secure.gravatar.com\/avatar\/0c204b742e4037a414beff290aada3b58a7839bb7d65d671f1680e8e30182f0c?s=96&d=mm&r=g\",\"contentUrl\":\"https:\/\/secure.gravatar.com\/avatar\/0c204b742e4037a414beff290aada3b58a7839bb7d65d671f1680e8e30182f0c?s=96&d=mm&r=g\",\"caption\":\"Madar\u00e1sz J\u00falia\"},\"url\":\"https:\/\/m-acryl.hu\/kad-kisokos\/author\/julia\/\"}]}<\/script>\n<!-- \/ Yoast SEO plugin. -->","yoast_head_json":{"title":"K\u00e1d kisokos - Hogyan t\u00f6rt\u00e9nik a k\u00e1d el\u0151lap r\u00f6gz\u00edt\u00e9s? Praktikus tan\u00e1csok a szakszer\u0171 kivitelez\u00e9shez","description":"A k\u00e1d el\u0151lap r\u00f6gz\u00edt\u00e9st ak\u00e1r saj\u00e1t kez\u0171leg is megoldhatja. Ismerje meg a lehet\u0151s\u00e9geket!","robots":{"index":"index","follow":"nofollow","max-snippet":"max-snippet:-1","max-image-preview":"max-image-preview:large","max-video-preview":"max-video-preview:-1"},"canonical":"https:\/\/m-acryl.hu\/kad-kisokos\/hogyan-tortenik-a-kad-elolap-rogzites\/","og_locale":"hu_HU","og_type":"article","og_title":"K\u00e1d kisokos - Hogyan t\u00f6rt\u00e9nik a k\u00e1d el\u0151lap r\u00f6gz\u00edt\u00e9s? Praktikus tan\u00e1csok a szakszer\u0171 kivitelez\u00e9shez","og_description":"A k\u00e1d el\u0151lap r\u00f6gz\u00edt\u00e9st ak\u00e1r saj\u00e1t kez\u0171leg is megoldhatja. Ismerje meg a lehet\u0151s\u00e9geket!","og_url":"https:\/\/m-acryl.hu\/kad-kisokos\/hogyan-tortenik-a-kad-elolap-rogzites\/","og_site_name":"K\u00e1d kisokos","article_published_time":"2026-04-27T11:51:55+00:00","article_modified_time":"2026-04-27T11:51:59+00:00","og_image":[{"width":1280,"height":640,"url":"https:\/\/m-acryl.hu\/kad-kisokos\/wp-content\/uploads\/2026\/04\/m-acryl-furdokad-oldalburkolat.jpg","type":"image\/jpeg"}],"author":"Madar\u00e1sz J\u00falia","twitter_card":"summary_large_image","twitter_title":"K\u00e1d kisokos","twitter_misc":{"Szerz\u0151:":"Madar\u00e1sz J\u00falia","Becs\u00fclt olvas\u00e1si id\u0151":"7 perc"},"schema":{"@context":"https:\/\/schema.org","@graph":[{"@type":"WebPage","@id":"https:\/\/m-acryl.hu\/kad-kisokos\/hogyan-tortenik-a-kad-elolap-rogzites\/","url":"https:\/\/m-acryl.hu\/kad-kisokos\/hogyan-tortenik-a-kad-elolap-rogzites\/","name":"K\u00e1d kisokos - Hogyan t\u00f6rt\u00e9nik a k\u00e1d el\u0151lap r\u00f6gz\u00edt\u00e9s? Praktikus tan\u00e1csok a szakszer\u0171 kivitelez\u00e9shez","isPartOf":{"@id":"https:\/\/m-acryl.hu\/kad-kisokos\/#website"},"primaryImageOfPage":{"@id":"https:\/\/m-acryl.hu\/kad-kisokos\/hogyan-tortenik-a-kad-elolap-rogzites\/#primaryimage"},"image":{"@id":"https:\/\/m-acryl.hu\/kad-kisokos\/hogyan-tortenik-a-kad-elolap-rogzites\/#primaryimage"},"thumbnailUrl":"https:\/\/m-acryl.hu\/kad-kisokos\/wp-content\/uploads\/2026\/04\/m-acryl-furdokad-oldalburkolat.jpg","datePublished":"2026-04-27T11:51:55+00:00","dateModified":"2026-04-27T11:51:59+00:00","author":{"@id":"https:\/\/m-acryl.hu\/kad-kisokos\/#\/schema\/person\/97de8d1c7a799dff979832f222a8832a"},"description":"A k\u00e1d el\u0151lap r\u00f6gz\u00edt\u00e9st ak\u00e1r saj\u00e1t kez\u0171leg is megoldhatja. Ismerje meg a lehet\u0151s\u00e9geket!","breadcrumb":{"@id":"https:\/\/m-acryl.hu\/kad-kisokos\/hogyan-tortenik-a-kad-elolap-rogzites\/#breadcrumb"},"inLanguage":"hu","potentialAction":[{"@type":"ReadAction","target":["https:\/\/m-acryl.hu\/kad-kisokos\/hogyan-tortenik-a-kad-elolap-rogzites\/"]}]},{"@type":"ImageObject","inLanguage":"hu","@id":"https:\/\/m-acryl.hu\/kad-kisokos\/hogyan-tortenik-a-kad-elolap-rogzites\/#primaryimage","url":"https:\/\/m-acryl.hu\/kad-kisokos\/wp-content\/uploads\/2026\/04\/m-acryl-furdokad-oldalburkolat.jpg","contentUrl":"https:\/\/m-acryl.hu\/kad-kisokos\/wp-content\/uploads\/2026\/04\/m-acryl-furdokad-oldalburkolat.jpg","width":1280,"height":640,"caption":"M-Acryl f\u00fcrd\u0151k\u00e1d oldalburkolat be\u00e9p\u00edt\u00e9s"},{"@type":"BreadcrumbList","@id":"https:\/\/m-acryl.hu\/kad-kisokos\/hogyan-tortenik-a-kad-elolap-rogzites\/#breadcrumb","itemListElement":[{"@type":"ListItem","position":1,"name":"Home","item":"https:\/\/m-acryl.hu\/kad-kisokos\/"},{"@type":"ListItem","position":2,"name":"Hogyan t\u00f6rt\u00e9nik a k\u00e1d el\u0151lap r\u00f6gz\u00edt\u00e9s? Praktikus tan\u00e1csok a szakszer\u0171 kivitelez\u00e9shez"}]},{"@type":"WebSite","@id":"https:\/\/m-acryl.hu\/kad-kisokos\/#website","url":"https:\/\/m-acryl.hu\/kad-kisokos\/","name":"K\u00e1d kisokos","description":"Az M-Acryl f\u00fcrd\u0151k\u00e1dakr\u00f3l k\u00f6z\u00e9rthet\u0151en","potentialAction":[{"@type":"SearchAction","target":{"@type":"EntryPoint","urlTemplate":"https:\/\/m-acryl.hu\/kad-kisokos\/?s={search_term_string}"},"query-input":{"@type":"PropertyValueSpecification","valueRequired":true,"valueName":"search_term_string"}}],"inLanguage":"hu"},{"@type":"Person","@id":"https:\/\/m-acryl.hu\/kad-kisokos\/#\/schema\/person\/97de8d1c7a799dff979832f222a8832a","name":"Madar\u00e1sz J\u00falia","image":{"@type":"ImageObject","inLanguage":"hu","@id":"https:\/\/m-acryl.hu\/kad-kisokos\/#\/schema\/person\/image\/","url":"https:\/\/secure.gravatar.com\/avatar\/0c204b742e4037a414beff290aada3b58a7839bb7d65d671f1680e8e30182f0c?s=96&d=mm&r=g","contentUrl":"https:\/\/secure.gravatar.com\/avatar\/0c204b742e4037a414beff290aada3b58a7839bb7d65d671f1680e8e30182f0c?s=96&d=mm&r=g","caption":"Madar\u00e1sz J\u00falia"},"url":"https:\/\/m-acryl.hu\/kad-kisokos\/author\/julia\/"}]}},"_links":{"self":[{"href":"https:\/\/m-acryl.hu\/kad-kisokos\/wp-json\/wp\/v2\/posts\/7451","targetHints":{"allow":["GET"]}}],"collection":[{"href":"https:\/\/m-acryl.hu\/kad-kisokos\/wp-json\/wp\/v2\/posts"}],"about":[{"href":"https:\/\/m-acryl.hu\/kad-kisokos\/wp-json\/wp\/v2\/types\/post"}],"author":[{"embeddable":true,"href":"https:\/\/m-acryl.hu\/kad-kisokos\/wp-json\/wp\/v2\/users\/6"}],"replies":[{"embeddable":true,"href":"https:\/\/m-acryl.hu\/kad-kisokos\/wp-json\/wp\/v2\/comments?post=7451"}],"version-history":[{"count":12,"href":"https:\/\/m-acryl.hu\/kad-kisokos\/wp-json\/wp\/v2\/posts\/7451\/revisions"}],"predecessor-version":[{"id":7483,"href":"https:\/\/m-acryl.hu\/kad-kisokos\/wp-json\/wp\/v2\/posts\/7451\/revisions\/7483"}],"wp:featuredmedia":[{"embeddable":true,"href":"https:\/\/m-acryl.hu\/kad-kisokos\/wp-json\/wp\/v2\/media\/7471"}],"wp:attachment":[{"href":"https:\/\/m-acryl.hu\/kad-kisokos\/wp-json\/wp\/v2\/media?parent=7451"}],"wp:term":[{"taxonomy":"category","embeddable":true,"href":"https:\/\/m-acryl.hu\/kad-kisokos\/wp-json\/wp\/v2\/categories?post=7451"},{"taxonomy":"post_tag","embeddable":true,"href":"https:\/\/m-acryl.hu\/kad-kisokos\/wp-json\/wp\/v2\/tags?post=7451"}],"curies":[{"name":"wp","href":"https:\/\/api.w.org\/{rel}","templated":true}]}}