{"id":7044,"date":"2025-07-30T12:27:14","date_gmt":"2025-07-30T12:27:14","guid":{"rendered":"https:\/\/m-acryl.hu\/kad-kisokos\/?p=7044"},"modified":"2025-07-31T06:26:59","modified_gmt":"2025-07-31T06:26:59","slug":"a-gyonyoru-furdoszoba-titka-a-kad-falazasa","status":"publish","type":"post","link":"https:\/\/m-acryl.hu\/kad-kisokos\/a-gyonyoru-furdoszoba-titka-a-kad-falazasa\/","title":{"rendered":"A gy\u00f6ny\u00f6r\u0171 f\u00fcrd\u0151szoba titka \u2013 a k\u00e1d falaz\u00e1sa"},"content":{"rendered":"<p>[et_pb_section fb_built=&#8221;1&#8243; disabled_on=&#8221;off|off|off&#8221; _builder_version=&#8221;4.21.0&#8243; _module_preset=&#8221;default&#8221; locked=&#8221;off&#8221; global_colors_info=&#8221;{}&#8221;][et_pb_row _builder_version=&#8221;4.21.0&#8243; _module_preset=&#8221;default&#8221; width=&#8221;80%&#8221; min_height=&#8221;46.1px&#8221; custom_margin_tablet=&#8221;&#8221; custom_margin_phone=&#8221;0px||||false|false&#8221; custom_margin_last_edited=&#8221;on|phone&#8221; custom_padding=&#8221;0px||0.1%||false|false&#8221; global_colors_info=&#8221;{}&#8221;][et_pb_column type=&#8221;4_4&#8243; _builder_version=&#8221;4.16&#8243; _module_preset=&#8221;default&#8221; global_colors_info=&#8221;{}&#8221;][et_pb_text _builder_version=&#8221;4.27.4&#8243; _module_preset=&#8221;default&#8221; text_font_size=&#8221;16px&#8221; ul_font_size=&#8221;16px&#8221; ul_line_height=&#8221;1.7em&#8221; ol_font_size=&#8221;16px&#8221; ol_line_height=&#8221;1.7em&#8221; custom_padding=&#8221;||2px|||&#8221; global_colors_info=&#8221;{}&#8221;]<\/p>\n<p>A f\u00fcrd\u0151szoba otthonunk egyik legintimebb helyis\u00e9ge, ahol minden apr\u00f3 r\u00e9szlet sz\u00e1m\u00edt \u2013 ann\u00e1l is ink\u00e1bb, mert ezt a szob\u00e1t naponta t\u00f6bbsz\u00f6r is haszn\u00e1ljuk. A f\u00fcrd\u0151 kialak\u00edt\u00e1sa sor\u00e1n els\u0151sorban a praktikum \u00e9s az eszt\u00e9tikum harm\u00f3ni\u00e1ja j\u00e1tszik fontos szerepet, ez\u00e9rt ha <span style=\"color: #00ccff;\"><a href=\"https:\/\/m-acryl.hu\/kad-kisokos\/milyen-kadat-vegyek\/\" target=\"_blank\" rel=\"noopener\" style=\"color: #00ccff;\"><span style=\"text-decoration: underline;\">\u00faj k\u00e1dat v\u00e1s\u00e1rol<\/span><\/a><\/span>, vagy a megl\u00e9v\u0151t tenn\u00e9 egy kicsit st\u00edlusosabb\u00e1 \u00e9s tart\u00f3sabb\u00e1, \u00e9rdemes megfontolni a k\u00e1d k\u00f6rbefalaz\u00e1s\u00e1t. Ez a megold\u00e1s nemcsak vizu\u00e1lisan vonz\u00f3, de sz\u00e1mos el\u0151nnyel is egy\u00fctt j\u00e1r a hossz\u00fa t\u00e1v\u00fa haszn\u00e1lat sor\u00e1n \u2013 l\u00e1ssuk, hogyan val\u00f3s\u00edthat\u00f3 meg a legegyszer\u0171bben.<\/p>\n<p>[\/et_pb_text][et_pb_image src=&#8221;https:\/\/m-acryl.hu\/kad-kisokos\/wp-content\/uploads\/2023\/02\/macryl_miraslimkad_3.jpg&#8221; alt=&#8221;M-Acryl Mira slim egyenes f\u00fcrd\u0151k\u00e1d fel\u00fcln\u00e9zet&#8221; title_text=&#8221;macryl_miraslimkad_3&#8243; url=&#8221;https:\/\/m-acryl.hu\/termekek\/egyenes-kad\/mira-slim-egyenes-akril-kad&#8221; url_new_window=&#8221;on&#8221; _builder_version=&#8221;4.27.4&#8243; _module_preset=&#8221;default&#8221; custom_margin=&#8221;||-5px|||&#8221; global_colors_info=&#8221;{}&#8221;][\/et_pb_image][et_pb_text _builder_version=&#8221;4.27.4&#8243; _module_preset=&#8221;default&#8221; custom_margin=&#8221;2%||||false|false&#8221; global_colors_info=&#8221;{}&#8221;]<\/p>\n<p style=\"text-align: center;\"><a href=\"https:\/\/m-acryl.hu\/termekek\/egyenes-kad\/mira-slim-egyenes-akril-kad\" target=\"_blank\" rel=\"noopener\"><em>Mira Slim egyenes akril k\u00e1d\u00a0<\/em><\/a><\/p>\n<p>[\/et_pb_text][et_pb_text _builder_version=&#8221;4.27.4&#8243; _module_preset=&#8221;default&#8221; text_font_size=&#8221;16px&#8221; ul_font_size=&#8221;16px&#8221; ul_line_height=&#8221;1.7em&#8221; ol_font_size=&#8221;16px&#8221; ol_line_height=&#8221;1.7em&#8221; custom_padding=&#8221;||2px|||&#8221; global_colors_info=&#8221;{}&#8221;]<\/p>\n<h2><span style=\"font-weight: 400;\">A k\u00e1d k\u00f6rbefalaz\u00e1s\u00e1nak el\u0151nyei\u00a0<\/span><\/h2>\n<p><span style=\"font-weight: 400;\">Egy \u00faj k\u00e1d telep\u00edt\u00e9se sor\u00e1n az egyik els\u0151 k\u00e9rd\u00e9s, amiben d\u00f6nt\u00e9st kell hozni az, hogy takar\u00f3elemek seg\u00edts\u00e9g\u00e9vel teszi dekorat\u00edvabb\u00e1 a f\u00fcrd\u0151szob\u00e1t, esetleg a falaz\u00e1s mellett d\u00f6nt. Term\u00e9szetesen <\/span><b>mindk\u00e9t megold\u00e1snak megvannak a maga el\u0151nyei: <\/b><span style=\"font-weight: 400;\">a takar\u00f3elemek viszonylag egyszer\u0171en \u00e9s gyorsan felhelyezhet\u0151ek, \u00e9s a munka \u00edgy kedvez\u0151bb \u00e1ron val\u00f3s\u00edthat\u00f3 meg, sokan m\u00e9gis a falaz\u00e1s mellett d\u00f6ntenek, az al\u00e1bbi el\u0151ny\u00f6k miatt.<\/span><\/p>\n<p><span style=\"font-weight: 400;\"><\/span><\/p>\n<p><span style=\"font-weight: 400;\"><\/span><\/p>\n<h3><span style=\"font-weight: 400;\">Eszt\u00e9tikus megjelen\u00e9s<\/span><\/h3>\n<p><span style=\"font-weight: 400;\">A k\u00f6rbefalazott k\u00e1d <\/span><b>eleg\u00e1ns \u00e9s letisztult l\u00e1tv\u00e1nyt ny\u00fajt: <\/b><span style=\"font-weight: 400;\">t\u00f6k\u00e9letesen illeszkedik a padl\u00f3- \u00e9s a csempeburkolathoz, gy\u00f6ny\u00f6r\u0171en belesimul a h\u00e1tt\u00e9rbe, ez\u00e1ltal egy rendk\u00edv\u00fcl dekorat\u00edv v\u00e9geredm\u00e9nyre sz\u00e1m\u00edthat. A megfelel\u0151 anyagok haszn\u00e1lat\u00e1val kivitelezhet\u0151 egy modern, minimalista vagy \u00e9ppen klasszikus st\u00edlus\u00fa f\u00fcrd\u0151szoba is, ami b\u00e1rmilyen \u00edzl\u00e9snek k\u00e9pes megfelelni.\u00a0<\/span><\/p>\n<h3><span style=\"font-weight: 400;\">Stabilit\u00e1s \u00e9s teherb\u00edr\u00e1s<\/span><\/h3>\n<p><span style=\"font-weight: 400;\">Egy k\u00f6rbefalazott k\u00e1d biztosan \u00e1ll a hely\u00e9n, nem kell mozg\u00e1st\u00f3l, recseg\u00e9st\u0151l tartani; ennek k\u00f6sz\u00f6nhet\u0151en <\/span><b>haszn\u00e1lata k\u00e9nyelmesebb, \u00e9lettartama pedig meghosszabbodhat,<\/b><span style=\"font-weight: 400;\"> ami egy\u00e1ltal\u00e1n nem utols\u00f3 szempont.\u00a0<\/span><\/p>\n<h3><span style=\"font-weight: 400;\">V\u00e9delem a v\u00edzzel szemben\u00a0<\/span><\/h3>\n<p><span style=\"font-weight: 400;\">Tiszt\u00e1lkod\u00e1s k\u00f6zben m\u00e9g a legnagyobb el\u0151vigy\u00e1zatoss\u00e1g mellett is kifr\u00f6ccsenhet a v\u00edz \u2013 akkor is, ha ennek megel\u0151z\u00e9s\u00e9r\u0151l egy <\/span><a href=\"https:\/\/m-acryl.hu\/kadparavan\"><span style=\"font-weight: 400;\">k\u00e1dparav\u00e1n<\/span><\/a><span style=\"font-weight: 400;\"> seg\u00edts\u00e9g\u00e9vel gondoskodik. B\u00e1r a stabil v\u00e1zszerkezet seg\u00edts\u00e9g\u00e9vel r\u00f6gz\u00edtett, szakszer\u0171en felhelyezett oldallapok is megfelel\u0151 v\u00edzz\u00e1r\u00e1st biztos\u00edtanak, falaz\u00e1s eset\u00e9n egy\u00e1ltal\u00e1n <\/span><b>nem kell att\u00f3l tartani, hogy a f\u00fcrd\u00e9s k\u00f6zben kifr\u00f6ccsen\u0151 v\u00edz a k\u00e1d m\u00f6g\u00f6tti, z\u00e1rt ter\u00fcletre jut, <\/b><span style=\"font-weight: 400;\">\u00e9s ott id\u0151vel szerkezeti k\u00e1rokat, pen\u00e9szesed\u00e9st okoz \u2013 k\u00fcl\u00f6n\u00f6sen akkor, ha megfontoltan v\u00e1lasztja meg az \u00e9p\u00edt\u0151anyagot, \u00e9s persze a szigetel\u00e9sr\u0151l is gondoskodik.\u00a0 (Egy szakszer\u0171en beszerelt k\u00e1d eset\u00e9ben ett\u0151l szint\u00e9n nem kell tartania.)<\/span><\/p>\n<p>[\/et_pb_text][et_pb_image src=&#8221;https:\/\/m-acryl.hu\/kad-kisokos\/wp-content\/uploads\/2025\/07\/furdokad-falazasa-m-acryl-furdokadak.png&#8221; alt=&#8221;furdokad-falazasa-m-acryl-furdokadak&#8221; title_text=&#8221;furdokad-falazasa-m-acryl-furdokadak&#8221; _builder_version=&#8221;4.27.4&#8243; _module_preset=&#8221;default&#8221; global_colors_info=&#8221;{}&#8221;][\/et_pb_image][et_pb_text _builder_version=&#8221;4.27.4&#8243; _module_preset=&#8221;default&#8221; text_font_size=&#8221;16px&#8221; ul_font_size=&#8221;16px&#8221; ul_line_height=&#8221;1.7em&#8221; ol_font_size=&#8221;16px&#8221; ol_line_height=&#8221;1.7em&#8221; custom_padding=&#8221;||2px|||&#8221; global_colors_info=&#8221;{}&#8221;]<\/p>\n<h2><span style=\"font-weight: 400;\">Milyen anyagok haszn\u00e1lhat\u00f3k a k\u00e1d falaz\u00e1s\u00e1hoz?\u00a0<\/span><\/h2>\n<p><span style=\"font-weight: 400;\">A megfelel\u0151 alapanyag kiv\u00e1laszt\u00e1sa kulcsfontoss\u00e1g\u00fa a tart\u00f3s \u00e9s eszt\u00e9tikus eredm\u00e9nyhez, f\u00fcggetlen\u00fcl att\u00f3l, hogy a f\u00fcrd\u0151szob\u00e1ban egy <\/span><span style=\"text-decoration: underline;\"><span style=\"color: #00ccff; text-decoration: underline;\"><a href=\"https:\/\/m-acryl.hu\/sarokkad\" style=\"color: #00ccff; text-decoration: underline;\"><span style=\"font-weight: 400;\">sarokk\u00e1d<\/span><\/a><\/span><\/span><span style=\"font-weight: 400;\"> vagy egy <\/span><span style=\"text-decoration: underline;\"><span style=\"color: #00ccff;\"><a href=\"https:\/\/m-acryl.hu\/egyenes-kad\" style=\"color: #00ccff;\"><span style=\"font-weight: 400;\">egyenes k\u00e1d<\/span><\/a><\/span><\/span><span style=\"font-weight: 400;\"> ker\u00fclt elhelyez\u00e9sre. Az al\u00e1bbiakban bemutatjuk a falaz\u00e1shoz leggyakrabban haszn\u00e1lt anyagokat, \u00e9s azok el\u0151nyeit.<\/span><\/p>\n<h3><span style=\"font-weight: 400;\">Ytong-t\u00e9gla\u00a0<\/span><\/h3>\n<p><span style=\"font-weight: 400;\"><span style=\"text-decoration: underline;\"><span style=\"color: #00ccff; text-decoration: underline;\"><a href=\"https:\/\/m-acryl.hu\/kad-kisokos\/akril-kad-beepites-ytong\/\" style=\"color: #00ccff; text-decoration: underline;\">A k\u00e1d falaz\u00e1s\u00e1hoz az esetek nagy r\u00e9sz\u00e9ben Ytong<\/a><\/span><\/span>, m\u00e1s n\u00e9ven p\u00f3rusbeton t\u00e9gla ker\u00fcl felhaszn\u00e1l\u00e1sra, mivel ez az anyag <\/span><b>remek h\u0151szigetel\u0151, k\u00f6nnyen form\u00e1zhat\u00f3, v\u00e1ghat\u00f3 \u00e9s gyors, hat\u00e9kony munkav\u00e9gz\u00e9st tesz lehet\u0151v\u00e9.\u00a0<\/b><\/p>\n<p><span style=\"font-weight: 400;\">Az Ytong amellett, hogy rendk\u00edv\u00fcl stabil megold\u00e1s, m\u00e9g a k\u00fcl\u00f6nleges form\u00e1j\u00fa, \u00edvelt k\u00e1dak be\u00e9p\u00edt\u00e9s\u00e9hez is t\u00f6k\u00e9letes, \u00e9rthet\u0151 teh\u00e1t, hogy ez a leggyakoribb v\u00e1laszt\u00e1s.\u00a0<\/span><\/p>\n<h3><span style=\"font-weight: 400;\">\u00c9p\u00edt\u0151lemezek\u00a0<\/span><\/h3>\n<p><span style=\"font-weight: 400;\">Az el\u0151falaz\u00e1s megt\u00f6rt\u00e9nhet k\u00fcl\u00f6nb\u00f6z\u0151<\/span><b> \u00e9p\u00edt\u0151lemezek <\/b><span style=\"font-weight: 400;\">seg\u00edts\u00e9g\u00e9vel is, melyek k\u00f6z\u00e9ps\u0151 r\u00e9tege extrud\u00e1lt polisztirolb\u00f3l, vagy XPS-b\u0151l k\u00e9sz\u00fcl, ezt pedig a k\u00e9t oldal\u00e1n \u00fcvegsz\u00f6veth\u00e1l\u00f3val er\u0151s\u00edtenek meg \u00e9s cementk\u00f6t\u00e9s\u0171 anyaggal ragasztanak \u00f6ssze. Ez a rendk\u00edv\u00fcl kem\u00e9ny, k\u00f6nny\u0171 t\u00e1bla <\/span><b>remek\u00fcl szigetel, ellen\u00e1ll a nedvess\u00e9gnek \u00e9s egyszer\u0171en burkolhat\u00f3,<\/b><span style=\"font-weight: 400;\"> az azonban k\u00e9ts\u00e9gtelen, hogy haszn\u00e1lat\u00e1val az \u00edvek kialak\u00edt\u00e1sa neh\u00e9zkesebb lehet.\u00a0<\/span><\/p>\n<h3><span style=\"font-weight: 400;\">Gipszkarton\u00a0<\/span><\/h3>\n<p><span style=\"font-weight: 400;\">B\u00e1r a f\u00fcrd\u0151szob\u00e1ban elengedhetetlen a v\u00edz\u00e1ll\u00f3s\u00e1g, lehet\u0151s\u00e9g van a falazat gipszkartonb\u00f3l t\u00f6rt\u00e9n\u0151 elk\u00e9sz\u00edt\u00e9s\u00e9re is, az azonban rendk\u00edv\u00fcl fontos, hogy<\/span><b> impregn\u00e1lt gipszkartont haszn\u00e1ljon,<\/b><span style=\"font-weight: 400;\"> melynek v\u00edzfelv\u00e9tele jelent\u0151sen alacsonyabb a hagyom\u00e1nyos megold\u00e1sn\u00e1l. A t\u00f6k\u00e9letes v\u00edzz\u00e1r\u00e1shoz foly\u00e9kony vagy lemezes v\u00edzszigetel\u00e9sre \u00e9s sz\u00fcks\u00e9g lesz, a legegyszer\u0171bb \u00e9s legbiztons\u00e1gosabb megold\u00e1s teh\u00e1t k\u00e9ts\u00e9gtelen\u00fcl az Ytong falazat.\u00a0<\/span><\/p>\n<p>[\/et_pb_text][et_pb_image src=&#8221;https:\/\/m-acryl.hu\/kad-kisokos\/wp-content\/uploads\/2021\/10\/SandraSlim.jpeg&#8221; alt=&#8221;Sandra slim egyenes akril k\u00e1d&#8221; title_text=&#8221;Sandra slim egyenes akril k\u00e1d&#8221; url=&#8221;https:\/\/m-acryl.hu\/termekek\/egyenes-kad\/sandra-slim-egyenes-akril-kad&#8221; url_new_window=&#8221;on&#8221; _builder_version=&#8221;4.27.4&#8243; _module_preset=&#8221;default&#8221; custom_margin=&#8221;||-3px|||&#8221; global_colors_info=&#8221;{}&#8221;][\/et_pb_image][et_pb_text _builder_version=&#8221;4.27.4&#8243; _module_preset=&#8221;default&#8221; custom_margin=&#8221;2%||||false|false&#8221; global_colors_info=&#8221;{}&#8221;]<\/p>\n<p style=\"text-align: center;\"><a href=\"https:\/\/m-acryl.hu\/termekek\/egyenes-kad\/sandra-slim-egyenes-akril-kad\" target=\"_blank\" rel=\"noopener\"><em>Sandra Slim egyenes akril k\u00e1d\u00a0<\/em><\/a><\/p>\n<p>[\/et_pb_text][et_pb_text _builder_version=&#8221;4.27.4&#8243; _module_preset=&#8221;default&#8221; text_font_size=&#8221;16px&#8221; ul_font_size=&#8221;16px&#8221; ul_line_height=&#8221;1.7em&#8221; ol_font_size=&#8221;16px&#8221; ol_line_height=&#8221;1.7em&#8221; custom_padding=&#8221;||2px|||&#8221; global_colors_info=&#8221;{}&#8221;]<\/p>\n<h2><span style=\"font-weight: 400;\">A k\u00e1d falaz\u00e1s\u00e1nak l\u00e9p\u00e9sei<\/span><\/h2>\n<p><span style=\"font-weight: 400;\">Ha kiv\u00e1lasztotta az \u00f6n sz\u00e1m\u00e1ra ide\u00e1lis falaz\u00f3anyagot, ennek r\u00f6gz\u00edt\u00e9s\u00e9hez speci\u00e1lis, az adott anyaghoz haszn\u00e1lhat\u00f3 ragaszt\u00f3ra, <\/span><b>ragaszt\u00f3habra <\/b><span style=\"font-weight: 400;\">is sz\u00fcks\u00e9ge lesz, melybe javasolt egy <\/span><b>\u00fcvegsz\u00f6vet h\u00e1l\u00f3 <\/b><span style=\"font-weight: 400;\">be\u00e9p\u00edt\u00e9se az ellen\u00e1ll\u00f3bb, tart\u00f3sabb \u00e9s sim\u00e1bb fel\u00fclet l\u00e9trehoz\u00e1sa \u00e9rdek\u00e9ben. Ezen k\u00edv\u00fcl kelleni fog egy <\/span><b>jel\u00f6l\u0151filc<\/b><span style=\"font-weight: 400;\">, egy <\/span><b>m\u00e9r\u0151szalag <\/b><span style=\"font-weight: 400;\">illetve egy <\/span><b>v\u00edzm\u00e9rt\u00e9k<\/b><span style=\"font-weight: 400;\">, valamint a falaz\u00f3anyag m\u00e9retre v\u00e1g\u00e1s\u00e1hoz sz\u00fcks\u00e9ges <\/span><b>f\u0171r\u00e9sz <\/b><span style=\"font-weight: 400;\">\u2013 ezek birtok\u00e1ban kezd\u0151dhet a munka.\u00a0<\/span><\/p>\n<h3><span style=\"font-weight: 400;\">El\u0151k\u00e9sz\u00fcletek<\/span><\/h3>\n<p><span style=\"font-weight: 400;\">A falaz\u00e1s els\u0151 l\u00e9p\u00e9se mindig <\/span><b>a k\u00f6rnyezet alapos megtiszt\u00edt\u00e1sa<\/b><span style=\"font-weight: 400;\"> legyen: t\u00e1vol\u00edtsa el a port \u00e9s az esetleges zs\u00edrfoltokat, \u00edgy a ragaszt\u00f3anyag megfelel\u0151 tapad\u00e1s\u00e1t is biztos\u00edthatja.\u00a0<\/span><\/p>\n<p><span style=\"font-weight: 400;\">A v\u00edzm\u00e9rt\u00e9ket \u00e1ll\u00edtsa a k\u00e1d perem\u00e9nek k\u00fcls\u0151 s\u00edkj\u00e1hoz, \u00e9s tal\u00e1lja meg a t\u00f6k\u00e9letesen f\u00fcgg\u0151leges \u00e1llapotot, majd jel\u00f6lje azt be a padl\u00f3n. Ezen jel\u00f6l\u00e9sek \u00f6sszek\u00f6t\u00e9s\u00e9vel <\/span><b>megkapja azt a vonalat, ahol a k\u00e1d falazata v\u00e9get \u00e9r majd.\u00a0\u00a0<\/b><b><\/b><span style=\"font-weight: 400;\"><\/span><\/p>\n<p>[\/et_pb_text][et_pb_image src=&#8221;https:\/\/m-acryl.hu\/kad-kisokos\/wp-content\/uploads\/2025\/07\/m-acryl-furdokad-falazas-kadbeepites-lepesei-scaled.jpg&#8221; alt=&#8221;k\u00e1dbe\u00e9p\u00edt\u00e9s k\u00e1dfalaz\u00e1s v\u00edzm\u00e9rt\u00e9k&#8221; title_text=&#8221;k\u00e1dbe\u00e9p\u00edt\u00e9s k\u00e1dfalaz\u00e1s v\u00edzm\u00e9rt\u00e9k&#8221; _builder_version=&#8221;4.27.4&#8243; _module_preset=&#8221;default&#8221; global_colors_info=&#8221;{}&#8221;][\/et_pb_image][et_pb_text _builder_version=&#8221;4.27.4&#8243; _module_preset=&#8221;default&#8221; text_font_size=&#8221;16px&#8221; ul_font_size=&#8221;16px&#8221; ul_line_height=&#8221;1.7em&#8221; ol_font_size=&#8221;16px&#8221; ol_line_height=&#8221;1.7em&#8221; custom_padding=&#8221;||2px|||&#8221; global_colors_info=&#8221;{}&#8221;]<\/p>\n<p><span style=\"font-weight: 400;\">K\u00f6vetkez\u0151 l\u00e9p\u00e9sk\u00e9nt m\u00e9rje le az Ytong lapok, vagy az egy\u00e9b falazat sz\u00e9less\u00e9g\u00e9t, a k\u00e9s\u0151bb a fel\u00fcletre ker\u00fcl\u0151 ragaszt\u00f3 \u00e9s az abba \u00e1gyazott h\u00e1l\u00f3 vastags\u00e1g\u00e1t, \u00edgy \u00e9rhet\u0151 el, hogy a munka v\u00e9gezt\u00e9vel <\/span><b>a r\u00f6gz\u00edtett lapok sz\u00e9le val\u00f3ban a k\u00e1d sz\u00e9l\u00e9vel egy s\u00edkba ker\u00fclj\u00f6n. <\/b><span style=\"font-weight: 400;\">V\u00e1gja le a t\u00e9gl\u00e1kat a sz\u00fcks\u00e9ges magass\u00e1gban, melynek sor\u00e1n a szerel\u0151ny\u00edl\u00e1sr\u00f3l se feledkezzen meg.<\/span><\/p>\n<p><strong>Fontos! A falaz\u00e1s nem j\u00e1tszhat teherhord\u00f3 szerepet a k\u00e1d pereme alatt, ez\u00e9rt legal\u00e1bb 2 mm t\u00e1vols\u00e1got hagyni kell hagyni a fal teteje \u00e9s a k\u00e1d pereme k\u00f6z\u00f6tt. A fennmarad\u00f3 r\u00e9szt rugalmas k\u00f6t\u0151anyaggal (pl. sziloplaszt) javasolt kit\u00f6lteni.\u00a0<\/strong><\/p>\n<h3><span style=\"font-weight: 400;\">A falaz\u00e1s<\/span><\/h3>\n<p><span style=\"font-weight: 400;\">Keverje be a ragaszt\u00f3t, vagy vegye k\u00e9zbe a ragaszt\u00f3habot, melyb\u0151l ker\u00fclj\u00f6n a padl\u00f3ra \u00e9s a f\u00fcrd\u0151szoba fal\u00e1ra, melyhez az els\u0151 t\u00e9gla ragaszt\u00e1sa t\u00f6rt\u00e9nik. <\/span><b>Helyezze be az els\u0151 modult, majd ennek oldal\u00e1t is kenje be a ragaszt\u00f3val, \u00edgy a k\u00f6vetkez\u0151 lap is biztons\u00e1gosan r\u00f6gz\u00edthet\u0151.\u00a0\u00a0<\/b><span style=\"font-weight: 400;\"><\/span><\/p>\n<p>[\/et_pb_text][et_pb_text _builder_version=&#8221;4.27.4&#8243; _module_preset=&#8221;default&#8221; text_font_size=&#8221;16px&#8221; ul_font_size=&#8221;16px&#8221; ul_line_height=&#8221;1.7em&#8221; ol_font_size=&#8221;16px&#8221; ol_line_height=&#8221;1.7em&#8221; custom_padding=&#8221;||2px|||&#8221; global_colors_info=&#8221;{}&#8221;]<\/p>\n<h2><span style=\"font-weight: 400;\">Mire \u00e9rdemes odafigyelni a kivitelez\u00e9s sor\u00e1n?\u00a0<\/span><\/h2>\n<p><span style=\"font-weight: 400;\">Amennyiben a munk\u00e1t nem szakemberre b\u00edzza, hanem maga v\u00e9gzi el, n\u00e9h\u00e1ny \u00f3vint\u00e9zked\u00e9st \u00e9rdemes betartani, hiszen a f\u00fcrd\u0151szob\u00e1ban<\/span><b> a tart\u00f3ss\u00e1g \u00e9s a megfelel\u0151 v\u00edzz\u00e1r\u00e1s mellett az eszt\u00e9tikum sem utols\u00f3 szempont.<\/b><\/p>\n<h3><span style=\"font-weight: 400;\">V\u00edzszigetel\u00e9s<\/span><\/h3>\n<p><span style=\"font-weight: 400;\">A f\u00fcrd\u0151szobai k\u00f6rnyezet magas p\u00e1ratartalma \u00e9s a kifr\u00f6ccsen\u0151 v\u00edz miatt <\/span><b>elengedhetetlen a megfelel\u0151 szigetel\u00e9s.<\/b><span style=\"font-weight: 400;\"> Ez megt\u00f6rt\u00e9nhet a burkolat alatt, de a k\u00e1d perem\u00e9n\u00e9l is figyeljen oda a r\u00e9sek megfelel\u0151 t\u00f6m\u00edt\u00e9s\u00e9re.\u00a0<\/span><\/p>\n<h3><span style=\"font-weight: 400;\">Hozz\u00e1f\u00e9rhet\u0151s\u00e9g biztos\u00edt\u00e1sa<\/span><\/h3>\n<p><span style=\"font-weight: 400;\">A k\u00e1d falaz\u00e1sa ide\u00e1lis esetben hossz\u00fa id\u0151re sz\u00f3l, a szerelv\u00e9nyekhez azonban id\u0151nk\u00e9nt hozz\u00e1 kell f\u00e9rni, ez\u00e9rt <\/span><b>a szerel\u0151ny\u00edl\u00e1s kialak\u00edt\u00e1sa soha ne maradjon el <\/b><span style=\"font-weight: 400;\">\u2013 ellenkez\u0151 esetben egy meghib\u00e1sod\u00e1s eset\u00e9n sz\u00e9t kellene bontani a teljes falazatot.<\/span><\/p>\n<h3><span style=\"font-weight: 400;\">Okos anyagv\u00e1laszt\u00e1s<\/span><\/h3>\n<p><span style=\"font-weight: 400;\">Ahogy a fentiekben ismertett\u00fck, a falaz\u00e1shoz t\u00f6bbf\u00e9le anyag is felhaszn\u00e1lhat\u00f3: <\/span><b>v\u00e1lasszon olyan megold\u00e1st, mellyel k\u00f6nny\u0171 dolgozni, <\/b><span style=\"font-weight: 400;\">a v\u00e9geredm\u00e9ny azonban tart\u00f3s \u00e9s eszt\u00e9tikus lesz.\u00a0<\/span><\/p>\n<h3><span style=\"font-weight: 400;\">A megfelel\u0151 ragaszt\u00f3 megv\u00e1laszt\u00e1sa<\/span><\/h3>\n<p><span style=\"font-weight: 400;\">A k\u00fcl\u00f6nb\u00f6z\u0151 anyagok tart\u00f3s r\u00f6gz\u00edt\u00e9s\u00e9hez<\/span><b> speci\u00e1lis ragaszt\u00f3ra, ragaszt\u00f3habra van sz\u00fcks\u00e9g <\/b><span style=\"font-weight: 400;\">a biztons\u00e1gos kivitelez\u00e9shez.\u00a0<\/span><\/p>\n<h3><span style=\"font-weight: 400;\">Pontos m\u00e9r\u00e9sek\u00a0<\/span><\/h3>\n<p><span style=\"font-weight: 400;\">A k\u00e1d be\u00e9p\u00edt\u00e9se sor\u00e1n az egyik legfontosabb eszk\u00f6z a v\u00edzm\u00e9rt\u00e9k, hiszen <\/span><b>m\u00e1r egy apr\u00f3 hiba is olyan eszt\u00e9tikai probl\u00e9m\u00e1kat okozhat, melyekkel hossz\u00fa ideig kell egy\u00fctt \u00e9lni <\/b><span style=\"font-weight: 400;\">\u2013 a nem megfelel\u0151 v\u00edzz\u00e1r\u00e1sr\u00f3l nem is besz\u00e9lve.\u00a0<\/span><\/p>\n<p>[\/et_pb_text][et_pb_text _builder_version=&#8221;4.27.4&#8243; _module_preset=&#8221;default&#8221; text_font_size=&#8221;16px&#8221; ul_font_size=&#8221;16px&#8221; ul_line_height=&#8221;1.7em&#8221; ol_font_size=&#8221;16px&#8221; ol_line_height=&#8221;1.7em&#8221; custom_padding=&#8221;||2px|||&#8221; global_colors_info=&#8221;{}&#8221;]<\/p>\n<h2><span style=\"font-weight: 400;\">Hozza l\u00e9tre \u00e1lmai f\u00fcrd\u0151szob\u00e1j\u00e1t!\u00a0<\/span><\/h2>\n<p><span style=\"font-weight: 400;\">A k\u00e1d falaz\u00e1sa ide\u00e1lis megold\u00e1s mindazoknak, akik egy eleg\u00e1ns, praktikus \u00e9s hossz\u00fa t\u00e1von megb\u00edzhat\u00f3 f\u00fcrd\u0151szobai kialak\u00edt\u00e1sra v\u00e1gynak. B\u00e1r a munka n\u00e9mi el\u0151k\u00e9sz\u00fcletet \u00e9s precizit\u00e1st ig\u00e9nyel, a v\u00e9geredm\u00e9ny egy eszt\u00e9tikus, stabil \u00e9s k\u00f6nnyen tiszt\u00e1n tarthat\u00f3 f\u00fcrd\u0151k\u00e1d lehet.\u00a0<\/span><\/p>\n<p><span style=\"font-weight: 400;\">V\u00e1lasszon az M-Acryl k\u00edn\u00e1lat\u00e1ban el\u00e9rhet\u0151 magas min\u0151s\u00e9g\u0171 k\u00e1dak k\u00f6z\u00fcl, \u00e9s kezd\u0151dhet a be\u00e9p\u00edt\u00e9s.<\/span><\/p>\n<p data-start=\"157\" data-end=\"429\">Amennyiben nem sz\u00edvesen fog bele a be\u00e9p\u00edt\u00e9sbe, <span style=\"text-decoration: underline; color: #00ccff;\"><a href=\"https:\/\/m-acryl.hu\/kad-beepitese\" target=\"_blank\" rel=\"noopener\" style=\"color: #00ccff; text-decoration: underline;\">szervizes koll\u00e9g\u00e1ink k\u00e9szs\u00e9ggel seg\u00edtenek \u2013 de kiz\u00e1r\u00f3lag az el\u0151lapos beszerel\u00e9st v\u00e1llalj\u00e1k.<\/a><\/span>\u00a0A falaz\u00e1s szakipari munk\u00e1nak sz\u00e1m\u00edt, \u00edgy azt k\u00fcls\u0151 kivitelez\u0151vel \u00e9rdemes elv\u00e9geztetnie.<\/p>\n<p>[\/et_pb_text][et_pb_image src=&#8221;https:\/\/m-acryl.hu\/kad-kisokos\/wp-content\/uploads\/2025\/02\/m-acryl-furdokad-bemutatoterem-budapest.jpg&#8221; alt=&#8221;M-Acryl f\u00fcrd\u0151k\u00e1d bemutat\u00f3terem budapest&#8221; title_text=&#8221;m-acryl-furdokad-bemutatoterem-budapest&#8221; _builder_version=&#8221;4.27.4&#8243; _module_preset=&#8221;default&#8221; global_colors_info=&#8221;{}&#8221;][\/et_pb_image][et_pb_text _builder_version=&#8221;4.27.4&#8243; _module_preset=&#8221;default&#8221; text_font_size=&#8221;16px&#8221; ul_font_size=&#8221;16px&#8221; ul_line_height=&#8221;1.7em&#8221; ol_font_size=&#8221;16px&#8221; ol_line_height=&#8221;1.7em&#8221; custom_padding=&#8221;||2px|||&#8221; global_colors_info=&#8221;{}&#8221;]<\/p>\n<p data-start=\"157\" data-end=\"429\">\n<p data-start=\"431\" data-end=\"581\">Szem\u00e9lyesen is megn\u00e9zn\u00e9, milyen k\u00e1d illene legjobban az otthon\u00e1ba?<br data-start=\"497\" data-end=\"500\" \/><span style=\"text-decoration: underline; color: #00ccff;\"><a href=\"https:\/\/m-acryl.hu\/kad-kisokos\/probalja-ki-a-kadat\/\" target=\"_blank\" rel=\"noopener\" style=\"color: #00ccff; text-decoration: underline;\">L\u00e1togasson el bemutat\u00f3term\u00fcnkbe,<\/a><\/span>\u00a0\u00e9s seg\u00edt\u00fcnk megtal\u00e1lni az ide\u00e1lis megold\u00e1st!<\/p>\n<p>[\/et_pb_text][\/et_pb_column][\/et_pb_row][\/et_pb_section]<\/p>\n","protected":false},"excerpt":{"rendered":"<p>A f\u00fcrd\u0151szoba otthonunk egyik legintimebb helyis\u00e9ge, ahol minden apr\u00f3 r\u00e9szlet sz\u00e1m\u00edt \u2013 ann\u00e1l is ink\u00e1bb, mert ezt a szob\u00e1t naponta t\u00f6bbsz\u00f6r is haszn\u00e1ljuk. A f\u00fcrd\u0151 kialak\u00edt\u00e1sa sor\u00e1n els\u0151sorban a praktikum \u00e9s az eszt\u00e9tikum harm\u00f3ni\u00e1ja j\u00e1tszik fontos szerepet, ez\u00e9rt ha \u00faj k\u00e1dat v\u00e1s\u00e1rol, vagy a megl\u00e9v\u0151t tenn\u00e9 egy kicsit st\u00edlusosabb\u00e1 \u00e9s tart\u00f3sabb\u00e1, \u00e9rdemes megfontolni a k\u00e1d [&hellip;]<\/p>\n","protected":false},"author":6,"featured_media":7086,"comment_status":"open","ping_status":"open","sticky":false,"template":"","format":"standard","meta":{"_et_pb_use_builder":"on","_et_pb_old_content":"","_et_gb_content_width":"","footnotes":""},"categories":[1],"tags":[],"class_list":["post-7044","post","type-post","status-publish","format-standard","has-post-thumbnail","hentry","category-egyeb","et-has-post-format-content","et_post_format-et-post-format-standard"],"yoast_head":"<!-- This site is optimized with the Yoast SEO plugin v26.6 - https:\/\/yoast.com\/wordpress\/plugins\/seo\/ -->\n<title>A gy\u00f6ny\u00f6r\u0171 f\u00fcrd\u0151szoba titka \u2013 a k\u00e1d falaz\u00e1sa - K\u00e1d kisokos<\/title>\n<meta name=\"description\" content=\"Ha szeretne gy\u00f6ny\u00f6r\u0171, egys\u00e9ges megjelen\u00e9s\u0171 f\u00fcrd\u0151szob\u00e1t kialak\u00edtani, a k\u00e1d falaz\u00e1sa lehet a legjobb megold\u00e1s \u2013 ismerje meg ennek menet\u00e9t!\" \/>\n<meta name=\"robots\" content=\"index, follow, max-snippet:-1, max-image-preview:large, max-video-preview:-1\" \/>\n<link rel=\"canonical\" href=\"https:\/\/m-acryl.hu\/kad-kisokos\/a-gyonyoru-furdoszoba-titka-a-kad-falazasa\/\" \/>\n<meta property=\"og:locale\" content=\"hu_HU\" \/>\n<meta property=\"og:type\" content=\"article\" \/>\n<meta property=\"og:title\" content=\"A gy\u00f6ny\u00f6r\u0171 f\u00fcrd\u0151szoba titka \u2013 a k\u00e1d falaz\u00e1sa - K\u00e1d kisokos\" \/>\n<meta property=\"og:description\" content=\"Ha szeretne gy\u00f6ny\u00f6r\u0171, egys\u00e9ges megjelen\u00e9s\u0171 f\u00fcrd\u0151szob\u00e1t kialak\u00edtani, a k\u00e1d falaz\u00e1sa lehet a legjobb megold\u00e1s \u2013 ismerje meg ennek menet\u00e9t!\" \/>\n<meta property=\"og:url\" content=\"https:\/\/m-acryl.hu\/kad-kisokos\/a-gyonyoru-furdoszoba-titka-a-kad-falazasa\/\" \/>\n<meta property=\"og:site_name\" content=\"K\u00e1d kisokos\" \/>\n<meta property=\"article:published_time\" content=\"2025-07-30T12:27:14+00:00\" \/>\n<meta property=\"article:modified_time\" content=\"2025-07-31T06:26:59+00:00\" \/>\n<meta property=\"og:image\" content=\"https:\/\/m-acryl.hu\/kad-kisokos\/wp-content\/uploads\/2025\/07\/sandra-egyenes-akril-kad-falazas-macryl-sandra-furdokad.jpg\" \/>\n\t<meta property=\"og:image:width\" content=\"1228\" \/>\n\t<meta property=\"og:image:height\" content=\"768\" \/>\n\t<meta property=\"og:image:type\" content=\"image\/jpeg\" \/>\n<meta name=\"author\" content=\"Madar\u00e1sz J\u00falia\" \/>\n<meta name=\"twitter:card\" content=\"summary_large_image\" \/>\n<meta name=\"twitter:label1\" content=\"Szerz\u0151:\" \/>\n\t<meta name=\"twitter:data1\" content=\"Madar\u00e1sz J\u00falia\" \/>\n\t<meta name=\"twitter:label2\" content=\"Becs\u00fclt olvas\u00e1si id\u0151\" \/>\n\t<meta name=\"twitter:data2\" content=\"7 perc\" \/>\n<script type=\"application\/ld+json\" class=\"yoast-schema-graph\">{\"@context\":\"https:\/\/schema.org\",\"@graph\":[{\"@type\":\"WebPage\",\"@id\":\"https:\/\/m-acryl.hu\/kad-kisokos\/a-gyonyoru-furdoszoba-titka-a-kad-falazasa\/\",\"url\":\"https:\/\/m-acryl.hu\/kad-kisokos\/a-gyonyoru-furdoszoba-titka-a-kad-falazasa\/\",\"name\":\"A gy\u00f6ny\u00f6r\u0171 f\u00fcrd\u0151szoba titka \u2013 a k\u00e1d falaz\u00e1sa - K\u00e1d kisokos\",\"isPartOf\":{\"@id\":\"https:\/\/m-acryl.hu\/kad-kisokos\/#website\"},\"primaryImageOfPage\":{\"@id\":\"https:\/\/m-acryl.hu\/kad-kisokos\/a-gyonyoru-furdoszoba-titka-a-kad-falazasa\/#primaryimage\"},\"image\":{\"@id\":\"https:\/\/m-acryl.hu\/kad-kisokos\/a-gyonyoru-furdoszoba-titka-a-kad-falazasa\/#primaryimage\"},\"thumbnailUrl\":\"https:\/\/m-acryl.hu\/kad-kisokos\/wp-content\/uploads\/2025\/07\/sandra-egyenes-akril-kad-falazas-macryl-sandra-furdokad.jpg\",\"datePublished\":\"2025-07-30T12:27:14+00:00\",\"dateModified\":\"2025-07-31T06:26:59+00:00\",\"author\":{\"@id\":\"https:\/\/m-acryl.hu\/kad-kisokos\/#\/schema\/person\/97de8d1c7a799dff979832f222a8832a\"},\"description\":\"Ha szeretne gy\u00f6ny\u00f6r\u0171, egys\u00e9ges megjelen\u00e9s\u0171 f\u00fcrd\u0151szob\u00e1t kialak\u00edtani, a k\u00e1d falaz\u00e1sa lehet a legjobb megold\u00e1s \u2013 ismerje meg ennek menet\u00e9t!\",\"breadcrumb\":{\"@id\":\"https:\/\/m-acryl.hu\/kad-kisokos\/a-gyonyoru-furdoszoba-titka-a-kad-falazasa\/#breadcrumb\"},\"inLanguage\":\"hu\",\"potentialAction\":[{\"@type\":\"ReadAction\",\"target\":[\"https:\/\/m-acryl.hu\/kad-kisokos\/a-gyonyoru-furdoszoba-titka-a-kad-falazasa\/\"]}]},{\"@type\":\"ImageObject\",\"inLanguage\":\"hu\",\"@id\":\"https:\/\/m-acryl.hu\/kad-kisokos\/a-gyonyoru-furdoszoba-titka-a-kad-falazasa\/#primaryimage\",\"url\":\"https:\/\/m-acryl.hu\/kad-kisokos\/wp-content\/uploads\/2025\/07\/sandra-egyenes-akril-kad-falazas-macryl-sandra-furdokad.jpg\",\"contentUrl\":\"https:\/\/m-acryl.hu\/kad-kisokos\/wp-content\/uploads\/2025\/07\/sandra-egyenes-akril-kad-falazas-macryl-sandra-furdokad.jpg\",\"width\":1228,\"height\":768,\"caption\":\"sandra-egyenes-akril-kad-falazas-macryl-sandra-furdokad\"},{\"@type\":\"BreadcrumbList\",\"@id\":\"https:\/\/m-acryl.hu\/kad-kisokos\/a-gyonyoru-furdoszoba-titka-a-kad-falazasa\/#breadcrumb\",\"itemListElement\":[{\"@type\":\"ListItem\",\"position\":1,\"name\":\"Home\",\"item\":\"https:\/\/m-acryl.hu\/kad-kisokos\/\"},{\"@type\":\"ListItem\",\"position\":2,\"name\":\"A gy\u00f6ny\u00f6r\u0171 f\u00fcrd\u0151szoba titka \u2013 a k\u00e1d falaz\u00e1sa\"}]},{\"@type\":\"WebSite\",\"@id\":\"https:\/\/m-acryl.hu\/kad-kisokos\/#website\",\"url\":\"https:\/\/m-acryl.hu\/kad-kisokos\/\",\"name\":\"K\u00e1d kisokos\",\"description\":\"Az M-Acryl f\u00fcrd\u0151k\u00e1dakr\u00f3l k\u00f6z\u00e9rthet\u0151en\",\"potentialAction\":[{\"@type\":\"SearchAction\",\"target\":{\"@type\":\"EntryPoint\",\"urlTemplate\":\"https:\/\/m-acryl.hu\/kad-kisokos\/?s={search_term_string}\"},\"query-input\":{\"@type\":\"PropertyValueSpecification\",\"valueRequired\":true,\"valueName\":\"search_term_string\"}}],\"inLanguage\":\"hu\"},{\"@type\":\"Person\",\"@id\":\"https:\/\/m-acryl.hu\/kad-kisokos\/#\/schema\/person\/97de8d1c7a799dff979832f222a8832a\",\"name\":\"Madar\u00e1sz J\u00falia\",\"image\":{\"@type\":\"ImageObject\",\"inLanguage\":\"hu\",\"@id\":\"https:\/\/m-acryl.hu\/kad-kisokos\/#\/schema\/person\/image\/\",\"url\":\"https:\/\/secure.gravatar.com\/avatar\/0c204b742e4037a414beff290aada3b58a7839bb7d65d671f1680e8e30182f0c?s=96&d=mm&r=g\",\"contentUrl\":\"https:\/\/secure.gravatar.com\/avatar\/0c204b742e4037a414beff290aada3b58a7839bb7d65d671f1680e8e30182f0c?s=96&d=mm&r=g\",\"caption\":\"Madar\u00e1sz J\u00falia\"},\"url\":\"https:\/\/m-acryl.hu\/kad-kisokos\/author\/julia\/\"}]}<\/script>\n<!-- \/ Yoast SEO plugin. -->","yoast_head_json":{"title":"A gy\u00f6ny\u00f6r\u0171 f\u00fcrd\u0151szoba titka \u2013 a k\u00e1d falaz\u00e1sa - K\u00e1d kisokos","description":"Ha szeretne gy\u00f6ny\u00f6r\u0171, egys\u00e9ges megjelen\u00e9s\u0171 f\u00fcrd\u0151szob\u00e1t kialak\u00edtani, a k\u00e1d falaz\u00e1sa lehet a legjobb megold\u00e1s \u2013 ismerje meg ennek menet\u00e9t!","robots":{"index":"index","follow":"follow","max-snippet":"max-snippet:-1","max-image-preview":"max-image-preview:large","max-video-preview":"max-video-preview:-1"},"canonical":"https:\/\/m-acryl.hu\/kad-kisokos\/a-gyonyoru-furdoszoba-titka-a-kad-falazasa\/","og_locale":"hu_HU","og_type":"article","og_title":"A gy\u00f6ny\u00f6r\u0171 f\u00fcrd\u0151szoba titka \u2013 a k\u00e1d falaz\u00e1sa - K\u00e1d kisokos","og_description":"Ha szeretne gy\u00f6ny\u00f6r\u0171, egys\u00e9ges megjelen\u00e9s\u0171 f\u00fcrd\u0151szob\u00e1t kialak\u00edtani, a k\u00e1d falaz\u00e1sa lehet a legjobb megold\u00e1s \u2013 ismerje meg ennek menet\u00e9t!","og_url":"https:\/\/m-acryl.hu\/kad-kisokos\/a-gyonyoru-furdoszoba-titka-a-kad-falazasa\/","og_site_name":"K\u00e1d kisokos","article_published_time":"2025-07-30T12:27:14+00:00","article_modified_time":"2025-07-31T06:26:59+00:00","og_image":[{"width":1228,"height":768,"url":"https:\/\/m-acryl.hu\/kad-kisokos\/wp-content\/uploads\/2025\/07\/sandra-egyenes-akril-kad-falazas-macryl-sandra-furdokad.jpg","type":"image\/jpeg"}],"author":"Madar\u00e1sz J\u00falia","twitter_card":"summary_large_image","twitter_misc":{"Szerz\u0151:":"Madar\u00e1sz J\u00falia","Becs\u00fclt olvas\u00e1si id\u0151":"7 perc"},"schema":{"@context":"https:\/\/schema.org","@graph":[{"@type":"WebPage","@id":"https:\/\/m-acryl.hu\/kad-kisokos\/a-gyonyoru-furdoszoba-titka-a-kad-falazasa\/","url":"https:\/\/m-acryl.hu\/kad-kisokos\/a-gyonyoru-furdoszoba-titka-a-kad-falazasa\/","name":"A gy\u00f6ny\u00f6r\u0171 f\u00fcrd\u0151szoba titka \u2013 a k\u00e1d falaz\u00e1sa - K\u00e1d kisokos","isPartOf":{"@id":"https:\/\/m-acryl.hu\/kad-kisokos\/#website"},"primaryImageOfPage":{"@id":"https:\/\/m-acryl.hu\/kad-kisokos\/a-gyonyoru-furdoszoba-titka-a-kad-falazasa\/#primaryimage"},"image":{"@id":"https:\/\/m-acryl.hu\/kad-kisokos\/a-gyonyoru-furdoszoba-titka-a-kad-falazasa\/#primaryimage"},"thumbnailUrl":"https:\/\/m-acryl.hu\/kad-kisokos\/wp-content\/uploads\/2025\/07\/sandra-egyenes-akril-kad-falazas-macryl-sandra-furdokad.jpg","datePublished":"2025-07-30T12:27:14+00:00","dateModified":"2025-07-31T06:26:59+00:00","author":{"@id":"https:\/\/m-acryl.hu\/kad-kisokos\/#\/schema\/person\/97de8d1c7a799dff979832f222a8832a"},"description":"Ha szeretne gy\u00f6ny\u00f6r\u0171, egys\u00e9ges megjelen\u00e9s\u0171 f\u00fcrd\u0151szob\u00e1t kialak\u00edtani, a k\u00e1d falaz\u00e1sa lehet a legjobb megold\u00e1s \u2013 ismerje meg ennek menet\u00e9t!","breadcrumb":{"@id":"https:\/\/m-acryl.hu\/kad-kisokos\/a-gyonyoru-furdoszoba-titka-a-kad-falazasa\/#breadcrumb"},"inLanguage":"hu","potentialAction":[{"@type":"ReadAction","target":["https:\/\/m-acryl.hu\/kad-kisokos\/a-gyonyoru-furdoszoba-titka-a-kad-falazasa\/"]}]},{"@type":"ImageObject","inLanguage":"hu","@id":"https:\/\/m-acryl.hu\/kad-kisokos\/a-gyonyoru-furdoszoba-titka-a-kad-falazasa\/#primaryimage","url":"https:\/\/m-acryl.hu\/kad-kisokos\/wp-content\/uploads\/2025\/07\/sandra-egyenes-akril-kad-falazas-macryl-sandra-furdokad.jpg","contentUrl":"https:\/\/m-acryl.hu\/kad-kisokos\/wp-content\/uploads\/2025\/07\/sandra-egyenes-akril-kad-falazas-macryl-sandra-furdokad.jpg","width":1228,"height":768,"caption":"sandra-egyenes-akril-kad-falazas-macryl-sandra-furdokad"},{"@type":"BreadcrumbList","@id":"https:\/\/m-acryl.hu\/kad-kisokos\/a-gyonyoru-furdoszoba-titka-a-kad-falazasa\/#breadcrumb","itemListElement":[{"@type":"ListItem","position":1,"name":"Home","item":"https:\/\/m-acryl.hu\/kad-kisokos\/"},{"@type":"ListItem","position":2,"name":"A gy\u00f6ny\u00f6r\u0171 f\u00fcrd\u0151szoba titka \u2013 a k\u00e1d falaz\u00e1sa"}]},{"@type":"WebSite","@id":"https:\/\/m-acryl.hu\/kad-kisokos\/#website","url":"https:\/\/m-acryl.hu\/kad-kisokos\/","name":"K\u00e1d kisokos","description":"Az M-Acryl f\u00fcrd\u0151k\u00e1dakr\u00f3l k\u00f6z\u00e9rthet\u0151en","potentialAction":[{"@type":"SearchAction","target":{"@type":"EntryPoint","urlTemplate":"https:\/\/m-acryl.hu\/kad-kisokos\/?s={search_term_string}"},"query-input":{"@type":"PropertyValueSpecification","valueRequired":true,"valueName":"search_term_string"}}],"inLanguage":"hu"},{"@type":"Person","@id":"https:\/\/m-acryl.hu\/kad-kisokos\/#\/schema\/person\/97de8d1c7a799dff979832f222a8832a","name":"Madar\u00e1sz J\u00falia","image":{"@type":"ImageObject","inLanguage":"hu","@id":"https:\/\/m-acryl.hu\/kad-kisokos\/#\/schema\/person\/image\/","url":"https:\/\/secure.gravatar.com\/avatar\/0c204b742e4037a414beff290aada3b58a7839bb7d65d671f1680e8e30182f0c?s=96&d=mm&r=g","contentUrl":"https:\/\/secure.gravatar.com\/avatar\/0c204b742e4037a414beff290aada3b58a7839bb7d65d671f1680e8e30182f0c?s=96&d=mm&r=g","caption":"Madar\u00e1sz J\u00falia"},"url":"https:\/\/m-acryl.hu\/kad-kisokos\/author\/julia\/"}]}},"_links":{"self":[{"href":"https:\/\/m-acryl.hu\/kad-kisokos\/wp-json\/wp\/v2\/posts\/7044","targetHints":{"allow":["GET"]}}],"collection":[{"href":"https:\/\/m-acryl.hu\/kad-kisokos\/wp-json\/wp\/v2\/posts"}],"about":[{"href":"https:\/\/m-acryl.hu\/kad-kisokos\/wp-json\/wp\/v2\/types\/post"}],"author":[{"embeddable":true,"href":"https:\/\/m-acryl.hu\/kad-kisokos\/wp-json\/wp\/v2\/users\/6"}],"replies":[{"embeddable":true,"href":"https:\/\/m-acryl.hu\/kad-kisokos\/wp-json\/wp\/v2\/comments?post=7044"}],"version-history":[{"count":15,"href":"https:\/\/m-acryl.hu\/kad-kisokos\/wp-json\/wp\/v2\/posts\/7044\/revisions"}],"predecessor-version":[{"id":7095,"href":"https:\/\/m-acryl.hu\/kad-kisokos\/wp-json\/wp\/v2\/posts\/7044\/revisions\/7095"}],"wp:featuredmedia":[{"embeddable":true,"href":"https:\/\/m-acryl.hu\/kad-kisokos\/wp-json\/wp\/v2\/media\/7086"}],"wp:attachment":[{"href":"https:\/\/m-acryl.hu\/kad-kisokos\/wp-json\/wp\/v2\/media?parent=7044"}],"wp:term":[{"taxonomy":"category","embeddable":true,"href":"https:\/\/m-acryl.hu\/kad-kisokos\/wp-json\/wp\/v2\/categories?post=7044"},{"taxonomy":"post_tag","embeddable":true,"href":"https:\/\/m-acryl.hu\/kad-kisokos\/wp-json\/wp\/v2\/tags?post=7044"}],"curies":[{"name":"wp","href":"https:\/\/api.w.org\/{rel}","templated":true}]}}