{"id":7038,"date":"2025-07-31T07:46:39","date_gmt":"2025-07-31T07:46:39","guid":{"rendered":"https:\/\/m-acryl.hu\/kad-kisokos\/?p=7038"},"modified":"2026-03-19T14:19:13","modified_gmt":"2026-03-19T14:19:13","slug":"kadparavan-felszerelese","status":"publish","type":"post","link":"https:\/\/m-acryl.hu\/kad-kisokos\/kadparavan-felszerelese\/","title":{"rendered":"A k\u00e1dparav\u00e1n felszerel\u00e9se l\u00e9p\u00e9sr\u0151l l\u00e9p\u00e9sre \u2013 praktikus \u00fatmutat\u00f3 otthoni kivitelez\u00e9shez"},"content":{"rendered":"<p>[et_pb_section fb_built=&#8221;1&#8243; disabled_on=&#8221;off|off|off&#8221; _builder_version=&#8221;4.21.0&#8243; _module_preset=&#8221;default&#8221; global_colors_info=&#8221;{}&#8221;][et_pb_row _builder_version=&#8221;4.21.0&#8243; _module_preset=&#8221;default&#8221; width=&#8221;80%&#8221; min_height=&#8221;46.1px&#8221; custom_margin_tablet=&#8221;&#8221; custom_margin_phone=&#8221;0px||||false|false&#8221; custom_margin_last_edited=&#8221;on|phone&#8221; custom_padding=&#8221;0px||0.1%||false|false&#8221; global_colors_info=&#8221;{}&#8221;][et_pb_column type=&#8221;4_4&#8243; _builder_version=&#8221;4.16&#8243; _module_preset=&#8221;default&#8221; global_colors_info=&#8221;{}&#8221;][et_pb_text _builder_version=&#8221;4.27.4&#8243; _module_preset=&#8221;default&#8221; text_font_size=&#8221;16px&#8221; ul_font_size=&#8221;16px&#8221; ul_line_height=&#8221;1.7em&#8221; ol_font_size=&#8221;16px&#8221; ol_line_height=&#8221;1.7em&#8221; custom_padding=&#8221;||2px|||&#8221; global_colors_info=&#8221;{}&#8221;]<strong>A modern f\u00fcrd\u0151szob\u00e1k egyik legpraktikusabb \u00e9s legeszt\u00e9tikusabb eleme a k\u00e1dparav\u00e1n, hiszen ez a kieg\u00e9sz\u00edt\u0151 teszi lehet\u0151v\u00e9 azt, hogy a f\u00fcrd\u0151k\u00e1d zuhanyz\u00f3k\u00e9nt is megfelel\u0151en haszn\u00e1lhat\u00f3 legyen. Seg\u00edts\u00e9g\u00e9vel k\u00f6nnyed\u00e9n megakad\u00e1lyozhat\u00f3, hogy zuhanyz\u00e1s sor\u00e1n a v\u00edz el\u00e1rassza a f\u00fcrd\u0151szoba padl\u00f3j\u00e1t, mik\u00f6zben nyitottabb, t\u00e1gasabb hat\u00e1st kelt, \u00e9s hat\u00e1rozottan szebb l\u00e1tv\u00e1nyt ny\u00fajt, mint egy hagyom\u00e1nyos zuhanyf\u00fcgg\u00f6ny. A j\u00f3 h\u00edr pedig az, hogy a felszerel\u00e9shez szakember sem sz\u00fcks\u00e9ges: egy kis k\u00e9z\u00fcgyess\u00e9ggel \u00e9s a megfelel\u0151 eszk\u00f6z\u00f6kkel ak\u00e1r h\u00e1zilag is r\u00f6gz\u00edtheti a parav\u00e1nt.<\/strong><br \/>\n[\/et_pb_text][et_pb_text _builder_version=&#8221;4.27.4&#8243; _module_preset=&#8221;default&#8221; text_font_size=&#8221;16px&#8221; ul_font_size=&#8221;16px&#8221; ul_line_height=&#8221;1.7em&#8221; ol_font_size=&#8221;16px&#8221; ol_line_height=&#8221;1.7em&#8221; custom_margin=&#8221;5%||||false|false&#8221; custom_padding=&#8221;||2px|||&#8221; global_colors_info=&#8221;{}&#8221;]<\/p>\n<h2>A k\u00e1dparav\u00e1n el\u0151nyei<\/h2>\n<p>A f\u00fcrd\u0151szoba berendez\u00e9se sor\u00e1n az egyik k\u00f6zponti k\u00e9rd\u00e9s az, hogy k\u00e1dat vagy zuhanyz\u00f3t szeretne-e ott elhelyezni. A d\u00f6nt\u00e9s gyakran nem egyszer\u0171, hiszen mindk\u00e9t megold\u00e1s sz\u00e1mos el\u0151nnyel j\u00e1r egy\u00fctt, <strong>szerencs\u00e9re azonban l\u00e9tezik egy t\u00f6k\u00e9letes kompromisszumos megold\u00e1s<\/strong> \u2013 ez pedig a <span style=\"text-decoration: underline; color: #00ccff;\"><a style=\"color: #00ccff; text-decoration: underline;\" href=\"https:\/\/m-acryl.hu\/kadparavan\" target=\"_blank\" rel=\"noopener\">k\u00e1dparav\u00e1n<\/a><\/span>. Ez a k\u00e1dra felszerelhet\u0151 kieg\u00e9sz\u00edt\u0151 az elavult zuhanyf\u00fcgg\u00f6ny\u00f6ket v\u00e1ltja fel, ez\u00e1ltal biztos\u00edtva a k\u00e9nyelmes \u00e9s higi\u00e9nikus haszn\u00e1latot \u2013 ismerje meg a legfontosabb el\u0151nyeit.<br \/>\n[\/et_pb_text][et_pb_image src=&#8221;https:\/\/m-acryl.hu\/kad-kisokos\/wp-content\/uploads\/2025\/07\/Furo-Brushed-Copper-PND-II-szalcsiszolt-rez-kadparavan.jpg&#8221; alt=&#8221;Furo Brushed Copper PND II sz\u00e1lcsiszolt r\u00e9z k\u00e1dparav\u00e1n&#8221; title_text=&#8221;Furo-Brushed-Copper-PND-II-szalcsiszolt-rez-kadparavan&#8221; url=&#8221;https:\/\/m-acryl.hu\/termekek\/egyenes-kad\/sabina-pro-slim-egyenes-akril-kad&#8221; url_new_window=&#8221;on&#8221; admin_label=&#8221;Sabina Pro Slim egyenes akril k\u00e1d&#8221; _builder_version=&#8221;4.27.4&#8243; _module_preset=&#8221;default&#8221; custom_margin=&#8221;||-19px|||&#8221; custom_padding=&#8221;||0px||false|false&#8221; global_colors_info=&#8221;{}&#8221;][\/et_pb_image][et_pb_text _builder_version=&#8221;4.27.4&#8243; _module_preset=&#8221;default&#8221; text_font_size=&#8221;16px&#8221; ul_font_size=&#8221;16px&#8221; ul_line_height=&#8221;1.7em&#8221; ol_font_size=&#8221;16px&#8221; ol_line_height=&#8221;1.7em&#8221; custom_margin=&#8221;3%||||false|false&#8221; custom_padding=&#8221;||2%||false|false&#8221; global_colors_info=&#8221;{}&#8221;]<\/p>\n<p style=\"text-align: center;\"><em><a href=\"https:\/\/m-acryl.hu\/termekek\/furo-brushed-copper-pnd-ii-szalcsiszolt-rez-kadparavan\" target=\"_blank\" rel=\"noopener\"><span style=\"text-decoration: underline;\">Furo Brushed Copper PND II sz\u00e1lcsiszolt r\u00e9z k\u00e1dparav\u00e1n<\/span><\/a><\/em><\/p>\n<p>[\/et_pb_text][et_pb_text _builder_version=&#8221;4.27.4&#8243; _module_preset=&#8221;default&#8221; text_font_size=&#8221;16px&#8221; ul_font_size=&#8221;16px&#8221; ul_line_height=&#8221;1.7em&#8221; ol_font_size=&#8221;16px&#8221; ol_line_height=&#8221;1.7em&#8221; custom_margin=&#8221;5%||||false|false&#8221; custom_padding=&#8221;||2%||false|false&#8221; global_colors_info=&#8221;{}&#8221;]<\/p>\n<h3>Hat\u00e9kony v\u00edzv\u00e9delem<\/h3>\n<p>A k\u00e1dparav\u00e1n els\u0151dleges funkci\u00f3ja az, hogy <strong>zuhanyz\u00e1s k\u00f6zben megakad\u00e1lyozza a v\u00edz kifr\u00f6ccsen\u00e9s\u00e9t<\/strong>. A megfelel\u0151en felszerelt \u00fcvegt\u00e1bla t\u00f6k\u00e9letesen illeszkedik a falhoz \u00e9s a k\u00e1d perem\u00e9hez, \u00edgy \u00f6n biztos lehet abban, hogy a v\u00edz a k\u00e1don bel\u00fcl marad, \u00e9s nem \u00e1zik el a f\u00fcrd\u0151szoba padl\u00f3ja, valamint nem kell a csemp\u00e9r\u0151l vagy a b\u00fatorokr\u00f3l elt\u00e1vol\u00edtani a nedvess\u00e9get.<br \/>\n[\/et_pb_text][et_pb_image src=&#8221;https:\/\/m-acryl.hu\/kad-kisokos\/wp-content\/uploads\/2025\/07\/Furo-Gold-PND-II-arany-kadparavan.jpg&#8221; alt=&#8221;Furo Gold PND II arany k\u00e1dparav\u00e1n&#8221; title_text=&#8221;Furo-Gold-PND-II-arany-kadparavan&#8221; url=&#8221;https:\/\/m-acryl.hu\/termekek\/furo-gold-pnd-ii-arany-kadparavan&#8221; url_new_window=&#8221;on&#8221; admin_label=&#8221;Sabina Pro Slim egyenes akril k\u00e1d&#8221; _builder_version=&#8221;4.27.4&#8243; _module_preset=&#8221;default&#8221; custom_margin=&#8221;||-3px|||&#8221; custom_padding=&#8221;||0px||false|false&#8221; global_colors_info=&#8221;{}&#8221;][\/et_pb_image][et_pb_text _builder_version=&#8221;4.27.4&#8243; _module_preset=&#8221;default&#8221; text_font_size=&#8221;16px&#8221; ul_font_size=&#8221;16px&#8221; ul_line_height=&#8221;1.7em&#8221; ol_font_size=&#8221;16px&#8221; ol_line_height=&#8221;1.7em&#8221; custom_margin=&#8221;1%||||false|false&#8221; custom_padding=&#8221;||||false|false&#8221; link_option_url=&#8221;https:\/\/m-acryl.hu\/termekek\/egyenes-kad\/sabina-pro-slim-egyenes-akril-kad&#8221; link_option_url_new_window=&#8221;on&#8221; global_colors_info=&#8221;{}&#8221;]<\/p>\n<p style=\"text-align: center;\"><a href=\"https:\/\/m-acryl.hu\/termekek\/furo-gold-pnd-ii-arany-kadparavan\" target=\"_blank\" rel=\"noopener\"><span style=\"text-decoration: underline;\"><em>Furo Gold PND II arany k\u00e1dparav\u00e1n<\/em><\/span><\/a><\/p>\n<p>[\/et_pb_text][et_pb_text _builder_version=&#8221;4.27.4&#8243; _module_preset=&#8221;default&#8221; text_font_size=&#8221;16px&#8221; ul_font_size=&#8221;16px&#8221; ul_line_height=&#8221;1.7em&#8221; ol_font_size=&#8221;16px&#8221; ol_line_height=&#8221;1.7em&#8221; custom_margin=&#8221;5%||||false|false&#8221; custom_padding=&#8221;||2%||false|false&#8221; global_colors_info=&#8221;{}&#8221;]<\/p>\n<h3>Higi\u00e9nikus megold\u00e1s<\/h3>\n<p>A hagyom\u00e1nyos, m\u0171anyag zuhanyf\u00fcgg\u00f6ny\u00f6k is k\u00e9pesek arra, hogy cs\u00f6kkents\u00e9k a padl\u00f3ra jut\u00f3 nedvess\u00e9get, ezek a kieg\u00e9sz\u00edt\u0151k azonban hajlamosak a pen\u00e9szed\u00e9sre, s\u0151t, id\u0151vel a kellemetlen szagok kialakul\u00e1s\u00e1t sem k\u00f6nny\u0171 megakad\u00e1lyozni. Ennek oka az, hogy a f\u00fcgg\u00f6ny\u00f6kr\u0151l teljes k\u00f6r\u0171en nem t\u00e1vol\u00edthat\u00f3 el a v\u00edz, <strong>a k\u00e1dparav\u00e1nt azonban egy gumis ablakt\u00f6rl\u0151 vagy egy puha rongy seg\u00edts\u00e9g\u00e9vel pillanatok alatt tiszt\u00e1v\u00e1 \u00e9s sz\u00e1razz\u00e1 lehet var\u00e1zsolni<\/strong>, ezzel elker\u00fclve mind a pen\u00e9sz, mind a v\u00edzk\u0151foltok megjelen\u00e9s\u00e9t.<br \/>\n[\/et_pb_text][et_pb_image src=&#8221;https:\/\/m-acryl.hu\/kad-kisokos\/wp-content\/uploads\/2025\/07\/Rozsdamentes-acel-vizlehuzo-falra-szerelheto-tartoval.jpg&#8221; alt=&#8221;Rozsdamentes ac\u00e9l f\u00fcrd\u0151szobai v\u00edzleh\u00faz\u00f3&#8221; title_text=&#8221;Rozsdamentes-acel-vizlehuzo-falra-szerelheto-tartoval&#8221; url=&#8221;https:\/\/m-acryl.hu\/termekek\/rozsdamentes-acel-furdoszobai-vizlehuzo&#8221; url_new_window=&#8221;on&#8221; _builder_version=&#8221;4.27.4&#8243; _module_preset=&#8221;default&#8221; custom_margin=&#8221;||1px|||&#8221; global_colors_info=&#8221;{}&#8221;][\/et_pb_image][et_pb_text _builder_version=&#8221;4.27.4&#8243; _module_preset=&#8221;default&#8221; text_font_size=&#8221;16px&#8221; ul_font_size=&#8221;16px&#8221; ul_line_height=&#8221;1.7em&#8221; ol_font_size=&#8221;16px&#8221; ol_line_height=&#8221;1.7em&#8221; custom_margin=&#8221;1%||||false|false&#8221; custom_padding=&#8221;||||false|false&#8221; link_option_url=&#8221;https:\/\/m-acryl.hu\/termekek\/rozsdamentes-acel-furdoszobai-vizlehuzo&#8221; link_option_url_new_window=&#8221;on&#8221; global_colors_info=&#8221;{}&#8221;]<\/p>\n<p style=\"text-align: center;\"><span style=\"text-decoration: underline;\"><em>Rozsdamentes ac\u00e9l f\u00fcrd\u0151szobai v\u00edzleh\u00faz\u00f3<\/em><\/span><\/p>\n<p>[\/et_pb_text][et_pb_text _builder_version=&#8221;4.27.4&#8243; _module_preset=&#8221;default&#8221; text_font_size=&#8221;16px&#8221; ul_font_size=&#8221;16px&#8221; ul_line_height=&#8221;1.7em&#8221; ol_font_size=&#8221;16px&#8221; ol_line_height=&#8221;1.7em&#8221; custom_margin=&#8221;5%||||false|false&#8221; custom_padding=&#8221;||2%||false|false&#8221; global_colors_info=&#8221;{}&#8221;]<\/p>\n<h3>Eszt\u00e9tikus l\u00e1tv\u00e1ny<\/h3>\n<p>A k\u00e1dparav\u00e1nok letisztult, modern kialak\u00edt\u00e1sa eleg\u00e1ns megjelen\u00e9st k\u00f6lcs\u00f6n\u00f6z a f\u00fcrd\u0151szob\u00e1nak. Az \u00e1tl\u00e1tsz\u00f3 \u00fcveg <strong>l\u00e9gies \u00e9s t\u00e1gas hat\u00e1st kelt, \u00e9s nem s\u00f6t\u00e9t\u00edti be a f\u00fcrd\u0151szob\u00e1t<\/strong>, \u00edgy \u00f6n minden alkalommal t\u00f6k\u00e9letes f\u00e9nyviszonyok k\u00f6z\u00f6tt tiszt\u00e1lkodhat.<br \/>\n[\/et_pb_text][et_pb_image src=&#8221;https:\/\/m-acryl.hu\/kad-kisokos\/wp-content\/uploads\/2025\/07\/Torrenta-PND-kadparavan.jpg&#8221; alt=&#8221;Torrenta PND k\u00e1dparav\u00e1n&#8221; title_text=&#8221;Torrenta-PND-kadparavan&#8221; url=&#8221;https:\/\/m-acryl.hu\/termekek\/torrenta-pnd-kadparavan&#8221; url_new_window=&#8221;on&#8221; _builder_version=&#8221;4.27.4&#8243; _module_preset=&#8221;default&#8221; custom_margin=&#8221;||-12px|||&#8221; global_colors_info=&#8221;{}&#8221;][\/et_pb_image][et_pb_text _builder_version=&#8221;4.27.4&#8243; _module_preset=&#8221;default&#8221; text_font_size=&#8221;16px&#8221; ul_font_size=&#8221;16px&#8221; ul_line_height=&#8221;1.7em&#8221; ol_font_size=&#8221;16px&#8221; ol_line_height=&#8221;1.7em&#8221; custom_margin=&#8221;2%||||false|false&#8221; custom_padding=&#8221;||||false|false&#8221; link_option_url=&#8221;https:\/\/m-acryl.hu\/termekek\/torrenta-pnd-kadparavan&#8221; link_option_url_new_window=&#8221;on&#8221; global_colors_info=&#8221;{}&#8221;]<\/p>\n<p style=\"text-align: center;\"><a href=\"https:\/\/m-acryl.hu\/termekek\/torrenta-pnd-kadparavan\" target=\"_blank\" rel=\"noopener\"><span style=\"text-decoration: underline;\"><em>Torrenta PND k\u00e1dparav\u00e1n<\/em><\/span><\/a><\/p>\n<p>[\/et_pb_text][et_pb_text _builder_version=&#8221;4.27.4&#8243; _module_preset=&#8221;default&#8221; text_font_size=&#8221;16px&#8221; ul_font_size=&#8221;16px&#8221; ul_line_height=&#8221;1.7em&#8221; ol_font_size=&#8221;16px&#8221; ol_line_height=&#8221;1.7em&#8221; custom_margin=&#8221;5%||||false|false&#8221; custom_padding=&#8221;||2%||false|false&#8221; global_colors_info=&#8221;{}&#8221;]<\/p>\n<h3>Stabil \u00e9s tart\u00f3s szerkezet<\/h3>\n<p>M\u00edg egy f\u00fcgg\u00f6ny eset\u00e9ben tartani kell a szakad\u00e1st\u00f3l, valamint a szennyez\u0151d\u00e9sek miatt id\u0151nk\u00e9nt akkor is cser\u00e9lni kell \u0151ket, ha ilyen balesetre nem ker\u00fclt sor, <strong>a k\u00e1dparav\u00e1nok rendk\u00edv\u00fcl ellen\u00e1ll\u00f3 anyagb\u00f3l k\u00e9sz\u00fclnek<\/strong>: egy j\u00f3 min\u0151s\u00e9g\u0171 kieg\u00e9sz\u00edt\u0151 hossz\u00fa \u00e9vekig, ak\u00e1r \u00e9vtizedekig is kiszolg\u00e1lhatja a csal\u00e1dot, \u00edgy beszerz\u00e9s\u00e9re egy gyorsan megt\u00e9r\u00fcl\u0151 befektet\u00e9sk\u00e9nt is tekinthet.<\/p>\n<h2>A k\u00e1dparav\u00e1nok t\u00edpusai<\/h2>\n<p>A k\u00e1dparav\u00e1nok <strong>sz\u00e1mos kivitelben, st\u00edlusban k\u00e9sz\u00fclnek<\/strong>, \u00edgy k\u00f6z\u00f6tt\u00fck mindenki megtal\u00e1lhatja a sz\u00e1m\u00e1ra t\u00f6k\u00e9letes megold\u00e1st, mely megfelel az egyedi \u00edzl\u00e9seknek \u00e9s a k\u00fcl\u00f6nleges kialak\u00edt\u00e1s\u00fa f\u00fcrd\u0151k\u00e1daknak is \u2013 ismerje meg az el\u00e9rhet\u0151 t\u00edpusokat.<br \/>\n[\/et_pb_text][et_pb_video src=&#8221;https:\/\/m-acryl.hu\/kad-kisokos\/wp-content\/uploads\/2026\/03\/kadparavan-ajtonyitasok-update-web.mp4&#8243; _builder_version=&#8221;4.27.5&#8243; _module_preset=&#8221;default&#8221; title_text=&#8221;kadparavan-ajtonyitasok-update-web&#8221; hover_enabled=&#8221;0&#8243; sticky_enabled=&#8221;0&#8243;][\/et_pb_video][et_pb_text _builder_version=&#8221;4.27.4&#8243; _module_preset=&#8221;default&#8221; text_font_size=&#8221;16px&#8221; ul_font_size=&#8221;16px&#8221; ul_line_height=&#8221;1.7em&#8221; ol_font_size=&#8221;16px&#8221; ol_line_height=&#8221;1.7em&#8221; custom_margin=&#8221;5%||||false|false&#8221; custom_padding=&#8221;||2%||false|false&#8221; global_colors_info=&#8221;{}&#8221;]<\/p>\n<h3>Fix k\u00e1dparav\u00e1n<\/h3>\n<p>Ezek a parav\u00e1nok els\u0151sorban <strong>az egyenes k\u00e1dak vagy a k\u00fcl\u00f6nleges, egyedi form\u00e1j\u00fa sarokk\u00e1dak kieg\u00e9sz\u00edt\u00e9s\u00e9re szolg\u00e1lnak<\/strong>. Haszn\u00e1latukkal a zuhanyt\u00e9r term\u00e9szetesen nem lesz minden ir\u00e1nyban z\u00e1rt, \u00edgy a v\u00edz is kijuthat onnan, egy kis odafigyel\u00e9ssel azonban ennek mennyis\u00e9g\u00e9t minim\u00e1lisra cs\u00f6kkentheti.<br \/>\n[\/et_pb_text][et_pb_image src=&#8221;https:\/\/m-acryl.hu\/kad-kisokos\/wp-content\/uploads\/2025\/07\/Idea-PNJ-II-kadparavan-torolkozotartoval.jpg&#8221; alt=&#8221;Idea PNJ II k\u00e1dparav\u00e1n t\u00f6r\u00f6lk\u00f6z\u0151tart\u00f3val&#8221; title_text=&#8221;Idea-PNJ-II-kadparavan-torolkozotartoval&#8221; url=&#8221;https:\/\/m-acryl.hu\/termekek\/idea-pnj-kadparavan-torolkozotartoval&#8221; url_new_window=&#8221;on&#8221; _builder_version=&#8221;4.27.4&#8243; _module_preset=&#8221;default&#8221; custom_margin=&#8221;||-11px|||&#8221; global_colors_info=&#8221;{}&#8221;][\/et_pb_image][et_pb_text _builder_version=&#8221;4.27.4&#8243; _module_preset=&#8221;default&#8221; text_font_size=&#8221;16px&#8221; ul_font_size=&#8221;16px&#8221; ul_line_height=&#8221;1.7em&#8221; ol_font_size=&#8221;16px&#8221; ol_line_height=&#8221;1.7em&#8221; custom_margin=&#8221;2%||||false|false&#8221; custom_padding=&#8221;||||false|false&#8221; link_option_url=&#8221;https:\/\/m-acryl.hu\/termekek\/idea-pnj-kadparavan-torolkozotartoval&#8221; link_option_url_new_window=&#8221;on&#8221; global_colors_info=&#8221;{}&#8221;]<\/p>\n<p style=\"text-align: center;\"><a href=\"https:\/\/m-acryl.hu\/termekek\/idea-pnj-kadparavan-torolkozotartoval\" target=\"_blank\" rel=\"noopener\"><em>Idea PNJ II k\u00e1dparav\u00e1n t\u00f6r\u00f6lk\u00f6z\u0151tart\u00f3val<\/em><\/a><\/p>\n<p>[\/et_pb_text][et_pb_text _builder_version=&#8221;4.27.4&#8243; _module_preset=&#8221;default&#8221; text_font_size=&#8221;16px&#8221; ul_font_size=&#8221;16px&#8221; ul_line_height=&#8221;1.7em&#8221; ol_font_size=&#8221;16px&#8221; ol_line_height=&#8221;1.7em&#8221; custom_margin=&#8221;5%||||false|false&#8221; custom_padding=&#8221;||2px|||&#8221; global_colors_info=&#8221;{}&#8221;]<\/p>\n<h3>Kifel\u00e9 ny\u00edl\u00f3 k\u00e1dparav\u00e1n<\/h3>\n<p>L\u00e9teznek olyan parav\u00e1nok, melyek <strong>egy kifel\u00e9 \u00e9s befel\u00e9 is ny\u00edl\u00f3 ajt\u00f3b\u00f3l, esetleg egy fix r\u00e9szb\u0151l \u00e9s egy nyithat\u00f3 ajt\u00f3b\u00f3l \u00e1llnak<\/strong>. T\u00f6k\u00e9letes megold\u00e1st k\u00edn\u00e1lnak a kisebb f\u00fcrd\u0151szob\u00e1ban is, \u00e9s megk\u00f6nny\u00edtik a k\u00e1dba t\u00f6rt\u00e9n\u0151 be- \u00e9s az onnan val\u00f3 kisz\u00e1ll\u00e1st is. A fix parav\u00e1nhoz hasonl\u00f3an ezek a t\u00edpusok sem biztos\u00edtanak teljes v\u00edzz\u00e1r\u00e1st, de jelent\u0151sen cs\u00f6kkentik a padl\u00f3ra ker\u00fcl\u0151 nedvess\u00e9g mennyis\u00e9g\u00e9t.<br \/>\n[\/et_pb_text][et_pb_image src=&#8221;https:\/\/m-acryl.hu\/kad-kisokos\/wp-content\/uploads\/2025\/07\/Essenza-Pro-PND-II-kadparavan.jpg&#8221; alt=&#8221;Essenza Pro PND II k\u00e1dparav\u00e1n&#8221; title_text=&#8221;Essenza-Pro-PND-II-kadparavan&#8221; url=&#8221;https:\/\/m-acryl.hu\/termekek\/essenza-pro-pnd-ii-kadparavan&#8221; url_new_window=&#8221;on&#8221; _builder_version=&#8221;4.27.4&#8243; _module_preset=&#8221;default&#8221; custom_margin=&#8221;||0px||false|false&#8221; global_colors_info=&#8221;{}&#8221;][\/et_pb_image][et_pb_text _builder_version=&#8221;4.27.4&#8243; _module_preset=&#8221;default&#8221; text_font_size=&#8221;16px&#8221; ul_font_size=&#8221;16px&#8221; ul_line_height=&#8221;1.7em&#8221; ol_font_size=&#8221;16px&#8221; ol_line_height=&#8221;1.7em&#8221; custom_margin=&#8221;0.9%||||false|false&#8221; custom_padding=&#8221;||||false|false&#8221; link_option_url=&#8221;https:\/\/m-acryl.hu\/termekek\/essenza-pro-pnd-ii-kadparavan&#8221; link_option_url_new_window=&#8221;on&#8221; global_colors_info=&#8221;{}&#8221;]<\/p>\n<p style=\"text-align: center;\"><span style=\"text-decoration: underline;\"><a href=\"https:\/\/m-acryl.hu\/termekek\/essenza-pro-pnd-ii-kadparavan\" target=\"_blank\" rel=\"noopener\"><em>Essenza Pro PND II k\u00e1dparav\u00e1n<\/em><\/a><\/span><\/p>\n<p>[\/et_pb_text][et_pb_text _builder_version=&#8221;4.27.4&#8243; _module_preset=&#8221;default&#8221; text_font_size=&#8221;16px&#8221; ul_font_size=&#8221;16px&#8221; ul_line_height=&#8221;1.7em&#8221; ol_font_size=&#8221;16px&#8221; ol_line_height=&#8221;1.7em&#8221; custom_margin=&#8221;5%||||false|false&#8221; custom_padding=&#8221;||2px|||&#8221; global_colors_info=&#8221;{}&#8221;]<\/p>\n<h3>\u00d6sszecsukhat\u00f3 k\u00e1dparav\u00e1n<\/h3>\n<p>Ez a t\u00f6bb m\u00e9retben is el\u00e9rhet\u0151 parav\u00e1n az egyenes k\u00e1dak eset\u00e9ben k\u00edn\u00e1l t\u00f6k\u00e9letes megold\u00e1st. <strong>Zuhanyz\u00e1s k\u00f6zben kinyithat\u00f3, ezzel cs\u00f6kkentve a kifr\u00f6ccsen\u0151 v\u00edz mennyis\u00e9g\u00e9t, f\u00fcrd\u00e9shez azonban \u00f6sszecsukhat\u00f3<\/strong>, \u00edgy nyitott, szell\u0151s hat\u00e1st kelt \u2013 ez a t\u00edpus a legkisebb f\u00fcrd\u0151szob\u00e1kban is nyugodtan haszn\u00e1lhat\u00f3.<br \/>\n[\/et_pb_text][et_pb_image src=&#8221;https:\/\/m-acryl.hu\/kad-kisokos\/wp-content\/uploads\/2025\/07\/EOS-PNW-kadparavan.jpg&#8221; alt=&#8221;EOS PNW k\u00e1dparav\u00e1n&#8221; title_text=&#8221;EOS-PNW-kadparavan&#8221; url=&#8221;https:\/\/m-acryl.hu\/termekek\/eos-pnw-kadparavan&#8221; url_new_window=&#8221;on&#8221; _builder_version=&#8221;4.27.4&#8243; _module_preset=&#8221;default&#8221; custom_margin=&#8221;||-7px|||&#8221; global_colors_info=&#8221;{}&#8221;][\/et_pb_image][et_pb_text _builder_version=&#8221;4.27.4&#8243; _module_preset=&#8221;default&#8221; text_font_size=&#8221;16px&#8221; ul_font_size=&#8221;16px&#8221; ul_line_height=&#8221;1.7em&#8221; ol_font_size=&#8221;16px&#8221; ol_line_height=&#8221;1.7em&#8221; custom_margin=&#8221;2%||||false|false&#8221; custom_padding=&#8221;||||false|false&#8221; link_option_url=&#8221;https:\/\/m-acryl.hu\/termekek\/eos-pnw-kadparavan&#8221; link_option_url_new_window=&#8221;on&#8221; global_colors_info=&#8221;{}&#8221;]<\/p>\n<p style=\"text-align: center;\"><a href=\"https:\/\/m-acryl.hu\/termekek\/eos-pnw-kadparavan\" target=\"_blank\" rel=\"noopener\"><span style=\"text-decoration: underline;\"><em>EOS PNW k\u00e1dparav\u00e1n<\/em><\/span><\/a><\/p>\n<p>[\/et_pb_text][et_pb_text _builder_version=&#8221;4.27.4&#8243; _module_preset=&#8221;default&#8221; text_font_size=&#8221;16px&#8221; ul_font_size=&#8221;16px&#8221; ul_line_height=&#8221;1.7em&#8221; ol_font_size=&#8221;16px&#8221; ol_line_height=&#8221;1.7em&#8221; custom_margin=&#8221;5%||||false|false&#8221; custom_padding=&#8221;||2px|||&#8221; global_colors_info=&#8221;{}&#8221;]<\/p>\n<h3>K\u00e1dparav\u00e1n falt\u00f3l falig<\/h3>\n<p>A teljes v\u00edzz\u00e1r\u00e1s \u00e9rdek\u00e9ben \u00f6n v\u00e1laszthat olyan, tol\u00f3ajt\u00f3kkal felszerelt k\u00e1dparav\u00e1nt, mely <strong>a f\u00fcrd\u0151k\u00e1dat egy<\/strong> <strong>hatalmas zuhanyz\u00f3v\u00e1 v\u00e1ltoztatja<\/strong>: seg\u00edts\u00e9g\u00e9vel teljes m\u00e9rt\u00e9kben megel\u0151zhet\u0151 a v\u00edzsziv\u00e1rg\u00e1s, \u00e9s a f\u00fcrd\u0151szoba mindig tiszta \u00e9s sz\u00e1raz marad.<br \/>\n[\/et_pb_text][et_pb_image src=&#8221;https:\/\/m-acryl.hu\/kad-kisokos\/wp-content\/uploads\/2025\/07\/Idea-Black-PN-DWD-kadparavan.jpg&#8221; alt=&#8221;Idea Black PN DWD k\u00e1dparav\u00e1n&#8221; title_text=&#8221;Idea-Black-PN-DWD-kadparavan&#8221; url=&#8221;https:\/\/m-acryl.hu\/termekek\/idea-black-pn-dwd-fekete-kadparavan&#8221; url_new_window=&#8221;on&#8221; _builder_version=&#8221;4.27.4&#8243; _module_preset=&#8221;default&#8221; custom_margin=&#8221;||-13px||false|false&#8221; custom_padding=&#8221;||0px||false|false&#8221; global_colors_info=&#8221;{}&#8221;][\/et_pb_image][et_pb_text _builder_version=&#8221;4.27.4&#8243; _module_preset=&#8221;default&#8221; text_font_size=&#8221;16px&#8221; ul_font_size=&#8221;16px&#8221; ul_line_height=&#8221;1.7em&#8221; ol_font_size=&#8221;16px&#8221; ol_line_height=&#8221;1.7em&#8221; custom_margin=&#8221;2%||||false|false&#8221; custom_padding=&#8221;||||false|false&#8221; link_option_url=&#8221;https:\/\/m-acryl.hu\/termekek\/idea-black-pn-dwd-fekete-kadparavan&#8221; link_option_url_new_window=&#8221;on&#8221; global_colors_info=&#8221;{}&#8221;]<\/p>\n<p style=\"text-align: center;\"><a href=\"https:\/\/m-acryl.hu\/termekek\/idea-black-pn-dwd-fekete-kadparavan\" target=\"_blank\" rel=\"noopener\"><span style=\"text-decoration: underline;\"><em>Idea Black PN DWD fekete k\u00e1dparav\u00e1n<\/em><\/span><\/a><\/p>\n<p>[\/et_pb_text][et_pb_text _builder_version=&#8221;4.27.4&#8243; _module_preset=&#8221;default&#8221; text_font_size=&#8221;16px&#8221; ul_font_size=&#8221;16px&#8221; ul_line_height=&#8221;1.7em&#8221; ol_font_size=&#8221;16px&#8221; ol_line_height=&#8221;1.7em&#8221; custom_margin=&#8221;5%||||false|false&#8221; custom_padding=&#8221;||2px|||&#8221; global_colors_info=&#8221;{}&#8221;]<\/p>\n<h2>A k\u00e1dparav\u00e1n felszerel\u00e9se<\/h2>\n<p>A k\u00e1dparav\u00e1n r\u00f6gz\u00edt\u00e9se nem bonyolult feladat \u2013 a megfelel\u0151 eszk\u00f6z\u00f6k birtok\u00e1ban a munka ak\u00e1r szakember n\u00e9lk\u00fcl is elv\u00e9gezhet\u0151.<\/p>\n<p>Ehhez sz\u00fcks\u00e9g lesz egy \u00fctvef\u00far\u00f3ra, illetve csemp\u00e9hez val\u00f3 r\u00f6gz\u00edt\u00e9s eset\u00e9n csempef\u00far\u00f3ra, v\u00edzm\u00e9rt\u00e9kre, jel\u00f6l\u0151filcre, a falazatnak megfelel\u0151 tiplire \u00e9s csavarokra, melyek rendszerint a megv\u00e1s\u00e1rolt csomag r\u00e9sz\u00e9t k\u00e9pezik. A t\u00f6k\u00e9letes v\u00edzz\u00e1r\u00e1sr\u00f3l szilikon seg\u00edts\u00e9g\u00e9vel gondoskodhat.<\/p>\n<p>L\u00e1ssuk a munka f\u00e1zisait \u2013 l\u00e9p\u00e9sr\u0151l l\u00e9p\u00e9sre.<br \/>\n[\/et_pb_text][et_pb_text _builder_version=&#8221;4.27.4&#8243; _module_preset=&#8221;default&#8221; text_font_size=&#8221;16px&#8221; ul_font_size=&#8221;16px&#8221; ul_line_height=&#8221;1.7em&#8221; ol_font_size=&#8221;16px&#8221; ol_line_height=&#8221;1.7em&#8221; custom_margin=&#8221;5%||||false|false&#8221; custom_padding=&#8221;||2px|||&#8221; global_colors_info=&#8221;{}&#8221;]<\/p>\n<h3>El\u0151k\u00e9sz\u00fcletek<\/h3>\n<p>Els\u0151 l\u00e9p\u00e9sben tiszt\u00edtsa meg a port\u00f3l \u00e9s zs\u00edrt\u00f3l a falfel\u00fcletet, melyre a parav\u00e1n r\u00f6gz\u00edt\u00e9sre ker\u00fcl.<\/p>\n<p>A f\u0151 tart\u00f3elemet helyezze a falhoz, \u00e9s egy v\u00edzm\u00e9rt\u00e9k seg\u00edts\u00e9g\u00e9vel gondoskodjon arr\u00f3l, hogy az egyenesen \u00e1ll, majd egy <strong>filccel vagy ceruz\u00e1val jel\u00f6lje be a falon a r\u00f6gz\u00edt\u00e9si pontokat<\/strong> \u2013 nagyon fontos, hogy a jel\u00f6l\u00e9sek a megfelel\u0151 helyre ker\u00fcljenek.<\/p>\n<h3>Furatok elk\u00e9sz\u00edt\u00e9se<\/h3>\n<p>Egy \u00fctvef\u00far\u00f3 seg\u00edts\u00e9g\u00e9vel <strong>f\u00farja ki a r\u00f6gz\u00edt\u00e9si pontokat<\/strong> \u2013 csempe eset\u00e9ben speci\u00e1lis csempef\u00far\u00f3ra lesz sz\u00fcks\u00e9g a reped\u00e9sek elker\u00fcl\u00e9se \u00e9rdek\u00e9ben. T\u00e1vol\u00edtsa el a lyukakb\u00f3l \u00e9s a k\u00e1d sz\u00e9l\u00e9r\u0151l a keletkezett port, majd <strong>helyezze a tipliket a falba<\/strong> \u2013 egy kalap\u00e1cs seg\u00edts\u00e9g\u00e9vel, esetleg egy csavarh\u00faz\u00f3 fej\u00e9vel \u00fcsse azokat a hely\u00e9re, ha ez k\u00e9zzel nem siker\u00fclt teljes k\u00f6r\u0171en.<br \/>\n[\/et_pb_text][et_pb_image src=&#8221;https:\/\/m-acryl.hu\/kad-kisokos\/wp-content\/uploads\/2025\/07\/kadparavan.felszerelese-1.jpg&#8221; alt=&#8221;K\u00e1dparav\u00e1n felszerel\u00e9se&#8221; title_text=&#8221;kadparavan.felszerelese (1)&#8221; url_new_window=&#8221;on&#8221; _builder_version=&#8221;4.27.4&#8243; _module_preset=&#8221;default&#8221; global_colors_info=&#8221;{}&#8221;][\/et_pb_image][et_pb_text _builder_version=&#8221;4.27.4&#8243; _module_preset=&#8221;default&#8221; text_font_size=&#8221;16px&#8221; ul_font_size=&#8221;16px&#8221; ul_line_height=&#8221;1.7em&#8221; ol_font_size=&#8221;16px&#8221; ol_line_height=&#8221;1.7em&#8221; custom_margin=&#8221;5%||||false|false&#8221; custom_padding=&#8221;||2px|||&#8221; global_colors_info=&#8221;{}&#8221;]<\/p>\n<h3>Profil r\u00f6gz\u00edt\u00e9se<\/h3>\n<p><strong>A f\u0151 tart\u00f3elemet a megfelel\u0151 m\u00e9ret\u0171 csavarokkal r\u00f6gz\u00edtse a falhoz<\/strong>, \u00fcgyelve arra, hogy az stabilan \u00e9s egyenesen \u00e1lljon, hiszen ez az elem fogja tartani a teljes parav\u00e1nt.<\/p>\n<p>A tart\u00f3elemhez oldalr\u00f3l csavarozza oda a parav\u00e1nt, majd tegye fel a csavartakar\u00f3kat az eszt\u00e9tikus megjelen\u00e9s \u00e9rdek\u00e9ben, v\u00e9g\u00fcl <strong>szilikon seg\u00edts\u00e9g\u00e9vel gondoskodjon a teljes v\u00edzz\u00e1r\u00e1sr\u00f3l a fal \u00e9s a parav\u00e1n k\u00f6z\u00f6tti ter\u00fcleten<\/strong>.<br \/>\n[\/et_pb_text][et_pb_text _builder_version=&#8221;4.27.4&#8243; _module_preset=&#8221;default&#8221; text_font_size=&#8221;16px&#8221; ul_font_size=&#8221;16px&#8221; ul_line_height=&#8221;1.7em&#8221; ol_font_size=&#8221;16px&#8221; ol_line_height=&#8221;1.7em&#8221; custom_margin=&#8221;5%||||false|false&#8221; custom_padding=&#8221;||2px|||&#8221; global_colors_info=&#8221;{}&#8221;]<\/p>\n<h2>Gyakori hib\u00e1k a k\u00e1dparav\u00e1n r\u00f6gz\u00edt\u00e9se sor\u00e1n<\/h2>\n<p>B\u00e1r a parav\u00e1n r\u00f6gz\u00edt\u00e9se nem ig\u00e9nyel komoly szaktud\u00e1st, n\u00e9h\u00e1ny apr\u00f3s\u00e1gra \u00e9rdemes odafigyelni annak \u00e9rdek\u00e9ben, hogy a r\u00f6gz\u00edt\u00e9s tart\u00f3s \u00e9s biztons\u00e1gos legyen.<\/p>\n<ul>\n<li>\u00dcgyeljen arra, hogy a <strong>f\u0151 tart\u00f3elem egyenesen ker\u00fclj\u00f6n a falra<\/strong>, hiszen ellenkez\u0151 esetben a parav\u00e1n nem \u00e1ll majd stabilan, mellette pedig a v\u00edz is kifolyhat.<\/li>\n<li>Csemp\u00e9be t\u00f6rt\u00e9n\u0151 f\u00far\u00e1shoz mindig <strong>a megfelel\u0151 f\u00far\u00f3t haszn\u00e1lja<\/strong>, \u00e9s dolgozzon \u00f3vatosan, hiszen a burkolat k\u00f6nnyen megrepedhet.<\/li>\n<li>Mindig <strong>a megfelel\u0151 m\u00e9ret\u0171 tipliket \u00e9s csavarokat haszn\u00e1lja<\/strong>, ellenkez\u0151 esetben a profil kilazulhat, a parav\u00e1n haszn\u00e1lata pedig vesz\u00e9lyess\u00e9 v\u00e1lhat.<\/li>\n<li><strong>A szilikonoz\u00e1s soha ne maradjon el<\/strong>, hiszen ez biztos\u00edtja a megfelel\u0151 v\u00edzz\u00e1r\u00f3 r\u00e9teget.<\/li>\n<\/ul>\n<p>[\/et_pb_text][et_pb_text _builder_version=&#8221;4.27.4&#8243; _module_preset=&#8221;default&#8221; text_font_size=&#8221;16px&#8221; ul_font_size=&#8221;16px&#8221; ul_line_height=&#8221;1.7em&#8221; ol_font_size=&#8221;16px&#8221; ol_line_height=&#8221;1.7em&#8221; custom_margin=&#8221;5%||||false|false&#8221; custom_padding=&#8221;||2px|||&#8221; global_colors_info=&#8221;{}&#8221;]<\/p>\n<h2>A k\u00e1dparav\u00e1n karbantart\u00e1sa<\/h2>\n<p>A parav\u00e1n megfelel\u0151 r\u00f6gz\u00edt\u00e9se az els\u0151 \u00e9s legfontosabb l\u00e9p\u00e9s a hossz\u00fa t\u00e1v\u00fa haszn\u00e1lhat\u00f3s\u00e1g fel\u00e9, ha azonban \u00f6nnek az is fontos, hogy a kieg\u00e9sz\u00edt\u0151 tart\u00f3san meg\u0151rizze sz\u00e9ps\u00e9g\u00e9t \u00e9s funkcionalit\u00e1s\u00e1t, annak <strong>rendszeres tiszt\u00edt\u00e1sa sem maradhat el<\/strong>.<\/p>\n<p>A parav\u00e1nok rendszerint <strong>v\u00edzleperget\u0151 v\u00e9d\u0151bevonattal rendelkeznek<\/strong>, ami megg\u00e1tolja a v\u00edz \u00fcvegfel\u00fcletre val\u00f3 tapad\u00e1s\u00e1t. Az apr\u00f3 cseppek persze \u00edgy is megjelenhetnek, ezeket azonban egyszer\u0171en elt\u00e1vol\u00edthatja egy <strong>gumis ablaktiszt\u00edt\u00f3, esetleg egy puha t\u00f6rl\u0151kend\u0151<\/strong> seg\u00edts\u00e9g\u00e9vel. Ez a v\u00e9d\u0151fel\u00fclet id\u0151vel megkopik, ez\u00e9rt id\u0151nk\u00e9nt sz\u00fcks\u00e9g lehet annak meg\u00faj\u00edt\u00e1s\u00e1ra egy speci\u00e1lis v\u00e9d\u0151bevonat-felfriss\u00edt\u0151 k\u00e9sz\u00edtm\u00e9ny, az <span style=\"text-decoration: underline; color: #00ccff;\"><a style=\"color: #00ccff; text-decoration: underline;\" href=\"https:\/\/m-acryl.hu\/termekek\/glass-protector-vizlepergeto-vedoreteg-megujitoszer\" target=\"_blank\" rel=\"noopener\">EasyClean Glass Protector<\/a><\/span> seg\u00edts\u00e9g\u00e9vel.<br \/>\n[\/et_pb_text][et_pb_image src=&#8221;https:\/\/m-acryl.hu\/kad-kisokos\/wp-content\/uploads\/2025\/07\/glass-protector.jpg&#8221; alt=&#8221;Glass Protector v\u00edzleperget\u0151 v\u00e9d\u0151r\u00e9teg meg\u00faj\u00edt\u00f3szer&#8221; title_text=&#8221;glass-protector&#8221; url=&#8221;https:\/\/m-acryl.hu\/termekek\/glass-protector-vizlepergeto-vedoreteg-megujitoszer&#8221; url_new_window=&#8221;on&#8221; _builder_version=&#8221;4.27.4&#8243; _module_preset=&#8221;default&#8221; global_colors_info=&#8221;{}&#8221;][\/et_pb_image][et_pb_text _builder_version=&#8221;4.27.4&#8243; _module_preset=&#8221;default&#8221; text_font_size=&#8221;16px&#8221; ul_font_size=&#8221;16px&#8221; ul_line_height=&#8221;1.7em&#8221; ol_font_size=&#8221;16px&#8221; ol_line_height=&#8221;1.7em&#8221; custom_margin=&#8221;5%||||false|false&#8221; custom_padding=&#8221;||2px|||&#8221; global_colors_info=&#8221;{}&#8221;]A megfelel\u0151 r\u00f6gz\u00edt\u00e9s mellett a parav\u00e1n elmozdul\u00e1s\u00e1t\u00f3l nem kell tartani, id\u0151nk\u00e9nt azonban <strong>\u00e9rdemes ellen\u0151rizni a r\u00f6gz\u00edt\u00e9seket \u00e9s a szilikonoz\u00e1st<\/strong> reped\u00e9sek vagy a pen\u00e9szesed\u00e9s jelei ut\u00e1n kutatva.<br \/>\n[\/et_pb_text][et_pb_text _builder_version=&#8221;4.27.4&#8243; _module_preset=&#8221;default&#8221; text_font_size=&#8221;16px&#8221; ul_font_size=&#8221;16px&#8221; ul_line_height=&#8221;1.7em&#8221; ol_font_size=&#8221;16px&#8221; ol_line_height=&#8221;1.7em&#8221; custom_margin=&#8221;5%||||false|false&#8221; custom_padding=&#8221;||2px|||&#8221; global_colors_info=&#8221;{}&#8221;]<\/p>\n<h2>Az M-Acryl k\u00e1dparav\u00e1njai garant\u00e1lj\u00e1k a min\u0151s\u00e9get<\/h2>\n<p>A k\u00e1dparav\u00e1n egy rendk\u00edv\u00fcl praktikus, ugyanakkor igen eszt\u00e9tikus f\u00fcrd\u0151szobai kieg\u00e9sz\u00edt\u0151, mely lehet\u0151v\u00e9 teszi azt, hogy a f\u00fcrd\u0151k\u00e1d ak\u00e1r zuhanyz\u00f3k\u00e9nt is funkcion\u00e1ljon. <strong>N\u00e9mi el\u0151k\u00e9sz\u00fclet, odafigyel\u00e9s \u00e9s a megfelel\u0151 szersz\u00e1mok sz\u00fcks\u00e9gesek csak ahhoz, hogy a munka h\u00e1zilag is elv\u00e9gezhet\u0151 legyen<\/strong>, ha azonban \u00f6n is tart\u00f3s \u00e9s min\u0151s\u00e9gi v\u00e9geredm\u00e9nyt szeretne, v\u00e1lasszon megb\u00edzhat\u00f3 parav\u00e1nokat, melyek hossz\u00fa \u00e9veken kereszt\u00fcl k\u00e9pesek magasabb szintre emelni a f\u00fcrd\u0151z\u00e9s \u00e9lm\u00e9ny\u00e9t.<\/p>\n<p>Az M-Acryl k\u00edn\u00e1lat\u00e1ban el\u00e9rhet\u0151 <strong>fix, \u00f6sszecsukhat\u00f3 \u00e9s tol\u00f3ajt\u00f3s parav\u00e1nok k\u00fcl\u00f6nb\u00f6z\u0151 sz\u00ednekben, ergonomikus designfoganty\u00fakkal kaphat\u00f3k<\/strong>, az EasyClean v\u00e9d\u0151bevonat pedig gondoskodik arr\u00f3l, hogy a fel\u00fclet hossz\u00fa ideig gy\u00f6ny\u00f6r\u0171 maradjon. V\u00e1lassza a min\u0151s\u00e9get, \u00e9s tekintsen a parav\u00e1nra hossz\u00fa t\u00e1v\u00fa befektet\u00e9sk\u00e9nt \u2013 d\u00f6nt\u00e9s\u00e9t nem fogja megb\u00e1nni.<br \/>\n[\/et_pb_text][\/et_pb_column][\/et_pb_row][\/et_pb_section][et_pb_section fb_built=&#8221;1&#8243; fullwidth=&#8221;on&#8221; _builder_version=&#8221;4.27.2&#8243; _module_preset=&#8221;default&#8221; global_colors_info=&#8221;{}&#8221;][\/et_pb_section][et_pb_section fb_built=&#8221;1&#8243; _builder_version=&#8221;4.16&#8243; background_color=&#8221;#f0f0f0&#8243; custom_margin=&#8221;||0px|||&#8221; custom_padding=&#8221;9px||1px|||&#8221; top_divider_height=&#8221;25px&#8221; border_width_all=&#8221;23px&#8221; border_color_all=&#8221;#e2e2e2&#8243; locked=&#8221;off&#8221; collapsed=&#8221;on&#8221; global_colors_info=&#8221;{}&#8221;][et_pb_row _builder_version=&#8221;4.16&#8243; width=&#8221;70%&#8221; width_tablet=&#8221;&#8221; width_phone=&#8221;90%&#8221; width_last_edited=&#8221;on|phone&#8221; min_height=&#8221;636px&#8221; custom_margin=&#8221;40px|auto||auto||&#8221; global_colors_info=&#8221;{}&#8221;][et_pb_column type=&#8221;4_4&#8243; _builder_version=&#8221;4.16&#8243; global_colors_info=&#8221;{}&#8221;][et_pb_blurb use_icon=&#8221;on&#8221; font_icon=&#8221;&#xe010;||divi||400&#8243; icon_color=&#8221;#c5d300&#8243; image_icon_width=&#8221;108px&#8221; content_max_width=&#8221;687px&#8221; _builder_version=&#8221;4.16&#8243; header_level=&#8221;h2&#8243; body_text_color=&#8221;#424242&#8243; body_font_size=&#8221;17px&#8221; custom_margin=&#8221;|0px|0px|0px|false|false&#8221; custom_padding=&#8221;|0px||0px|false|false&#8221; icon_font_size=&#8221;108px&#8221; global_colors_info=&#8221;{}&#8221;][\/et_pb_blurb][et_pb_text _builder_version=&#8221;4.16&#8243; header_text_align=&#8221;center&#8221; custom_margin=&#8221;6px||6px||true|false&#8221; global_colors_info=&#8221;{}&#8221;]<\/p>\n<h2 style=\"text-align: center;\">Cikksorozatunk tov\u00e1bbi r\u00e9szei is v\u00e1rj\u00e1k \u00f6nt.<\/h2>\n<p>[\/et_pb_text][et_pb_text _builder_version=&#8221;4.16&#8243; text_text_color=&#8221;#FFFFFF&#8221; text_font_size=&#8221;17px&#8221; text_line_height=&#8221;1.6em&#8221; custom_padding=&#8221;||2px|||&#8221; global_colors_info=&#8221;{}&#8221;]<\/p>\n<p style=\"text-align: center;\"><span style=\"color: #333333;\">K\u00e9rje tov\u00e1bbi inspir\u00e1l\u00f3 \u00e9s szak\u00e9rt\u0151i cikkeinket a f\u00fcrd\u0151k\u00e1d t\u00e9m\u00e1ban. Adja meg e-mail c\u00edm\u00e9t, hogy tov\u00e1bbi hasznos tartalmakat k\u00fcldhess\u00fcnk \u00d6nnek.<br \/>\n<\/span><\/p>\n<p>[\/et_pb_text][et_pb_code _builder_version=&#8221;4.16&#8243; background_color=&#8221;rgba(0,0,0,0)&#8221; custom_padding=&#8221;||0px|||&#8221; animation_style=&#8221;fade&#8221; global_colors_info=&#8221;{}&#8221;]<\/p>\n<div id=\"mmform201115\" class=\"mmform\" style=\"position: relative; padding-bottom: 300px; height: 0; overflow: hidden; max-width: 100%;\"><\/div>\n<p><!-- [et_pb_line_break_holder] --><!-- [et_pb_line_break_holder] --><!-- [et_pb_line_break_holder] --><!-- [et_pb_line_break_holder] --><!-- [et_pb_line_break_holder] --><!-- [et_pb_line_break_holder] --><script type=\"text\/javascript\"><!-- [et_pb_line_break_holder] -->var uniqueId = 2011151587117327,listId = 104491,formId = 201115,iwidth=115,mmDomain='salesautopilot.s3.amazonaws.com',secondMMDomain='sw.marketingszoftverek.hu',spancont=false,secure=('https:' == document.location.protocol)?true:false;<!-- [et_pb_line_break_holder] --><\/script><!-- [et_pb_line_break_holder] --><script type=\"text\/javascript\" src=\"https:\/\/d1ursyhqs5x9h1.cloudfront.net\/sw\/scripts\/mm-embed-iframe-1.15.min.js\"><\/script>[\/et_pb_code][\/et_pb_column][\/et_pb_row][\/et_pb_section]<\/p>\n","protected":false},"excerpt":{"rendered":"<p>A v\u00edzk\u00e1rok elker\u00fcl\u00e9se \u00e9rdek\u00e9ben egy\u00e1ltal\u00e1n nem mindegy, hogy a f\u00fcrd\u0151k\u00e1d lefoly\u00f3 bek\u00f6t\u00e9se hogyan t\u00f6rt\u00e9nik \u2013 ismerje meg a folyamatot.<\/p>\n","protected":false},"author":7,"featured_media":7042,"comment_status":"closed","ping_status":"open","sticky":false,"template":"","format":"standard","meta":{"_et_pb_use_builder":"on","_et_pb_old_content":"","_et_gb_content_width":"","footnotes":""},"categories":[1,69],"tags":[180],"class_list":["post-7038","post","type-post","status-publish","format-standard","has-post-thumbnail","hentry","category-egyeb","category-kozlemeny","tag-kadparavan-felszereles","et-has-post-format-content","et_post_format-et-post-format-standard"],"yoast_head":"<!-- This site is optimized with the Yoast SEO plugin v26.6 - https:\/\/yoast.com\/wordpress\/plugins\/seo\/ -->\n<title>A k\u00e1dparav\u00e1n felszerel\u00e9se l\u00e9p\u00e9sr\u0151l l\u00e9p\u00e9sre \u2013 praktikus \u00fatmutat\u00f3 otthoni kivitelez\u00e9shez - K\u00e1d kisokos<\/title>\n<meta name=\"description\" content=\"Var\u00e1zsoljon k\u00e1dj\u00e1b\u00f3l zuhanyz\u00f3t n\u00e9h\u00e1ny perc alatt \u2013 a k\u00e1dparav\u00e1n felszerel\u00e9se egyszer\u0171bb, mint gondoln\u00e1.\" \/>\n<meta name=\"robots\" content=\"index, nofollow, max-snippet:-1, max-image-preview:large, max-video-preview:-1\" \/>\n<link rel=\"canonical\" href=\"https:\/\/m-acryl.hu\/kad-kisokos\/kadparavan-felszerelese\/\" \/>\n<meta property=\"og:locale\" content=\"hu_HU\" \/>\n<meta property=\"og:type\" content=\"article\" \/>\n<meta property=\"og:title\" content=\"A k\u00e1dparav\u00e1n felszerel\u00e9se l\u00e9p\u00e9sr\u0151l l\u00e9p\u00e9sre \u2013 praktikus \u00fatmutat\u00f3 otthoni kivitelez\u00e9shez - K\u00e1d kisokos\" \/>\n<meta property=\"og:description\" content=\"Var\u00e1zsoljon k\u00e1dj\u00e1b\u00f3l zuhanyz\u00f3t n\u00e9h\u00e1ny perc alatt \u2013 a k\u00e1dparav\u00e1n felszerel\u00e9se egyszer\u0171bb, mint gondoln\u00e1.\" \/>\n<meta property=\"og:url\" content=\"https:\/\/m-acryl.hu\/kad-kisokos\/kadparavan-felszerelese\/\" \/>\n<meta property=\"og:site_name\" content=\"K\u00e1d kisokos\" \/>\n<meta property=\"article:published_time\" content=\"2025-07-31T07:46:39+00:00\" \/>\n<meta property=\"article:modified_time\" content=\"2026-03-19T14:19:13+00:00\" \/>\n<meta property=\"og:image\" content=\"https:\/\/m-acryl.hu\/kad-kisokos\/wp-content\/uploads\/2025\/07\/kadparavan.felszerelese.jpg\" \/>\n\t<meta property=\"og:image:width\" content=\"940\" \/>\n\t<meta property=\"og:image:height\" content=\"788\" \/>\n\t<meta property=\"og:image:type\" content=\"image\/jpeg\" \/>\n<meta name=\"author\" content=\"Sipos Saci\" \/>\n<meta name=\"twitter:card\" content=\"summary_large_image\" \/>\n<meta name=\"twitter:title\" content=\"K\u00e1d kisokos\" \/>\n<meta name=\"twitter:label1\" content=\"Szerz\u0151:\" \/>\n\t<meta name=\"twitter:data1\" content=\"Sipos Saci\" \/>\n\t<meta name=\"twitter:label2\" content=\"Becs\u00fclt olvas\u00e1si id\u0151\" \/>\n\t<meta name=\"twitter:data2\" content=\"9 perc\" \/>\n<script type=\"application\/ld+json\" class=\"yoast-schema-graph\">{\"@context\":\"https:\/\/schema.org\",\"@graph\":[{\"@type\":\"WebPage\",\"@id\":\"https:\/\/m-acryl.hu\/kad-kisokos\/kadparavan-felszerelese\/\",\"url\":\"https:\/\/m-acryl.hu\/kad-kisokos\/kadparavan-felszerelese\/\",\"name\":\"A k\u00e1dparav\u00e1n felszerel\u00e9se l\u00e9p\u00e9sr\u0151l l\u00e9p\u00e9sre \u2013 praktikus \u00fatmutat\u00f3 otthoni kivitelez\u00e9shez - K\u00e1d kisokos\",\"isPartOf\":{\"@id\":\"https:\/\/m-acryl.hu\/kad-kisokos\/#website\"},\"primaryImageOfPage\":{\"@id\":\"https:\/\/m-acryl.hu\/kad-kisokos\/kadparavan-felszerelese\/#primaryimage\"},\"image\":{\"@id\":\"https:\/\/m-acryl.hu\/kad-kisokos\/kadparavan-felszerelese\/#primaryimage\"},\"thumbnailUrl\":\"https:\/\/m-acryl.hu\/kad-kisokos\/wp-content\/uploads\/2025\/07\/kadparavan.felszerelese.jpg\",\"datePublished\":\"2025-07-31T07:46:39+00:00\",\"dateModified\":\"2026-03-19T14:19:13+00:00\",\"author\":{\"@id\":\"https:\/\/m-acryl.hu\/kad-kisokos\/#\/schema\/person\/96303ce25b92eb52b68fdc7700430418\"},\"description\":\"Var\u00e1zsoljon k\u00e1dj\u00e1b\u00f3l zuhanyz\u00f3t n\u00e9h\u00e1ny perc alatt \u2013 a k\u00e1dparav\u00e1n felszerel\u00e9se egyszer\u0171bb, mint gondoln\u00e1.\",\"breadcrumb\":{\"@id\":\"https:\/\/m-acryl.hu\/kad-kisokos\/kadparavan-felszerelese\/#breadcrumb\"},\"inLanguage\":\"hu\",\"potentialAction\":[{\"@type\":\"ReadAction\",\"target\":[\"https:\/\/m-acryl.hu\/kad-kisokos\/kadparavan-felszerelese\/\"]}]},{\"@type\":\"ImageObject\",\"inLanguage\":\"hu\",\"@id\":\"https:\/\/m-acryl.hu\/kad-kisokos\/kadparavan-felszerelese\/#primaryimage\",\"url\":\"https:\/\/m-acryl.hu\/kad-kisokos\/wp-content\/uploads\/2025\/07\/kadparavan.felszerelese.jpg\",\"contentUrl\":\"https:\/\/m-acryl.hu\/kad-kisokos\/wp-content\/uploads\/2025\/07\/kadparavan.felszerelese.jpg\",\"width\":940,\"height\":788,\"caption\":\"k\u00e1dparav\u00e1n felszerel\u00e9se\"},{\"@type\":\"BreadcrumbList\",\"@id\":\"https:\/\/m-acryl.hu\/kad-kisokos\/kadparavan-felszerelese\/#breadcrumb\",\"itemListElement\":[{\"@type\":\"ListItem\",\"position\":1,\"name\":\"Home\",\"item\":\"https:\/\/m-acryl.hu\/kad-kisokos\/\"},{\"@type\":\"ListItem\",\"position\":2,\"name\":\"A k\u00e1dparav\u00e1n felszerel\u00e9se l\u00e9p\u00e9sr\u0151l l\u00e9p\u00e9sre \u2013 praktikus \u00fatmutat\u00f3 otthoni kivitelez\u00e9shez\"}]},{\"@type\":\"WebSite\",\"@id\":\"https:\/\/m-acryl.hu\/kad-kisokos\/#website\",\"url\":\"https:\/\/m-acryl.hu\/kad-kisokos\/\",\"name\":\"K\u00e1d kisokos\",\"description\":\"Az M-Acryl f\u00fcrd\u0151k\u00e1dakr\u00f3l k\u00f6z\u00e9rthet\u0151en\",\"potentialAction\":[{\"@type\":\"SearchAction\",\"target\":{\"@type\":\"EntryPoint\",\"urlTemplate\":\"https:\/\/m-acryl.hu\/kad-kisokos\/?s={search_term_string}\"},\"query-input\":{\"@type\":\"PropertyValueSpecification\",\"valueRequired\":true,\"valueName\":\"search_term_string\"}}],\"inLanguage\":\"hu\"},{\"@type\":\"Person\",\"@id\":\"https:\/\/m-acryl.hu\/kad-kisokos\/#\/schema\/person\/96303ce25b92eb52b68fdc7700430418\",\"name\":\"Sipos Saci\",\"image\":{\"@type\":\"ImageObject\",\"inLanguage\":\"hu\",\"@id\":\"https:\/\/m-acryl.hu\/kad-kisokos\/#\/schema\/person\/image\/\",\"url\":\"https:\/\/secure.gravatar.com\/avatar\/b3f6b226c90bc6c0e98060b62ba84046e34acf96d1a42ca247d8e29ba12bf5ef?s=96&d=mm&r=g\",\"contentUrl\":\"https:\/\/secure.gravatar.com\/avatar\/b3f6b226c90bc6c0e98060b62ba84046e34acf96d1a42ca247d8e29ba12bf5ef?s=96&d=mm&r=g\",\"caption\":\"Sipos Saci\"},\"url\":\"https:\/\/m-acryl.hu\/kad-kisokos\/author\/ssaci\/\"}]}<\/script>\n<!-- \/ Yoast SEO plugin. -->","yoast_head_json":{"title":"A k\u00e1dparav\u00e1n felszerel\u00e9se l\u00e9p\u00e9sr\u0151l l\u00e9p\u00e9sre \u2013 praktikus \u00fatmutat\u00f3 otthoni kivitelez\u00e9shez - K\u00e1d kisokos","description":"Var\u00e1zsoljon k\u00e1dj\u00e1b\u00f3l zuhanyz\u00f3t n\u00e9h\u00e1ny perc alatt \u2013 a k\u00e1dparav\u00e1n felszerel\u00e9se egyszer\u0171bb, mint gondoln\u00e1.","robots":{"index":"index","follow":"nofollow","max-snippet":"max-snippet:-1","max-image-preview":"max-image-preview:large","max-video-preview":"max-video-preview:-1"},"canonical":"https:\/\/m-acryl.hu\/kad-kisokos\/kadparavan-felszerelese\/","og_locale":"hu_HU","og_type":"article","og_title":"A k\u00e1dparav\u00e1n felszerel\u00e9se l\u00e9p\u00e9sr\u0151l l\u00e9p\u00e9sre \u2013 praktikus \u00fatmutat\u00f3 otthoni kivitelez\u00e9shez - K\u00e1d kisokos","og_description":"Var\u00e1zsoljon k\u00e1dj\u00e1b\u00f3l zuhanyz\u00f3t n\u00e9h\u00e1ny perc alatt \u2013 a k\u00e1dparav\u00e1n felszerel\u00e9se egyszer\u0171bb, mint gondoln\u00e1.","og_url":"https:\/\/m-acryl.hu\/kad-kisokos\/kadparavan-felszerelese\/","og_site_name":"K\u00e1d kisokos","article_published_time":"2025-07-31T07:46:39+00:00","article_modified_time":"2026-03-19T14:19:13+00:00","og_image":[{"width":940,"height":788,"url":"https:\/\/m-acryl.hu\/kad-kisokos\/wp-content\/uploads\/2025\/07\/kadparavan.felszerelese.jpg","type":"image\/jpeg"}],"author":"Sipos Saci","twitter_card":"summary_large_image","twitter_title":"K\u00e1d kisokos","twitter_misc":{"Szerz\u0151:":"Sipos Saci","Becs\u00fclt olvas\u00e1si id\u0151":"9 perc"},"schema":{"@context":"https:\/\/schema.org","@graph":[{"@type":"WebPage","@id":"https:\/\/m-acryl.hu\/kad-kisokos\/kadparavan-felszerelese\/","url":"https:\/\/m-acryl.hu\/kad-kisokos\/kadparavan-felszerelese\/","name":"A k\u00e1dparav\u00e1n felszerel\u00e9se l\u00e9p\u00e9sr\u0151l l\u00e9p\u00e9sre \u2013 praktikus \u00fatmutat\u00f3 otthoni kivitelez\u00e9shez - K\u00e1d kisokos","isPartOf":{"@id":"https:\/\/m-acryl.hu\/kad-kisokos\/#website"},"primaryImageOfPage":{"@id":"https:\/\/m-acryl.hu\/kad-kisokos\/kadparavan-felszerelese\/#primaryimage"},"image":{"@id":"https:\/\/m-acryl.hu\/kad-kisokos\/kadparavan-felszerelese\/#primaryimage"},"thumbnailUrl":"https:\/\/m-acryl.hu\/kad-kisokos\/wp-content\/uploads\/2025\/07\/kadparavan.felszerelese.jpg","datePublished":"2025-07-31T07:46:39+00:00","dateModified":"2026-03-19T14:19:13+00:00","author":{"@id":"https:\/\/m-acryl.hu\/kad-kisokos\/#\/schema\/person\/96303ce25b92eb52b68fdc7700430418"},"description":"Var\u00e1zsoljon k\u00e1dj\u00e1b\u00f3l zuhanyz\u00f3t n\u00e9h\u00e1ny perc alatt \u2013 a k\u00e1dparav\u00e1n felszerel\u00e9se egyszer\u0171bb, mint gondoln\u00e1.","breadcrumb":{"@id":"https:\/\/m-acryl.hu\/kad-kisokos\/kadparavan-felszerelese\/#breadcrumb"},"inLanguage":"hu","potentialAction":[{"@type":"ReadAction","target":["https:\/\/m-acryl.hu\/kad-kisokos\/kadparavan-felszerelese\/"]}]},{"@type":"ImageObject","inLanguage":"hu","@id":"https:\/\/m-acryl.hu\/kad-kisokos\/kadparavan-felszerelese\/#primaryimage","url":"https:\/\/m-acryl.hu\/kad-kisokos\/wp-content\/uploads\/2025\/07\/kadparavan.felszerelese.jpg","contentUrl":"https:\/\/m-acryl.hu\/kad-kisokos\/wp-content\/uploads\/2025\/07\/kadparavan.felszerelese.jpg","width":940,"height":788,"caption":"k\u00e1dparav\u00e1n felszerel\u00e9se"},{"@type":"BreadcrumbList","@id":"https:\/\/m-acryl.hu\/kad-kisokos\/kadparavan-felszerelese\/#breadcrumb","itemListElement":[{"@type":"ListItem","position":1,"name":"Home","item":"https:\/\/m-acryl.hu\/kad-kisokos\/"},{"@type":"ListItem","position":2,"name":"A k\u00e1dparav\u00e1n felszerel\u00e9se l\u00e9p\u00e9sr\u0151l l\u00e9p\u00e9sre \u2013 praktikus \u00fatmutat\u00f3 otthoni kivitelez\u00e9shez"}]},{"@type":"WebSite","@id":"https:\/\/m-acryl.hu\/kad-kisokos\/#website","url":"https:\/\/m-acryl.hu\/kad-kisokos\/","name":"K\u00e1d kisokos","description":"Az M-Acryl f\u00fcrd\u0151k\u00e1dakr\u00f3l k\u00f6z\u00e9rthet\u0151en","potentialAction":[{"@type":"SearchAction","target":{"@type":"EntryPoint","urlTemplate":"https:\/\/m-acryl.hu\/kad-kisokos\/?s={search_term_string}"},"query-input":{"@type":"PropertyValueSpecification","valueRequired":true,"valueName":"search_term_string"}}],"inLanguage":"hu"},{"@type":"Person","@id":"https:\/\/m-acryl.hu\/kad-kisokos\/#\/schema\/person\/96303ce25b92eb52b68fdc7700430418","name":"Sipos Saci","image":{"@type":"ImageObject","inLanguage":"hu","@id":"https:\/\/m-acryl.hu\/kad-kisokos\/#\/schema\/person\/image\/","url":"https:\/\/secure.gravatar.com\/avatar\/b3f6b226c90bc6c0e98060b62ba84046e34acf96d1a42ca247d8e29ba12bf5ef?s=96&d=mm&r=g","contentUrl":"https:\/\/secure.gravatar.com\/avatar\/b3f6b226c90bc6c0e98060b62ba84046e34acf96d1a42ca247d8e29ba12bf5ef?s=96&d=mm&r=g","caption":"Sipos Saci"},"url":"https:\/\/m-acryl.hu\/kad-kisokos\/author\/ssaci\/"}]}},"_links":{"self":[{"href":"https:\/\/m-acryl.hu\/kad-kisokos\/wp-json\/wp\/v2\/posts\/7038","targetHints":{"allow":["GET"]}}],"collection":[{"href":"https:\/\/m-acryl.hu\/kad-kisokos\/wp-json\/wp\/v2\/posts"}],"about":[{"href":"https:\/\/m-acryl.hu\/kad-kisokos\/wp-json\/wp\/v2\/types\/post"}],"author":[{"embeddable":true,"href":"https:\/\/m-acryl.hu\/kad-kisokos\/wp-json\/wp\/v2\/users\/7"}],"replies":[{"embeddable":true,"href":"https:\/\/m-acryl.hu\/kad-kisokos\/wp-json\/wp\/v2\/comments?post=7038"}],"version-history":[{"count":17,"href":"https:\/\/m-acryl.hu\/kad-kisokos\/wp-json\/wp\/v2\/posts\/7038\/revisions"}],"predecessor-version":[{"id":7439,"href":"https:\/\/m-acryl.hu\/kad-kisokos\/wp-json\/wp\/v2\/posts\/7038\/revisions\/7439"}],"wp:featuredmedia":[{"embeddable":true,"href":"https:\/\/m-acryl.hu\/kad-kisokos\/wp-json\/wp\/v2\/media\/7042"}],"wp:attachment":[{"href":"https:\/\/m-acryl.hu\/kad-kisokos\/wp-json\/wp\/v2\/media?parent=7038"}],"wp:term":[{"taxonomy":"category","embeddable":true,"href":"https:\/\/m-acryl.hu\/kad-kisokos\/wp-json\/wp\/v2\/categories?post=7038"},{"taxonomy":"post_tag","embeddable":true,"href":"https:\/\/m-acryl.hu\/kad-kisokos\/wp-json\/wp\/v2\/tags?post=7038"}],"curies":[{"name":"wp","href":"https:\/\/api.w.org\/{rel}","templated":true}]}}