{"id":7009,"date":"2025-07-30T09:30:23","date_gmt":"2025-07-30T09:30:23","guid":{"rendered":"https:\/\/m-acryl.hu\/kad-kisokos\/?p=7009"},"modified":"2025-07-30T12:07:51","modified_gmt":"2025-07-30T12:07:51","slug":"furdokad-lefolyo-bekotes","status":"publish","type":"post","link":"https:\/\/m-acryl.hu\/kad-kisokos\/furdokad-lefolyo-bekotes\/","title":{"rendered":"F\u00fcrd\u0151k\u00e1d lefoly\u00f3 bek\u00f6t\u00e9s \u2013 minden, amit a szakszer\u0171 szerel\u00e9sr\u0151l tudni \u00e9rdemes"},"content":{"rendered":"<p>[et_pb_section fb_built=&#8221;1&#8243; disabled_on=&#8221;off|off|off&#8221; _builder_version=&#8221;4.21.0&#8243; _module_preset=&#8221;default&#8221; global_colors_info=&#8221;{}&#8221;][et_pb_row _builder_version=&#8221;4.21.0&#8243; _module_preset=&#8221;default&#8221; width=&#8221;80%&#8221; min_height=&#8221;46.1px&#8221; custom_margin_tablet=&#8221;&#8221; custom_margin_phone=&#8221;0px||||false|false&#8221; custom_margin_last_edited=&#8221;on|phone&#8221; custom_padding=&#8221;0px||0.1%||false|false&#8221; global_colors_info=&#8221;{}&#8221;][et_pb_column type=&#8221;4_4&#8243; _builder_version=&#8221;4.16&#8243; _module_preset=&#8221;default&#8221; global_colors_info=&#8221;{}&#8221;][et_pb_text _builder_version=&#8221;4.27.4&#8243; _module_preset=&#8221;default&#8221; text_font_size=&#8221;16px&#8221; ul_font_size=&#8221;16px&#8221; ul_line_height=&#8221;1.7em&#8221; ol_font_size=&#8221;16px&#8221; ol_line_height=&#8221;1.7em&#8221; custom_padding=&#8221;||2px|||&#8221; global_colors_info=&#8221;{}&#8221;]<\/p>\n<p><strong>Ha a f\u00fcrd\u0151k\u00e1db\u00f3l kih\u00fazzuk a dug\u00f3t, a v\u00edz lefolyik \u2013 ez egy teljesen term\u00e9szetes folyamat mindenki sz\u00e1m\u00e1ra. De belegondolt m\u00e1r abba, hogy hogyan lehets\u00e9ges ez, \u00e9s hogy mekkora jelent\u0151s\u00e9ge van a lefoly\u00f3 szakszer\u0171 \u00e9s prec\u00edz bek\u00f6t\u00e9s\u00e9nek? Hogy milyen vesz\u00e9lyekkel kell szemben\u00e9znie akkor, ha erre nem ker\u00fcl sor? Az al\u00e1bbiakban l\u00e9p\u00e9sr\u0151l l\u00e9p\u00e9sre bemutatjuk, hogyan t\u00f6rt\u00e9nik a k\u00e1dlefoly\u00f3 megfelel\u0151 bek\u00f6t\u00e9se, de azt is, hogy mire kell odafigyelnie annak \u00e9rdek\u00e9ben, hogy a rendszer hossz\u00fa t\u00e1von is megb\u00edzhat\u00f3an m\u0171k\u00f6dj\u00f6n.<\/strong><\/p>\n<p>[\/et_pb_text][et_pb_text _builder_version=&#8221;4.27.4&#8243; _module_preset=&#8221;default&#8221; text_font_size=&#8221;16px&#8221; ul_font_size=&#8221;16px&#8221; ul_line_height=&#8221;1.7em&#8221; ol_font_size=&#8221;16px&#8221; ol_line_height=&#8221;1.7em&#8221; custom_margin=&#8221;5%||||false|false&#8221; custom_padding=&#8221;||2px|||&#8221; global_colors_info=&#8221;{}&#8221;]<\/p>\n<h2>Mi\u00e9rt fontos a f\u00fcrd\u0151k\u00e1d szakszer\u0171 beszerel\u00e9se?<\/h2>\n<p>A f\u00fcrd\u0151k\u00e1d nemcsak egy eszt\u00e9tikai \u00e9s k\u00e9nyelmi elem a f\u00fcrd\u0151szob\u00e1ban; egy rosszul beszerelt k\u00e1d vagy nem megfelel\u0151en bek\u00f6t\u00f6tt lefoly\u00f3 hossz\u00fa t\u00e1von komoly probl\u00e9m\u00e1kat okozhat.<\/p>\n<p>[\/et_pb_text][et_pb_image src=&#8221;https:\/\/m-acryl.hu\/kad-kisokos\/wp-content\/uploads\/2025\/07\/furdokad.lefolyo.bekotes.jpg&#8221; alt=&#8221;f\u00fcrd\u0151k\u00e1d lefoly\u00f3 bek\u00f6t\u00e9s&#8221; title_text=&#8221;furdokad.lefolyo.bekotes&#8221; _builder_version=&#8221;4.27.4&#8243; _module_preset=&#8221;default&#8221; global_colors_info=&#8221;{}&#8221;][\/et_pb_image][et_pb_text _builder_version=&#8221;4.27.4&#8243; _module_preset=&#8221;default&#8221; text_font_size=&#8221;16px&#8221; ul_font_size=&#8221;16px&#8221; ul_line_height=&#8221;1.7em&#8221; ol_font_size=&#8221;16px&#8221; ol_line_height=&#8221;1.7em&#8221; custom_margin=&#8221;5%||||false|false&#8221; custom_padding=&#8221;||2%||false|false&#8221; global_colors_info=&#8221;{}&#8221;]<\/p>\n<h3>A k\u00e1d kiv\u00e1laszt\u00e1sa<\/h3>\n<p>A munka nulladik l\u00e9p\u00e9se az \u00f6n ig\u00e9nyeinek megfelel\u0151 <span style=\"text-decoration: underline; color: #00ccff;\"><a href=\"https:\/\/m-acryl.hu\/kad-kisokos\/milyen-kadat-vegyek\/\" target=\"_blank\" rel=\"noopener\" style=\"color: #00ccff; text-decoration: underline;\">f\u00fcrd\u0151k\u00e1d kiv\u00e1laszt\u00e1sa<\/a><\/span>, melynek sor\u00e1n d\u00f6ntenie kell az anyag, a kialak\u00edt\u00e1s \u00e9s persze a m\u00e9ret k\u00e9rd\u00e9s\u00e9ben is. A legn\u00e9pszer\u0171bb anyagok manaps\u00e1g az <span style=\"text-decoration: underline; color: #00ccff;\"><a href=\"https:\/\/m-acryl.hu\/akril-kad\" target=\"_blank\" rel=\"noopener\" style=\"color: #00ccff; text-decoration: underline;\">akril<\/a><\/span> \u00e9s a <span style=\"text-decoration: underline; color: #00ccff;\"><a href=\"https:\/\/m-acryl.hu\/prestige\/mumarvany-kad\/\" target=\"_blank\" rel=\"noopener\" style=\"color: #00ccff; text-decoration: underline;\">m\u0171m\u00e1rv\u00e1ny<\/a><\/span>; mindkett\u0151 rendk\u00edv\u00fcl eszt\u00e9tikus \u00e9s tart\u00f3s megold\u00e1s, \u00edgy mindenki megtal\u00e1lhatja az \u00edzl\u00e9s\u00e9nek megfelel\u0151 darabot.<\/p>\n<p>A t\u00edpusok k\u00f6z\u00f6tt m\u00e1r nem ilyen egyszer\u0171 a v\u00e1laszt\u00e1s, &#8211; ehhez r\u00e1ad\u00e1sul a f\u00fcrd\u0151szoba adotts\u00e1gait is figyelembe kell venni. A hagyom\u00e1nyos, fal mellett \u00e1ll\u00f3 <span style=\"text-decoration: underline; color: #00ccff;\"><a href=\"https:\/\/m-acryl.hu\/egyenes-kad\" target=\"_blank\" rel=\"noopener\" style=\"color: #00ccff; text-decoration: underline;\">egyenes k\u00e1d<\/a><\/span> szinte b\u00e1rmilyen m\u00e9ret\u0171 helyis\u00e9gbe be\u00e9p\u00edthet\u0151, de a legt\u00f6bb f\u00fcrd\u0151be \u2013 alapter\u00fclett\u0151l f\u00fcggetlen\u00fcl \u2013 rendszerint egy kisebb <span style=\"text-decoration: underline; color: #00ccff;\"><a href=\"https:\/\/m-acryl.hu\/sarokkad\" target=\"_blank\" rel=\"noopener\" style=\"color: #00ccff; text-decoration: underline;\">sarokk\u00e1d<\/a><\/span> is b\u00e1tran elhelyezhet\u0151. Az egyre n\u00e9pszer\u0171bb\u00e9 v\u00e1l\u00f3 <span style=\"text-decoration: underline; color: #00ccff;\"><a href=\"https:\/\/m-acryl.hu\/szabadon-allo-kad\" target=\"_blank\" rel=\"noopener\" style=\"color: #00ccff; text-decoration: underline;\">szabadon \u00e1ll\u00f3 k\u00e1d<\/a><\/span> els\u0151sorban a t\u00e1gas f\u00fcrd\u0151szob\u00e1kban mutat j\u00f3l, itt azonban a helyis\u00e9g k\u00f6zponti elem\u00e9v\u00e9, egyfajta dekor\u00e1ci\u00f3j\u00e1v\u00e1 is v\u00e1lhat, \u00edgy aki szeretn\u00e9 egyediv\u00e9 \u00e9s k\u00fcl\u00f6nlegess\u00e9 var\u00e1zsolni az otthon\u00e1t, az a t\u00e9rben \u00e1ll\u00f3 k\u00e1ddal biztosan el\u00e9gedett lesz.<\/p>\n<p>[\/et_pb_text][et_pb_image src=&#8221;https:\/\/m-acryl.hu\/kad-kisokos\/wp-content\/uploads\/2024\/12\/Sabina-Pro-Slim-egyenes-akril-kad.jpg&#8221; alt=&#8221;Sabina Pro Slim egyenes akril k\u00e1d&#8221; title_text=&#8221;Sabina-Pro-Slim-egyenes-akril-kad&#8221; url=&#8221;https:\/\/m-acryl.hu\/termekek\/egyenes-kad\/sabina-pro-slim-egyenes-akril-kad&#8221; url_new_window=&#8221;on&#8221; admin_label=&#8221;Sabina Pro Slim egyenes akril k\u00e1d&#8221; _builder_version=&#8221;4.27.4&#8243; _module_preset=&#8221;default&#8221; custom_margin=&#8221;||-3px|||&#8221; custom_padding=&#8221;||0px||false|false&#8221; global_colors_info=&#8221;{}&#8221;][\/et_pb_image][et_pb_text _builder_version=&#8221;4.27.4&#8243; _module_preset=&#8221;default&#8221; text_font_size=&#8221;16px&#8221; ul_font_size=&#8221;16px&#8221; ul_line_height=&#8221;1.7em&#8221; ol_font_size=&#8221;16px&#8221; ol_line_height=&#8221;1.7em&#8221; custom_margin=&#8221;1%||||false|false&#8221; custom_padding=&#8221;||||false|false&#8221; link_option_url=&#8221;https:\/\/m-acryl.hu\/termekek\/egyenes-kad\/sabina-pro-slim-egyenes-akril-kad&#8221; link_option_url_new_window=&#8221;on&#8221; global_colors_info=&#8221;{}&#8221;]<\/p>\n<p class=\"detials-title\" style=\"text-align: center;\"><em><span style=\"text-decoration: underline;\">Sabina Pro Slim egyenes akril k\u00e1d<\/span><\/em><\/p>\n<p>[\/et_pb_text][et_pb_image src=&#8221;https:\/\/m-acryl.hu\/kad-kisokos\/wp-content\/uploads\/2025\/04\/m-acryl-prestige-paradise-acryl-szabadon-allo-kad-feher-01.webp&#8221; alt=&#8221;M-Acryl Prestige Paradise szabadon \u00e1ll\u00f3 k\u00e1d&#8221; title_text=&#8221;m-acryl-prestige-paradise-acryl-szabadon-allo-kad-feher-01&#8243; url=&#8221;https:\/\/m-acryl.hu\/termekek\/szabadon-allo-kad\/paradise-szabadon-allo-akril-kad&#8221; url_new_window=&#8221;on&#8221; _builder_version=&#8221;4.27.4&#8243; _module_preset=&#8221;default&#8221; custom_margin=&#8221;||-3px|||&#8221; global_colors_info=&#8221;{}&#8221;][\/et_pb_image][et_pb_text _builder_version=&#8221;4.27.4&#8243; _module_preset=&#8221;default&#8221; text_font_size=&#8221;16px&#8221; ul_font_size=&#8221;16px&#8221; ul_line_height=&#8221;1.7em&#8221; ol_font_size=&#8221;16px&#8221; ol_line_height=&#8221;1.7em&#8221; custom_margin=&#8221;1%||||false|false&#8221; custom_padding=&#8221;||||false|false&#8221; link_option_url=&#8221;https:\/\/m-acryl.hu\/termekek\/szabadon-allo-kad\/paradise-szabadon-allo-akril-kad&#8221; link_option_url_new_window=&#8221;on&#8221; global_colors_info=&#8221;{}&#8221;]<\/p>\n<p class=\"detials-title\" style=\"text-align: center;\"><em><span style=\"text-decoration: underline;\">Paradise szabadon \u00e1ll\u00f3 akril k\u00e1d<\/span><\/em><\/p>\n<p>[\/et_pb_text][et_pb_text _builder_version=&#8221;4.27.4&#8243; _module_preset=&#8221;default&#8221; text_font_size=&#8221;16px&#8221; ul_font_size=&#8221;16px&#8221; ul_line_height=&#8221;1.7em&#8221; ol_font_size=&#8221;16px&#8221; ol_line_height=&#8221;1.7em&#8221; custom_margin=&#8221;5%||||false|false&#8221; custom_padding=&#8221;||2%||false|false&#8221; global_colors_info=&#8221;{}&#8221;]<\/p>\n<h3>A k\u00e1d be\u00e9p\u00edt\u00e9s<\/h3>\n<p>A k\u00e1d r\u00f6gz\u00edt\u00e9s\u00e9hez sz\u00fcks\u00e9g van n\u00e9mi el\u0151k\u00e9sz\u00fcletre \u00e9s tervez\u00e9sre, hiszen <strong>biztos\u00edtani kell mind a megfelel\u0151 v\u00edzszigetel\u00e9st, mind a tart\u00f3ss\u00e1got<\/strong> \u2013 ez ut\u00f3bbihoz szakszer\u0171 al\u00e1t\u00e1maszt\u00e1sra \u00e9s r\u00f6gz\u00edt\u00e9sre is sz\u00fcks\u00e9g lesz.<\/p>\n<p>A k\u00f6vetkez\u0151 l\u00e9p\u00e9s a v\u00edzvezet\u00e9k \u00e9s a lefoly\u00f3 csatlakoztat\u00e1sa, majd a szigetel\u00e9s \u2013 \u00edgy akad\u00e1lyozhat\u00f3 meg az, hogy a v\u00edz a falakba jusson, \u00e9s kezdetben l\u00e1thatatlan, m\u00e9gis komoly k\u00e1rokat okozzon. Az utols\u00f3 feladat a burkolat felhelyez\u00e9se, majd a fug\u00e1z\u00e1s \u00e9s a szigetel\u00e9s, ami az eszt\u00e9tikum mellett a v\u00edz\u00e1ll\u00f3s\u00e1got, t\u00f6m\u00edt\u00e9st is seg\u00edti.<\/p>\n<p>[\/et_pb_text][et_pb_image src=&#8221;https:\/\/m-acryl.hu\/kad-kisokos\/wp-content\/uploads\/2025\/07\/furdokad.lefolyo.bekotes-1.jpg&#8221; alt=&#8221;F\u00fcrd\u0151k\u00e1d lefoly\u00f3 bek\u00f6t\u00e9s&#8221; title_text=&#8221;furdokad.lefolyo.bekotes (1)&#8221; url_new_window=&#8221;on&#8221; _builder_version=&#8221;4.27.4&#8243; _module_preset=&#8221;default&#8221; global_colors_info=&#8221;{}&#8221;][\/et_pb_image][et_pb_text _builder_version=&#8221;4.27.4&#8243; _module_preset=&#8221;default&#8221; text_font_size=&#8221;16px&#8221; ul_font_size=&#8221;16px&#8221; ul_line_height=&#8221;1.7em&#8221; ol_font_size=&#8221;16px&#8221; ol_line_height=&#8221;1.7em&#8221; custom_margin=&#8221;5%||||false|false&#8221; custom_padding=&#8221;||2%||false|false&#8221; global_colors_info=&#8221;{}&#8221;]<\/p>\n<h2>A k\u00e1dlefoly\u00f3 szerepe<\/h2>\n<p>A f\u00fcrd\u0151k\u00e1d lefoly\u00f3 biztos\u00edtja, hogy <strong>a v\u00edz a haszn\u00e1lat ut\u00e1n gyorsan \u00e9s biztons\u00e1gosan t\u00e1vozhasson a k\u00e1db\u00f3l<\/strong>. Ez a garnit\u00fara k\u00e9t f\u0151 r\u00e9szb\u0151l \u00e1ll: a lefoly\u00f3b\u00f3l \u00e9s a t\u00falfoly\u00f3b\u00f3l. A lefoly\u00f3 k\u00f6zvetlen\u00fcl a k\u00e1d alj\u00e1n helyezkedik el, a t\u00falfoly\u00f3 pedig a k\u00e1d oldal\u00e1n, hogy megakad\u00e1lyozza azt, hogy t\u00falcsordul\u00e1s eset\u00e9n a v\u00edz a padl\u00f3ra jusson. <strong>Mindkett\u0151 egyenesen a v\u00edzelvezet\u0151 rendszerbe vezeti a vizet<\/strong> \u2013 felt\u00e9ve persze, hogy a be\u00e9p\u00edt\u00e9s megfelel\u0151en t\u00f6rt\u00e9nik.<\/p>\n<p>[\/et_pb_text][et_pb_image src=&#8221;https:\/\/m-acryl.hu\/kad-kisokos\/wp-content\/uploads\/2025\/07\/190-4150.jpg&#8221; alt=&#8221;Pro Click-Clack le- \u00e9s t\u00falfoly\u00f3&#8221; title_text=&#8221;190-4150&#8243; url=&#8221;https:\/\/m-acryl.hu\/termekek\/pro-click-clack-le&#8211;es-tulfolyo&#8221; url_new_window=&#8221;on&#8221; _builder_version=&#8221;4.27.4&#8243; _module_preset=&#8221;default&#8221; custom_margin=&#8221;||-3px|||&#8221; global_colors_info=&#8221;{}&#8221;][\/et_pb_image][et_pb_text _builder_version=&#8221;4.27.4&#8243; _module_preset=&#8221;default&#8221; text_font_size=&#8221;16px&#8221; ul_font_size=&#8221;16px&#8221; ul_line_height=&#8221;1.7em&#8221; ol_font_size=&#8221;16px&#8221; ol_line_height=&#8221;1.7em&#8221; custom_margin=&#8221;2%||||false|false&#8221; custom_padding=&#8221;||||false|false&#8221; link_option_url=&#8221;https:\/\/m-acryl.hu\/termekek\/pro-click-clack-le&#8211;es-tulfolyo&#8221; link_option_url_new_window=&#8221;on&#8221; global_colors_info=&#8221;{}&#8221;]<\/p>\n<p class=\"detials-title\" style=\"text-align: center;\"><em><span style=\"text-decoration: underline;\">Pro Click-Clack le- \u00e9s t\u00falfoly\u00f3<\/span><\/em><\/p>\n<p>[\/et_pb_text][et_pb_text _builder_version=&#8221;4.27.4&#8243; _module_preset=&#8221;default&#8221; text_font_size=&#8221;16px&#8221; ul_font_size=&#8221;16px&#8221; ul_line_height=&#8221;1.7em&#8221; ol_font_size=&#8221;16px&#8221; ol_line_height=&#8221;1.7em&#8221; custom_margin=&#8221;5%||||false|false&#8221; custom_padding=&#8221;||2%||false|false&#8221; hover_enabled=&#8221;0&#8243; global_colors_info=&#8221;{}&#8221; sticky_enabled=&#8221;0&#8243;]<\/p>\n<h3>A lefoly\u00f3 be\u00e9p\u00edt\u00e9s\u00e9nek eszk\u00f6zei<\/h3>\n<p>A f\u00fcrd\u0151k\u00e1d lefoly\u00f3j\u00e1nak bek\u00f6t\u00e9s\u00e9hez sz\u00fcks\u00e9g lesz term\u00e9szetesen lefoly\u00f3garnit\u00far\u00e1ra.<\/p>\n<h3>\u00a0A bek\u00f6t\u00e9s l\u00e9p\u00e9sei<\/h3>\n<p>A lefoly\u00f3 garnit\u00fara csomagban minden szerel\u00e9si eszk\u00f6z megtal\u00e1lhat\u00f3. Az alkatr\u00e9sz list\u00e1t azonban c\u00e9lszer\u0171 minden esetben ellen\u0151rizni.<\/p>\n<p>K\u00f6vesse a term\u00e9k haszn\u00e1lati \u00fatmutat\u00f3j\u00e1t a beszerel\u00e9shez.<\/p>\n<p>A fenti l\u00e9p\u00e9seket k\u00f6vet\u0151en m\u00e1r csak <strong>a k\u00e1d kijel\u00f6lt helyre illeszt\u00e9se<\/strong> \u00e9s beszerel\u00e9se hi\u00e1nyzik ahhoz, hogy a f\u00fcrd\u0151szob\u00e1t haszn\u00e1latba vehesse. Ezt megel\u0151z\u0151en azonban javasolt m\u00e9g egy v\u00e9gs\u0151 tesztel\u00e9st elv\u00e9geznie, hogy ellen\u0151rizze a v\u00edzsziv\u00e1rg\u00e1st. A lefoly\u00f3k megfelel\u0151 m\u0171k\u00f6d\u00e9s\u00e9nek vizsg\u00e1lata mellett a csaptelepek v\u00edznyom\u00e1s\u00e1t is \u00e9rdemes ilyenkor ellen\u0151rizni.<\/p>\n<h2>Mire kell \u00fcgyelnie a sziv\u00e1rg\u00e1s elker\u00fcl\u00e9se \u00e9rdek\u00e9ben?<\/h2>\n<p>A f\u00fcrd\u0151k\u00e1d lefoly\u00f3 bek\u00f6t\u00e9se sor\u00e1n <strong>a legnagyobb vesz\u00e9lyt a sziv\u00e1rg\u00e1s jelenti<\/strong>, hiszen a v\u00edz k\u00f6nnyen megtal\u00e1lja a lehet\u0151 legkisebb, szabad szemmel l\u00e1thatatlan r\u00e9seket is.<\/p>\n<p>[\/et_pb_text][et_pb_image src=&#8221;https:\/\/m-acryl.hu\/kad-kisokos\/wp-content\/uploads\/2025\/07\/GRAFIT-2025-07-25T131415.414.jpg&#8221; alt=&#8221;F\u00fcrd\u0151k\u00e1d lefoly\u00f3 bek\u00f6t\u00e9s&#8221; title_text=&#8221;GRAFIT &#8211; 2025-07-25T131415.414&#8243; _builder_version=&#8221;4.27.4&#8243; _module_preset=&#8221;default&#8221; global_colors_info=&#8221;{}&#8221;][\/et_pb_image][et_pb_text _builder_version=&#8221;4.27.4&#8243; _module_preset=&#8221;default&#8221; text_font_size=&#8221;16px&#8221; ul_font_size=&#8221;16px&#8221; ul_line_height=&#8221;1.7em&#8221; ol_font_size=&#8221;16px&#8221; ol_line_height=&#8221;1.7em&#8221; custom_margin=&#8221;5%||||false|false&#8221; custom_padding=&#8221;||2px|||&#8221; global_colors_info=&#8221;{}&#8221;]<\/p>\n<p>Mivel a f\u00fcrd\u0151k\u00e1db\u00f3l a v\u00edz csak egyetlen helyen, a lefoly\u00f3n kereszt\u00fcl t\u00e1vozhat, ennek nem megfelel\u0151 r\u00f6gz\u00edt\u00e9se eset\u00e9n <strong>a folyad\u00e9k a k\u00e1d al\u00e1 ker\u00fclhet, ahol a megfelel\u0151 szigetel\u00e9s mellett \u00f6sszegy\u0171lik, ennek hi\u00e1ny\u00e1ban pedig besziv\u00e1rog a padl\u00f3ba<\/strong>. Mindk\u00e9t esetnek sz\u00e1mos, kellemetlen k\u00f6vetkezm\u00e9nye lehet: megindulhat a pen\u00e9szesed\u00e9s, kellemetlen, \u00e1porodott szag terjenghet a f\u00fcrd\u0151szob\u00e1ban, megn\u0151het a helyis\u00e9g p\u00e1ratartalma, az aljzat fel\u00e1z\u00e1sa pedig ak\u00e1r szerkezeti k\u00e1rokhoz is vezethet, melynek helyrehozatala csak komoly bont\u00e1si munk\u00e1latok \u00e1r\u00e1n val\u00f3sulhat meg.<\/p>\n<p>De hogyan ker\u00fclheti el ezeket a probl\u00e9m\u00e1kat?<\/p>\n<h3>Min\u0151s\u00e9gi anyaghaszn\u00e1lat<\/h3>\n<p>Haszn\u00e1ljon j\u00f3 min\u0151s\u00e9g\u0171, <strong>az adott f\u00fcrd\u0151k\u00e1ddal kompatibilis lefoly\u00f3 szettet \u00e9s szifont<\/strong>, ami nem reped vagy deform\u00e1l\u00f3dik \u2013 ezen az alkatr\u00e9szen nem \u00e9rdemes sp\u00f3rolnia. A t\u00f6m\u00edt\u0151anyagot is c\u00e9lszer\u0171 okosan megv\u00e1lasztania.<\/p>\n<h3>Szak\u00e9rt\u0151i kivitelez\u00e9s<\/h3>\n<p>B\u00e1r egy f\u00fcrd\u0151szob\u00e1ban is sz\u00e1mos olyan munka fordul el\u0151, amelyet egy kis k\u00e9z\u00fcgyess\u00e9ggel \u00e9s hozz\u00e1\u00e9rt\u00e9ssel b\u00e1rki elv\u00e9gezhet, <strong>a lefoly\u00f3 bek\u00f6t\u00e9s\u00e9t szaktud\u00e1s hi\u00e1ny\u00e1ban \u00e9rdemes olyan kivitelez\u0151re b\u00edznia, akinek munk\u00e1j\u00e1ban megb\u00edzik<\/strong>, \u00edgy nem kell amiatt agg\u00f3dnia, hogy a le- \u00e9s t\u00falfoly\u00f3t szakszer\u0171tlen\u00fcl r\u00f6gz\u00edtik.<\/p>\n<h2>V\u00e1lassza az M-Acryl \u00e1ltal ny\u00fajtott min\u0151s\u00e9get<\/h2>\n<p>A f\u00fcrd\u0151k\u00e1d lefoly\u00f3 bek\u00f6t\u00e9se komoly odafigyel\u00e9st \u00e9s alapos munk\u00e1t k\u00edv\u00e1n. A szakszer\u0171 kivitelez\u00e9s biztos\u00edtja, hogy <strong>k\u00e9s\u0151bb ne kelljen kellemetlen meglepet\u00e9sekre, p\u00e9ld\u00e1ul pen\u00e9szesed\u00e9sre vagy sziv\u00e1rg\u00e1sra sz\u00e1m\u00edtania<\/strong> \u2013 a megfelel\u0151 el\u0151k\u00e9sz\u00edt\u00e9s, a min\u0151s\u00e9gi anyaghaszn\u00e1lat \u00e9s a pontos munka a tart\u00f3san j\u00f3l m\u0171k\u00f6d\u0151 f\u00fcrd\u0151k\u00e1d-rendszer z\u00e1loga.<\/p>\n<p>[\/et_pb_text][et_pb_image src=&#8221;https:\/\/m-acryl.hu\/kad-kisokos\/wp-content\/uploads\/2025\/07\/GRAFIT-2025-07-25T132401.719.jpg&#8221; alt=&#8221;F\u00fcrd\u0151k\u00e1d lefoly\u00f3 bek\u00f6t\u00e9s&#8221; title_text=&#8221;GRAFIT &#8211; 2025-07-25T132401.719&#8243; url=&#8221;https:\/\/m-acryl.hu\/termekek\/egyenes-kad\/sabina-pro-slim-matt-egyenes-akril-kad&#8221; url_new_window=&#8221;on&#8221; _builder_version=&#8221;4.27.4&#8243; _module_preset=&#8221;default&#8221; global_colors_info=&#8221;{}&#8221;][\/et_pb_image][et_pb_text _builder_version=&#8221;4.27.4&#8243; _module_preset=&#8221;default&#8221; text_font_size=&#8221;16px&#8221; ul_font_size=&#8221;16px&#8221; ul_line_height=&#8221;1.7em&#8221; ol_font_size=&#8221;16px&#8221; ol_line_height=&#8221;1.7em&#8221; custom_margin=&#8221;5%||||false|false&#8221; custom_padding=&#8221;||2px|||&#8221; global_colors_info=&#8221;{}&#8221;]<\/p>\n<p>Ha bizonytalan a munk\u00e1latok elv\u00e9gz\u00e9s\u00e9vel kapcsolatban, a k\u00e1d be\u00e9p\u00edt\u00e9s\u00e9t \u00e9s a lefoly\u00f3 bek\u00f6t\u00e9s\u00e9t b\u00edzza a profikra \u2013 az <span style=\"text-decoration: underline; color: #00ccff;\"><a href=\"https:\/\/m-acryl.hu\/kad-beepitese\" target=\"_blank\" rel=\"noopener\" style=\"color: #00ccff; text-decoration: underline;\">M-Acryl szak\u00e9rt\u0151 seg\u00edts\u00e9get biztos\u00edt \u00f6nnek<\/a><\/span>.<\/p>\n<p>[\/et_pb_text][\/et_pb_column][\/et_pb_row][\/et_pb_section][et_pb_section fb_built=&#8221;1&#8243; fullwidth=&#8221;on&#8221; _builder_version=&#8221;4.27.2&#8243; _module_preset=&#8221;default&#8221; global_colors_info=&#8221;{}&#8221;][\/et_pb_section][et_pb_section fb_built=&#8221;1&#8243; _builder_version=&#8221;4.16&#8243; background_color=&#8221;#f0f0f0&#8243; custom_margin=&#8221;||0px|||&#8221; custom_padding=&#8221;9px||1px|||&#8221; top_divider_height=&#8221;25px&#8221; border_width_all=&#8221;23px&#8221; border_color_all=&#8221;#e2e2e2&#8243; locked=&#8221;off&#8221; collapsed=&#8221;on&#8221; global_colors_info=&#8221;{}&#8221;][et_pb_row _builder_version=&#8221;4.16&#8243; width=&#8221;70%&#8221; width_tablet=&#8221;&#8221; width_phone=&#8221;90%&#8221; width_last_edited=&#8221;on|phone&#8221; min_height=&#8221;636px&#8221; custom_margin=&#8221;40px|auto||auto||&#8221; global_colors_info=&#8221;{}&#8221;][et_pb_column type=&#8221;4_4&#8243; _builder_version=&#8221;4.16&#8243; global_colors_info=&#8221;{}&#8221;][et_pb_blurb use_icon=&#8221;on&#8221; font_icon=&#8221;&#xe010;||divi||400&#8243; icon_color=&#8221;#c5d300&#8243; image_icon_width=&#8221;108px&#8221; content_max_width=&#8221;687px&#8221; _builder_version=&#8221;4.16&#8243; header_level=&#8221;h2&#8243; body_text_color=&#8221;#424242&#8243; body_font_size=&#8221;17px&#8221; custom_margin=&#8221;|0px|0px|0px|false|false&#8221; custom_padding=&#8221;|0px||0px|false|false&#8221; icon_font_size=&#8221;108px&#8221; global_colors_info=&#8221;{}&#8221;][\/et_pb_blurb][et_pb_text _builder_version=&#8221;4.16&#8243; header_text_align=&#8221;center&#8221; custom_margin=&#8221;6px||6px||true|false&#8221; global_colors_info=&#8221;{}&#8221;]<\/p>\n<h2 style=\"text-align: center;\">Cikksorozatunk tov\u00e1bbi r\u00e9szei is v\u00e1rj\u00e1k \u00f6nt.<\/h2>\n<p>[\/et_pb_text][et_pb_text _builder_version=&#8221;4.16&#8243; text_text_color=&#8221;#FFFFFF&#8221; text_font_size=&#8221;17px&#8221; text_line_height=&#8221;1.6em&#8221; custom_padding=&#8221;||2px|||&#8221; global_colors_info=&#8221;{}&#8221;]<\/p>\n<p style=\"text-align: center;\"><span style=\"color: #333333;\">K\u00e9rje tov\u00e1bbi inspir\u00e1l\u00f3 \u00e9s szak\u00e9rt\u0151i cikkeinket a f\u00fcrd\u0151k\u00e1d t\u00e9m\u00e1ban. Adja meg e-mail c\u00edm\u00e9t, hogy tov\u00e1bbi hasznos tartalmakat k\u00fcldhess\u00fcnk \u00d6nnek.<br \/>\n<\/span><\/p>\n<p>[\/et_pb_text][et_pb_code _builder_version=&#8221;4.16&#8243; background_color=&#8221;rgba(0,0,0,0)&#8221; custom_padding=&#8221;||0px|||&#8221; animation_style=&#8221;fade&#8221; global_colors_info=&#8221;{}&#8221;]<\/p>\n<div id=\"mmform201115\" class=\"mmform\" style=\"position: relative; padding-bottom: 300px; height: 0; overflow: hidden; max-width: 100%;\"><\/div>\n<p><!-- [et_pb_line_break_holder] --><!-- [et_pb_line_break_holder] --><!-- [et_pb_line_break_holder] --><!-- [et_pb_line_break_holder] --><!-- [et_pb_line_break_holder] --><script type=\"text\/javascript\"><!-- [et_pb_line_break_holder] -->var uniqueId = 2011151587117327,listId = 104491,formId = 201115,iwidth=115,mmDomain='salesautopilot.s3.amazonaws.com',secondMMDomain='sw.marketingszoftverek.hu',spancont=false,secure=('https:' == document.location.protocol)?true:false;<!-- [et_pb_line_break_holder] --><\/script><!-- [et_pb_line_break_holder] --><script type=\"text\/javascript\" src=\"https:\/\/d1ursyhqs5x9h1.cloudfront.net\/sw\/scripts\/mm-embed-iframe-1.15.min.js\"><\/script>[\/et_pb_code][\/et_pb_column][\/et_pb_row][\/et_pb_section]<\/p>\n","protected":false},"excerpt":{"rendered":"<p>A v\u00edzk\u00e1rok elker\u00fcl\u00e9se \u00e9rdek\u00e9ben egy\u00e1ltal\u00e1n nem mindegy, hogy a f\u00fcrd\u0151k\u00e1d lefoly\u00f3 bek\u00f6t\u00e9se hogyan t\u00f6rt\u00e9nik \u2013 ismerje meg a folyamatot.<\/p>\n","protected":false},"author":7,"featured_media":7013,"comment_status":"closed","ping_status":"open","sticky":false,"template":"","format":"standard","meta":{"_et_pb_use_builder":"on","_et_pb_old_content":"","_et_gb_content_width":"","footnotes":""},"categories":[1,69],"tags":[181],"class_list":["post-7009","post","type-post","status-publish","format-standard","has-post-thumbnail","hentry","category-egyeb","category-kozlemeny","tag-lefolyo-bekotes","et-has-post-format-content","et_post_format-et-post-format-standard"],"yoast_head":"<!-- This site is optimized with the Yoast SEO plugin v26.6 - https:\/\/yoast.com\/wordpress\/plugins\/seo\/ -->\n<title>F\u00fcrd\u0151k\u00e1d lefoly\u00f3 bek\u00f6t\u00e9s \u2013 minden, amit a szakszer\u0171 szerel\u00e9sr\u0151l tudni \u00e9rdemes - K\u00e1d kisokos<\/title>\n<meta name=\"description\" content=\"A v\u00edzk\u00e1rok elker\u00fcl\u00e9se \u00e9rdek\u00e9ben egy\u00e1ltal\u00e1n nem mindegy, hogy a f\u00fcrd\u0151k\u00e1d lefoly\u00f3 bek\u00f6t\u00e9se hogyan t\u00f6rt\u00e9nik \u2013 ismerje meg a folyamatot.\" \/>\n<meta name=\"robots\" content=\"index, nofollow, max-snippet:-1, max-image-preview:large, max-video-preview:-1\" \/>\n<link rel=\"canonical\" href=\"https:\/\/m-acryl.hu\/kad-kisokos\/furdokad-lefolyo-bekotes\/\" \/>\n<meta property=\"og:locale\" content=\"hu_HU\" \/>\n<meta property=\"og:type\" content=\"article\" \/>\n<meta property=\"og:title\" content=\"F\u00fcrd\u0151k\u00e1d lefoly\u00f3 bek\u00f6t\u00e9s \u2013 minden, amit a szakszer\u0171 szerel\u00e9sr\u0151l tudni \u00e9rdemes - K\u00e1d kisokos\" \/>\n<meta property=\"og:description\" content=\"A v\u00edzk\u00e1rok elker\u00fcl\u00e9se \u00e9rdek\u00e9ben egy\u00e1ltal\u00e1n nem mindegy, hogy a f\u00fcrd\u0151k\u00e1d lefoly\u00f3 bek\u00f6t\u00e9se hogyan t\u00f6rt\u00e9nik \u2013 ismerje meg a folyamatot.\" \/>\n<meta property=\"og:url\" content=\"https:\/\/m-acryl.hu\/kad-kisokos\/furdokad-lefolyo-bekotes\/\" \/>\n<meta property=\"og:site_name\" content=\"K\u00e1d kisokos\" \/>\n<meta property=\"article:published_time\" content=\"2025-07-30T09:30:23+00:00\" \/>\n<meta property=\"article:modified_time\" content=\"2025-07-30T12:07:51+00:00\" \/>\n<meta property=\"og:image\" content=\"https:\/\/m-acryl.hu\/kad-kisokos\/wp-content\/uploads\/2025\/07\/GRAFIT-2025-07-25T112242.334.jpg\" \/>\n\t<meta property=\"og:image:width\" content=\"940\" \/>\n\t<meta property=\"og:image:height\" content=\"788\" \/>\n\t<meta property=\"og:image:type\" content=\"image\/jpeg\" \/>\n<meta name=\"author\" content=\"Sipos Saci\" \/>\n<meta name=\"twitter:card\" content=\"summary_large_image\" \/>\n<meta name=\"twitter:title\" content=\"K\u00e1d kisokos\" \/>\n<meta name=\"twitter:label1\" content=\"Szerz\u0151:\" \/>\n\t<meta name=\"twitter:data1\" content=\"Sipos Saci\" \/>\n\t<meta name=\"twitter:label2\" content=\"Becs\u00fclt olvas\u00e1si id\u0151\" \/>\n\t<meta name=\"twitter:data2\" content=\"6 perc\" \/>\n<script type=\"application\/ld+json\" class=\"yoast-schema-graph\">{\"@context\":\"https:\/\/schema.org\",\"@graph\":[{\"@type\":\"WebPage\",\"@id\":\"https:\/\/m-acryl.hu\/kad-kisokos\/furdokad-lefolyo-bekotes\/\",\"url\":\"https:\/\/m-acryl.hu\/kad-kisokos\/furdokad-lefolyo-bekotes\/\",\"name\":\"F\u00fcrd\u0151k\u00e1d lefoly\u00f3 bek\u00f6t\u00e9s \u2013 minden, amit a szakszer\u0171 szerel\u00e9sr\u0151l tudni \u00e9rdemes - K\u00e1d kisokos\",\"isPartOf\":{\"@id\":\"https:\/\/m-acryl.hu\/kad-kisokos\/#website\"},\"primaryImageOfPage\":{\"@id\":\"https:\/\/m-acryl.hu\/kad-kisokos\/furdokad-lefolyo-bekotes\/#primaryimage\"},\"image\":{\"@id\":\"https:\/\/m-acryl.hu\/kad-kisokos\/furdokad-lefolyo-bekotes\/#primaryimage\"},\"thumbnailUrl\":\"https:\/\/m-acryl.hu\/kad-kisokos\/wp-content\/uploads\/2025\/07\/GRAFIT-2025-07-25T112242.334.jpg\",\"datePublished\":\"2025-07-30T09:30:23+00:00\",\"dateModified\":\"2025-07-30T12:07:51+00:00\",\"author\":{\"@id\":\"https:\/\/m-acryl.hu\/kad-kisokos\/#\/schema\/person\/96303ce25b92eb52b68fdc7700430418\"},\"description\":\"A v\u00edzk\u00e1rok elker\u00fcl\u00e9se \u00e9rdek\u00e9ben egy\u00e1ltal\u00e1n nem mindegy, hogy a f\u00fcrd\u0151k\u00e1d lefoly\u00f3 bek\u00f6t\u00e9se hogyan t\u00f6rt\u00e9nik \u2013 ismerje meg a folyamatot.\",\"breadcrumb\":{\"@id\":\"https:\/\/m-acryl.hu\/kad-kisokos\/furdokad-lefolyo-bekotes\/#breadcrumb\"},\"inLanguage\":\"hu\",\"potentialAction\":[{\"@type\":\"ReadAction\",\"target\":[\"https:\/\/m-acryl.hu\/kad-kisokos\/furdokad-lefolyo-bekotes\/\"]}]},{\"@type\":\"ImageObject\",\"inLanguage\":\"hu\",\"@id\":\"https:\/\/m-acryl.hu\/kad-kisokos\/furdokad-lefolyo-bekotes\/#primaryimage\",\"url\":\"https:\/\/m-acryl.hu\/kad-kisokos\/wp-content\/uploads\/2025\/07\/GRAFIT-2025-07-25T112242.334.jpg\",\"contentUrl\":\"https:\/\/m-acryl.hu\/kad-kisokos\/wp-content\/uploads\/2025\/07\/GRAFIT-2025-07-25T112242.334.jpg\",\"width\":940,\"height\":788,\"caption\":\"f\u00fcrd\u0151k\u00e1d lefoly\u00f3 bek\u00f6t\u00e9s\"},{\"@type\":\"BreadcrumbList\",\"@id\":\"https:\/\/m-acryl.hu\/kad-kisokos\/furdokad-lefolyo-bekotes\/#breadcrumb\",\"itemListElement\":[{\"@type\":\"ListItem\",\"position\":1,\"name\":\"Home\",\"item\":\"https:\/\/m-acryl.hu\/kad-kisokos\/\"},{\"@type\":\"ListItem\",\"position\":2,\"name\":\"F\u00fcrd\u0151k\u00e1d lefoly\u00f3 bek\u00f6t\u00e9s \u2013 minden, amit a szakszer\u0171 szerel\u00e9sr\u0151l tudni \u00e9rdemes\"}]},{\"@type\":\"WebSite\",\"@id\":\"https:\/\/m-acryl.hu\/kad-kisokos\/#website\",\"url\":\"https:\/\/m-acryl.hu\/kad-kisokos\/\",\"name\":\"K\u00e1d kisokos\",\"description\":\"Az M-Acryl f\u00fcrd\u0151k\u00e1dakr\u00f3l k\u00f6z\u00e9rthet\u0151en\",\"potentialAction\":[{\"@type\":\"SearchAction\",\"target\":{\"@type\":\"EntryPoint\",\"urlTemplate\":\"https:\/\/m-acryl.hu\/kad-kisokos\/?s={search_term_string}\"},\"query-input\":{\"@type\":\"PropertyValueSpecification\",\"valueRequired\":true,\"valueName\":\"search_term_string\"}}],\"inLanguage\":\"hu\"},{\"@type\":\"Person\",\"@id\":\"https:\/\/m-acryl.hu\/kad-kisokos\/#\/schema\/person\/96303ce25b92eb52b68fdc7700430418\",\"name\":\"Sipos Saci\",\"image\":{\"@type\":\"ImageObject\",\"inLanguage\":\"hu\",\"@id\":\"https:\/\/m-acryl.hu\/kad-kisokos\/#\/schema\/person\/image\/\",\"url\":\"https:\/\/secure.gravatar.com\/avatar\/b3f6b226c90bc6c0e98060b62ba84046e34acf96d1a42ca247d8e29ba12bf5ef?s=96&d=mm&r=g\",\"contentUrl\":\"https:\/\/secure.gravatar.com\/avatar\/b3f6b226c90bc6c0e98060b62ba84046e34acf96d1a42ca247d8e29ba12bf5ef?s=96&d=mm&r=g\",\"caption\":\"Sipos Saci\"},\"url\":\"https:\/\/m-acryl.hu\/kad-kisokos\/author\/ssaci\/\"}]}<\/script>\n<!-- \/ Yoast SEO plugin. -->","yoast_head_json":{"title":"F\u00fcrd\u0151k\u00e1d lefoly\u00f3 bek\u00f6t\u00e9s \u2013 minden, amit a szakszer\u0171 szerel\u00e9sr\u0151l tudni \u00e9rdemes - K\u00e1d kisokos","description":"A v\u00edzk\u00e1rok elker\u00fcl\u00e9se \u00e9rdek\u00e9ben egy\u00e1ltal\u00e1n nem mindegy, hogy a f\u00fcrd\u0151k\u00e1d lefoly\u00f3 bek\u00f6t\u00e9se hogyan t\u00f6rt\u00e9nik \u2013 ismerje meg a folyamatot.","robots":{"index":"index","follow":"nofollow","max-snippet":"max-snippet:-1","max-image-preview":"max-image-preview:large","max-video-preview":"max-video-preview:-1"},"canonical":"https:\/\/m-acryl.hu\/kad-kisokos\/furdokad-lefolyo-bekotes\/","og_locale":"hu_HU","og_type":"article","og_title":"F\u00fcrd\u0151k\u00e1d lefoly\u00f3 bek\u00f6t\u00e9s \u2013 minden, amit a szakszer\u0171 szerel\u00e9sr\u0151l tudni \u00e9rdemes - K\u00e1d kisokos","og_description":"A v\u00edzk\u00e1rok elker\u00fcl\u00e9se \u00e9rdek\u00e9ben egy\u00e1ltal\u00e1n nem mindegy, hogy a f\u00fcrd\u0151k\u00e1d lefoly\u00f3 bek\u00f6t\u00e9se hogyan t\u00f6rt\u00e9nik \u2013 ismerje meg a folyamatot.","og_url":"https:\/\/m-acryl.hu\/kad-kisokos\/furdokad-lefolyo-bekotes\/","og_site_name":"K\u00e1d kisokos","article_published_time":"2025-07-30T09:30:23+00:00","article_modified_time":"2025-07-30T12:07:51+00:00","og_image":[{"width":940,"height":788,"url":"https:\/\/m-acryl.hu\/kad-kisokos\/wp-content\/uploads\/2025\/07\/GRAFIT-2025-07-25T112242.334.jpg","type":"image\/jpeg"}],"author":"Sipos Saci","twitter_card":"summary_large_image","twitter_title":"K\u00e1d kisokos","twitter_misc":{"Szerz\u0151:":"Sipos Saci","Becs\u00fclt olvas\u00e1si id\u0151":"6 perc"},"schema":{"@context":"https:\/\/schema.org","@graph":[{"@type":"WebPage","@id":"https:\/\/m-acryl.hu\/kad-kisokos\/furdokad-lefolyo-bekotes\/","url":"https:\/\/m-acryl.hu\/kad-kisokos\/furdokad-lefolyo-bekotes\/","name":"F\u00fcrd\u0151k\u00e1d lefoly\u00f3 bek\u00f6t\u00e9s \u2013 minden, amit a szakszer\u0171 szerel\u00e9sr\u0151l tudni \u00e9rdemes - K\u00e1d kisokos","isPartOf":{"@id":"https:\/\/m-acryl.hu\/kad-kisokos\/#website"},"primaryImageOfPage":{"@id":"https:\/\/m-acryl.hu\/kad-kisokos\/furdokad-lefolyo-bekotes\/#primaryimage"},"image":{"@id":"https:\/\/m-acryl.hu\/kad-kisokos\/furdokad-lefolyo-bekotes\/#primaryimage"},"thumbnailUrl":"https:\/\/m-acryl.hu\/kad-kisokos\/wp-content\/uploads\/2025\/07\/GRAFIT-2025-07-25T112242.334.jpg","datePublished":"2025-07-30T09:30:23+00:00","dateModified":"2025-07-30T12:07:51+00:00","author":{"@id":"https:\/\/m-acryl.hu\/kad-kisokos\/#\/schema\/person\/96303ce25b92eb52b68fdc7700430418"},"description":"A v\u00edzk\u00e1rok elker\u00fcl\u00e9se \u00e9rdek\u00e9ben egy\u00e1ltal\u00e1n nem mindegy, hogy a f\u00fcrd\u0151k\u00e1d lefoly\u00f3 bek\u00f6t\u00e9se hogyan t\u00f6rt\u00e9nik \u2013 ismerje meg a folyamatot.","breadcrumb":{"@id":"https:\/\/m-acryl.hu\/kad-kisokos\/furdokad-lefolyo-bekotes\/#breadcrumb"},"inLanguage":"hu","potentialAction":[{"@type":"ReadAction","target":["https:\/\/m-acryl.hu\/kad-kisokos\/furdokad-lefolyo-bekotes\/"]}]},{"@type":"ImageObject","inLanguage":"hu","@id":"https:\/\/m-acryl.hu\/kad-kisokos\/furdokad-lefolyo-bekotes\/#primaryimage","url":"https:\/\/m-acryl.hu\/kad-kisokos\/wp-content\/uploads\/2025\/07\/GRAFIT-2025-07-25T112242.334.jpg","contentUrl":"https:\/\/m-acryl.hu\/kad-kisokos\/wp-content\/uploads\/2025\/07\/GRAFIT-2025-07-25T112242.334.jpg","width":940,"height":788,"caption":"f\u00fcrd\u0151k\u00e1d lefoly\u00f3 bek\u00f6t\u00e9s"},{"@type":"BreadcrumbList","@id":"https:\/\/m-acryl.hu\/kad-kisokos\/furdokad-lefolyo-bekotes\/#breadcrumb","itemListElement":[{"@type":"ListItem","position":1,"name":"Home","item":"https:\/\/m-acryl.hu\/kad-kisokos\/"},{"@type":"ListItem","position":2,"name":"F\u00fcrd\u0151k\u00e1d lefoly\u00f3 bek\u00f6t\u00e9s \u2013 minden, amit a szakszer\u0171 szerel\u00e9sr\u0151l tudni \u00e9rdemes"}]},{"@type":"WebSite","@id":"https:\/\/m-acryl.hu\/kad-kisokos\/#website","url":"https:\/\/m-acryl.hu\/kad-kisokos\/","name":"K\u00e1d kisokos","description":"Az M-Acryl f\u00fcrd\u0151k\u00e1dakr\u00f3l k\u00f6z\u00e9rthet\u0151en","potentialAction":[{"@type":"SearchAction","target":{"@type":"EntryPoint","urlTemplate":"https:\/\/m-acryl.hu\/kad-kisokos\/?s={search_term_string}"},"query-input":{"@type":"PropertyValueSpecification","valueRequired":true,"valueName":"search_term_string"}}],"inLanguage":"hu"},{"@type":"Person","@id":"https:\/\/m-acryl.hu\/kad-kisokos\/#\/schema\/person\/96303ce25b92eb52b68fdc7700430418","name":"Sipos Saci","image":{"@type":"ImageObject","inLanguage":"hu","@id":"https:\/\/m-acryl.hu\/kad-kisokos\/#\/schema\/person\/image\/","url":"https:\/\/secure.gravatar.com\/avatar\/b3f6b226c90bc6c0e98060b62ba84046e34acf96d1a42ca247d8e29ba12bf5ef?s=96&d=mm&r=g","contentUrl":"https:\/\/secure.gravatar.com\/avatar\/b3f6b226c90bc6c0e98060b62ba84046e34acf96d1a42ca247d8e29ba12bf5ef?s=96&d=mm&r=g","caption":"Sipos Saci"},"url":"https:\/\/m-acryl.hu\/kad-kisokos\/author\/ssaci\/"}]}},"_links":{"self":[{"href":"https:\/\/m-acryl.hu\/kad-kisokos\/wp-json\/wp\/v2\/posts\/7009","targetHints":{"allow":["GET"]}}],"collection":[{"href":"https:\/\/m-acryl.hu\/kad-kisokos\/wp-json\/wp\/v2\/posts"}],"about":[{"href":"https:\/\/m-acryl.hu\/kad-kisokos\/wp-json\/wp\/v2\/types\/post"}],"author":[{"embeddable":true,"href":"https:\/\/m-acryl.hu\/kad-kisokos\/wp-json\/wp\/v2\/users\/7"}],"replies":[{"embeddable":true,"href":"https:\/\/m-acryl.hu\/kad-kisokos\/wp-json\/wp\/v2\/comments?post=7009"}],"version-history":[{"count":16,"href":"https:\/\/m-acryl.hu\/kad-kisokos\/wp-json\/wp\/v2\/posts\/7009\/revisions"}],"predecessor-version":[{"id":7062,"href":"https:\/\/m-acryl.hu\/kad-kisokos\/wp-json\/wp\/v2\/posts\/7009\/revisions\/7062"}],"wp:featuredmedia":[{"embeddable":true,"href":"https:\/\/m-acryl.hu\/kad-kisokos\/wp-json\/wp\/v2\/media\/7013"}],"wp:attachment":[{"href":"https:\/\/m-acryl.hu\/kad-kisokos\/wp-json\/wp\/v2\/media?parent=7009"}],"wp:term":[{"taxonomy":"category","embeddable":true,"href":"https:\/\/m-acryl.hu\/kad-kisokos\/wp-json\/wp\/v2\/categories?post=7009"},{"taxonomy":"post_tag","embeddable":true,"href":"https:\/\/m-acryl.hu\/kad-kisokos\/wp-json\/wp\/v2\/tags?post=7009"}],"curies":[{"name":"wp","href":"https:\/\/api.w.org\/{rel}","templated":true}]}}