{"id":6726,"date":"2025-05-27T07:21:34","date_gmt":"2025-05-27T07:21:34","guid":{"rendered":"https:\/\/m-acryl.hu\/kad-kisokos\/?p=6726"},"modified":"2025-05-27T07:21:37","modified_gmt":"2025-05-27T07:21:37","slug":"akril-kad-beepites-ytong","status":"publish","type":"post","link":"https:\/\/m-acryl.hu\/kad-kisokos\/akril-kad-beepites-ytong\/","title":{"rendered":"Akril k\u00e1d be\u00e9p\u00edt\u00e9se ytong falazattal"},"content":{"rendered":"<p>[et_pb_section fb_built=&#8221;1&#8243; disabled_on=&#8221;off|off|off&#8221; _builder_version=&#8221;4.21.0&#8243; _module_preset=&#8221;default&#8221; global_colors_info=&#8221;{}&#8221;][et_pb_row _builder_version=&#8221;4.21.0&#8243; _module_preset=&#8221;default&#8221; width=&#8221;80%&#8221; min_height=&#8221;46.1px&#8221; custom_margin_tablet=&#8221;&#8221; custom_margin_phone=&#8221;0px||||false|false&#8221; custom_margin_last_edited=&#8221;on|phone&#8221; custom_padding=&#8221;0px||0.1%||false|false&#8221; global_colors_info=&#8221;{}&#8221;][et_pb_column type=&#8221;4_4&#8243; _builder_version=&#8221;4.16&#8243; _module_preset=&#8221;default&#8221; global_colors_info=&#8221;{}&#8221;][et_pb_text _builder_version=&#8221;4.27.4&#8243; _module_preset=&#8221;default&#8221; text_font_size=&#8221;16px&#8221; ul_font_size=&#8221;16px&#8221; ul_line_height=&#8221;1.7em&#8221; ol_font_size=&#8221;16px&#8221; ol_line_height=&#8221;1.7em&#8221; custom_padding=&#8221;||2px|||&#8221; global_colors_info=&#8221;{}&#8221;]<\/p>\n<p><strong>A f\u00fcrd\u0151szoba fel\u00faj\u00edt\u00e1sa sor\u00e1n sz\u00e1mos fontos k\u00e9rd\u00e9sben kell d\u00f6nt\u00e9st hoznunk, melyek k\u00f6z\u00fcl kiemelkedik a k\u00e1dunk kiv\u00e1laszt\u00e1sa, hiszen val\u00f3sz\u00edn\u0171leg mindannyian szeretn\u00e9nk egy hossz\u00fa \u00e9vekre sz\u00f3l\u00f3 megold\u00e1st tal\u00e1lni. D\u00f6nthet\u00fcnk \u00fagy, hogy a k\u00e1dat n\u00e9h\u00e1ny takar\u00f3elemmel eg\u00e9sz\u00edtj\u00fck ki, de a be\u00e9p\u00edt\u00e9s is remek lehet\u0151s\u00e9g, hiszen ennek seg\u00edts\u00e9g\u00e9vel elker\u00fclhetj\u00fck az esetleges be\u00e1z\u00e1st vagy az elemek elmozdul\u00e1s\u00e1t. L\u00e1ssuk, mit kell tenn\u00fcnk annak \u00e9rdek\u00e9ben, hogy \u00faj akril k\u00e1dunkat hossz\u00fa ideig biztons\u00e1gosan haszn\u00e1lhassuk, amennyiben a be\u00e9p\u00edt\u00e9s mellett d\u00f6nt\u00fcnk. <br \/><\/strong><\/p>\n<p>[\/et_pb_text][et_pb_text _builder_version=&#8221;4.27.4&#8243; _module_preset=&#8221;default&#8221; text_font_size=&#8221;16px&#8221; ul_font_size=&#8221;16px&#8221; ul_line_height=&#8221;1.7em&#8221; ol_font_size=&#8221;16px&#8221; ol_line_height=&#8221;1.7em&#8221; custom_margin=&#8221;5%||||false|false&#8221; custom_padding=&#8221;||2px|||&#8221; global_colors_info=&#8221;{}&#8221;]<\/p>\n<h2>Mi\u00e9rt v\u00e1lasszunk akril k\u00e1dat?<\/h2>\n<p>[\/et_pb_text][et_pb_text _builder_version=&#8221;4.27.4&#8243; _module_preset=&#8221;default&#8221; text_font_size=&#8221;16px&#8221; ul_font_size=&#8221;16px&#8221; ul_line_height=&#8221;1.7em&#8221; ol_font_size=&#8221;16px&#8221; ol_line_height=&#8221;1.7em&#8221; custom_margin=&#8221;5%||||false|false&#8221; custom_padding=&#8221;||2px|||&#8221; global_colors_info=&#8221;{}&#8221;]<\/p>\n<p>Az <a href=\"https:\/\/m-acryl.hu\/akril-kad\" target=\"_blank\" rel=\"noopener\"><span style=\"text-decoration: underline; color: #00ccff;\">akril k\u00e1dak<\/span><\/a> rendk\u00edv\u00fcl n\u00e9pszer\u0171ek manaps\u00e1g, hiszen sz\u00e1mos el\u0151ny\u00f6s tulajdons\u00e1ggal rendelkeznek. Ezek a m\u0171anyag \u00e9s akrilgyanta kever\u00e9k\u00e9b\u0151l k\u00e9sz\u00fclt k\u00e1dak <strong>rendk\u00edv\u00fcl er\u0151sek \u00e9s tart\u00f3sak<\/strong>, \u00edgy ellen\u00e1llnak az esetleges s\u00e9r\u00fcl\u00e9seknek, fel\u00fclet\u00fck pedig kellemes tapint\u00e1s\u00fa, eszt\u00e9tikus.<\/p>\n<p>[\/et_pb_text][et_pb_image src=&#8221;https:\/\/m-acryl.hu\/kad-kisokos\/wp-content\/uploads\/2024\/11\/samanta-akril-sarokkad-macryl.jpeg&#8221; alt=&#8221;Samanta akril sarokk\u00e1d tr\u00f3pusi fa el\u0151lappal&#8221; title_text=&#8221;samanta-akril-sarokkad-macryl&#8221; url=&#8221;https:\/\/m-acryl.hu\/akril-kad&#8221; _builder_version=&#8221;4.27.4&#8243; _module_preset=&#8221;default&#8221; global_colors_info=&#8221;{}&#8221;][\/et_pb_image][et_pb_text _builder_version=&#8221;4.27.4&#8243; _module_preset=&#8221;default&#8221; text_font_size=&#8221;16px&#8221; ul_font_size=&#8221;16px&#8221; ul_line_height=&#8221;1.7em&#8221; ol_font_size=&#8221;16px&#8221; ol_line_height=&#8221;1.7em&#8221; custom_padding=&#8221;||2px|||&#8221; global_colors_info=&#8221;{}&#8221;]<\/p>\n<p>Fontos el\u0151ny az is, hogy az <strong>akril k\u00e1dak kisebb s\u00fallyal rendelkeznek<\/strong>, mint p\u00e9ld\u00e1ul a <span style=\"text-decoration: underline; color: #00ccff;\"><a href=\"https:\/\/m-acryl.hu\/prestige\/mumarvany-kad\/\" target=\"_blank\" rel=\"noopener\" style=\"color: #00ccff; text-decoration: underline;\">m\u0171m\u00e1rv\u00e1nyb\u00f3l<\/a><\/span> k\u00e9sz\u00fclt t\u00e1rsaik, ami megk\u00f6nny\u00edti a sz\u00e1ll\u00edt\u00e1st \u00e9s a be\u00e9p\u00edt\u00e9st \u2013 ez k\u00fcl\u00f6n\u00f6sen fontos olyan f\u00fcrd\u0151szob\u00e1k eset\u00e9ben, ahol a statikai terhel\u00e9st is fokozottan figyelembe kell venni \u2013 \u00edgy p\u00e9ld\u00e1ul a t\u00e1rsash\u00e1zak lak\u00e1saiban.<\/p>\n<p>[\/et_pb_text][et_pb_image src=&#8221;https:\/\/m-acryl.hu\/kad-kisokos\/wp-content\/uploads\/2025\/01\/Vanilla-cover-scaled.jpg&#8221; alt=&#8221;Modern f\u00fcrd\u0151k\u00e1d&#8221; title_text=&#8221;modern-furdokad&#8221; url=&#8221;https:\/\/m-acryl.hu\/prestige\/mumarvany-kad\/&#8221; _builder_version=&#8221;4.27.4&#8243; _module_preset=&#8221;default&#8221; global_colors_info=&#8221;{}&#8221;][\/et_pb_image][et_pb_text _builder_version=&#8221;4.27.4&#8243; _module_preset=&#8221;default&#8221; text_font_size=&#8221;16px&#8221; ul_font_size=&#8221;16px&#8221; ul_line_height=&#8221;1.7em&#8221; ol_font_size=&#8221;16px&#8221; ol_line_height=&#8221;1.7em&#8221; custom_padding=&#8221;||2px|||&#8221; global_colors_info=&#8221;{}&#8221;]<\/p>\n<p>Az akril <strong>gyorsan \u00e1tveszi a k\u00f6rnyezet h\u0151m\u00e9rs\u00e9klet\u00e9t (szobah\u0151m\u00e9rt\u00e9klet\u0171 a fel\u00fclete) \u00e9s j\u00f3l tartja a meleget<\/strong>, \u00edgy a f\u00fcrd\u0151z\u00e9s \u00e9lm\u00e9nye hosszabb ideig komfortos marad, a fel\u00fclet pedig sima, ami megakad\u00e1lyozza a szennyez\u0151d\u00e9sek \u00e9s a v\u00edzk\u0151 lerak\u00f3d\u00e1s\u00e1t, ennek k\u00f6sz\u00f6nhet\u0151en a k\u00e1dunk egyszer\u0171en tiszt\u00e1n tarthat\u00f3.<\/p>\n<p>Mivel ezek a f\u00fcrd\u0151k\u00e1dak <span style=\"text-decoration: underline; color: #00ccff;\"><a href=\"https:\/\/m-acryl.hu\/kad-kisokos\/tippek-a-megfelelo-furdokad-meretek-es-tipusok-kivalasztasahoz\/\" target=\"_blank\" rel=\"noopener\" style=\"color: #00ccff; text-decoration: underline;\">k\u00fcl\u00f6nb\u00f6z\u0151 m\u00e9retben \u00e9s form\u00e1ban el\u00e9rhet\u0151ek<\/a><\/span>, \u00edgy minden otthonba megtal\u00e1lhatjuk a megfelel\u0151 modellt, legyen sz\u00f3 <span style=\"text-decoration: underline; color: #00ccff;\"><a href=\"https:\/\/m-acryl.hu\/egyenes-kad\" target=\"_blank\" rel=\"noopener\" style=\"color: #00ccff; text-decoration: underline;\">egyenes k\u00e1dr\u00f3l<\/a><\/span>, <span style=\"text-decoration: underline; color: #00ccff;\"><a href=\"https:\/\/m-acryl.hu\/sarokkad\" target=\"_blank\" rel=\"noopener\" style=\"color: #00ccff; text-decoration: underline;\">sarokk\u00e1dr\u00f3l<\/a><\/span>, <span style=\"text-decoration: underline; color: #00ccff;\"><a href=\"https:\/\/m-acryl.hu\/aszimmetrikus-kad\" target=\"_blank\" rel=\"noopener\" style=\"color: #00ccff; text-decoration: underline;\">aszimmetrikus<\/a><\/span> vagy <span style=\"text-decoration: underline; color: #00ccff;\"><a href=\"https:\/\/m-acryl.hu\/szabadon-allo-kad\" target=\"_blank\" rel=\"noopener\" style=\"color: #00ccff; text-decoration: underline;\">szabadon \u00e1ll\u00f3 k\u00e1dr\u00f3l<\/a><\/span>, \u00e9s abban is biztosak lehet\u00fcnk, hogy a v\u00e9geredm\u00e9ny eleg\u00e1ns, modern \u00e9s letisztult hat\u00e1st kelt majd \u2013 felt\u00e9ve persze, hogy a be\u00e9p\u00edt\u00e9s megfelel\u0151en t\u00f6rt\u00e9nik.<\/p>\n<p>[\/et_pb_text][et_pb_text _builder_version=&#8221;4.27.4&#8243; _module_preset=&#8221;default&#8221; text_font_size=&#8221;16px&#8221; ul_font_size=&#8221;16px&#8221; ul_line_height=&#8221;1.7em&#8221; ol_font_size=&#8221;16px&#8221; ol_line_height=&#8221;1.7em&#8221; custom_padding=&#8221;||2px|||&#8221; global_colors_info=&#8221;{}&#8221;]<\/p>\n<h2>A f\u00fcrd\u0151k\u00e1d be\u00e9p\u00edt\u00e9se<\/h2>\n<p>[\/et_pb_text][et_pb_text _builder_version=&#8221;4.27.4&#8243; _module_preset=&#8221;default&#8221; text_font_size=&#8221;16px&#8221; ul_font_size=&#8221;16px&#8221; ul_line_height=&#8221;1.7em&#8221; ol_font_size=&#8221;16px&#8221; ol_line_height=&#8221;1.7em&#8221; custom_padding=&#8221;||2px|||&#8221; global_colors_info=&#8221;{}&#8221;]<\/p>\n<p>Ha egy \u00faj k\u00e1d v\u00e1s\u00e1rl\u00e1sa eset\u00e9n a lehet\u0151 legegyszer\u0171bb \u00e9s legolcs\u00f3bb lehet\u0151s\u00e9get keresi, v\u00e1s\u00e1rolhat n\u00e9h\u00e1ny takar\u00f3elemet, \u00edgy a falaz\u00e1ssal nem kell vesz\u0151dnie, a v\u00e9geredm\u00e9ny azonban igen dekorat\u00edv lehet. Ha a falaz\u00e1s mellett d\u00f6nt, egy kicsit nagyobb feladatot v\u00e1llal mag\u00e1ra, ezzel a megold\u00e1ssal azonban a k\u00e1d frontbor\u00edt\u00e1sa harmoniz\u00e1lni fog a fali burkolattal, ez\u00e9rt jobbal beleillik a v\u00e1lasztott modell a k\u00f6rnyezet\u00e9be. <strong>B\u00e1r a falaz\u00e1s nagyobb kiad\u00e1ssal j\u00e1rhat egy\u00fctt, a v\u00e9geredm\u00e9ny tart\u00f3s \u00e9s megb\u00edzhat\u00f3 lesz, ez a befektet\u00e9s teh\u00e1t biztosan megt\u00e9r\u00fcl.<\/strong><\/p>\n<p>A falaz\u00e1ssal t\u00f6rt\u00e9n\u0151 be\u00e9p\u00edt\u00e9s ugyanis nemcsak tart\u00f3s, hanem l\u00e9nyeg\u00e9ben \u00f6r\u00f6kre sz\u00f3l\u00f3 megold\u00e1s \u2013 ha egy szerel\u0151ablak be\u00e9p\u00edt\u00e9s\u00e9r\u0151l is gondoskodik, k\u00e9s\u0151bb az esetleges jav\u00edt\u00e1sok miatt sem kell agg\u00f3dnia.<\/p>\n<p>[\/et_pb_text][et_pb_image src=&#8221;https:\/\/m-acryl.hu\/kad-kisokos\/wp-content\/uploads\/2025\/02\/macryl-akril-kadak-furdokad-beszereles-szolgaltatas-1.jpeg&#8221; alt=&#8221;M-Acryl m\u00e1rkaszerviz f\u00fcrd\u0151k\u00e1d beszerel\u00e9s&#8221; title_text=&#8221;macryl-akril-kadak-furdokad-beszereles-szolgaltatas&#8221; _builder_version=&#8221;4.27.4&#8243; _module_preset=&#8221;default&#8221; global_colors_info=&#8221;{}&#8221;][\/et_pb_image][et_pb_text _builder_version=&#8221;4.27.4&#8243; _module_preset=&#8221;default&#8221; text_font_size=&#8221;16px&#8221; ul_font_size=&#8221;16px&#8221; ul_line_height=&#8221;1.7em&#8221; ol_font_size=&#8221;16px&#8221; ol_line_height=&#8221;1.7em&#8221; custom_margin=&#8221;5%||||false|false&#8221; custom_padding=&#8221;||2px|||&#8221; global_colors_info=&#8221;{}&#8221;]<\/p>\n<p>A falaz\u00e1st \u2013 \u00e9s csemp\u00e9z\u00e9st \u2013 k\u00f6vet\u0151en a f\u00fcrd\u0151k\u00e1d sokkal <strong>szebben belesimul a k\u00f6rnyezetbe, annak integr\u00e1ns r\u00e9sz\u00e9v\u00e9 v\u00e1lik<\/strong>, emellett azonban az is fontos szempont, hogy <strong>massz\u00edvabb, biztons\u00e1gosabb lesz<\/strong>. Ha a takar\u00f3elemeket v\u00e1lasztja, azokhoz egy megfelel\u0151 <span style=\"color: #00ccff;\"><a href=\"https:\/\/m-acryl.hu\/termekek\/kompakt-vazszerkezet\" target=\"_blank\" rel=\"noopener\" style=\"color: #00ccff;\"><span style=\"text-decoration: underline;\">v\u00e1zszerkezetre<\/span><\/a><\/span> is sz\u00fcks\u00e9g lesz, melyhez stabilan felszerelhet\u0151ek az <span style=\"text-decoration: underline;\"><span style=\"color: #00ccff; text-decoration: underline;\"><a href=\"https:\/\/m-acryl.hu\/kiegeszitok\/elolapok-es-oldallapok\" target=\"_blank\" rel=\"noopener\" style=\"color: #00ccff; text-decoration: underline;\">el\u0151- \u00e9s oldallapok<\/a><\/span><\/span>, a megfelel\u0151 v\u00edzz\u00e1r\u00e1sr\u00f3l pedig a szakszer\u0171 be\u00e9p\u00edt\u00e9s \u00e9s be\u00e1ll\u00edt\u00e1s gondoskodik. Falaz\u00e1s eset\u00e9n a k\u00e1dnak nem a saj\u00e1t l\u00e1b\u00e1n kell meg\u00e1llnia, hanem er\u0151s t\u00e1maszt is kap, \u00edgy elker\u00fclhet\u0151 az, hogy a ki- \u00e9s besz\u00e1ll\u00e1s sor\u00e1n recsegjen, esetleg id\u0151vel elmozduljon. Ebben az esetben sem kell a kifr\u00f6ccsen\u0151 v\u00edz miatt agg\u00f3dnia, hiszen az nem juthat be a k\u00e1d m\u00f6g\u00f6tti z\u00e1rt ter\u00fcletre.<\/p>\n<p>B\u00e1r a be\u00e9p\u00edtett k\u00e1d ugyanannyi helyet foglal el, mint a <span style=\"text-decoration: underline;\"><span style=\"color: #00ccff; text-decoration: underline;\"><a href=\"https:\/\/m-acryl.hu\/szabadon-allo-kad\" target=\"_blank\" rel=\"noopener\" style=\"color: #00ccff; text-decoration: underline;\">szabadon \u00e1ll\u00f3<\/a><\/span><\/span>, eset\u00e9ben <strong>k\u00f6nnyen kialak\u00edthatunk t\u00e1rol\u00f3kat, polcokat is<\/strong>, \u00edgy egy kisebb f\u00fcrd\u0151szob\u00e1ban ak\u00e1r helyet is megsp\u00f3rolhat ezzel a megold\u00e1ssal. A k\u00e1d magass\u00e1g\u00e1t szabadon megv\u00e1laszthatja, s\u0151t ak\u00e1r l\u00e9pcs\u0151t is \u00e9p\u00edthet el\u00e9, ezzel megk\u00f6nny\u00edtve a ki- \u00e9s bel\u00e9p\u00e9st \u2013 a lehet\u0151s\u00e9geknek csak a k\u00e9pzelete szabhat hat\u00e1rt.<\/p>\n<p>[\/et_pb_text][et_pb_image src=&#8221;https:\/\/m-acryl.hu\/kad-kisokos\/wp-content\/uploads\/2024\/12\/Azalia-aszimmetrikus-akril-kad.jpg&#8221; alt=&#8221;Az\u00e1lia aszimmetrikus akril k\u00e1d&#8221; title_text=&#8221;Azalia-aszimmetrikus-akril-kad&#8221; _builder_version=&#8221;4.27.4&#8243; _module_preset=&#8221;default&#8221; global_colors_info=&#8221;{}&#8221;][\/et_pb_image][et_pb_text _builder_version=&#8221;4.27.4&#8243; _module_preset=&#8221;default&#8221; text_font_size=&#8221;16px&#8221; ul_font_size=&#8221;16px&#8221; ul_line_height=&#8221;1.7em&#8221; ol_font_size=&#8221;16px&#8221; ol_line_height=&#8221;1.7em&#8221; custom_margin=&#8221;5%||6px||false|false&#8221; custom_padding=&#8221;||2px|||&#8221; global_colors_info=&#8221;{}&#8221;]<\/p>\n<h2>Mi\u00e9rt \u00e9rdemes Ytong falazatot v\u00e1lasztani?<\/h2>\n<p>[\/et_pb_text][et_pb_text _builder_version=&#8221;4.27.4&#8243; _module_preset=&#8221;default&#8221; text_font_size=&#8221;16px&#8221; ul_font_size=&#8221;16px&#8221; ul_line_height=&#8221;1.7em&#8221; ol_font_size=&#8221;16px&#8221; ol_line_height=&#8221;1.7em&#8221; custom_margin=&#8221;-0.5%||||false|false&#8221; custom_padding=&#8221;||2px|||&#8221; global_colors_info=&#8221;{}&#8221;]<\/p>\n<p>A <span style=\"text-decoration: underline; color: #00ccff;\"><a href=\"https:\/\/m-acryl.hu\/kad-beepitese\" target=\"_blank\" rel=\"noopener\" style=\"color: #00ccff; text-decoration: underline;\">k\u00e1d be\u00e9p\u00edt\u00e9s\u00e9hez<\/a><\/span> ak\u00e1r hagyom\u00e1nyos t\u00e9gl\u00e1t is v\u00e1laszthatunk, fontos azonban tudni, hogy ez esetben egy el\u00e1z\u00e1s komoly szerkezeti probl\u00e9m\u00e1kat okozhat \u2013 az <strong>Ytong vagy g\u00e1zbeton j\u00f3l b\u00edrja a vizet, ha nedvess\u00e9g \u00e9ri, ki tud sz\u00e1radni, <\/strong>\u00edgy nem lesz sz\u00fcks\u00e9g \u00fajabb bont\u00e1sra \u00e9s cser\u00e9re.<\/p>\n<p>Az Ytong r\u00e1ad\u00e1sul <strong>k\u00f6nny\u0171, j\u00f3l v\u00e1ghat\u00f3 \u00e9s alak\u00edthat\u00f3<\/strong> ak\u00e1r egy egyszer\u0171 f\u0171r\u00e9sz seg\u00edts\u00e9g\u00e9vel is, a v\u00e1g\u00e1si marad\u00e9k pedig be\u00e9p\u00edthet\u0151, \u00edgy jelent\u0151s mennyis\u00e9g\u0171 hullad\u00e9kra sem kell sz\u00e1m\u00edtani. Ez a t\u00e9gla a szil\u00e1rd, biztons\u00e1gos tart\u00e1sr\u00f3l is gondoskodik, az \u00e9p\u00edt\u0151elemek pedig <strong>kiv\u00e1l\u00f3 h\u0151szigetel\u0151 tulajdons\u00e1ggal rendelkeznek<\/strong>, ami a f\u00fcrd\u0151szob\u00e1ban nem utols\u00f3 szempont.<\/p>\n<p>[\/et_pb_text][et_pb_text _builder_version=&#8221;4.27.4&#8243; _module_preset=&#8221;default&#8221; text_font_size=&#8221;16px&#8221; ul_font_size=&#8221;16px&#8221; ul_line_height=&#8221;1.7em&#8221; ol_font_size=&#8221;16px&#8221; ol_line_height=&#8221;1.7em&#8221; custom_margin=&#8221;5%||||false|false&#8221; custom_padding=&#8221;||2px|||&#8221; global_colors_info=&#8221;{}&#8221;]<\/p>\n<h2>A be\u00e9p\u00edt\u00e9s l\u00e9p\u00e9sei<\/h2>\n<p>A k\u00e1d beszerz\u00e9s\u00e9t k\u00f6vet\u0151en el\u0151sz\u00f6r is tiszt\u00e1zzuk azt, hogy pontosan <strong>hol, milyen magass\u00e1gban szeretn\u00e9nk azt elhelyezni<\/strong> \u2013 <strong>minden k\u00fcl\u00f6nleges ig\u00e9nyt a folyamat megkezd\u00e9se el\u0151tt kell \u00e1tgondolni<\/strong>. A k\u00e1don elhelyezett v\u00e9d\u0151f\u00f3li\u00e1t m\u00e9g ne t\u00e1vol\u00edtsuk el, ezzel ugyanis elker\u00fclhetj\u00fck az apr\u00f3 s\u00e9r\u00fcl\u00e9seket, de annak alj\u00e1t \u00e9rdemes egy vastag kartonpap\u00edrral is letakarni az esetlegesen r\u00e1es\u0151 t\u00e1rgyak elleni v\u00e9delem \u00e9rdek\u00e9ben.<\/p>\n<p>\u00c9rdemes tudnia, hogy <strong>az M-Acryl k\u00e1dakhoz aj\u00e1nd\u00e9k k\u00e1dl\u00e1b \u00e9s peremr\u00f6gz\u00edt\u0151 is tartozik<\/strong>, amelyek megk\u00f6nny\u00edtik a be\u00e9p\u00edt\u00e9st. Fontos azonban figyelembe vennie, hogy az akril k\u00e1dak be\u00e9p\u00edt\u00e9se elt\u00e9r a lemezk\u00e1dak\u00e9t\u00f3l: csak a burkol\u00e1s ut\u00e1n, a teljesen megsz\u00e1radt fug\u00e1kra, csemp\u00e9kre ker\u00fclhetnek a hely\u00fckre. Emellett az akril k\u00e1dak perem\u00e9re tilos burkolni, mivel a haszn\u00e1lat sor\u00e1n a k\u00e1d term\u00e9szetes mozg\u00e1sa miatt ez fesz\u00fclts\u00e9get okozhat, amely id\u0151vel k\u00e1ros\u00edthatja az anyagot.<\/p>\n<p>[\/et_pb_text][et_pb_image src=&#8221;https:\/\/m-acryl.hu\/kad-kisokos\/wp-content\/uploads\/2023\/02\/macryl_ajandek_kadlab_es_peremrogzitoV2.jpg&#8221; alt=&#8221;M-Acryl aj\u00e1nd\u00e9k k\u00e1dl\u00e1b \u00e9s peremr\u00f6gz\u00edt\u0151&#8221; title_text=&#8221;macryl_ajandek_kadlab_es_peremrogzitoV2&#8243; _builder_version=&#8221;4.27.4&#8243; _module_preset=&#8221;default&#8221; global_colors_info=&#8221;{}&#8221;][\/et_pb_image][et_pb_text _builder_version=&#8221;4.27.4&#8243; _module_preset=&#8221;default&#8221; text_font_size=&#8221;16px&#8221; ul_font_size=&#8221;16px&#8221; ul_line_height=&#8221;1.7em&#8221; ol_font_size=&#8221;16px&#8221; ol_line_height=&#8221;1.7em&#8221; custom_margin=&#8221;5%||||false|false&#8221; custom_padding=&#8221;||2px|||&#8221; global_colors_info=&#8221;{}&#8221;]<\/p>\n<h3>A ter\u00fclet el\u0151k\u00e9sz\u00edt\u00e9se<\/h3>\n<p>Az els\u0151 l\u00e9p\u00e9s legyen az apr\u00f3 hib\u00e1k kijav\u00edt\u00e1sa \u00e9s <strong>a ter\u00fclet alapos tiszt\u00edt\u00e1sa<\/strong> \u2013 ez minden \u00e9p\u00edt\u00e9si munk\u00e1lat eset\u00e9ben rendk\u00edv\u00fcl fontos. Gondoskodjon a k\u00e1d alatti \u00e9s melletti fel\u00fclet <strong>v\u00edzszigetel\u00e9s\u00e9r\u0151l<\/strong>, ez ugyanis egy extra v\u00e9delmet jelent egy esetleges be\u00e1z\u00e1s eset\u00e9re.<\/p>\n<p>[\/et_pb_text][et_pb_image src=&#8221;https:\/\/m-acryl.hu\/kad-kisokos\/wp-content\/uploads\/2025\/03\/GRAFIT-2025-03-17T144031.229.jpg&#8221; alt=&#8221;Akril k\u00e1d be\u00e9p\u00edt\u00e9s ytonggal v\u00edzszigetel\u00e9s&#8221; title_text=&#8221;akril-kad-beepites-ytong&#8221; _builder_version=&#8221;4.27.4&#8243; _module_preset=&#8221;default&#8221; global_colors_info=&#8221;{}&#8221;][\/et_pb_image][et_pb_text _builder_version=&#8221;4.27.4&#8243; _module_preset=&#8221;default&#8221; text_font_size=&#8221;16px&#8221; ul_font_size=&#8221;16px&#8221; ul_line_height=&#8221;1.7em&#8221; ol_font_size=&#8221;16px&#8221; ol_line_height=&#8221;1.7em&#8221; custom_margin=&#8221;5%||||false|false&#8221; custom_padding=&#8221;||2px|||&#8221; global_colors_info=&#8221;{}&#8221;]<\/p>\n<h3>K\u00e1d elhelyez\u00e9se \u00e9s be\u00e1ll\u00edt\u00e1sa<\/h3>\n<p>A k\u00e1dat illessze a hely\u00e9re, <strong>gondoskodjon a szintez\u00e9sr\u0151l, csatlakoztassa a szifonokat \u00e9s tesztelje a lefoly\u00f3t<\/strong> \u2013 ebben a f\u00e1zisban \u00e9rdemes v\u00edzszerel\u0151 seg\u00edts\u00e9g\u00e9t k\u00e9rnie az esetleges hib\u00e1k elker\u00fcl\u00e9se \u00e9rdek\u00e9ben.<\/p>\n<p><strong>A peremr\u00f6gz\u00edt\u0151k seg\u00edtenek a megfelel\u0151 r\u00f6gz\u00edt\u00e9sben<\/strong>, de teherhord\u00f3 szerepet nem t\u00f6ltenek be \u2013 ezt a feladatot a v\u00edzszintezhet\u0151 k\u00e1dl\u00e1b l\u00e1tja el.<\/p>\n<p>Ha m\u00e9g stabilabb \u00e9s hossz\u00fa t\u00e1von is megb\u00edzhat\u00f3 megold\u00e1st keres, a <span style=\"text-decoration: underline; color: #00ccff;\"><a href=\"https:\/\/m-acryl.hu\/termekek\/egyeb\/kompakt-vazszerkezet\" target=\"_blank\" rel=\"noopener\" style=\"color: #00ccff; text-decoration: underline;\">kompakt v\u00e1zszerkezet<\/a><\/span> kiv\u00e1l\u00f3 alternat\u00edv\u00e1t jelenthet. Ez a massz\u00edv szerkezet nemcsak a k\u00e1d alj\u00e1t, hanem a <strong>sarkakat is megt\u00e1masztja, \u00edgy biztos\u00edtja a t\u00f6k\u00e9letes stabilit\u00e1st.<\/strong> <span style=\"text-decoration: underline;\"><span style=\"color: #00ccff; text-decoration: underline;\"><a href=\"https:\/\/m-acryl.hu\/egyenes-kad\" target=\"_blank\" rel=\"noopener\" style=\"color: #00ccff; text-decoration: underline;\">Egyenes k\u00e1dakn\u00e1l<\/a><\/span><\/span> nyolc, <span style=\"text-decoration: underline;\"><span style=\"color: #00ccff; text-decoration: underline;\"><a href=\"https:\/\/m-acryl.hu\/sarokkad\" target=\"_blank\" rel=\"noopener\" style=\"color: #00ccff; text-decoration: underline;\">sarokk\u00e1dakn\u00e1l<\/a><\/span><\/span> h\u00e9t pontos r\u00f6gz\u00edt\u00e9st ny\u00fajt, mik\u00f6zben a be\u00e9p\u00edt\u00e9se rendk\u00edv\u00fcl gyors \u00e9s egyszer\u0171. A helysz\u00ednen m\u00e1r csak a v\u00edzszintet kell be\u00e1ll\u00edtani, valamint szilikonnal t\u00f6m\u00edteni a fal \u00e9s a k\u00e1d pereme k\u00f6z\u00f6tti r\u00e9st.<\/p>\n<p>[\/et_pb_text][et_pb_image src=&#8221;https:\/\/m-acryl.hu\/kad-kisokos\/wp-content\/uploads\/2020\/02\/Lecke-GFXMia-akril-ka\u0301d-copy-4.jpg&#8221; alt=&#8221;Kompakt v\u00e1zszerkezet&#8221; title_text=&#8221;Kompakt v\u00e1zszerkezet&#8221; url=&#8221;https:\/\/m-acryl.hu\/termekek\/egyeb\/kompakt-vazszerkezet&#8221; _builder_version=&#8221;4.27.4&#8243; _module_preset=&#8221;default&#8221; global_colors_info=&#8221;{}&#8221;][\/et_pb_image][et_pb_text _builder_version=&#8221;4.27.4&#8243; _module_preset=&#8221;default&#8221; text_font_size=&#8221;16px&#8221; ul_font_size=&#8221;16px&#8221; ul_line_height=&#8221;1.7em&#8221; ol_font_size=&#8221;16px&#8221; ol_line_height=&#8221;1.7em&#8221; custom_margin=&#8221;5%||||false|false&#8221; custom_padding=&#8221;||2px|||&#8221; global_colors_info=&#8221;{}&#8221;]<\/p>\n<h3>Falaz\u00e1s<\/h3>\n<p>\u00c9p\u00edtse fel a be\u00e9p\u00edtett k\u00e1d el\u0151fal\u00e1t, ennek sor\u00e1n pedig vegye figyelembe a csemp\u00e9k vastags\u00e1g\u00e1t is, hiszen nem ny\u00fajt eszt\u00e9tikus l\u00e1tv\u00e1nyt az, ha a csempe kil\u00f3g a s\u00edkb\u00f3l. <strong>Az elemeket r\u00f6gz\u00edtse habarccsal vagy p\u00f3rusbeton ragaszt\u00f3val<\/strong>, majd sz\u00e1rad\u00e1s ut\u00e1n ker\u00fclj\u00f6n az Ytong-t\u00e9gl\u00e1kra egy <strong>v\u00edzz\u00e1r\u00f3 r\u00e9teg<\/strong>.<\/p>\n<p>[\/et_pb_text][et_pb_text _builder_version=&#8221;4.27.4&#8243; _module_preset=&#8221;default&#8221; text_font_size=&#8221;16px&#8221; ul_font_size=&#8221;16px&#8221; ul_line_height=&#8221;1.7em&#8221; ol_font_size=&#8221;16px&#8221; ol_line_height=&#8221;1.7em&#8221; custom_margin=&#8221;5%||||false|false&#8221; custom_padding=&#8221;||2px|||&#8221; global_colors_info=&#8221;{}&#8221;]<\/p>\n<h3>Csemp\u00e9z\u00e9s<\/h3>\n<p>A ragaszt\u00f3 megk\u00f6t\u00e9se, a teljes sz\u00e1rad\u00e1s ut\u00e1n ragassza fel a burkol\u00f3lapokat, gondoskodjon a fug\u00e1z\u00e1sr\u00f3l, ennek sor\u00e1n pedig ne feledkezzen meg a <strong>szerel\u0151ny\u00edl\u00e1s<\/strong> l\u00e9trehoz\u00e1s\u00e1r\u00f3l sem.<\/p>\n<p>[\/et_pb_text][et_pb_text _builder_version=&#8221;4.27.4&#8243; _module_preset=&#8221;default&#8221; text_font_size=&#8221;16px&#8221; ul_font_size=&#8221;16px&#8221; ul_line_height=&#8221;1.7em&#8221; ol_font_size=&#8221;16px&#8221; ol_line_height=&#8221;1.7em&#8221; custom_margin=&#8221;5%||||false|false&#8221; custom_padding=&#8221;||2px|||&#8221; global_colors_info=&#8221;{}&#8221;]<\/p>\n<h2>Mire figyeljen a tervez\u00e9s \u00e9s a kivitelez\u00e9s sor\u00e1n?<\/h2>\n<p>A sikeres be\u00e9p\u00edt\u00e9s \u00e9rdek\u00e9ben n\u00e9h\u00e1ny fontos szempontot mindenk\u00e9ppen \u00e9rdemes figyelembe vennie.<\/p>\n<ul>\n<li>A k\u00e1d kiv\u00e1laszt\u00e1sa sor\u00e1n \u00fcgyeljen a f\u00fcrd\u0151szoba <strong>m\u00e9ret\u00e9re<\/strong> \u00e9s arra, hogy a helyis\u00e9get a be\u00e9p\u00edt\u00e9st k\u00f6vet\u0151en is k\u00e9nyelmesen tudja haszn\u00e1lni.<\/li>\n<li>A <strong>v\u00edzszintez\u00e9s<\/strong>, a der\u00e9ksz\u00f6gek ellen\u0151rz\u00e9se elengedhetetlen ahhoz, hogy val\u00f3ban eszt\u00e9tikus \u00e9s megb\u00edzhat\u00f3 legyen a v\u00e9geredm\u00e9ny.<\/li>\n<li>Egy f\u00fcrd\u0151szob\u00e1ban a <strong>v\u00edzszigetel\u00e9s<\/strong> a legfontosabb szempont: err\u0151l m\u00e1r a be\u00e9p\u00edt\u00e9s el\u0151tt gondoskodjunk, ha ugyanis k\u00e9s\u0151bb a falak csatlakoz\u00e1s\u00e1n\u00e1l a t\u00f6m\u00edt\u00e9s megs\u00e9r\u00fclne, komolyabb k\u00e1rok kialakul\u00e1s\u00e1ra sz\u00e1m\u00edthat, amelyek ut\u00f3lagos elh\u00e1r\u00edt\u00e1sa nem lesz egyszer\u0171 feladat.<\/li>\n<li>A <strong>szerel\u0151ny\u00edl\u00e1s<\/strong> kialak\u00edt\u00e1sa ne maradjon el, hiszen egy k\u00e9s\u0151bbi jav\u00edt\u00e1s sz\u00fcks\u00e9gess\u00e9ge eset\u00e9n csak \u00edgy ker\u00fclheti el a bont\u00e1si munk\u00e1latokat. Ezt a ny\u00edl\u00e1st az automata lefoly\u00f3n\u00e1l c\u00e9lszer\u0171 kialak\u00edtani, \u00edgy k\u00f6nnyen hozz\u00e1 lehet f\u00e9rni ahhoz, ha b\u00e1rmi t\u00f6rt\u00e9nik a szifonnal, a bowdennel vagy a szerkezet b\u00e1rmely egy\u00e9b r\u00e9sz\u00e9vel.<\/li>\n<li>K\u00e9rjen seg\u00edts\u00e9get! A <span style=\"text-decoration: underline; color: #00ccff;\"><span style=\"text-decoration: underline;\"><a href=\"https:\/\/m-acryl.hu\/kad-beepitese\" target=\"_blank\" rel=\"noopener\" style=\"color: #00ccff; text-decoration: underline;\">k\u00e1d be\u00e9p\u00edt\u00e9s\u00e9t<\/a><\/span><\/span> ak\u00e1r saj\u00e1t kez\u0171leg is elv\u00e9gezheti, ha azonban b\u00e1rmely mozzanatn\u00e1l bizonytalan, forduljon szakemberhez, aki seg\u00edt a komolyabb hib\u00e1k elker\u00fcl\u00e9s\u00e9ben. A szakszer\u0171tlen be\u00e9p\u00edt\u00e9s, p\u00e9ld\u00e1ul az, ha a k\u00e1d nem a saj\u00e1t l\u00e1bain \u00e1ll, vagy ytonggal, t\u00e9gl\u00e1val ker\u00fcl al\u00e1t\u00e1maszt\u00e1sra, garanciaveszt\u00e9ssel is j\u00e1rhat.<\/li>\n<\/ul>\n<p>[\/et_pb_text][et_pb_image src=&#8221;https:\/\/m-acryl.hu\/kad-kisokos\/wp-content\/uploads\/2021\/08\/Sabina-Pro-enteriorkep-M-Acryl.jpg&#8221; alt=&#8221;M-Acryl Sabina Pro egyenes akril k\u00e1d&#8221; title_text=&#8221;Sabina Pro enteri\u0151rk\u00e9p M-Acryl&#8221; url=&#8221;https:\/\/m-acryl.hu\/termekek\/kulonleges-kad\/hera-akadalymentesitett-besetalos-akril-kad&#8221; _builder_version=&#8221;4.27.4&#8243; _module_preset=&#8221;default&#8221; global_colors_info=&#8221;{}&#8221;][\/et_pb_image][et_pb_text _builder_version=&#8221;4.27.4&#8243; _module_preset=&#8221;default&#8221; text_font_size=&#8221;16px&#8221; ul_font_size=&#8221;16px&#8221; ul_line_height=&#8221;1.7em&#8221; ol_font_size=&#8221;16px&#8221; ol_line_height=&#8221;1.7em&#8221; custom_margin=&#8221;5%||||false|false&#8221; custom_padding=&#8221;||2px|||&#8221; global_colors_info=&#8221;{}&#8221;]<\/p>\n<h2>Hozzon l\u00e9tre id\u0151t\u00e1ll\u00f3 f\u00fcrd\u0151szob\u00e1t az M-Acryl seg\u00edts\u00e9g\u00e9vel<\/h2>\n<p>Amikor <span style=\"text-decoration: underline; color: #00ccff;\"><a href=\"https:\/\/m-acryl.hu\/kad-kisokos\/utmutato-kadvasarlashoz-majdnem-minden-amit-dontes-elott-at-kell-gondolnia\/\" target=\"_blank\" rel=\"noopener\" style=\"color: #00ccff; text-decoration: underline;\">k\u00e1dat v\u00e1s\u00e1rol<\/a><\/span>, \u00e9rdemes okosan d\u00f6ntenie: ez egy nagy beruh\u00e1z\u00e1s, ami hossz\u00fa t\u00e1von biztosan kifizet\u0151dik. <strong>Az akril k\u00e1dakkal nem l\u0151het mell\u00e9, hiszen ez a tart\u00f3s \u00e9s gy\u00f6ny\u00f6r\u0171 anyag<\/strong> <strong>\u00e9vekig k\u00e9pes kiszolg\u00e1lni az eg\u00e9sz csal\u00e1dot.<\/strong> Az M-Acryl k\u00edn\u00e1lat\u00e1ban sz\u00e1mos v\u00e1ltozat tal\u00e1lhat\u00f3 meg k\u00fcl\u00f6nb\u00f6z\u0151 kivitelben, \u00edgy seg\u00edts\u00e9g\u00fckkel b\u00e1rmilyen elk\u00e9pzel\u00e9st megval\u00f3s\u00edthat, r\u00e1ad\u00e1sul 10 \u00e9ves garanci\u00e1t biztos\u00edtunk valamennyi modell\u00fcnk megv\u00e1s\u00e1rl\u00e1sa eset\u00e9n.<\/p>\n<p>Ahhoz azonban, hogy k\u00e1dj\u00e1b\u00f3l a maximumot hozza ki, \u00d6nnek is tennie kell: gondolja \u00e1t a k\u00e1dv\u00e1laszt\u00e1s legfontosabb szempontjait, \u00e9s igaz\u00edtsa ehhez a d\u00f6nt\u00e9s\u00e9t. Az <span style=\"text-decoration: underline; color: #00ccff;\"><a href=\"https:\/\/m-acryl.hu\/akril-kad\" target=\"_blank\" rel=\"noopener\" style=\"color: #00ccff; text-decoration: underline;\">akril k\u00e1d<\/a><\/span> be\u00e9p\u00edt\u00e9se Ytong falazattal az egyik legjobb megold\u00e1s, ha szeretne eszt\u00e9tikus \u00e9s id\u0151t\u00e1ll\u00f3 f\u00fcrd\u0151szob\u00e1t kialak\u00edtani.<\/p>\n<p>[\/et_pb_text][et_pb_image src=&#8221;https:\/\/m-acryl.hu\/kad-kisokos\/wp-content\/uploads\/2020\/02\/Mia-web.jpg&#8221; alt=&#8221;M-Acryl Mia Slim egyenes k\u00e1d&#8221; title_text=&#8221;M-Acryl Mia Slim egyenes k\u00e1d&#8221; url=&#8221;https:\/\/m-acryl.hu\/termekek\/kulonleges-kad\/hera-akadalymentesitett-besetalos-akril-kad&#8221; _builder_version=&#8221;4.27.4&#8243; _module_preset=&#8221;default&#8221; global_colors_info=&#8221;{}&#8221;][\/et_pb_image][\/et_pb_column][\/et_pb_row][\/et_pb_section][et_pb_section fb_built=&#8221;1&#8243; fullwidth=&#8221;on&#8221; _builder_version=&#8221;4.27.2&#8243; _module_preset=&#8221;default&#8221; global_colors_info=&#8221;{}&#8221;][\/et_pb_section][et_pb_section fb_built=&#8221;1&#8243; _builder_version=&#8221;4.16&#8243; background_color=&#8221;#f0f0f0&#8243; custom_margin=&#8221;||0px|||&#8221; custom_padding=&#8221;9px||1px|||&#8221; top_divider_height=&#8221;25px&#8221; border_width_all=&#8221;23px&#8221; border_color_all=&#8221;#e2e2e2&#8243; locked=&#8221;off&#8221; collapsed=&#8221;on&#8221; global_colors_info=&#8221;{}&#8221;][et_pb_row _builder_version=&#8221;4.16&#8243; width=&#8221;70%&#8221; width_tablet=&#8221;&#8221; width_phone=&#8221;90%&#8221; width_last_edited=&#8221;on|phone&#8221; min_height=&#8221;636px&#8221; custom_margin=&#8221;40px|auto||auto||&#8221; global_colors_info=&#8221;{}&#8221;][et_pb_column type=&#8221;4_4&#8243; _builder_version=&#8221;4.16&#8243; global_colors_info=&#8221;{}&#8221;][et_pb_blurb use_icon=&#8221;on&#8221; font_icon=&#8221;&#xe010;||divi||400&#8243; icon_color=&#8221;#c5d300&#8243; image_icon_width=&#8221;108px&#8221; content_max_width=&#8221;687px&#8221; _builder_version=&#8221;4.16&#8243; header_level=&#8221;h2&#8243; body_text_color=&#8221;#424242&#8243; body_font_size=&#8221;17px&#8221; custom_margin=&#8221;|0px|0px|0px|false|false&#8221; custom_padding=&#8221;|0px||0px|false|false&#8221; icon_font_size=&#8221;108px&#8221; global_colors_info=&#8221;{}&#8221;][\/et_pb_blurb][et_pb_text _builder_version=&#8221;4.16&#8243; header_text_align=&#8221;center&#8221; custom_margin=&#8221;6px||6px||true|false&#8221; global_colors_info=&#8221;{}&#8221;]<\/p>\n<h2 style=\"text-align: center;\">Cikksorozatunk tov\u00e1bbi r\u00e9szei is v\u00e1rj\u00e1k \u00f6nt.<\/h2>\n<p>[\/et_pb_text][et_pb_text _builder_version=&#8221;4.16&#8243; text_text_color=&#8221;#FFFFFF&#8221; text_font_size=&#8221;17px&#8221; text_line_height=&#8221;1.6em&#8221; custom_padding=&#8221;||2px|||&#8221; global_colors_info=&#8221;{}&#8221;]<\/p>\n<p style=\"text-align: center;\"><span style=\"color: #333333;\">K\u00e9rje tov\u00e1bbi inspir\u00e1l\u00f3 \u00e9s szak\u00e9rt\u0151i cikkeinket a f\u00fcrd\u0151k\u00e1d t\u00e9m\u00e1ban. Adja meg e-mail c\u00edm\u00e9t, hogy tov\u00e1bbi hasznos tartalmakat k\u00fcldhess\u00fcnk \u00d6nnek.<br \/>\n<\/span><\/p>\n<p>[\/et_pb_text][et_pb_code _builder_version=&#8221;4.16&#8243; background_color=&#8221;rgba(0,0,0,0)&#8221; custom_padding=&#8221;||0px|||&#8221; animation_style=&#8221;fade&#8221; global_colors_info=&#8221;{}&#8221;]<\/p>\n<div id=\"mmform201115\" class=\"mmform\" style=\"position: relative; padding-bottom: 300px; height: 0; overflow: hidden; max-width: 100%;\"><\/div>\n<p><!-- [et_pb_line_break_holder] --><!-- [et_pb_line_break_holder] --><!-- [et_pb_line_break_holder] --><!-- [et_pb_line_break_holder] --><!-- [et_pb_line_break_holder] --><script type=\"text\/javascript\"><!-- [et_pb_line_break_holder] -->var uniqueId = 2011151587117327,listId = 104491,formId = 201115,iwidth=115,mmDomain='salesautopilot.s3.amazonaws.com',secondMMDomain='sw.marketingszoftverek.hu',spancont=false,secure=('https:' == document.location.protocol)?true:false;<!-- [et_pb_line_break_holder] --><\/script><!-- [et_pb_line_break_holder] --><script type=\"text\/javascript\" src=\"https:\/\/d1ursyhqs5x9h1.cloudfront.net\/sw\/scripts\/mm-embed-iframe-1.15.min.js\"><\/script>[\/et_pb_code][\/et_pb_column][\/et_pb_row][\/et_pb_section]<\/p>\n","protected":false},"excerpt":{"rendered":"<p>A f\u00fcrd\u0151szoba kialak\u00edt\u00e1sa sor\u00e1n t\u00f6rekedjen a tart\u00f3s megold\u00e1sokra: ha az akril k\u00e1d be\u00e9p\u00edt\u00e9se ytong t\u00e9gl\u00e1val t\u00f6rt\u00e9nik, a min\u0151s\u00e9gi eredm\u00e9ny garant\u00e1lt.<\/p>\n","protected":false},"author":7,"featured_media":6727,"comment_status":"closed","ping_status":"open","sticky":false,"template":"","format":"standard","meta":{"_et_pb_use_builder":"on","_et_pb_old_content":"","_et_gb_content_width":"","footnotes":""},"categories":[1,69],"tags":[176],"class_list":["post-6726","post","type-post","status-publish","format-standard","has-post-thumbnail","hentry","category-egyeb","category-kozlemeny","tag-akril-kad-ytong","et-has-post-format-content","et_post_format-et-post-format-standard"],"yoast_head":"<!-- This site is optimized with the Yoast SEO plugin v26.6 - https:\/\/yoast.com\/wordpress\/plugins\/seo\/ -->\n<title>Akril k\u00e1d be\u00e9p\u00edt\u00e9se ytong falazattal - K\u00e1d kisokos<\/title>\n<meta name=\"description\" content=\"A f\u00fcrd\u0151szoba kialak\u00edt\u00e1sa sor\u00e1n t\u00f6rekedjen a tart\u00f3s megold\u00e1sokra: ha az akril k\u00e1d be\u00e9p\u00edt\u00e9se ytong t\u00e9gl\u00e1val t\u00f6rt\u00e9nik, a min\u0151s\u00e9gi eredm\u00e9ny garant\u00e1lt. N\u00e9zze meg, mi\u00e9rt!\" \/>\n<meta name=\"robots\" content=\"index, nofollow, max-snippet:-1, max-image-preview:large, max-video-preview:-1\" \/>\n<link rel=\"canonical\" href=\"https:\/\/m-acryl.hu\/kad-kisokos\/akril-kad-beepites-ytong\/\" \/>\n<meta property=\"og:locale\" content=\"hu_HU\" \/>\n<meta property=\"og:type\" content=\"article\" \/>\n<meta property=\"og:title\" content=\"Akril k\u00e1d be\u00e9p\u00edt\u00e9se ytong falazattal - K\u00e1d kisokos\" \/>\n<meta property=\"og:description\" content=\"A f\u00fcrd\u0151szoba kialak\u00edt\u00e1sa sor\u00e1n t\u00f6rekedjen a tart\u00f3s megold\u00e1sokra: ha az akril k\u00e1d be\u00e9p\u00edt\u00e9se ytong t\u00e9gl\u00e1val t\u00f6rt\u00e9nik, a min\u0151s\u00e9gi eredm\u00e9ny garant\u00e1lt. N\u00e9zze meg, mi\u00e9rt!\" \/>\n<meta property=\"og:url\" content=\"https:\/\/m-acryl.hu\/kad-kisokos\/akril-kad-beepites-ytong\/\" \/>\n<meta property=\"og:site_name\" content=\"K\u00e1d kisokos\" \/>\n<meta property=\"article:published_time\" content=\"2025-05-27T07:21:34+00:00\" \/>\n<meta property=\"article:modified_time\" content=\"2025-05-27T07:21:37+00:00\" \/>\n<meta property=\"og:image\" content=\"https:\/\/m-acryl.hu\/kad-kisokos\/wp-content\/uploads\/2025\/03\/GRAFIT-2025-03-17T132812.384.jpg\" \/>\n\t<meta property=\"og:image:width\" content=\"940\" \/>\n\t<meta property=\"og:image:height\" content=\"788\" \/>\n\t<meta property=\"og:image:type\" content=\"image\/jpeg\" \/>\n<meta name=\"author\" content=\"Sipos Saci\" \/>\n<meta name=\"twitter:card\" content=\"summary_large_image\" \/>\n<meta name=\"twitter:title\" content=\"K\u00e1d kisokos\" \/>\n<meta name=\"twitter:label1\" content=\"Szerz\u0151:\" \/>\n\t<meta name=\"twitter:data1\" content=\"Sipos Saci\" \/>\n\t<meta name=\"twitter:label2\" content=\"Becs\u00fclt olvas\u00e1si id\u0151\" \/>\n\t<meta name=\"twitter:data2\" content=\"9 perc\" \/>\n<script type=\"application\/ld+json\" class=\"yoast-schema-graph\">{\"@context\":\"https:\/\/schema.org\",\"@graph\":[{\"@type\":\"WebPage\",\"@id\":\"https:\/\/m-acryl.hu\/kad-kisokos\/akril-kad-beepites-ytong\/\",\"url\":\"https:\/\/m-acryl.hu\/kad-kisokos\/akril-kad-beepites-ytong\/\",\"name\":\"Akril k\u00e1d be\u00e9p\u00edt\u00e9se ytong falazattal - K\u00e1d kisokos\",\"isPartOf\":{\"@id\":\"https:\/\/m-acryl.hu\/kad-kisokos\/#website\"},\"primaryImageOfPage\":{\"@id\":\"https:\/\/m-acryl.hu\/kad-kisokos\/akril-kad-beepites-ytong\/#primaryimage\"},\"image\":{\"@id\":\"https:\/\/m-acryl.hu\/kad-kisokos\/akril-kad-beepites-ytong\/#primaryimage\"},\"thumbnailUrl\":\"https:\/\/m-acryl.hu\/kad-kisokos\/wp-content\/uploads\/2025\/03\/GRAFIT-2025-03-17T132812.384.jpg\",\"datePublished\":\"2025-05-27T07:21:34+00:00\",\"dateModified\":\"2025-05-27T07:21:37+00:00\",\"author\":{\"@id\":\"https:\/\/m-acryl.hu\/kad-kisokos\/#\/schema\/person\/96303ce25b92eb52b68fdc7700430418\"},\"description\":\"A f\u00fcrd\u0151szoba kialak\u00edt\u00e1sa sor\u00e1n t\u00f6rekedjen a tart\u00f3s megold\u00e1sokra: ha az akril k\u00e1d be\u00e9p\u00edt\u00e9se ytong t\u00e9gl\u00e1val t\u00f6rt\u00e9nik, a min\u0151s\u00e9gi eredm\u00e9ny garant\u00e1lt. N\u00e9zze meg, mi\u00e9rt!\",\"breadcrumb\":{\"@id\":\"https:\/\/m-acryl.hu\/kad-kisokos\/akril-kad-beepites-ytong\/#breadcrumb\"},\"inLanguage\":\"hu\",\"potentialAction\":[{\"@type\":\"ReadAction\",\"target\":[\"https:\/\/m-acryl.hu\/kad-kisokos\/akril-kad-beepites-ytong\/\"]}]},{\"@type\":\"ImageObject\",\"inLanguage\":\"hu\",\"@id\":\"https:\/\/m-acryl.hu\/kad-kisokos\/akril-kad-beepites-ytong\/#primaryimage\",\"url\":\"https:\/\/m-acryl.hu\/kad-kisokos\/wp-content\/uploads\/2025\/03\/GRAFIT-2025-03-17T132812.384.jpg\",\"contentUrl\":\"https:\/\/m-acryl.hu\/kad-kisokos\/wp-content\/uploads\/2025\/03\/GRAFIT-2025-03-17T132812.384.jpg\",\"width\":940,\"height\":788,\"caption\":\"Akril k\u00e1d be\u00e9p\u00edt\u00e9s ytong\"},{\"@type\":\"BreadcrumbList\",\"@id\":\"https:\/\/m-acryl.hu\/kad-kisokos\/akril-kad-beepites-ytong\/#breadcrumb\",\"itemListElement\":[{\"@type\":\"ListItem\",\"position\":1,\"name\":\"Home\",\"item\":\"https:\/\/m-acryl.hu\/kad-kisokos\/\"},{\"@type\":\"ListItem\",\"position\":2,\"name\":\"Akril k\u00e1d be\u00e9p\u00edt\u00e9se ytong falazattal\"}]},{\"@type\":\"WebSite\",\"@id\":\"https:\/\/m-acryl.hu\/kad-kisokos\/#website\",\"url\":\"https:\/\/m-acryl.hu\/kad-kisokos\/\",\"name\":\"K\u00e1d kisokos\",\"description\":\"Az M-Acryl f\u00fcrd\u0151k\u00e1dakr\u00f3l k\u00f6z\u00e9rthet\u0151en\",\"potentialAction\":[{\"@type\":\"SearchAction\",\"target\":{\"@type\":\"EntryPoint\",\"urlTemplate\":\"https:\/\/m-acryl.hu\/kad-kisokos\/?s={search_term_string}\"},\"query-input\":{\"@type\":\"PropertyValueSpecification\",\"valueRequired\":true,\"valueName\":\"search_term_string\"}}],\"inLanguage\":\"hu\"},{\"@type\":\"Person\",\"@id\":\"https:\/\/m-acryl.hu\/kad-kisokos\/#\/schema\/person\/96303ce25b92eb52b68fdc7700430418\",\"name\":\"Sipos Saci\",\"image\":{\"@type\":\"ImageObject\",\"inLanguage\":\"hu\",\"@id\":\"https:\/\/m-acryl.hu\/kad-kisokos\/#\/schema\/person\/image\/\",\"url\":\"https:\/\/secure.gravatar.com\/avatar\/b3f6b226c90bc6c0e98060b62ba84046e34acf96d1a42ca247d8e29ba12bf5ef?s=96&d=mm&r=g\",\"contentUrl\":\"https:\/\/secure.gravatar.com\/avatar\/b3f6b226c90bc6c0e98060b62ba84046e34acf96d1a42ca247d8e29ba12bf5ef?s=96&d=mm&r=g\",\"caption\":\"Sipos Saci\"},\"url\":\"https:\/\/m-acryl.hu\/kad-kisokos\/author\/ssaci\/\"}]}<\/script>\n<!-- \/ Yoast SEO plugin. -->","yoast_head_json":{"title":"Akril k\u00e1d be\u00e9p\u00edt\u00e9se ytong falazattal - K\u00e1d kisokos","description":"A f\u00fcrd\u0151szoba kialak\u00edt\u00e1sa sor\u00e1n t\u00f6rekedjen a tart\u00f3s megold\u00e1sokra: ha az akril k\u00e1d be\u00e9p\u00edt\u00e9se ytong t\u00e9gl\u00e1val t\u00f6rt\u00e9nik, a min\u0151s\u00e9gi eredm\u00e9ny garant\u00e1lt. N\u00e9zze meg, mi\u00e9rt!","robots":{"index":"index","follow":"nofollow","max-snippet":"max-snippet:-1","max-image-preview":"max-image-preview:large","max-video-preview":"max-video-preview:-1"},"canonical":"https:\/\/m-acryl.hu\/kad-kisokos\/akril-kad-beepites-ytong\/","og_locale":"hu_HU","og_type":"article","og_title":"Akril k\u00e1d be\u00e9p\u00edt\u00e9se ytong falazattal - K\u00e1d kisokos","og_description":"A f\u00fcrd\u0151szoba kialak\u00edt\u00e1sa sor\u00e1n t\u00f6rekedjen a tart\u00f3s megold\u00e1sokra: ha az akril k\u00e1d be\u00e9p\u00edt\u00e9se ytong t\u00e9gl\u00e1val t\u00f6rt\u00e9nik, a min\u0151s\u00e9gi eredm\u00e9ny garant\u00e1lt. N\u00e9zze meg, mi\u00e9rt!","og_url":"https:\/\/m-acryl.hu\/kad-kisokos\/akril-kad-beepites-ytong\/","og_site_name":"K\u00e1d kisokos","article_published_time":"2025-05-27T07:21:34+00:00","article_modified_time":"2025-05-27T07:21:37+00:00","og_image":[{"width":940,"height":788,"url":"https:\/\/m-acryl.hu\/kad-kisokos\/wp-content\/uploads\/2025\/03\/GRAFIT-2025-03-17T132812.384.jpg","type":"image\/jpeg"}],"author":"Sipos Saci","twitter_card":"summary_large_image","twitter_title":"K\u00e1d kisokos","twitter_misc":{"Szerz\u0151:":"Sipos Saci","Becs\u00fclt olvas\u00e1si id\u0151":"9 perc"},"schema":{"@context":"https:\/\/schema.org","@graph":[{"@type":"WebPage","@id":"https:\/\/m-acryl.hu\/kad-kisokos\/akril-kad-beepites-ytong\/","url":"https:\/\/m-acryl.hu\/kad-kisokos\/akril-kad-beepites-ytong\/","name":"Akril k\u00e1d be\u00e9p\u00edt\u00e9se ytong falazattal - K\u00e1d kisokos","isPartOf":{"@id":"https:\/\/m-acryl.hu\/kad-kisokos\/#website"},"primaryImageOfPage":{"@id":"https:\/\/m-acryl.hu\/kad-kisokos\/akril-kad-beepites-ytong\/#primaryimage"},"image":{"@id":"https:\/\/m-acryl.hu\/kad-kisokos\/akril-kad-beepites-ytong\/#primaryimage"},"thumbnailUrl":"https:\/\/m-acryl.hu\/kad-kisokos\/wp-content\/uploads\/2025\/03\/GRAFIT-2025-03-17T132812.384.jpg","datePublished":"2025-05-27T07:21:34+00:00","dateModified":"2025-05-27T07:21:37+00:00","author":{"@id":"https:\/\/m-acryl.hu\/kad-kisokos\/#\/schema\/person\/96303ce25b92eb52b68fdc7700430418"},"description":"A f\u00fcrd\u0151szoba kialak\u00edt\u00e1sa sor\u00e1n t\u00f6rekedjen a tart\u00f3s megold\u00e1sokra: ha az akril k\u00e1d be\u00e9p\u00edt\u00e9se ytong t\u00e9gl\u00e1val t\u00f6rt\u00e9nik, a min\u0151s\u00e9gi eredm\u00e9ny garant\u00e1lt. N\u00e9zze meg, mi\u00e9rt!","breadcrumb":{"@id":"https:\/\/m-acryl.hu\/kad-kisokos\/akril-kad-beepites-ytong\/#breadcrumb"},"inLanguage":"hu","potentialAction":[{"@type":"ReadAction","target":["https:\/\/m-acryl.hu\/kad-kisokos\/akril-kad-beepites-ytong\/"]}]},{"@type":"ImageObject","inLanguage":"hu","@id":"https:\/\/m-acryl.hu\/kad-kisokos\/akril-kad-beepites-ytong\/#primaryimage","url":"https:\/\/m-acryl.hu\/kad-kisokos\/wp-content\/uploads\/2025\/03\/GRAFIT-2025-03-17T132812.384.jpg","contentUrl":"https:\/\/m-acryl.hu\/kad-kisokos\/wp-content\/uploads\/2025\/03\/GRAFIT-2025-03-17T132812.384.jpg","width":940,"height":788,"caption":"Akril k\u00e1d be\u00e9p\u00edt\u00e9s ytong"},{"@type":"BreadcrumbList","@id":"https:\/\/m-acryl.hu\/kad-kisokos\/akril-kad-beepites-ytong\/#breadcrumb","itemListElement":[{"@type":"ListItem","position":1,"name":"Home","item":"https:\/\/m-acryl.hu\/kad-kisokos\/"},{"@type":"ListItem","position":2,"name":"Akril k\u00e1d be\u00e9p\u00edt\u00e9se ytong falazattal"}]},{"@type":"WebSite","@id":"https:\/\/m-acryl.hu\/kad-kisokos\/#website","url":"https:\/\/m-acryl.hu\/kad-kisokos\/","name":"K\u00e1d kisokos","description":"Az M-Acryl f\u00fcrd\u0151k\u00e1dakr\u00f3l k\u00f6z\u00e9rthet\u0151en","potentialAction":[{"@type":"SearchAction","target":{"@type":"EntryPoint","urlTemplate":"https:\/\/m-acryl.hu\/kad-kisokos\/?s={search_term_string}"},"query-input":{"@type":"PropertyValueSpecification","valueRequired":true,"valueName":"search_term_string"}}],"inLanguage":"hu"},{"@type":"Person","@id":"https:\/\/m-acryl.hu\/kad-kisokos\/#\/schema\/person\/96303ce25b92eb52b68fdc7700430418","name":"Sipos Saci","image":{"@type":"ImageObject","inLanguage":"hu","@id":"https:\/\/m-acryl.hu\/kad-kisokos\/#\/schema\/person\/image\/","url":"https:\/\/secure.gravatar.com\/avatar\/b3f6b226c90bc6c0e98060b62ba84046e34acf96d1a42ca247d8e29ba12bf5ef?s=96&d=mm&r=g","contentUrl":"https:\/\/secure.gravatar.com\/avatar\/b3f6b226c90bc6c0e98060b62ba84046e34acf96d1a42ca247d8e29ba12bf5ef?s=96&d=mm&r=g","caption":"Sipos Saci"},"url":"https:\/\/m-acryl.hu\/kad-kisokos\/author\/ssaci\/"}]}},"_links":{"self":[{"href":"https:\/\/m-acryl.hu\/kad-kisokos\/wp-json\/wp\/v2\/posts\/6726","targetHints":{"allow":["GET"]}}],"collection":[{"href":"https:\/\/m-acryl.hu\/kad-kisokos\/wp-json\/wp\/v2\/posts"}],"about":[{"href":"https:\/\/m-acryl.hu\/kad-kisokos\/wp-json\/wp\/v2\/types\/post"}],"author":[{"embeddable":true,"href":"https:\/\/m-acryl.hu\/kad-kisokos\/wp-json\/wp\/v2\/users\/7"}],"replies":[{"embeddable":true,"href":"https:\/\/m-acryl.hu\/kad-kisokos\/wp-json\/wp\/v2\/comments?post=6726"}],"version-history":[{"count":14,"href":"https:\/\/m-acryl.hu\/kad-kisokos\/wp-json\/wp\/v2\/posts\/6726\/revisions"}],"predecessor-version":[{"id":6979,"href":"https:\/\/m-acryl.hu\/kad-kisokos\/wp-json\/wp\/v2\/posts\/6726\/revisions\/6979"}],"wp:featuredmedia":[{"embeddable":true,"href":"https:\/\/m-acryl.hu\/kad-kisokos\/wp-json\/wp\/v2\/media\/6727"}],"wp:attachment":[{"href":"https:\/\/m-acryl.hu\/kad-kisokos\/wp-json\/wp\/v2\/media?parent=6726"}],"wp:term":[{"taxonomy":"category","embeddable":true,"href":"https:\/\/m-acryl.hu\/kad-kisokos\/wp-json\/wp\/v2\/categories?post=6726"},{"taxonomy":"post_tag","embeddable":true,"href":"https:\/\/m-acryl.hu\/kad-kisokos\/wp-json\/wp\/v2\/tags?post=6726"}],"curies":[{"name":"wp","href":"https:\/\/api.w.org\/{rel}","templated":true}]}}