{"id":6643,"date":"2025-02-18T12:28:14","date_gmt":"2025-02-18T12:28:14","guid":{"rendered":"https:\/\/m-acryl.hu\/kad-kisokos\/?p=6643"},"modified":"2025-02-27T14:14:55","modified_gmt":"2025-02-27T14:14:55","slug":"nyithato-ajtos-kad","status":"publish","type":"post","link":"https:\/\/m-acryl.hu\/kad-kisokos\/nyithato-ajtos-kad\/","title":{"rendered":"Mikor ide\u00e1lis megold\u00e1s a nyithat\u00f3 ajt\u00f3s k\u00e1d?"},"content":{"rendered":"<p>[et_pb_section fb_built=&#8221;1&#8243; disabled_on=&#8221;off|off|off&#8221; _builder_version=&#8221;4.21.0&#8243; _module_preset=&#8221;default&#8221; global_colors_info=&#8221;{}&#8221;][et_pb_row _builder_version=&#8221;4.21.0&#8243; _module_preset=&#8221;default&#8221; width=&#8221;80%&#8221; min_height=&#8221;46.1px&#8221; custom_margin_tablet=&#8221;&#8221; custom_margin_phone=&#8221;0px||||false|false&#8221; custom_margin_last_edited=&#8221;on|phone&#8221; custom_padding=&#8221;0px||0.1%||false|false&#8221; global_colors_info=&#8221;{}&#8221;][et_pb_column type=&#8221;4_4&#8243; _builder_version=&#8221;4.16&#8243; _module_preset=&#8221;default&#8221; global_colors_info=&#8221;{}&#8221;][et_pb_text _builder_version=&#8221;4.27.4&#8243; _module_preset=&#8221;default&#8221; text_font_size=&#8221;16px&#8221; ul_font_size=&#8221;16px&#8221; ul_line_height=&#8221;1.7em&#8221; ol_font_size=&#8221;16px&#8221; ol_line_height=&#8221;1.7em&#8221; custom_padding=&#8221;||2px|||&#8221; global_colors_info=&#8221;{}&#8221;]<\/p>\n<p><strong>A relax\u00e1ci\u00f3 tere, a f\u00fcrd\u0151szoba az id\u0151 m\u00fal\u00e1s\u00e1val vesz\u00e9lyz\u00f3n\u00e1v\u00e1 is v\u00e1lhat \u2013 f\u0151k\u00e9pp, ha nem megfelel\u0151 a k\u00e1dunk kialak\u00edt\u00e1sa. Egy nyithat\u00f3 ajt\u00f3s k\u00e1d id\u0151s emberek \u00e9s mozg\u00e1skorl\u00e1tozottak sz\u00e1m\u00e1ra egyar\u00e1nt ide\u00e1lis megold\u00e1st jelenthet. \u00cdgy nem kell lemondaniuk sem a f\u00fcrd\u00e9s \u00f6r\u00f6m\u00e9r\u0151l, sem annak biztons\u00e1gos mivolt\u00e1r\u00f3l. Mindemellett nem kell szembes\u00fclni\u00fck a k\u00e9nyelmetlen, hosszas \u00e1ll\u00e1ssal sem, ami a tusol\u00e1ssal j\u00e1rna. Ha \u00d6n is megv\u00e1ltozott mozg\u00e1sk\u00e9pess\u00e9g\u0171 rokon\u00e1nak, esetleg saj\u00e1t haszn\u00e1latra keres k\u00e1dat, cikk\u00fcnkb\u0151l megtudhatja, mire \u00e9rdemes figyelnie a v\u00e1s\u00e1rl\u00e1skor! S\u0151t, m\u00e9g tov\u00e1bbi \u00f6tleteket is adunk a f\u00fcrd\u00e9s biztons\u00e1gosabb\u00e1 t\u00e9tel\u00e9hez.<\/strong><\/p>\n<p>[\/et_pb_text][et_pb_text _builder_version=&#8221;4.27.4&#8243; _module_preset=&#8221;default&#8221; text_font_size=&#8221;16px&#8221; ul_font_size=&#8221;16px&#8221; ul_line_height=&#8221;1.7em&#8221; ol_font_size=&#8221;16px&#8221; ol_line_height=&#8221;1.7em&#8221; custom_margin=&#8221;5%||||false|false&#8221; custom_padding=&#8221;||2px|||&#8221; global_colors_info=&#8221;{}&#8221;]<\/p>\n<h2>Az akad\u00e1lymentes f\u00fcrd\u00e9s \u00faj dimenzi\u00f3ja<\/h2>\n<p>[\/et_pb_text][et_pb_text _builder_version=&#8221;4.27.4&#8243; _module_preset=&#8221;default&#8221; text_font_size=&#8221;16px&#8221; ul_font_size=&#8221;16px&#8221; ul_line_height=&#8221;1.7em&#8221; ol_font_size=&#8221;16px&#8221; ol_line_height=&#8221;1.7em&#8221; custom_margin=&#8221;5%||||false|false&#8221; custom_padding=&#8221;||2px|||&#8221; global_colors_info=&#8221;{}&#8221;]<\/p>\n<h4>Milyen el\u0151nyei vannak a k\u00e1dnak?<\/h4>\n<p>[\/et_pb_text][et_pb_text _builder_version=&#8221;4.27.4&#8243; _module_preset=&#8221;default&#8221; text_font_size=&#8221;16px&#8221; ul_font_size=&#8221;16px&#8221; ul_line_height=&#8221;1.7em&#8221; ol_font_size=&#8221;16px&#8221; ol_line_height=&#8221;1.7em&#8221; custom_margin=&#8221;5%||||false|false&#8221; custom_padding=&#8221;||2px|||&#8221; global_colors_info=&#8221;{}&#8221;]<\/p>\n<p><strong>Elmer\u00fclni a friss, illatos habokban, egy k\u00f6nyvet olvasva<\/strong> \u2013 vagy \u00e9pp a f\u00e9lhom\u00e1lyos, gyertyaf\u00e9nyes csendet \u00e9lvezve\u2026 sokak v\u00e1gya ez egy hossz\u00fa, f\u00e1raszt\u00f3 nap v\u00e9g\u00e9n. T\u00f6bbek k\u00f6z\u00f6tt ez az oka, hogy sokan jobban kedvelik a k\u00e1dakat, mint a zuhanykabinokat.<\/p>\n<p>[\/et_pb_text][et_pb_image src=&#8221;https:\/\/m-acryl.hu\/kad-kisokos\/wp-content\/uploads\/2024\/10\/melyik-a-legjobb-akril-kad-hosszu-furdozesekhez.jpg&#8221; alt=&#8221;Melyik a legjobb akril k\u00e1d hossz\u00fa f\u00fcrd\u0151z\u00e9sekhez?&#8221; title_text=&#8221;melyik-a-legjobb-akril-kad-hosszu-furdozesekhez&#8221; _builder_version=&#8221;4.27.4&#8243; _module_preset=&#8221;default&#8221; global_colors_info=&#8221;{}&#8221;][\/et_pb_image][et_pb_text _builder_version=&#8221;4.27.4&#8243; _module_preset=&#8221;default&#8221; text_font_size=&#8221;16px&#8221; ul_font_size=&#8221;16px&#8221; ul_line_height=&#8221;1.7em&#8221; ol_font_size=&#8221;16px&#8221; ol_line_height=&#8221;1.7em&#8221; custom_padding=&#8221;||2px|||&#8221; global_colors_info=&#8221;{}&#8221;]<\/p>\n<h4>Mikor jelenthet akad\u00e1lyt a k\u00e1d pereme?<\/h4>\n<p>[\/et_pb_text][et_pb_text _builder_version=&#8221;4.27.4&#8243; _module_preset=&#8221;default&#8221; text_font_size=&#8221;16px&#8221; ul_font_size=&#8221;16px&#8221; ul_line_height=&#8221;1.7em&#8221; ol_font_size=&#8221;16px&#8221; ol_line_height=&#8221;1.7em&#8221; custom_padding=&#8221;||2px|||&#8221; global_colors_info=&#8221;{}&#8221;]<\/p>\n<p><strong>Id\u0151sebb korban, vagy ha valamilyen betegs\u00e9g, baleset<\/strong> s\u00fajt minket, a bel\u00e9p\u00e9s \u00e9s a kil\u00e9p\u00e9s a k\u00e1db\u00f3l m\u00e1r neh\u00e9zkesebb\u00e9 v\u00e1lhat. De egy magasabb k\u00e1dperem <span>legyeng\u00fclt szervezettel, mozg\u00e1sszervi betegs\u00e9gekkel<\/span> komoly akad\u00e1lyt jelenthet.<\/p>\n<p>[\/et_pb_text][et_pb_text _builder_version=&#8221;4.27.4&#8243; _module_preset=&#8221;default&#8221; text_font_size=&#8221;16px&#8221; ul_font_size=&#8221;16px&#8221; ul_line_height=&#8221;1.7em&#8221; ol_font_size=&#8221;16px&#8221; ol_line_height=&#8221;1.7em&#8221; custom_padding=&#8221;||2px|||&#8221; global_colors_info=&#8221;{}&#8221;]<\/p>\n<h2>Milyen megold\u00e1sok vannak a probl\u00e9ma \u00e1thidal\u00e1s\u00e1ra?<\/h2>\n<p>[\/et_pb_text][et_pb_text _builder_version=&#8221;4.27.4&#8243; _module_preset=&#8221;default&#8221; text_font_size=&#8221;16px&#8221; ul_font_size=&#8221;16px&#8221; ul_line_height=&#8221;1.7em&#8221; ol_font_size=&#8221;16px&#8221; ol_line_height=&#8221;1.7em&#8221; custom_padding=&#8221;||2px|||&#8221; global_colors_info=&#8221;{}&#8221;]<\/p>\n<h4>Alacsonyabb perem-magass\u00e1g\u00fa f\u00fcrd\u0151k\u00e1d v\u00e1s\u00e1rl\u00e1sa<\/h4>\n<p>[\/et_pb_text][et_pb_text _builder_version=&#8221;4.27.4&#8243; _module_preset=&#8221;default&#8221; text_font_size=&#8221;16px&#8221; ul_font_size=&#8221;16px&#8221; ul_line_height=&#8221;1.7em&#8221; ol_font_size=&#8221;16px&#8221; ol_line_height=&#8221;1.7em&#8221; custom_padding=&#8221;||2px|||&#8221; global_colors_info=&#8221;{}&#8221;]<\/p>\n<p>Ha t\u00fals\u00e1gosan magasnak \u00edt\u00e9li meg k\u00e1dja magass\u00e1g\u00e1t, akkor sem biztos, hogy b\u00facs\u00fat kell intenie a k\u00e9nyelmes k\u00e1dban f\u00fcrd\u0151z\u00e9snek. \u00c9rdemes lehet egy alacsonyabb f\u00fcrd\u0151k\u00e1dba beruh\u00e1znia. K\u00edn\u00e1latunkban ak\u00e1r <span style=\"text-decoration: underline; color: #00ccff;\"><a href=\"https:\/\/m-acryl.hu\/kad-kisokos\/csodakad-biztonsagos-kenyelmes-viztakarekos-az-eco-egyenes-furdokad\/\" target=\"_blank\" rel=\"noopener\" style=\"color: #00ccff; text-decoration: underline;\">54 cm-es bel\u00e9p\u0151 magass\u00e1g\u00fa f\u00fcrd\u0151k\u00e1dat<\/a><\/span> is tal\u00e1lhat, ami a hagyom\u00e1nyos 60 cm magas k\u00e1dakn\u00e1l j\u00f3val egyszer\u0171bb be-\u00e9s kisz\u00e1ll\u00e1st biztos\u00edt a f\u00fcrd\u0151k\u00e1dj\u00e1ba. \u00cdgy lereduk\u00e1lhatja az es\u00e9ly\u00e9t az es\u00e9seknek \u00e9s a baleseteknek is.<\/p>\n<p>[\/et_pb_text][et_pb_image src=&#8221;https:\/\/m-acryl.hu\/kad-kisokos\/wp-content\/uploads\/2020\/02\/c001.RGB_color.0000-1.jpg&#8221; alt=&#8221;M-Acryl Eco akril f\u00fcrd\u0151k\u00e1d&#8221; title_text=&#8221;M-Acryl Eco akril f\u00fcrd\u0151k\u00e1d&#8221; url=&#8221;https:\/\/m-acryl.hu\/termekek\/egyenes-kad\/eco-egyenes-akril-kad&#8221; _builder_version=&#8221;4.27.4&#8243; _module_preset=&#8221;default&#8221; global_colors_info=&#8221;{}&#8221;][\/et_pb_image][et_pb_text _builder_version=&#8221;4.27.4&#8243; _module_preset=&#8221;default&#8221; text_font_size=&#8221;16px&#8221; ul_font_size=&#8221;16px&#8221; ul_line_height=&#8221;1.7em&#8221; ol_font_size=&#8221;16px&#8221; ol_line_height=&#8221;1.7em&#8221; custom_padding=&#8221;||2px|||&#8221; global_colors_info=&#8221;{}&#8221;]<\/p>\n<p style=\"text-align: center;\"><a href=\"https:\/\/m-acryl.hu\/termekek\/egyenes-kad\/eco-egyenes-akril-kad\" target=\"_blank\" rel=\"noopener\"><span style=\"color: #00ccff;\"><u>Eco egyenes akril k\u00e1d<\/u><\/span><\/a><\/p>\n<p>[\/et_pb_text][et_pb_text _builder_version=&#8221;4.27.4&#8243; _module_preset=&#8221;default&#8221; text_font_size=&#8221;16px&#8221; ul_font_size=&#8221;16px&#8221; ul_line_height=&#8221;1.7em&#8221; ol_font_size=&#8221;16px&#8221; ol_line_height=&#8221;1.7em&#8221; custom_padding=&#8221;||2px|||&#8221; global_colors_info=&#8221;{}&#8221;]<\/p>\n<h4>Zuhanykabin k\u00e1d helyett<\/h4>\n<p>[\/et_pb_text][et_pb_text _builder_version=&#8221;4.27.4&#8243; _module_preset=&#8221;default&#8221; text_font_size=&#8221;16px&#8221; ul_font_size=&#8221;16px&#8221; ul_line_height=&#8221;1.7em&#8221; ol_font_size=&#8221;16px&#8221; ol_line_height=&#8221;1.7em&#8221; custom_padding=&#8221;||2px|||&#8221; global_colors_info=&#8221;{}&#8221;]<\/p>\n<p>Helytakar\u00e9kos \u00e9s egyben praktikus megold\u00e1s lehet egy <span style=\"text-decoration: underline; color: #00ccff;\"><a href=\"https:\/\/radaway.hu\/termekek\/walk-in-zuhanyfal?order_by=price&amp;order_dir=asc\" target=\"_blank\" rel=\"noopener\" style=\"color: #00ccff; text-decoration: underline;\">walk-in zuhanyfal<\/a><\/span>, azaz bes\u00e9t\u00e1lhat\u00f3 zuhanykabin a f\u00fcrd\u0151j\u00e9ben. Egy ilyen kabin egyszer\u0171en be\u00e9p\u00edthet\u0151, az ajt\u00f3 n\u00e9lk\u00fcli pengefalak m\u00f6g\u00e9. El\u0151ny\u00fck m\u00e9g, hogy modern megjelen\u00e9s\u0171ek, \u00e9s a f\u00fcrd\u0151szob\u00e1b\u00f3l sem foglalnak el plusz helyet. Nem kell hozz\u00e1juk m\u00e9g egy ajt\u00f3 sem. Ha bes\u00e9t\u00e1lhat\u00f3 zuhanyfalak keltett\u00e9k fel az \u00e9rdekl\u0151d\u00e9s\u00e9t, t\u00f6bbf\u00e9le t\u00edpus, m\u00e9ret \u00e9s sz\u00edn, egy \u00e9s k\u00e9t oldalr\u00f3l nyitott t\u00edpusok k\u00f6z\u00fcl v\u00e1logathat.<\/p>\n<p>[\/et_pb_text][et_pb_image src=&#8221;https:\/\/m-acryl.hu\/kad-kisokos\/wp-content\/uploads\/2025\/02\/Modo-New-Black-I.jpg&#8221; alt=&#8221;Modo New Black I walk-in zuhanyfal&#8221; title_text=&#8221;Modo-New-Black-I&#8221; url=&#8221;https:\/\/radaway.hu\/termekek\/zuhanykabin\/modo-new-black-i-walk-in-fekete-zuhanyfal&#8221; _builder_version=&#8221;4.27.4&#8243; _module_preset=&#8221;default&#8221; global_colors_info=&#8221;{}&#8221;][\/et_pb_image][et_pb_text _builder_version=&#8221;4.27.4&#8243; _module_preset=&#8221;default&#8221; text_font_size=&#8221;16px&#8221; ul_font_size=&#8221;16px&#8221; ul_line_height=&#8221;1.7em&#8221; ol_font_size=&#8221;16px&#8221; ol_line_height=&#8221;1.7em&#8221; custom_padding=&#8221;||2px|||&#8221; global_colors_info=&#8221;{}&#8221;]<\/p>\n<p style=\"text-align: center;\"><a href=\"https:\/\/radaway.hu\/termekek\/zuhanykabin\/modo-new-black-i-walk-in-fekete-zuhanyfal\" target=\"_blank\" rel=\"noopener\"><span style=\"text-decoration: underline; color: #00ccff;\">Modo New Black I fekete walk-in zuhanyfal<\/span><\/a><\/p>\n<p>[\/et_pb_text][et_pb_text _builder_version=&#8221;4.27.4&#8243; _module_preset=&#8221;default&#8221; text_font_size=&#8221;16px&#8221; ul_font_size=&#8221;16px&#8221; ul_line_height=&#8221;1.7em&#8221; ol_font_size=&#8221;16px&#8221; ol_line_height=&#8221;1.7em&#8221; custom_margin=&#8221;5%||||false|false&#8221; custom_padding=&#8221;||2px|||&#8221; global_colors_info=&#8221;{}&#8221;]<\/p>\n<p>Arra \u00e9rdemes odafigyelnie, hogy a nyitott kialak\u00edt\u00e1s miatt ezekn\u00e9l a kabinokn\u00e1l nem 100%-os a v\u00edzz\u00e1r\u00e1s, ezt pedig az elhelyez\u00e9sn\u00e9l is figyelembe kell vennie. Mindemellett a <strong>folyamatos \u00e1ll\u00e1sk\u00e9nyszer<\/strong> is komoly neh\u00e9zs\u00e9geket okozhat enn\u00e9l a megold\u00e1sn\u00e1l.<\/p>\n<p>[\/et_pb_text][et_pb_text _builder_version=&#8221;4.27.4&#8243; _module_preset=&#8221;default&#8221; text_font_size=&#8221;16px&#8221; ul_font_size=&#8221;16px&#8221; ul_line_height=&#8221;1.7em&#8221; ol_font_size=&#8221;16px&#8221; ol_line_height=&#8221;1.7em&#8221; custom_padding=&#8221;||2px|||&#8221; global_colors_info=&#8221;{}&#8221;]<\/p>\n<h4>Megl\u00e9v\u0151 k\u00e1d akad\u00e1lymentes\u00edt\u00e9se<\/h4>\n<p>[\/et_pb_text][et_pb_text _builder_version=&#8221;4.27.4&#8243; _module_preset=&#8221;default&#8221; text_font_size=&#8221;16px&#8221; ul_font_size=&#8221;16px&#8221; ul_line_height=&#8221;1.7em&#8221; ol_font_size=&#8221;16px&#8221; ol_line_height=&#8221;1.7em&#8221; custom_margin=&#8221;5%||||false|false&#8221; custom_padding=&#8221;||2px|||&#8221; global_colors_info=&#8221;{}&#8221;]<\/p>\n<p>Egy ajt\u00f3 v\u00e1g\u00e1sa a k\u00e1d oldal\u00e1ba t\u00f6bb szempontb\u00f3l is kedvez\u0151 opci\u00f3nak t\u0171nhet. R\u00e9szben, mert nem kell ehhez lecser\u00e9lnie a m\u00e1r megl\u00e9v\u0151 szanitert, \u00edgy a <strong>k\u00f6lts\u00e9gek is m\u00e9rs\u00e9keltebbek lesznek<\/strong>. M\u00e1sr\u00e9szt pedig rendk\u00edv\u00fcl gyorsan kivitelezhet\u0151: mind\u00f6ssze egy p\u00e1r \u00f3r\u00e1s folyamat, ha profi szakember v\u00e9gzi. Ugyanakkor ezzel a megold\u00e1ssal is ad\u00f3dhat n\u00e9mi probl\u00e9ma. <strong>Ha ugyanis nem hozz\u00e1\u00e9rt\u0151 szakember v\u00e9gzi<\/strong> a m\u00e9r\u00e9st \u00e9s a kivitelez\u00e9st, sajnos a k\u00e1dajt\u00f3 beszerel\u00e9s\u00e9vel a <strong>sziv\u00e1rg\u00e1ssal is sz\u00e1molnia kell majd<\/strong>. Egy el\u00e1zott f\u00fcrd\u0151szob\u00e1t pedig m\u00e9g egy teljes mozg\u00e1sk\u00e9pess\u00e9ggel b\u00edr\u00f3 embernek is r\u00e9m\u00e1lom feltakar\u00edtani\u2026<\/p>\n<p>Egy nyithat\u00f3 ajt\u00f3s k\u00e1dn\u00e1l a nem megfelel\u0151 szakember alkalmaz\u00e1sa tal\u00e1n m\u00e9g nagyobb kock\u00e1zatokat rejt mag\u00e1ban, mint egy hagyom\u00e1nyos f\u00fcrd\u0151k\u00e1dn\u00e1l. V\u00e1lasszon k\u00f6r\u00fcltekint\u0151en, \u00e9s olyan szakembert keressen <strong>a f\u00fcrd\u0151k\u00e1d be\u00e9p\u00edt\u00e9s\u00e9re<\/strong>, aki <strong>garanci\u00e1t v\u00e1llal<\/strong>, \u00e9s akinek a munk\u00e1ir\u00f3l online is t\u00e1j\u00e9koz\u00f3dhat.<\/p>\n<p>[\/et_pb_text][et_pb_text _builder_version=&#8221;4.27.4&#8243; _module_preset=&#8221;default&#8221; text_font_size=&#8221;16px&#8221; ul_font_size=&#8221;16px&#8221; ul_line_height=&#8221;1.7em&#8221; ol_font_size=&#8221;16px&#8221; ol_line_height=&#8221;1.7em&#8221; custom_margin=&#8221;5%||||false|false&#8221; custom_padding=&#8221;||2px|||&#8221; global_colors_info=&#8221;{}&#8221;]<\/p>\n<h4>Walk in k\u00e1d v\u00e1s\u00e1rl\u00e1sa<\/h4>\n<p>[\/et_pb_text][et_pb_text _builder_version=&#8221;4.27.4&#8243; _module_preset=&#8221;default&#8221; text_font_size=&#8221;16px&#8221; ul_font_size=&#8221;16px&#8221; ul_line_height=&#8221;1.7em&#8221; ol_font_size=&#8221;16px&#8221; ol_line_height=&#8221;1.7em&#8221; custom_margin=&#8221;5%||||false|false&#8221; custom_padding=&#8221;||2px|||&#8221; global_colors_info=&#8221;{}&#8221;]<\/p>\n<p><strong>M\u00e1r most nehezen l\u00e9pi \u00e1t a magasabb k\u00e1dperemet, vagy szeretne el\u0151re gondolkodni?<\/strong> Legyen sz\u00f3 b\u00e1rmelyik lehet\u0151s\u00e9gr\u0151l is, egy akad\u00e1lymentes\u00edtett f\u00fcrd\u0151szob\u00e1val sokat tehet \u00f6nmag\u00e1\u00e9rt. Egy biztons\u00e1gosan z\u00e1rhat\u00f3 ajt\u00f3s k\u00e1d lehet\u0151v\u00e9 teszi a minim\u00e1lis asszisztenci\u00e1val t\u00f6rt\u00e9n\u0151 f\u00fcrd\u00e9st. \u00cdgy a nehezebben mozg\u00f3k sz\u00e1m\u00e1ra is \u00e9lm\u00e9ny maradhat az esti tiszt\u00e1lkod\u00e1si ritu\u00e1l\u00e9.<\/p>\n<p>[\/et_pb_text][et_pb_text _builder_version=&#8221;4.27.4&#8243; _module_preset=&#8221;default&#8221; text_font_size=&#8221;16px&#8221; ul_font_size=&#8221;16px&#8221; ul_line_height=&#8221;1.7em&#8221; ol_font_size=&#8221;16px&#8221; ol_line_height=&#8221;1.7em&#8221; custom_margin=&#8221;4%||||false|false&#8221; custom_padding=&#8221;||2px|||&#8221; global_colors_info=&#8221;{}&#8221;]<\/p>\n<p>Egy walk-in k\u00e1d a hasznoss\u00e1g\u00e1t, \u00e9s kiemelked\u0151 min\u0151s\u00e9g\u00e9t t\u00f6bbnyire az \u00e1ruk is jelzi. \u00c1m ha emellett a megold\u00e1s mellett d\u00f6nt, az ak\u00e1r t\u00f6bb \u00e9vtizedig haszn\u00e1lt berendez\u00e9s visszahozza a beruh\u00e1z\u00e1si k\u00f6lts\u00e9geit.<\/p>\n<p>[\/et_pb_text][et_pb_text _builder_version=&#8221;4.27.4&#8243; _module_preset=&#8221;default&#8221; text_font_size=&#8221;16px&#8221; ul_font_size=&#8221;16px&#8221; ul_line_height=&#8221;1.7em&#8221; ol_font_size=&#8221;16px&#8221; ol_line_height=&#8221;1.7em&#8221; custom_margin=&#8221;4%||||false|false&#8221; custom_padding=&#8221;||2px|||&#8221; global_colors_info=&#8221;{}&#8221;]<\/p>\n<h2>Mi\u00e9rt a nyithat\u00f3 ajt\u00f3s k\u00e1d a legjobb v\u00e1laszt\u00e1s?<\/h2>\n<p>[\/et_pb_text][et_pb_text _builder_version=&#8221;4.27.4&#8243; _module_preset=&#8221;default&#8221; text_font_size=&#8221;16px&#8221; ul_font_size=&#8221;16px&#8221; ul_line_height=&#8221;1.7em&#8221; ol_font_size=&#8221;16px&#8221; ol_line_height=&#8221;1.7em&#8221; custom_margin=&#8221;4%||||false|false&#8221; custom_padding=&#8221;||2px|||&#8221; global_colors_info=&#8221;{}&#8221;]<\/p>\n<h4>Mit jelent a nyithat\u00f3 ajt\u00f3s k\u00e1d?<\/h4>\n<p>[\/et_pb_text][et_pb_text _builder_version=&#8221;4.27.4&#8243; _module_preset=&#8221;default&#8221; text_font_size=&#8221;16px&#8221; ul_font_size=&#8221;16px&#8221; ul_line_height=&#8221;1.7em&#8221; ol_font_size=&#8221;16px&#8221; ol_line_height=&#8221;1.7em&#8221; custom_margin=&#8221;5%||||false|false&#8221; custom_padding=&#8221;||2px|||&#8221; global_colors_info=&#8221;{}&#8221;]<\/p>\n<p>Egy, az oldal\u00e1n ajt\u00f3val rendelkez\u0151, l\u00e9gmentesen z\u00e1r\u00f3d\u00f3 szanitert jelent. M\u00e1sik nev\u00e9n bes\u00e9t\u00e1l\u00f3s k\u00e1d, amelybe rendk\u00edv\u00fcl egyszer\u0171 bel\u00e9pni<span>, amennyiben az ajtaja kell\u0151en sz\u00e9les \u00e9s m\u00e9ly, amikor kinyitjuk.<\/span><\/p>\n<p>[\/et_pb_text][et_pb_image src=&#8221;https:\/\/m-acryl.hu\/kad-kisokos\/wp-content\/uploads\/2020\/02\/He\u0301ra.jpg&#8221; alt=&#8221;M-Acryl H\u00e9ra k\u00fcl\u00f6nleges k\u00e1d ajt\u00f3val&#8221; title_text=&#8221;M-Acryl H\u00e9ra k\u00fcl\u00f6nleges k\u00e1d ajt\u00f3val&#8221; url=&#8221;https:\/\/m-acryl.hu\/termekek\/kulonleges-kad\/hera-akadalymentesitett-besetalos-akril-kad&#8221; _builder_version=&#8221;4.27.4&#8243; _module_preset=&#8221;default&#8221; global_colors_info=&#8221;{}&#8221;][\/et_pb_image][et_pb_text _builder_version=&#8221;4.27.4&#8243; _module_preset=&#8221;default&#8221; text_font_size=&#8221;16px&#8221; ul_font_size=&#8221;16px&#8221; ul_line_height=&#8221;1.7em&#8221; ol_font_size=&#8221;16px&#8221; ol_line_height=&#8221;1.7em&#8221; custom_margin=&#8221;5%||||false|false&#8221; custom_padding=&#8221;||2px|||&#8221; global_colors_info=&#8221;{}&#8221;]<\/p>\n<h4>Milyen el\u0151nyei vannak?<\/h4>\n<p>[\/et_pb_text][et_pb_text _builder_version=&#8221;4.27.4&#8243; _module_preset=&#8221;default&#8221; text_font_size=&#8221;16px&#8221; ul_font_size=&#8221;16px&#8221; ul_line_height=&#8221;1.7em&#8221; ol_font_size=&#8221;16px&#8221; ol_line_height=&#8221;1.7em&#8221; custom_margin=&#8221;5%||||false|false&#8221; custom_padding=&#8221;||2px|||&#8221; global_colors_info=&#8221;{}&#8221;]<\/p>\n<p>Egy <strong>nyithat\u00f3 ajt\u00f3s k\u00e1d<\/strong> az egyik leghasznosabb befektet\u00e9se lehet a j\u00f6v\u0151re n\u00e9zve \u2013 a legink\u00e1bb az al\u00e1bbi szempontok miatt:<\/p>\n<p>[\/et_pb_text][et_pb_text _builder_version=&#8221;4.27.4&#8243; _module_preset=&#8221;default&#8221; text_font_size=&#8221;16px&#8221; ul_font_size=&#8221;16px&#8221; ul_line_height=&#8221;1.7em&#8221; ol_font_size=&#8221;16px&#8221; ol_line_height=&#8221;1.7em&#8221; custom_margin=&#8221;5%||||false|false&#8221; custom_padding=&#8221;||2px|||&#8221; global_colors_info=&#8221;{}&#8221;]<\/p>\n<h4>Biztons\u00e1g<\/h4>\n<p>[\/et_pb_text][et_pb_text _builder_version=&#8221;4.27.4&#8243; _module_preset=&#8221;default&#8221; text_font_size=&#8221;16px&#8221; ul_font_size=&#8221;16px&#8221; ul_line_height=&#8221;1.7em&#8221; ol_font_size=&#8221;16px&#8221; ol_line_height=&#8221;1.7em&#8221; custom_margin=&#8221;5%||||false|false&#8221; custom_padding=&#8221;||2px|||&#8221; global_colors_info=&#8221;{}&#8221;]<\/p>\n<p>Nem kell t\u00f6bb\u00e9 az elcs\u00fasz\u00e1st\u00f3l tartania: az egyszer\u0171 bel\u00e9p\u00e9snek k\u00f6sz\u00f6nhet\u0151 meg sem kell emelnie k\u00fcl\u00f6n\u00f6sebben a l\u00e1b\u00e1t a bel\u00e9p\u00e9shez. Az \u00fcl\u00e9s r\u00e9v\u00e9n pedig az a vesz\u00e9ly sem \u00e1ll fenn, hogy felkel\u00e9s k\u00f6zben beveri f\u00e1j\u00f3s v\u00e9gtagj\u00e1t a k\u00e1d fal\u00e1ba.<\/p>\n<p>[\/et_pb_text][et_pb_gallery gallery_ids=&#8221;6675,6672,3198&#8243; fullwidth=&#8221;on&#8221; _builder_version=&#8221;4.27.4&#8243; _module_preset=&#8221;default&#8221; link_option_url=&#8221;https:\/\/m-acryl.hu\/termekek\/kulonleges-kad\/hera-akadalymentesitett-besetalos-akril-kad&#8221; global_colors_info=&#8221;{}&#8221;][\/et_pb_gallery][et_pb_text _builder_version=&#8221;4.27.4&#8243; _module_preset=&#8221;default&#8221; text_font_size=&#8221;16px&#8221; ul_font_size=&#8221;16px&#8221; ul_line_height=&#8221;1.7em&#8221; ol_font_size=&#8221;16px&#8221; ol_line_height=&#8221;1.7em&#8221; custom_margin=&#8221;5%||||false|false&#8221; custom_padding=&#8221;||2px|||&#8221; global_colors_info=&#8221;{}&#8221;]<\/p>\n<h4>K\u00e9nyelem<\/h4>\n<p>[\/et_pb_text][et_pb_text _builder_version=&#8221;4.27.4&#8243; _module_preset=&#8221;default&#8221; text_font_size=&#8221;16px&#8221; ul_font_size=&#8221;16px&#8221; ul_line_height=&#8221;1.7em&#8221; ol_font_size=&#8221;16px&#8221; ol_line_height=&#8221;1.7em&#8221; custom_margin=&#8221;5%||||false|false&#8221; custom_padding=&#8221;||2px|||&#8221; global_colors_info=&#8221;{}&#8221;]<\/p>\n<p>B\u00e1r egy tusol\u00e1s is lehet hangulatos, m\u00e9gis, a k\u00f6r\u00fcl\u00f6lel\u0151 v\u00edz elzsong\u00edt\u00f3, nyugtat\u00f3 \u00e9rz\u00e9se semmihez sem foghat\u00f3. Err\u0151l az ajt\u00f3s k\u00e1dnak k\u00f6sz\u00f6nhet\u0151en sem kell lemondania. Csak bele\u00fcl a k\u00e1dba, \u00e9s m\u00e1r \u00e9lvezheti is az illatos, friss habok nyugtat\u00f3 erej\u00e9t!<\/p>\n<p>[\/et_pb_text][et_pb_image src=&#8221;https:\/\/m-acryl.hu\/kad-kisokos\/wp-content\/uploads\/2020\/02\/He\u0301ra.jpg&#8221; alt=&#8221;M-Acryl H\u00e9ra k\u00fcl\u00f6nleges k\u00e1d ajt\u00f3val&#8221; title_text=&#8221;M-Acryl H\u00e9ra k\u00fcl\u00f6nleges k\u00e1d ajt\u00f3val&#8221; url=&#8221;https:\/\/m-acryl.hu\/termekek\/kulonleges-kad\/hera-akadalymentesitett-besetalos-akril-kad&#8221; _builder_version=&#8221;4.27.4&#8243; _module_preset=&#8221;default&#8221; global_colors_info=&#8221;{}&#8221;][\/et_pb_image][et_pb_text _builder_version=&#8221;4.27.4&#8243; _module_preset=&#8221;default&#8221; text_font_size=&#8221;16px&#8221; ul_font_size=&#8221;16px&#8221; ul_line_height=&#8221;1.7em&#8221; ol_font_size=&#8221;16px&#8221; ol_line_height=&#8221;1.7em&#8221; custom_margin=&#8221;5%||||false|false&#8221; custom_padding=&#8221;||2px|||&#8221; global_colors_info=&#8221;{}&#8221;]<\/p>\n<h4>Megfelel\u0151 v\u00edzz\u00e1r\u00e1s<\/h4>\n<p>[\/et_pb_text][et_pb_text _builder_version=&#8221;4.27.4&#8243; _module_preset=&#8221;default&#8221; text_font_size=&#8221;16px&#8221; ul_font_size=&#8221;16px&#8221; ul_line_height=&#8221;1.7em&#8221; ol_font_size=&#8221;16px&#8221; ol_line_height=&#8221;1.7em&#8221; custom_margin=&#8221;5%||||false|false&#8221; custom_padding=&#8221;||2px|||&#8221; global_colors_info=&#8221;{}&#8221;]<\/p>\n<p>Egy val\u00f3ban min\u0151s\u00e9gi bes\u00e9t\u00e1l\u00f3s k\u00e1d abszol\u00fat sziv\u00e1rg\u00e1smentes az ajt\u00f3 kialak\u00edt\u00e1s\u00e1n\u00e1l is. Ha teh\u00e1t egy ilyen szanitert szerez be, nem kell sz\u00e1molnia a v\u00edzzel el\u00e1rasztott f\u00fcrd\u0151szoba r\u00e9m\u00e9vel.<\/p>\n<p>[\/et_pb_text][et_pb_video_slider _builder_version=&#8221;4.27.4&#8243; _module_preset=&#8221;default&#8221; global_colors_info=&#8221;{}&#8221;][et_pb_video_slider_item src=&#8221;https:\/\/m-acryl.hu\/kad-kisokos\/wp-content\/uploads\/2025\/02\/hera-nyithato-ajtos-kad.mp4&#8243; _builder_version=&#8221;4.27.4&#8243; _module_preset=&#8221;default&#8221; global_colors_info=&#8221;{}&#8221; show_image_overlay=&#8221;off&#8221;][\/et_pb_video_slider_item][\/et_pb_video_slider][et_pb_text _builder_version=&#8221;4.27.4&#8243; _module_preset=&#8221;default&#8221; text_font_size=&#8221;16px&#8221; ul_font_size=&#8221;16px&#8221; ul_line_height=&#8221;1.7em&#8221; ol_font_size=&#8221;16px&#8221; ol_line_height=&#8221;1.7em&#8221; custom_margin=&#8221;5%||||false|false&#8221; custom_padding=&#8221;||2px|||&#8221; global_colors_info=&#8221;{}&#8221;]<\/p>\n<h2>Milyen k\u00fcl\u00f6nb\u00f6z\u0151 t\u00edpusai vannak a nyithat\u00f3 ajt\u00f3s k\u00e1dnak?<\/h2>\n<p>[\/et_pb_text][et_pb_text _builder_version=&#8221;4.27.4&#8243; _module_preset=&#8221;default&#8221; text_font_size=&#8221;16px&#8221; ul_font_size=&#8221;16px&#8221; ul_line_height=&#8221;1.7em&#8221; ol_font_size=&#8221;16px&#8221; ol_line_height=&#8221;1.7em&#8221; custom_margin=&#8221;5%||||false|false&#8221; custom_padding=&#8221;||2px|||&#8221; global_colors_info=&#8221;{}&#8221;]<\/p>\n<p>A nyithat\u00f3 ajt\u00f3s k\u00e1dakon bel\u00fcl is tal\u00e1lhat k\u00fcl\u00f6nb\u00f6z\u0151 alt\u00edpusokat. Ezek legink\u00e1bb az ajt\u00f3 elhelyez\u00e9s\u00e9ben \u00e9s kialak\u00edt\u00e1s\u00e1ban k\u00fcl\u00f6nb\u00f6znek egym\u00e1st\u00f3l. A piacon el\u0151fordulnak olyan egyedi megold\u00e1sok is, mint az el\u00f6lr\u0151l ny\u00edl\u00f3 ajt\u00f3s vagy a felfel\u00e9 ny\u00edl\u00f3 ajt\u00f3s \u00fcl\u0151k\u00e1dak, de tal\u00e1n a legpraktikusabb ha olyan <span style=\"text-decoration: underline; color: #00ccff;\"><a href=\"https:\/\/m-acryl.hu\/termekek\/kulonleges-kad\/hera-akadalymentesitett-besetalos-akril-kad\" target=\"_blank\" rel=\"noopener\" style=\"color: #00ccff; text-decoration: underline;\">akad\u00e1lymentes k\u00e1d<\/a><\/span> mellett d\u00f6nt, ahol az ajt\u00f3 a k\u00e1d oldal\u00e1n kapott helyett. Egy ilyen darab amellett, hogy k\u00e9nyelmesen megk\u00f6zel\u00edthet\u0151 \u00e9s praktikusan elhelyezhet\u0151, biztons\u00e1gos be- \u00e9s kisz\u00e1ll\u00e1st tesz lehet\u0151v\u00e9. K\u00fcl\u00f6n el\u0151nye, hogy a k\u00e1d perem\u00e9re szerelt <span style=\"text-decoration: underline; color: #00ccff;\"><a href=\"https:\/\/m-acryl.hu\/kadparavan\" target=\"_blank\" rel=\"noopener\" style=\"color: #00ccff; text-decoration: underline;\">k\u00e1dparav\u00e1nnal<\/a><\/span> olyan walk-in zuhanyk\u00e1dat alak\u00edthat ki, amiben minden tov\u00e1bbi n\u00e9lk\u00fcl tud f\u00fcrdeni \u00e9s zuhanyozni is.<\/p>\n<p>[\/et_pb_text][et_pb_text _builder_version=&#8221;4.27.4&#8243; _module_preset=&#8221;default&#8221; text_font_size=&#8221;16px&#8221; ul_font_size=&#8221;16px&#8221; ul_line_height=&#8221;1.7em&#8221; ol_font_size=&#8221;16px&#8221; ol_line_height=&#8221;1.7em&#8221; custom_margin=&#8221;5%||||false|false&#8221; custom_padding=&#8221;||2px|||&#8221; global_colors_info=&#8221;{}&#8221;]<\/p>\n<h2>Milyen szempontokat \u00e9rdemes figyelembe vennie az akad\u00e1lymentes k\u00e1d kialak\u00edt\u00e1s\u00e1n\u00e1l?<\/h2>\n<p>[\/et_pb_text][et_pb_text _builder_version=&#8221;4.27.4&#8243; _module_preset=&#8221;default&#8221; text_font_size=&#8221;16px&#8221; ul_font_size=&#8221;16px&#8221; ul_line_height=&#8221;1.7em&#8221; ol_font_size=&#8221;16px&#8221; ol_line_height=&#8221;1.7em&#8221; custom_margin=&#8221;5%||||false|false&#8221; custom_padding=&#8221;||2px|||&#8221; global_colors_info=&#8221;{}&#8221;]<\/p>\n<p>Att\u00f3l f\u00fcgg\u0151en, hogy milyen testfel\u00e9p\u00edt\u00e9ssel, mekkora tests\u00fallyal szeretn\u00e9 haszn\u00e1lni, \u00e9rdemes lehet nagyobb kapacit\u00e1s\u00fa f\u00fcrd\u0151k\u00e1dat v\u00e1lasztania.<\/p>\n<p>Ha pedig kerekessz\u00e9kben \u00e9l\u0151 szeretn\u00e9 haszn\u00e1lni a k\u00e1dat, akkor oda kell figyelnie, hogy a f\u00fcrd\u0151szoba padl\u00f3ja cs\u00fasz\u00e1sg\u00e1tl\u00f3 fel\u00fclet\u0171 legyen, az ajt\u00f3 kialak\u00edt\u00e1s\u00e1n\u00e1l ker\u00fclje a kiugr\u00f3 r\u00e9szeket, illetve \u00e9rdemes a f\u00fcrd\u0151szob\u00e1ban kapaszkod\u00f3kat is elhelyeznie.<\/p>\n<p>A kivehet\u0151 \u00fcl\u00e9snek k\u00f6sz\u00f6nhet\u0151en magasabb \u00fcl\u0151helyet is v\u00e1laszthat, de a nagyobb (160 \u00e9s 170 cm) modellekben az \u00fcl\u00e9s elt\u00e1vol\u00edt\u00e1s\u00e1val a k\u00e1d a hagyom\u00e1nyos m\u00f3don is teljes \u00e9rt\u00e9k\u0171 f\u00fcrd\u0151k\u00e1dk\u00e9nt haszn\u00e1lhat\u00f3.<\/p>\n<p>[\/et_pb_text][et_pb_image src=&#8221;https:\/\/m-acryl.hu\/kad-kisokos\/wp-content\/uploads\/2025\/02\/hera-uj.jpg&#8221; alt=&#8221;H\u00e9ra akad\u00e1lymentes\u00edtett f\u00fcrd\u0151k\u00e1d&#8221; title_text=&#8221;hera-uj&#8221; url=&#8221;https:\/\/m-acryl.hu\/termekek\/kulonleges-kad\/hera-akadalymentesitett-besetalos-akril-kad&#8221; _builder_version=&#8221;4.27.4&#8243; _module_preset=&#8221;default&#8221; global_colors_info=&#8221;{}&#8221;][\/et_pb_image][et_pb_text _builder_version=&#8221;4.27.4&#8243; _module_preset=&#8221;default&#8221; text_font_size=&#8221;16px&#8221; ul_font_size=&#8221;16px&#8221; ul_line_height=&#8221;1.7em&#8221; ol_font_size=&#8221;16px&#8221; ol_line_height=&#8221;1.7em&#8221; custom_margin=&#8221;5%||||false|false&#8221; custom_padding=&#8221;||2px|||&#8221; global_colors_info=&#8221;{}&#8221;]<\/p>\n<h2>K\u00e9nyelem \u00e9s biztons\u00e1g egyetlen k\u00e1dban<\/h2>\n<p>[\/et_pb_text][et_pb_text _builder_version=&#8221;4.27.4&#8243; _module_preset=&#8221;default&#8221; text_font_size=&#8221;16px&#8221; ul_font_size=&#8221;16px&#8221; ul_line_height=&#8221;1.7em&#8221; ol_font_size=&#8221;16px&#8221; ol_line_height=&#8221;1.7em&#8221; custom_margin=&#8221;5%||||false|false&#8221; custom_padding=&#8221;||2px|||&#8221; global_colors_info=&#8221;{}&#8221;]<\/p>\n<p>Vannak olyan k\u00e1dkieg\u00e9sz\u00edt\u0151 eszk\u00f6z\u00f6k, amelyek tov\u00e1bbi seg\u00edts\u00e9get ny\u00fajthatnak a biztons\u00e1gos f\u00fcrd\u00e9shez:<\/p>\n<p>[\/et_pb_text][et_pb_text disabled_on=&#8221;on|on|on&#8221; _builder_version=&#8221;4.27.4&#8243; _module_preset=&#8221;default&#8221; text_font_size=&#8221;16px&#8221; ul_font_size=&#8221;16px&#8221; ul_line_height=&#8221;1.7em&#8221; ol_font_size=&#8221;16px&#8221; ol_line_height=&#8221;1.7em&#8221; custom_margin=&#8221;5%||||false|false&#8221; custom_padding=&#8221;||2px|||&#8221; disabled=&#8221;on&#8221; global_colors_info=&#8221;{}&#8221;]<\/p>\n<h4>Kapaszkod\u00f3k<\/h4>\n<p>[\/et_pb_text][et_pb_text disabled_on=&#8221;on|on|on&#8221; _builder_version=&#8221;4.27.4&#8243; _module_preset=&#8221;default&#8221; text_font_size=&#8221;16px&#8221; ul_font_size=&#8221;16px&#8221; ul_line_height=&#8221;1.7em&#8221; ol_font_size=&#8221;16px&#8221; ol_line_height=&#8221;1.7em&#8221; custom_margin=&#8221;5%||||false|false&#8221; custom_padding=&#8221;||2px|||&#8221; disabled=&#8221;on&#8221; global_colors_info=&#8221;{}&#8221;]<\/p>\n<p>A f\u00fcrd\u0151k\u00e1d k\u00f6r\u00fcl kihelyezett, <strong>falra szerelhet\u0151 kapaszkod\u00f3k<\/strong> jelentik az egyik legf\u0151bb garanci\u00e1t a k\u00e1d cs\u00fasz\u00e1smentess\u00e9gre. \u00cdgy se a bel\u00e9p\u00e9s, se az \u00fcl\u0151k\u00e9b\u0151l t\u00f6rt\u00e9n\u0151 felkel\u00e9s nem okoz majd neh\u00e9zs\u00e9get a szaniterb\u0151l. Ezzel a kieg\u00e9sz\u00edt\u0151vel a f\u00fcrd\u0151 kerekessz\u00e9k-kompatibiliss\u00e9 is v\u00e1lik.<\/p>\n<p>[\/et_pb_text][et_pb_text disabled_on=&#8221;on|on|on&#8221; _builder_version=&#8221;4.27.4&#8243; _module_preset=&#8221;default&#8221; text_font_size=&#8221;16px&#8221; ul_font_size=&#8221;16px&#8221; ul_line_height=&#8221;1.7em&#8221; ol_font_size=&#8221;16px&#8221; ol_line_height=&#8221;1.7em&#8221; custom_margin=&#8221;5%||||false|false&#8221; custom_padding=&#8221;||2px|||&#8221; disabled=&#8221;on&#8221; global_colors_info=&#8221;{}&#8221;]<\/p>\n<h4>Cs\u00fasz\u00e1sg\u00e1tl\u00f3 sz\u0151nyeg<\/h4>\n<p>[\/et_pb_text][et_pb_text disabled_on=&#8221;on|on|on&#8221; _builder_version=&#8221;4.27.4&#8243; _module_preset=&#8221;default&#8221; text_font_size=&#8221;16px&#8221; ul_font_size=&#8221;16px&#8221; ul_line_height=&#8221;1.7em&#8221; ol_font_size=&#8221;16px&#8221; ol_line_height=&#8221;1.7em&#8221; custom_margin=&#8221;5%||||false|false&#8221; custom_padding=&#8221;||2px|||&#8221; disabled=&#8221;on&#8221; global_colors_info=&#8221;{}&#8221;]<\/p>\n<p>Az\u00e9rt, hogy se a bel\u00e9p\u00e9s, se a kil\u00e9p\u00e9s ne \u00fctk\u00f6zz\u00f6n akad\u00e1lyokba, egy cs\u00fasz\u00e1sg\u00e1tl\u00f3 sz\u0151nyeg behelyez\u00e9se is nagyon sokat tehet. A sz\u00e9p, de t\u00fck\u00f6rsima akril en\u00e9lk\u00fcl ugyanis sz\u00e1mos vesz\u00e9lyt rejthet mag\u00e1ban.<\/p>\n<p>[\/et_pb_text][et_pb_text _builder_version=&#8221;4.27.4&#8243; _module_preset=&#8221;default&#8221; text_font_size=&#8221;16px&#8221; ul_font_size=&#8221;16px&#8221; ul_line_height=&#8221;1.7em&#8221; ol_font_size=&#8221;16px&#8221; ol_line_height=&#8221;1.7em&#8221; custom_margin=&#8221;5%||||false|false&#8221; custom_padding=&#8221;||2px|||&#8221; global_colors_info=&#8221;{}&#8221;]<\/p>\n<h4>\u00dcl\u0151alkalmass\u00e1g a k\u00e1don bel\u00fcl<\/h4>\n<p>[\/et_pb_text][et_pb_text _builder_version=&#8221;4.27.4&#8243; _module_preset=&#8221;default&#8221; text_font_size=&#8221;16px&#8221; ul_font_size=&#8221;16px&#8221; ul_line_height=&#8221;1.7em&#8221; ol_font_size=&#8221;16px&#8221; ol_line_height=&#8221;1.7em&#8221; custom_margin=&#8221;5%||||false|false&#8221; custom_padding=&#8221;||2px|||&#8221; global_colors_info=&#8221;{}&#8221;]<\/p>\n<p>Ha k\u00edv\u00e1ncsi, hogyan n\u00e9z ki konkr\u00e9tan egy ilyen k\u00e1d, az M-Acryl k\u00edn\u00e1lat\u00e1ban megtal\u00e1lhat\u00f3 <span style=\"text-decoration: underline; color: #00ccff;\"><a href=\"https:\/\/m-acryl.hu\/termekek\/kulonleges-kad\/hera-akadalymentesitett-besetalos-akril-kad\" target=\"_blank\" rel=\"noopener\" style=\"color: #00ccff; text-decoration: underline;\">H\u00e9ra akril k\u00e1d<\/a><\/span> \u00e9pp ilyen. A H\u00e9ra akad\u00e1lymentes k\u00e1d t\u00f6bb m\u00e9retben el\u00e9rhet\u0151, \u00edgy a legk\u00fcl\u00f6nb\u00f6z\u0151bb testalkat\u00fa \u00e9s magass\u00e1g\u00fa embereknek is k\u00e9nyelmes kialak\u00edt\u00e1s\u00fa. Be\u00e9p\u00edtett \u00fcl\u0151k\u00e9je \u00e9s a sz\u00e9lesre t\u00e1rhat\u00f3 ajtaja a k\u00e9nyelmes be-\u00e9s kisz\u00e1ll\u00e1sr\u00f3l gondoskodik. Antibakteri\u00e1lis akril fel\u00fclet\u00e9t k\u00f6nnyen tiszt\u00e1n tarthatja. Amellett pedig, hogy kialak\u00edt\u00e1sa sziv\u00e1rg\u00e1sbiztos, a 140,150 \u00e9s 170 cm hossz\u00fa k\u00e1dak automata le-t\u00falfoly\u00f3val is felszereltek, 160 \u00e9s 180cm-es verzi\u00f3i pedig t\u00falfoly\u00f3 n\u00e9lk\u00fcli Click-Clack lefoly\u00f3val kaphat\u00f3k.<br \/>A k\u00e1d \u00e1ra tartalmazza az el\u0151lapot, az \u00fcvegajt\u00f3t, a kompakt v\u00e1zszerkezetet, a lefoly\u00f3t \u00e9s a kivehet\u0151 \u00fcl\u0151k\u00e9t. Otthon\u00e1ba az el\u0151lappal \u00e9s v\u00e1zszerkezettel k\u00e9szre szerelve \u00e9rkezik, k\u00e1dj\u00e1ra 10 \u00e9v <span style=\"text-decoration: underline; color: #00ccff;\"><a href=\"https:\/\/m-acryl.hu\/garancia\" target=\"_blank\" rel=\"noopener\" style=\"color: #00ccff; text-decoration: underline;\">garanci\u00e1t<\/a><\/span> kap. <\/p>\n<p>[\/et_pb_text][et_pb_video src=&#8221;https:\/\/m-acryl.hu\/kad-kisokos\/wp-content\/uploads\/2025\/02\/hera-akadalymentes-kad-kiveheto-ulokevel.mp4&#8243; _builder_version=&#8221;4.27.4&#8243; _module_preset=&#8221;default&#8221; global_colors_info=&#8221;{}&#8221;][\/et_pb_video][et_pb_image src=&#8221;https:\/\/m-acryl.hu\/kad-kisokos\/wp-content\/uploads\/2025\/02\/hera-uj-2.jpg&#8221; alt=&#8221;H\u00e9ra akad\u00e1lymentes\u00edtett f\u00fcrd\u0151k\u00e1d&#8221; title_text=&#8221;hera-uj-2&#8243; url=&#8221;https:\/\/m-acryl.hu\/termekek\/kulonleges-kad\/hera-akadalymentesitett-besetalos-akril-kad&#8221; _builder_version=&#8221;4.27.4&#8243; _module_preset=&#8221;default&#8221; global_colors_info=&#8221;{}&#8221;][\/et_pb_image][et_pb_text _builder_version=&#8221;4.27.4&#8243; _module_preset=&#8221;default&#8221; text_font_size=&#8221;16px&#8221; ul_font_size=&#8221;16px&#8221; ul_line_height=&#8221;1.7em&#8221; ol_font_size=&#8221;16px&#8221; ol_line_height=&#8221;1.7em&#8221; custom_margin=&#8221;5%||||false|false&#8221; custom_padding=&#8221;||2px|||&#8221; global_colors_info=&#8221;{}&#8221;]<\/p>\n<p>B\u00e1r az id\u0151 m\u00fal\u00e1s\u00e1t nem tudjuk meg\u00e1ll\u00edtani, ez nem kell, hogy a komfort\u00e9rzet\u00fcnk rov\u00e1s\u00e1ra menjen. Egy, kifejezetten a mozg\u00e1skorl\u00e1tozottak sz\u00e1m\u00e1ra kifejlesztett, nyithat\u00f3 ajt\u00f3s k\u00e1ddal \u00d6n is meg\u0151rizheti f\u00fcrd\u00e9se k\u00e9nyelm\u00e9t \u00e9s m\u00e9lt\u00f3s\u00e1g\u00e1t.<\/p>\n<p>[\/et_pb_text][\/et_pb_column][\/et_pb_row][\/et_pb_section][et_pb_section fb_built=&#8221;1&#8243; fullwidth=&#8221;on&#8221; _builder_version=&#8221;4.27.2&#8243; _module_preset=&#8221;default&#8221; global_colors_info=&#8221;{}&#8221;][\/et_pb_section][et_pb_section fb_built=&#8221;1&#8243; _builder_version=&#8221;4.16&#8243; background_color=&#8221;#f0f0f0&#8243; custom_margin=&#8221;||0px|||&#8221; custom_padding=&#8221;9px||1px|||&#8221; top_divider_height=&#8221;25px&#8221; border_width_all=&#8221;23px&#8221; border_color_all=&#8221;#e2e2e2&#8243; locked=&#8221;off&#8221; collapsed=&#8221;on&#8221; global_colors_info=&#8221;{}&#8221;][et_pb_row _builder_version=&#8221;4.16&#8243; width=&#8221;70%&#8221; width_tablet=&#8221;&#8221; width_phone=&#8221;90%&#8221; width_last_edited=&#8221;on|phone&#8221; min_height=&#8221;636px&#8221; custom_margin=&#8221;40px|auto||auto||&#8221; global_colors_info=&#8221;{}&#8221;][et_pb_column type=&#8221;4_4&#8243; _builder_version=&#8221;4.16&#8243; global_colors_info=&#8221;{}&#8221;][et_pb_blurb use_icon=&#8221;on&#8221; font_icon=&#8221;&#xe010;||divi||400&#8243; icon_color=&#8221;#c5d300&#8243; image_icon_width=&#8221;108px&#8221; content_max_width=&#8221;687px&#8221; _builder_version=&#8221;4.16&#8243; header_level=&#8221;h2&#8243; body_text_color=&#8221;#424242&#8243; body_font_size=&#8221;17px&#8221; custom_margin=&#8221;|0px|0px|0px|false|false&#8221; custom_padding=&#8221;|0px||0px|false|false&#8221; icon_font_size=&#8221;108px&#8221; global_colors_info=&#8221;{}&#8221;][\/et_pb_blurb][et_pb_text _builder_version=&#8221;4.16&#8243; header_text_align=&#8221;center&#8221; custom_margin=&#8221;6px||6px||true|false&#8221; global_colors_info=&#8221;{}&#8221;]<\/p>\n<h2 style=\"text-align: center;\">Cikksorozatunk tov\u00e1bbi r\u00e9szei is v\u00e1rj\u00e1k \u00f6nt.<\/h2>\n<p>[\/et_pb_text][et_pb_text _builder_version=&#8221;4.16&#8243; text_text_color=&#8221;#FFFFFF&#8221; text_font_size=&#8221;17px&#8221; text_line_height=&#8221;1.6em&#8221; custom_padding=&#8221;||2px|||&#8221; global_colors_info=&#8221;{}&#8221;]<\/p>\n<p style=\"text-align: center;\"><span style=\"color: #333333;\">K\u00e9rje tov\u00e1bbi inspir\u00e1l\u00f3 \u00e9s szak\u00e9rt\u0151i cikkeinket a f\u00fcrd\u0151k\u00e1d t\u00e9m\u00e1ban. Adja meg e-mail c\u00edm\u00e9t, hogy tov\u00e1bbi hasznos tartalmakat k\u00fcldhess\u00fcnk \u00d6nnek.<br \/>\n<\/span><\/p>\n<p>[\/et_pb_text][et_pb_code _builder_version=&#8221;4.16&#8243; background_color=&#8221;rgba(0,0,0,0)&#8221; custom_padding=&#8221;||0px|||&#8221; animation_style=&#8221;fade&#8221; global_colors_info=&#8221;{}&#8221;]<\/p>\n<div id=\"mmform201115\" class=\"mmform\" style=\"position: relative; padding-bottom: 300px; height: 0; overflow: hidden; max-width: 100%;\"><\/div>\n<p><!-- [et_pb_line_break_holder] --><!-- [et_pb_line_break_holder] --><!-- [et_pb_line_break_holder] --><!-- [et_pb_line_break_holder] --><!-- [et_pb_line_break_holder] --><script type=\"text\/javascript\"><!-- [et_pb_line_break_holder] -->var uniqueId = 2011151587117327,listId = 104491,formId = 201115,iwidth=115,mmDomain='salesautopilot.s3.amazonaws.com',secondMMDomain='sw.marketingszoftverek.hu',spancont=false,secure=('https:' == document.location.protocol)?true:false;<!-- [et_pb_line_break_holder] --><\/script><!-- [et_pb_line_break_holder] --><script type=\"text\/javascript\" src=\"https:\/\/d1ursyhqs5x9h1.cloudfront.net\/sw\/scripts\/mm-embed-iframe-1.15.min.js\"><\/script>[\/et_pb_code][\/et_pb_column][\/et_pb_row][\/et_pb_section]<\/p>\n","protected":false},"excerpt":{"rendered":"<p>Egy nyithat\u00f3 ajt\u00f3s k\u00e1d id\u0151s emberek \u00e9s mozg\u00e1skorl\u00e1tozottak sz\u00e1m\u00e1ra egyar\u00e1nt ide\u00e1lis megold\u00e1st jelenthet. N\u00e9zzen sz\u00e9t k\u00edn\u00e1latunkban!<\/p>\n","protected":false},"author":7,"featured_media":6686,"comment_status":"closed","ping_status":"open","sticky":false,"template":"","format":"standard","meta":{"_et_pb_use_builder":"on","_et_pb_old_content":"","_et_gb_content_width":"","footnotes":""},"categories":[1,69],"tags":[175],"class_list":["post-6643","post","type-post","status-publish","format-standard","has-post-thumbnail","hentry","category-egyeb","category-kozlemeny","tag-nyithato-ajtos-kad","et-has-post-format-content","et_post_format-et-post-format-standard"],"yoast_head":"<!-- This site is optimized with the Yoast SEO plugin v26.6 - https:\/\/yoast.com\/wordpress\/plugins\/seo\/ -->\n<title>Mikor ide\u00e1lis megold\u00e1s a nyithat\u00f3 ajt\u00f3s k\u00e1d? - K\u00e1d kisokos<\/title>\n<meta name=\"description\" content=\"Egy nyithat\u00f3 ajt\u00f3s k\u00e1d id\u0151s emberek \u00e9s mozg\u00e1skorl\u00e1tozottak sz\u00e1m\u00e1ra egyar\u00e1nt ide\u00e1lis megold\u00e1st jelenthet. N\u00e9zzen sz\u00e9t k\u00edn\u00e1latunkban!\" \/>\n<meta name=\"robots\" content=\"index, nofollow, max-snippet:-1, max-image-preview:large, max-video-preview:-1\" \/>\n<link rel=\"canonical\" href=\"https:\/\/m-acryl.hu\/kad-kisokos\/nyithato-ajtos-kad\/\" \/>\n<meta property=\"og:locale\" content=\"hu_HU\" \/>\n<meta property=\"og:type\" content=\"article\" \/>\n<meta property=\"og:title\" content=\"Mikor ide\u00e1lis megold\u00e1s a nyithat\u00f3 ajt\u00f3s k\u00e1d? - K\u00e1d kisokos\" \/>\n<meta property=\"og:description\" content=\"Egy nyithat\u00f3 ajt\u00f3s k\u00e1d id\u0151s emberek \u00e9s mozg\u00e1skorl\u00e1tozottak sz\u00e1m\u00e1ra egyar\u00e1nt ide\u00e1lis megold\u00e1st jelenthet. N\u00e9zzen sz\u00e9t k\u00edn\u00e1latunkban!\" \/>\n<meta property=\"og:url\" content=\"https:\/\/m-acryl.hu\/kad-kisokos\/nyithato-ajtos-kad\/\" \/>\n<meta property=\"og:site_name\" content=\"K\u00e1d kisokos\" \/>\n<meta property=\"article:published_time\" content=\"2025-02-18T12:28:14+00:00\" \/>\n<meta property=\"article:modified_time\" content=\"2025-02-27T14:14:55+00:00\" \/>\n<meta property=\"og:image\" content=\"https:\/\/m-acryl.hu\/kad-kisokos\/wp-content\/uploads\/2025\/02\/Hera_nyithato_ajtos_akril_furdokad.jpg\" \/>\n\t<meta property=\"og:image:width\" content=\"1280\" \/>\n\t<meta property=\"og:image:height\" content=\"640\" \/>\n\t<meta property=\"og:image:type\" content=\"image\/jpeg\" \/>\n<meta name=\"author\" content=\"Sipos Saci\" \/>\n<meta name=\"twitter:card\" content=\"summary_large_image\" \/>\n<meta name=\"twitter:title\" content=\"K\u00e1d kisokos\" \/>\n<meta name=\"twitter:label1\" content=\"Szerz\u0151:\" \/>\n\t<meta name=\"twitter:data1\" content=\"Sipos Saci\" \/>\n\t<meta name=\"twitter:label2\" content=\"Becs\u00fclt olvas\u00e1si id\u0151\" \/>\n\t<meta name=\"twitter:data2\" content=\"9 perc\" \/>\n<script type=\"application\/ld+json\" class=\"yoast-schema-graph\">{\"@context\":\"https:\/\/schema.org\",\"@graph\":[{\"@type\":\"WebPage\",\"@id\":\"https:\/\/m-acryl.hu\/kad-kisokos\/nyithato-ajtos-kad\/\",\"url\":\"https:\/\/m-acryl.hu\/kad-kisokos\/nyithato-ajtos-kad\/\",\"name\":\"Mikor ide\u00e1lis megold\u00e1s a nyithat\u00f3 ajt\u00f3s k\u00e1d? - K\u00e1d kisokos\",\"isPartOf\":{\"@id\":\"https:\/\/m-acryl.hu\/kad-kisokos\/#website\"},\"primaryImageOfPage\":{\"@id\":\"https:\/\/m-acryl.hu\/kad-kisokos\/nyithato-ajtos-kad\/#primaryimage\"},\"image\":{\"@id\":\"https:\/\/m-acryl.hu\/kad-kisokos\/nyithato-ajtos-kad\/#primaryimage\"},\"thumbnailUrl\":\"https:\/\/m-acryl.hu\/kad-kisokos\/wp-content\/uploads\/2025\/02\/Hera_nyithato_ajtos_akril_furdokad.jpg\",\"datePublished\":\"2025-02-18T12:28:14+00:00\",\"dateModified\":\"2025-02-27T14:14:55+00:00\",\"author\":{\"@id\":\"https:\/\/m-acryl.hu\/kad-kisokos\/#\/schema\/person\/96303ce25b92eb52b68fdc7700430418\"},\"description\":\"Egy nyithat\u00f3 ajt\u00f3s k\u00e1d id\u0151s emberek \u00e9s mozg\u00e1skorl\u00e1tozottak sz\u00e1m\u00e1ra egyar\u00e1nt ide\u00e1lis megold\u00e1st jelenthet. N\u00e9zzen sz\u00e9t k\u00edn\u00e1latunkban!\",\"breadcrumb\":{\"@id\":\"https:\/\/m-acryl.hu\/kad-kisokos\/nyithato-ajtos-kad\/#breadcrumb\"},\"inLanguage\":\"hu\",\"potentialAction\":[{\"@type\":\"ReadAction\",\"target\":[\"https:\/\/m-acryl.hu\/kad-kisokos\/nyithato-ajtos-kad\/\"]}]},{\"@type\":\"ImageObject\",\"inLanguage\":\"hu\",\"@id\":\"https:\/\/m-acryl.hu\/kad-kisokos\/nyithato-ajtos-kad\/#primaryimage\",\"url\":\"https:\/\/m-acryl.hu\/kad-kisokos\/wp-content\/uploads\/2025\/02\/Hera_nyithato_ajtos_akril_furdokad.jpg\",\"contentUrl\":\"https:\/\/m-acryl.hu\/kad-kisokos\/wp-content\/uploads\/2025\/02\/Hera_nyithato_ajtos_akril_furdokad.jpg\",\"width\":1280,\"height\":640,\"caption\":\"Nyithat\u00f3 ajt\u00f3s k\u00e1d - M-Acryl H\u00e9ra\"},{\"@type\":\"BreadcrumbList\",\"@id\":\"https:\/\/m-acryl.hu\/kad-kisokos\/nyithato-ajtos-kad\/#breadcrumb\",\"itemListElement\":[{\"@type\":\"ListItem\",\"position\":1,\"name\":\"Home\",\"item\":\"https:\/\/m-acryl.hu\/kad-kisokos\/\"},{\"@type\":\"ListItem\",\"position\":2,\"name\":\"Mikor ide\u00e1lis megold\u00e1s a nyithat\u00f3 ajt\u00f3s k\u00e1d?\"}]},{\"@type\":\"WebSite\",\"@id\":\"https:\/\/m-acryl.hu\/kad-kisokos\/#website\",\"url\":\"https:\/\/m-acryl.hu\/kad-kisokos\/\",\"name\":\"K\u00e1d kisokos\",\"description\":\"Az M-Acryl f\u00fcrd\u0151k\u00e1dakr\u00f3l k\u00f6z\u00e9rthet\u0151en\",\"potentialAction\":[{\"@type\":\"SearchAction\",\"target\":{\"@type\":\"EntryPoint\",\"urlTemplate\":\"https:\/\/m-acryl.hu\/kad-kisokos\/?s={search_term_string}\"},\"query-input\":{\"@type\":\"PropertyValueSpecification\",\"valueRequired\":true,\"valueName\":\"search_term_string\"}}],\"inLanguage\":\"hu\"},{\"@type\":\"Person\",\"@id\":\"https:\/\/m-acryl.hu\/kad-kisokos\/#\/schema\/person\/96303ce25b92eb52b68fdc7700430418\",\"name\":\"Sipos Saci\",\"image\":{\"@type\":\"ImageObject\",\"inLanguage\":\"hu\",\"@id\":\"https:\/\/m-acryl.hu\/kad-kisokos\/#\/schema\/person\/image\/\",\"url\":\"https:\/\/secure.gravatar.com\/avatar\/b3f6b226c90bc6c0e98060b62ba84046e34acf96d1a42ca247d8e29ba12bf5ef?s=96&d=mm&r=g\",\"contentUrl\":\"https:\/\/secure.gravatar.com\/avatar\/b3f6b226c90bc6c0e98060b62ba84046e34acf96d1a42ca247d8e29ba12bf5ef?s=96&d=mm&r=g\",\"caption\":\"Sipos Saci\"},\"url\":\"https:\/\/m-acryl.hu\/kad-kisokos\/author\/ssaci\/\"}]}<\/script>\n<!-- \/ Yoast SEO plugin. -->","yoast_head_json":{"title":"Mikor ide\u00e1lis megold\u00e1s a nyithat\u00f3 ajt\u00f3s k\u00e1d? - K\u00e1d kisokos","description":"Egy nyithat\u00f3 ajt\u00f3s k\u00e1d id\u0151s emberek \u00e9s mozg\u00e1skorl\u00e1tozottak sz\u00e1m\u00e1ra egyar\u00e1nt ide\u00e1lis megold\u00e1st jelenthet. N\u00e9zzen sz\u00e9t k\u00edn\u00e1latunkban!","robots":{"index":"index","follow":"nofollow","max-snippet":"max-snippet:-1","max-image-preview":"max-image-preview:large","max-video-preview":"max-video-preview:-1"},"canonical":"https:\/\/m-acryl.hu\/kad-kisokos\/nyithato-ajtos-kad\/","og_locale":"hu_HU","og_type":"article","og_title":"Mikor ide\u00e1lis megold\u00e1s a nyithat\u00f3 ajt\u00f3s k\u00e1d? - K\u00e1d kisokos","og_description":"Egy nyithat\u00f3 ajt\u00f3s k\u00e1d id\u0151s emberek \u00e9s mozg\u00e1skorl\u00e1tozottak sz\u00e1m\u00e1ra egyar\u00e1nt ide\u00e1lis megold\u00e1st jelenthet. N\u00e9zzen sz\u00e9t k\u00edn\u00e1latunkban!","og_url":"https:\/\/m-acryl.hu\/kad-kisokos\/nyithato-ajtos-kad\/","og_site_name":"K\u00e1d kisokos","article_published_time":"2025-02-18T12:28:14+00:00","article_modified_time":"2025-02-27T14:14:55+00:00","og_image":[{"width":1280,"height":640,"url":"https:\/\/m-acryl.hu\/kad-kisokos\/wp-content\/uploads\/2025\/02\/Hera_nyithato_ajtos_akril_furdokad.jpg","type":"image\/jpeg"}],"author":"Sipos Saci","twitter_card":"summary_large_image","twitter_title":"K\u00e1d kisokos","twitter_misc":{"Szerz\u0151:":"Sipos Saci","Becs\u00fclt olvas\u00e1si id\u0151":"9 perc"},"schema":{"@context":"https:\/\/schema.org","@graph":[{"@type":"WebPage","@id":"https:\/\/m-acryl.hu\/kad-kisokos\/nyithato-ajtos-kad\/","url":"https:\/\/m-acryl.hu\/kad-kisokos\/nyithato-ajtos-kad\/","name":"Mikor ide\u00e1lis megold\u00e1s a nyithat\u00f3 ajt\u00f3s k\u00e1d? - K\u00e1d kisokos","isPartOf":{"@id":"https:\/\/m-acryl.hu\/kad-kisokos\/#website"},"primaryImageOfPage":{"@id":"https:\/\/m-acryl.hu\/kad-kisokos\/nyithato-ajtos-kad\/#primaryimage"},"image":{"@id":"https:\/\/m-acryl.hu\/kad-kisokos\/nyithato-ajtos-kad\/#primaryimage"},"thumbnailUrl":"https:\/\/m-acryl.hu\/kad-kisokos\/wp-content\/uploads\/2025\/02\/Hera_nyithato_ajtos_akril_furdokad.jpg","datePublished":"2025-02-18T12:28:14+00:00","dateModified":"2025-02-27T14:14:55+00:00","author":{"@id":"https:\/\/m-acryl.hu\/kad-kisokos\/#\/schema\/person\/96303ce25b92eb52b68fdc7700430418"},"description":"Egy nyithat\u00f3 ajt\u00f3s k\u00e1d id\u0151s emberek \u00e9s mozg\u00e1skorl\u00e1tozottak sz\u00e1m\u00e1ra egyar\u00e1nt ide\u00e1lis megold\u00e1st jelenthet. N\u00e9zzen sz\u00e9t k\u00edn\u00e1latunkban!","breadcrumb":{"@id":"https:\/\/m-acryl.hu\/kad-kisokos\/nyithato-ajtos-kad\/#breadcrumb"},"inLanguage":"hu","potentialAction":[{"@type":"ReadAction","target":["https:\/\/m-acryl.hu\/kad-kisokos\/nyithato-ajtos-kad\/"]}]},{"@type":"ImageObject","inLanguage":"hu","@id":"https:\/\/m-acryl.hu\/kad-kisokos\/nyithato-ajtos-kad\/#primaryimage","url":"https:\/\/m-acryl.hu\/kad-kisokos\/wp-content\/uploads\/2025\/02\/Hera_nyithato_ajtos_akril_furdokad.jpg","contentUrl":"https:\/\/m-acryl.hu\/kad-kisokos\/wp-content\/uploads\/2025\/02\/Hera_nyithato_ajtos_akril_furdokad.jpg","width":1280,"height":640,"caption":"Nyithat\u00f3 ajt\u00f3s k\u00e1d - M-Acryl H\u00e9ra"},{"@type":"BreadcrumbList","@id":"https:\/\/m-acryl.hu\/kad-kisokos\/nyithato-ajtos-kad\/#breadcrumb","itemListElement":[{"@type":"ListItem","position":1,"name":"Home","item":"https:\/\/m-acryl.hu\/kad-kisokos\/"},{"@type":"ListItem","position":2,"name":"Mikor ide\u00e1lis megold\u00e1s a nyithat\u00f3 ajt\u00f3s k\u00e1d?"}]},{"@type":"WebSite","@id":"https:\/\/m-acryl.hu\/kad-kisokos\/#website","url":"https:\/\/m-acryl.hu\/kad-kisokos\/","name":"K\u00e1d kisokos","description":"Az M-Acryl f\u00fcrd\u0151k\u00e1dakr\u00f3l k\u00f6z\u00e9rthet\u0151en","potentialAction":[{"@type":"SearchAction","target":{"@type":"EntryPoint","urlTemplate":"https:\/\/m-acryl.hu\/kad-kisokos\/?s={search_term_string}"},"query-input":{"@type":"PropertyValueSpecification","valueRequired":true,"valueName":"search_term_string"}}],"inLanguage":"hu"},{"@type":"Person","@id":"https:\/\/m-acryl.hu\/kad-kisokos\/#\/schema\/person\/96303ce25b92eb52b68fdc7700430418","name":"Sipos Saci","image":{"@type":"ImageObject","inLanguage":"hu","@id":"https:\/\/m-acryl.hu\/kad-kisokos\/#\/schema\/person\/image\/","url":"https:\/\/secure.gravatar.com\/avatar\/b3f6b226c90bc6c0e98060b62ba84046e34acf96d1a42ca247d8e29ba12bf5ef?s=96&d=mm&r=g","contentUrl":"https:\/\/secure.gravatar.com\/avatar\/b3f6b226c90bc6c0e98060b62ba84046e34acf96d1a42ca247d8e29ba12bf5ef?s=96&d=mm&r=g","caption":"Sipos Saci"},"url":"https:\/\/m-acryl.hu\/kad-kisokos\/author\/ssaci\/"}]}},"_links":{"self":[{"href":"https:\/\/m-acryl.hu\/kad-kisokos\/wp-json\/wp\/v2\/posts\/6643","targetHints":{"allow":["GET"]}}],"collection":[{"href":"https:\/\/m-acryl.hu\/kad-kisokos\/wp-json\/wp\/v2\/posts"}],"about":[{"href":"https:\/\/m-acryl.hu\/kad-kisokos\/wp-json\/wp\/v2\/types\/post"}],"author":[{"embeddable":true,"href":"https:\/\/m-acryl.hu\/kad-kisokos\/wp-json\/wp\/v2\/users\/7"}],"replies":[{"embeddable":true,"href":"https:\/\/m-acryl.hu\/kad-kisokos\/wp-json\/wp\/v2\/comments?post=6643"}],"version-history":[{"count":21,"href":"https:\/\/m-acryl.hu\/kad-kisokos\/wp-json\/wp\/v2\/posts\/6643\/revisions"}],"predecessor-version":[{"id":6687,"href":"https:\/\/m-acryl.hu\/kad-kisokos\/wp-json\/wp\/v2\/posts\/6643\/revisions\/6687"}],"wp:featuredmedia":[{"embeddable":true,"href":"https:\/\/m-acryl.hu\/kad-kisokos\/wp-json\/wp\/v2\/media\/6686"}],"wp:attachment":[{"href":"https:\/\/m-acryl.hu\/kad-kisokos\/wp-json\/wp\/v2\/media?parent=6643"}],"wp:term":[{"taxonomy":"category","embeddable":true,"href":"https:\/\/m-acryl.hu\/kad-kisokos\/wp-json\/wp\/v2\/categories?post=6643"},{"taxonomy":"post_tag","embeddable":true,"href":"https:\/\/m-acryl.hu\/kad-kisokos\/wp-json\/wp\/v2\/tags?post=6643"}],"curies":[{"name":"wp","href":"https:\/\/api.w.org\/{rel}","templated":true}]}}