{"id":6422,"date":"2024-12-16T14:23:18","date_gmt":"2024-12-16T14:23:18","guid":{"rendered":"https:\/\/m-acryl.hu\/kad-kisokos\/?p=6422"},"modified":"2025-11-13T14:00:07","modified_gmt":"2025-11-13T14:00:07","slug":"milyen-kadat-vegyek","status":"publish","type":"post","link":"https:\/\/m-acryl.hu\/kad-kisokos\/milyen-kadat-vegyek\/","title":{"rendered":"Milyen k\u00e1dat vegyek? \u2013 Praktikus tippek a f\u00fcrd\u0151k\u00e1d v\u00e1laszt\u00e1s\u00e1hoz"},"content":{"rendered":"<p>[et_pb_section fb_built=&#8221;1&#8243; disabled_on=&#8221;off|off|off&#8221; _builder_version=&#8221;4.21.0&#8243; _module_preset=&#8221;default&#8221; global_colors_info=&#8221;{}&#8221;][et_pb_row _builder_version=&#8221;4.21.0&#8243; _module_preset=&#8221;default&#8221; width=&#8221;80%&#8221; min_height=&#8221;46.1px&#8221; custom_margin_tablet=&#8221;&#8221; custom_margin_phone=&#8221;0px||||false|false&#8221; custom_margin_last_edited=&#8221;on|phone&#8221; custom_padding=&#8221;0px||0.1%||false|false&#8221; global_colors_info=&#8221;{}&#8221;][et_pb_column type=&#8221;4_4&#8243; _builder_version=&#8221;4.16&#8243; _module_preset=&#8221;default&#8221; global_colors_info=&#8221;{}&#8221;][et_pb_text _builder_version=&#8221;4.27.2&#8243; _module_preset=&#8221;default&#8221; text_font_size=&#8221;16px&#8221; ul_font_size=&#8221;16px&#8221; ul_line_height=&#8221;1.7em&#8221; ol_font_size=&#8221;16px&#8221; ol_line_height=&#8221;1.7em&#8221; custom_padding=&#8221;||2px|||&#8221; global_colors_info=&#8221;{}&#8221;]<\/p>\n<p><strong>A f\u00fcrd\u0151k\u00e1d mind a funkcionalit\u00e1s, mind a k\u00e9nyelem szempontj\u00e1b\u00f3l meghat\u00e1roz\u00f3 elemek otthon\u00e1ban. Amikor a f\u00fcrd\u0151szob\u00e1ja fel\u00faj\u00edt\u00e1s\u00e1t tervezi, felmer\u00fclhet a k\u00e9rd\u00e9s, hogy a k\u00fcl\u00f6nb\u00f6z\u0151 t\u00edpusok k\u00f6z\u00fcl milyen k\u00e1dat vegyen. A megold\u00e1s \u00f6sszetett, hiszen a v\u00e1laszt\u00e1sn\u00e1l fontos, hogy a k\u00e1d illeszkedjen a megl\u00e9v\u0151 f\u00fcrd\u0151szobai t\u00e9rbe \u00e9s egy\u00fattal kellemes f\u00fcrd\u00e9st biztos\u00edtson. A megfelel\u0151 anyag \u00e9s kialak\u00edt\u00e1s mellett kiemelt szempont a k\u00f6nny\u0171 karbantart\u00e1s, \u00e9s nem mehet\u00fcnk el sz\u00f3 n\u00e9lk\u00fcl az eszt\u00e9tikai vonzer\u0151 mellett sem. Cikk\u00fcnkben kit\u00e9r\u00fcnk a f\u00fcrd\u0151k\u00e1dak t\u00edpusaira, el\u0151nyeire \u00e9s h\u00e1tr\u00e1nyaira, illetve hasznos tan\u00e1csokat adunk, mit \u00e9rdemes figyelembe vennie k\u00e1dv\u00e1s\u00e1rl\u00e1s el\u0151tt.<\/strong><\/p>\n<p>[\/et_pb_text][et_pb_text _builder_version=&#8221;4.27.2&#8243; _module_preset=&#8221;default&#8221; text_font_size=&#8221;16px&#8221; ul_font_size=&#8221;16px&#8221; ul_line_height=&#8221;1.7em&#8221; ol_font_size=&#8221;16px&#8221; ol_line_height=&#8221;1.7em&#8221; custom_margin=&#8221;5%||||false|false&#8221; custom_padding=&#8221;||2px|||&#8221; global_colors_info=&#8221;{}&#8221;]<\/p>\n<h2>A k\u00fcl\u00f6nb\u00f6z\u0151 f\u00fcrd\u0151k\u00e1d t\u00edpusok el\u0151nyei \u00e9s h\u00e1tr\u00e1nyai<\/h2>\n<h3>Milyen f\u00fcrd\u0151k\u00e1d t\u00edpusok vannak?<\/h3>\n<p>[\/et_pb_text][et_pb_text _builder_version=&#8221;4.27.2&#8243; _module_preset=&#8221;default&#8221; text_font_size=&#8221;16px&#8221; ul_font_size=&#8221;16px&#8221; ul_line_height=&#8221;1.7em&#8221; ol_font_size=&#8221;16px&#8221; ol_line_height=&#8221;1.7em&#8221; custom_margin=&#8221;5%||||false|false&#8221; custom_padding=&#8221;||2px|||&#8221; global_colors_info=&#8221;{}&#8221;]<\/p>\n<h4>Egyenes k\u00e1d<\/h4>\n<p>[\/et_pb_text][et_pb_text _builder_version=&#8221;4.27.2&#8243; _module_preset=&#8221;default&#8221; text_font_size=&#8221;16px&#8221; ul_font_size=&#8221;16px&#8221; ul_line_height=&#8221;1.7em&#8221; ol_font_size=&#8221;16px&#8221; ol_line_height=&#8221;1.7em&#8221; custom_margin=&#8221;5%||||false|false&#8221; custom_padding=&#8221;||2px|||&#8221; global_colors_info=&#8221;{}&#8221;]<\/p>\n<p>A legn\u00e9pszer\u0171bbnek a <span style=\"text-decoration: underline; color: #00ccff;\"><strong><a href=\"https:\/\/m-acryl.hu\/egyenes-kad\" style=\"color: #00ccff; text-decoration: underline;\">klasszikus t\u00e9glalap alak\u00fa k\u00e1dak<\/a> <\/strong><\/span>sz\u00e1m\u00edtanak, amelyek sz\u00e1mtalan m\u00e9retben el\u00e9rhet\u0151ek, \u00e9s helykihaszn\u00e1l\u00f3 kialak\u00edt\u00e1suk miatt a kisebb f\u00fcrd\u0151szob\u00e1kba \u00e9pp\u00fagy ide\u00e1lisak, mint a nagyobb helyis\u00e9gekbe. H\u00e1tr\u00e1nyuk, hogy csak a sarokba ker\u00fclhetnek, \u00e1m a k\u00fcls\u0151 k\u00f6t\u00f6tts\u00e9g ellens\u00falyoz\u00e1s\u00e1ra v\u00e1ltozatos bels\u0151 form\u00e1k k\u00f6z\u00fcl v\u00e1laszthatunk (\u00e9s ezen fel\u00fcl is van lehet\u0151s\u00e9g\u00fcnk feldobni a k\u00e1dunkat: v\u00e1laszthatunk p\u00e9ld\u00e1ul keskeny slim k\u00e1dperemet, vagy egy r\u00e9skialak\u00edt\u00e1s\u00fa diz\u00e1jn le- \u00e9s t\u00falfoly\u00f3t). Akkor \u00e9rdemes egyenes k\u00e1dat v\u00e1lasztania, ha k\u00f6lts\u00e9ghat\u00e9kony megold\u00e1st keres kompakt f\u00fcrd\u0151szob\u00e1j\u00e1ba. Illetve ha f\u00fcrd\u0151k\u00e1d \u00e9s zuhanyz\u00f3 kombin\u00e1ci\u00f3j\u00e1ra van sz\u00fcks\u00e9ge, amelynek beszerel\u00e9se nem ig\u00e9nyel semmilyen tov\u00e1bbi plusz munk\u00e1latot.<\/p>\n<p>[\/et_pb_text][et_pb_image src=&#8221;https:\/\/m-acryl.hu\/kad-kisokos\/wp-content\/uploads\/2024\/12\/Sabina-Pro-Slim-egyenes-akril-kad.jpg&#8221; alt=&#8221;Sabina Pro Slim egyenes akril k\u00e1d&#8221; title_text=&#8221;Sabina-Pro-Slim-egyenes-akril-kad&#8221; url_new_window=&#8221;on&#8221; force_fullwidth=&#8221;on&#8221; _builder_version=&#8221;4.27.2&#8243; _module_preset=&#8221;default&#8221; min_height=&#8221;90%&#8221; custom_padding=&#8221;||0px||false|false&#8221; global_colors_info=&#8221;{}&#8221;][\/et_pb_image][et_pb_text _builder_version=&#8221;4.27.2&#8243; _module_preset=&#8221;default&#8221; ul_font_size=&#8221;16px&#8221; ul_line_height=&#8221;1.7em&#8221; ol_font_size=&#8221;16px&#8221; ol_line_height=&#8221;1.7em&#8221; module_alignment=&#8221;center&#8221; min_height=&#8221;32.8px&#8221; custom_margin=&#8221;2%||||false|false&#8221; custom_padding=&#8221;0px||0px||false|false&#8221; global_colors_info=&#8221;{}&#8221;]<\/p>\n<p style=\"text-align: center;\"><span style=\"color: #00ccff;\"><em><a href=\"https:\/\/m-acryl.hu\/termekek\/sabina-pro-slim-egyenes-akril-kad\" target=\"_blank\" rel=\"noopener\" style=\"color: #00ccff;\"><span style=\"text-decoration: underline;\">Sabina Pro Slim egyenes akril k\u00e1d<\/span><\/a><\/em><\/span><\/p>\n<p>[\/et_pb_text][et_pb_text _builder_version=&#8221;4.27.2&#8243; _module_preset=&#8221;default&#8221; text_font_size=&#8221;16px&#8221; ul_font_size=&#8221;16px&#8221; ul_line_height=&#8221;1.7em&#8221; ol_font_size=&#8221;16px&#8221; ol_line_height=&#8221;1.7em&#8221; custom_padding=&#8221;||2px|||&#8221; global_colors_info=&#8221;{}&#8221;]<\/p>\n<h4>Sarokk\u00e1dak<\/h4>\n<p>[\/et_pb_text][et_pb_text _builder_version=&#8221;4.27.2&#8243; _module_preset=&#8221;default&#8221; text_font_size=&#8221;16px&#8221; ul_font_size=&#8221;16px&#8221; ul_line_height=&#8221;1.7em&#8221; ol_font_size=&#8221;16px&#8221; ol_line_height=&#8221;1.7em&#8221; custom_padding=&#8221;||2px|||&#8221; global_colors_info=&#8221;{}&#8221;]<\/p>\n<p>A <span style=\"text-decoration: underline;\"><span style=\"color: #00ccff; text-decoration: underline;\"><strong><a href=\"https:\/\/m-acryl.hu\/sarokkad\" target=\"_blank\" rel=\"noopener\" style=\"color: #00ccff; text-decoration: underline;\">sarokk\u00e1dakat<\/a><\/strong><\/span><\/span> \u00fagy alak\u00edtott\u00e1k ki, hogy illeszkedjenek egy helyis\u00e9g sark\u00e1ba. \u00c1ltal\u00e1ban h\u00e1romsz\u00f6g alak\u00faak, ami maxim\u00e1lis helykihaszn\u00e1l\u00e1st tesz lehet\u0151v\u00e9, k\u00fcl\u00f6n\u00f6sen a szab\u00e1lytalan alak\u00fa f\u00fcrd\u0151szob\u00e1kban. H\u00e1tr\u00e1nya, hogy nagyobb alapter\u00fcletet ig\u00e9nyelnek, \u00edgy kis f\u00fcrd\u0151szob\u00e1kba kev\u00e9sb\u00e9 elhelyezhet\u0151 (b\u00e1r a <span style=\"text-decoration: underline;\"><span style=\"color: #00ccff;\"><strong><a href=\"https:\/\/m-acryl.hu\/kismeretu-kad\" target=\"_blank\" rel=\"noopener\" style=\"color: #00ccff; text-decoration: underline;\">kism\u00e9ret\u0171\u00a0 k\u00e1dak<\/a><\/strong><\/span><\/span>, amik \u00e1ltal\u00e1ban aszimmetrikus kialak\u00edt\u00e1s\u00faak j\u00f3 megold\u00e1st jelenthetnek kisebb alapter\u00fclet\u0171\u00a0 szab\u00e1lytalan alak\u00fa f\u00fcrd\u0151szob\u00e1kban).<\/p>\n<p>[\/et_pb_text][et_pb_image src=&#8221;https:\/\/m-acryl.hu\/kad-kisokos\/wp-content\/uploads\/2024\/12\/Melody-akril-sarokkad.jpg&#8221; alt=&#8221;Melody akril sarokk\u00e1d&#8221; title_text=&#8221;Melody-akril-sarokkad&#8221; _builder_version=&#8221;4.27.2&#8243; _module_preset=&#8221;default&#8221; global_colors_info=&#8221;{}&#8221;][\/et_pb_image][et_pb_text _builder_version=&#8221;4.27.2&#8243; _module_preset=&#8221;default&#8221; ul_font_size=&#8221;16px&#8221; ul_line_height=&#8221;1.7em&#8221; ol_font_size=&#8221;16px&#8221; ol_line_height=&#8221;1.7em&#8221; module_alignment=&#8221;center&#8221; min_height=&#8221;32.8px&#8221; custom_margin=&#8221;2%||||false|false&#8221; custom_padding=&#8221;0px||0px||false|false&#8221; global_colors_info=&#8221;{}&#8221;]<\/p>\n<p style=\"text-align: center;\"><a href=\"https:\/\/m-acryl.hu\/termekek\/melody-akril-sarokkad\" target=\"_blank\" rel=\"noopener\"><span style=\"color: #00ccff;\"><em><span style=\"text-decoration: underline;\">Melody akril sarokk\u00e1d<\/span><\/em><\/span><\/a><\/p>\n<p>[\/et_pb_text][et_pb_text _builder_version=&#8221;4.27.2&#8243; _module_preset=&#8221;default&#8221; text_font_size=&#8221;16px&#8221; ul_font_size=&#8221;16px&#8221; ul_line_height=&#8221;1.7em&#8221; ol_font_size=&#8221;16px&#8221; ol_line_height=&#8221;1.7em&#8221; custom_margin=&#8221;10%||||false|false&#8221; custom_padding=&#8221;||2px|||&#8221; global_colors_info=&#8221;{}&#8221;]<\/p>\n<h4>Szabadon \u00e1ll\u00f3 f\u00fcrd\u0151k\u00e1dak<\/h4>\n<p>[\/et_pb_text][et_pb_text _builder_version=&#8221;4.27.2&#8243; _module_preset=&#8221;default&#8221; text_font_size=&#8221;16px&#8221; ul_font_size=&#8221;16px&#8221; ul_line_height=&#8221;1.7em&#8221; ol_font_size=&#8221;16px&#8221; ol_line_height=&#8221;1.7em&#8221; custom_padding=&#8221;||2px|||&#8221; global_colors_info=&#8221;{}&#8221;]<\/p>\n<p>Egy <span style=\"color: #00ccff;\"><strong><a href=\"https:\/\/m-acryl.hu\/szabadon-allo-kad\" target=\"_blank\" rel=\"noopener\" style=\"color: #00ccff;\"><span style=\"text-decoration: underline;\">szabadon \u00e1ll\u00f3 k\u00e1d<\/span><\/a><\/strong><\/span> nincs a falhoz r\u00f6gz\u00edtve, ennek k\u00f6sz\u00f6nhet\u0151en b\u00e1rhol elhelyezhet\u0151 nem csak a f\u00fcrd\u0151szob\u00e1ban, de a lak\u00e1s b\u00e1rmely pontj\u00e1n. Nagy el\u0151nye a tervez\u00e9si rugalmass\u00e1g \u00e9s a form\u00e1k, st\u00edlusok sz\u00e9les v\u00e1laszt\u00e9ka. H\u00e1tr\u00e1nya, hogy jellemz\u0151en dr\u00e1g\u00e1bb a hagyom\u00e1nyos k\u00e1dakn\u00e1l, \u00e9s b\u0151s\u00e9ges helyet ig\u00e9nyel a k\u00e1d k\u00f6r\u00fcl \u00e9s tov\u00e1bbi v\u00edzvezet\u00e9k-szerel\u00e9si munk\u00e1kat tehet sz\u00fcks\u00e9gess\u00e9. Egy ilyen k\u00e1d t\u00f6k\u00e9letes lehet t\u00e1gas terekbe, ahol a diz\u00e1jn \u00e9s a luxus els\u0151dleges szempont az \u00d6n sz\u00e1m\u00e1ra.<\/p>\n<p>[\/et_pb_text][et_pb_image src=&#8221;https:\/\/m-acryl.hu\/kad-kisokos\/wp-content\/uploads\/2024\/12\/Paradise-szabadon-allo-kad-scaled.jpg&#8221; alt=&#8221;Paradise szabadon \u00e1ll\u00f3 k\u00e1d&#8221; title_text=&#8221;Paradise-szabadon-allo-kad&#8221; _builder_version=&#8221;4.27.2&#8243; _module_preset=&#8221;default&#8221; global_colors_info=&#8221;{}&#8221;][\/et_pb_image][et_pb_text _builder_version=&#8221;4.27.2&#8243; _module_preset=&#8221;default&#8221; ul_font_size=&#8221;16px&#8221; ul_line_height=&#8221;1.7em&#8221; ol_font_size=&#8221;16px&#8221; ol_line_height=&#8221;1.7em&#8221; module_alignment=&#8221;center&#8221; min_height=&#8221;32.8px&#8221; custom_margin=&#8221;2%||||false|false&#8221; custom_padding=&#8221;0px||0px||false|false&#8221; global_colors_info=&#8221;{}&#8221;]<\/p>\n<p style=\"text-align: center;\"><span style=\"text-decoration: underline; color: #00ccff;\"><em><a href=\"https:\/\/m-acryl.hu\/termekek\/paradise-szabadon-allo-akril-kad\" target=\"_blank\" rel=\"noopener\" style=\"color: #00ccff; text-decoration: underline;\">Paradise szabadon \u00e1ll\u00f3 k\u00e1d<\/a><\/em><\/span><\/p>\n<p>[\/et_pb_text][et_pb_text _builder_version=&#8221;4.27.2&#8243; _module_preset=&#8221;default&#8221; text_font_size=&#8221;16px&#8221; ul_font_size=&#8221;16px&#8221; ul_line_height=&#8221;1.7em&#8221; ol_font_size=&#8221;16px&#8221; ol_line_height=&#8221;1.7em&#8221; custom_margin=&#8221;10%||||false|false&#8221; custom_padding=&#8221;||2px|||&#8221; global_colors_info=&#8221;{}&#8221;]<\/p>\n<h4>Aszimmetrikus f\u00fcrd\u0151k\u00e1dak<\/h4>\n<p>[\/et_pb_text][et_pb_image src=&#8221;https:\/\/m-acryl.hu\/kad-kisokos\/wp-content\/uploads\/2024\/12\/Linea-aszimmetrikus-furdokad.jpg&#8221; alt=&#8221;Linea aszimmetrikus f\u00fcrd\u0151k\u00e1d&#8221; title_text=&#8221;Linea-aszimmetrikus-furdokad&#8221; _builder_version=&#8221;4.27.2&#8243; _module_preset=&#8221;default&#8221; global_colors_info=&#8221;{}&#8221;][\/et_pb_image][et_pb_text _builder_version=&#8221;4.27.2&#8243; _module_preset=&#8221;default&#8221; ul_font_size=&#8221;16px&#8221; ul_line_height=&#8221;1.7em&#8221; ol_font_size=&#8221;16px&#8221; ol_line_height=&#8221;1.7em&#8221; module_alignment=&#8221;center&#8221; min_height=&#8221;32.8px&#8221; custom_margin=&#8221;2%||||false|false&#8221; custom_padding=&#8221;0px||0px||false|false&#8221; global_colors_info=&#8221;{}&#8221;]<\/p>\n<p style=\"text-align: center;\"><a href=\"https:\/\/m-acryl.hu\/termekek\/linea-aszimmetrikus-akril-kad\" target=\"_blank\" rel=\"noopener\"><span style=\"color: #00ccff;\"><em><span style=\"text-decoration: underline;\">Linea aszimmetrikus f\u00fcrd\u0151k\u00e1d<\/span><\/em><\/span><\/a><\/p>\n<p>[\/et_pb_text][et_pb_text _builder_version=&#8221;4.27.2&#8243; _module_preset=&#8221;default&#8221; text_font_size=&#8221;16px&#8221; ul_font_size=&#8221;16px&#8221; ul_line_height=&#8221;1.7em&#8221; ol_font_size=&#8221;16px&#8221; ol_line_height=&#8221;1.7em&#8221; custom_margin=&#8221;5%||||false|false&#8221; custom_padding=&#8221;||2px|||&#8221; global_colors_info=&#8221;{}&#8221;]<\/p>\n<p>A szab\u00e1lytalan alak\u00fa, <span style=\"text-decoration: underline;\"><span style=\"color: #00ccff;\"><strong><a href=\"https:\/\/m-acryl.hu\/aszimmetrikus-kad\" target=\"_blank\" rel=\"noopener\" style=\"color: #00ccff; text-decoration: underline;\">aszimmetrikus k\u00e1dakat<\/a> <\/strong><\/span><\/span>\u00fagy tervezt\u00e9k, hogy illeszkedjenek egy egyedi f\u00fcrd\u0151szoba elrendez\u00e9s\u00e9hez. Szokatlan vagy kisebb f\u00fcrd\u0151szob\u00e1ban megtal\u00e1lhat\u00f3k, modern \u00e9s jellegzetes megjelen\u00e9st biztos\u00edtva. Ugyanakkor gyakran ig\u00e9nyelnek egyedi beszerel\u00e9st \u00e9s bonyolultabb be\u00e9p\u00edt\u00e9st. Ha f\u00fcrd\u0151szob\u00e1ja nem szokv\u00e1nyos elrendez\u00e9s\u0171 \u00e9s keresi az extravag\u00e1ns, egyedi kialak\u00edt\u00e1sokat, \u00e9rdemes elmer\u00fclnie az aszimmetrikus k\u00e1dak v\u00e1laszt\u00e9kban.<\/p>\n<p>[\/et_pb_text][et_pb_text _builder_version=&#8221;4.27.2&#8243; _module_preset=&#8221;default&#8221; text_font_size=&#8221;16px&#8221; ul_font_size=&#8221;16px&#8221; ul_line_height=&#8221;1.7em&#8221; ol_font_size=&#8221;16px&#8221; ol_line_height=&#8221;1.7em&#8221; custom_margin=&#8221;5%||||false|false&#8221; custom_padding=&#8221;||2px|||&#8221; global_colors_info=&#8221;{}&#8221;]<\/p>\n<h4>K\u00fcl\u00f6nleges f\u00fcrd\u0151k\u00e1dak<\/h4>\n<p>[\/et_pb_text][et_pb_text _builder_version=&#8221;4.27.2&#8243; _module_preset=&#8221;default&#8221; text_font_size=&#8221;16px&#8221; ul_font_size=&#8221;16px&#8221; ul_line_height=&#8221;1.7em&#8221; ol_font_size=&#8221;16px&#8221; ol_line_height=&#8221;1.7em&#8221; custom_margin=&#8221;5%||||false|false&#8221; custom_padding=&#8221;||2px|||&#8221; global_colors_info=&#8221;{}&#8221;]<\/p>\n<p>A <span style=\"text-decoration: underline;\"><span style=\"color: #00ccff;\"><strong><a href=\"https:\/\/m-acryl.hu\/hidromasszazskad\" target=\"_blank\" rel=\"noopener\" style=\"color: #00ccff; text-decoration: underline;\">hidromassz\u00e1zs k\u00e1dak<\/a><\/strong><\/span><\/span> \u00e9s a <span style=\"text-decoration: underline;\"><span style=\"color: #00ccff;\"><strong><a href=\"https:\/\/m-acryl.hu\/szinterapia\" target=\"_blank\" rel=\"noopener\" style=\"color: #00ccff; text-decoration: underline;\">sz\u00ednter\u00e1pi\u00e1s k\u00e1dak<\/a><\/strong><\/span><\/span> el\u0151seg\u00edtik a relax\u00e1ci\u00f3t, m\u00edg az<span style=\"text-decoration: underline;\"> <span style=\"color: #00ccff; text-decoration: underline;\"><strong><a href=\"https:\/\/m-acryl.hu\/kad-kisokos\/ne-mondjon-le-a-furdes-elmenyerol-valasszon-inkabb-akadalymentes-kadat\/\" target=\"_blank\" rel=\"noopener\" style=\"color: #00ccff; text-decoration: underline;\">akad\u00e1lymentes\u00edtett k\u00e1dak<\/a><\/strong><\/span><\/span> k\u00f6nny\u0171 hozz\u00e1f\u00e9r\u00e9st biztos\u00edtanak a mozg\u00e1skorl\u00e1tozottak sz\u00e1m\u00e1ra. A t\u00e9vhittel ellent\u00e9tben ezek karbantart\u00e1sa sem ig\u00e9nyel extra id\u0151r\u00e1ford\u00edt\u00e1st. <span style=\"color: #00ccff;\"><strong><a href=\"https:\/\/www.google.com\/url?q=https:\/\/m-acryl.hu\/kad-kisokos\/masszazs-minden-nap-az-m-acryl-hidromasszazsrendszerek-csodalatos-vilaga\/&amp;sa=D&amp;source=docs&amp;ust=1733490736243883&amp;usg=AOvVaw3I-cO2JOHzYDBevbIXIVQI\" target=\"_blank\" rel=\"noopener\" style=\"color: #00ccff;\"><span style=\"text-decoration: underline;\">B\u0151vebben itt \u00edrtunk a massz\u00e1zsk\u00e1dakr\u00f3l<\/span>.<\/a><\/strong><\/span><\/p>\n<p>[\/et_pb_text][et_pb_image src=&#8221;https:\/\/m-acryl.hu\/kad-kisokos\/wp-content\/uploads\/2024\/12\/Hera-akadalymentesitett-furdokad.jpg&#8221; alt=&#8221;H\u00e9ra akad\u00e1lymentes\u00edtett f\u00fcrd\u0151k\u00e1d&#8221; title_text=&#8221;Hera-akadalymentesitett-furdokad&#8221; _builder_version=&#8221;4.27.2&#8243; _module_preset=&#8221;default&#8221; global_colors_info=&#8221;{}&#8221;][\/et_pb_image][et_pb_text _builder_version=&#8221;4.27.2&#8243; _module_preset=&#8221;default&#8221; ul_font_size=&#8221;16px&#8221; ul_line_height=&#8221;1.7em&#8221; ol_font_size=&#8221;16px&#8221; ol_line_height=&#8221;1.7em&#8221; module_alignment=&#8221;center&#8221; min_height=&#8221;32.8px&#8221; custom_margin=&#8221;2%||||false|false&#8221; custom_padding=&#8221;0px||0px||false|false&#8221; global_colors_info=&#8221;{}&#8221;]<\/p>\n<p style=\"text-align: center;\"><span style=\"color: #00ccff;\"><em><a href=\"https:\/\/m-acryl.hu\/termekek\/hera-akadalymentesitett-besetalos-akril-kad\" target=\"_blank\" rel=\"noopener\" style=\"color: #00ccff;\">H\u00e9ra akad\u00e1lymentes\u00edtett f\u00fcrd\u0151k\u00e1d<\/a><\/em><\/span><\/p>\n<p>[\/et_pb_text][et_pb_text _builder_version=&#8221;4.27.2&#8243; _module_preset=&#8221;default&#8221; text_font_size=&#8221;16px&#8221; ul_font_size=&#8221;16px&#8221; ul_line_height=&#8221;1.7em&#8221; ol_font_size=&#8221;16px&#8221; ol_line_height=&#8221;1.7em&#8221; custom_margin=&#8221;4%||||false|false&#8221; custom_padding=&#8221;||2px|||&#8221; global_colors_info=&#8221;{}&#8221;]<\/p>\n<h3>Milyen anyagb\u00f3l k\u00e9sz\u00fclj\u00f6n a k\u00e1d?<\/h3>\n<p>[\/et_pb_text][et_pb_text _builder_version=&#8221;4.27.2&#8243; _module_preset=&#8221;default&#8221; text_font_size=&#8221;16px&#8221; ul_font_size=&#8221;16px&#8221; ul_line_height=&#8221;1.7em&#8221; ol_font_size=&#8221;16px&#8221; ol_line_height=&#8221;1.7em&#8221; custom_margin=&#8221;4%||||false|false&#8221; custom_padding=&#8221;||2px|||&#8221; global_colors_info=&#8221;{}&#8221;]<\/p>\n<p>Anyagok tekintet\u00e9bent\u00f6bbf\u00e9le kialak\u00edt\u00e1s l\u00e9tezik. Az M-Acryl az el\u0151ny\u00f6s tulajdons\u00e1gai maitt az <span style=\"text-decoration: underline;\"><span style=\"color: #00ccff; text-decoration: underline;\"><strong><a href=\"https:\/\/m-acryl.hu\/akril-kad\" target=\"_blank\" rel=\"noopener\" style=\"color: #00ccff; text-decoration: underline;\">akril<\/a><\/strong><\/span><\/span> \u00e9s <span style=\"text-decoration: underline;\"><span style=\"color: #00ccff; text-decoration: underline;\"><strong><a href=\"https:\/\/prestige.m-acryl.hu\/kadak\/?filter_szuro=mumarvany-kadak\" target=\"_blank\" rel=\"noopener\" style=\"color: #00ccff; text-decoration: underline;\">m\u0171m\u00e1rv\u00e1ny k\u00e1dakat<\/a><\/strong><\/span><\/span> r\u00e9szes\u00edti el\u0151nyben m\u00e1s t\u00edpusokkal szemben , mint p\u00e9ld\u00e1ul a zom\u00e1ncozott ac\u00e9l, a lemezk\u00e1dak, az \u00f6nt\u00f6tt m\u00e1rv\u00e1ny, a k\u0151, fa vagy \u00fcveg k\u00e1dak.<\/p>\n<p>[\/et_pb_text][et_pb_text _builder_version=&#8221;4.27.2&#8243; _module_preset=&#8221;default&#8221; text_font_size=&#8221;16px&#8221; ul_font_size=&#8221;16px&#8221; ul_line_height=&#8221;1.7em&#8221; ol_font_size=&#8221;16px&#8221; ol_line_height=&#8221;1.7em&#8221; custom_margin=&#8221;5%||||false|false&#8221; custom_padding=&#8221;||2px|||&#8221; global_colors_info=&#8221;{}&#8221;]<\/p>\n<h4>Akril<\/h4>\n<p>[\/et_pb_text][et_pb_text _builder_version=&#8221;4.27.4&#8243; _module_preset=&#8221;default&#8221; text_font_size=&#8221;16px&#8221; ul_font_size=&#8221;16px&#8221; ul_line_height=&#8221;1.7em&#8221; ol_font_size=&#8221;16px&#8221; ol_line_height=&#8221;1.7em&#8221; custom_margin=&#8221;5%||||false|false&#8221; custom_padding=&#8221;||2px|||&#8221; global_colors_info=&#8221;{}&#8221;]<\/p>\n<p>A k\u00f6nny\u0171, t\u00fck\u00f6rf\u00e9nyes akril ma m\u00e1r az egyik legn\u00e9pszer\u0171bb f\u00fcrd\u0151k\u00e1d alapanyag. Sz\u00e1mos form\u00e1ban, m\u00e9retben \u00e9s sz\u00ednben kaphat\u00f3, j\u00f3l tartja a v\u00edz h\u0151m\u00e9rs\u00e9klet\u00e9t, r\u00e1ad\u00e1sul megfizethet\u0151. Ezek a k\u00e1dak az id\u0151 m\u00fal\u00e1s\u00e1val azonban hajlamosak a karcol\u00f3d\u00e1sra, de pol\u00edroz\u00e1ssal sz\u00e9pen jav\u00edthat\u00f3ak.<\/p>\n<p>[\/et_pb_text][et_pb_image src=&#8221;https:\/\/m-acryl.hu\/kad-kisokos\/wp-content\/uploads\/2024\/12\/Sandra-Slim-akril-kad.jpg&#8221; alt=&#8221;Sandra Slim egyenes akril k\u00e1d&#8221; title_text=&#8221;Sandra-Slim-akril-kad&#8221; _builder_version=&#8221;4.27.2&#8243; _module_preset=&#8221;default&#8221; global_colors_info=&#8221;{}&#8221;][\/et_pb_image][et_pb_text _builder_version=&#8221;4.27.2&#8243; _module_preset=&#8221;default&#8221; ul_font_size=&#8221;16px&#8221; ul_line_height=&#8221;1.7em&#8221; ol_font_size=&#8221;16px&#8221; ol_line_height=&#8221;1.7em&#8221; module_alignment=&#8221;center&#8221; min_height=&#8221;32.8px&#8221; custom_margin=&#8221;2%||||false|false&#8221; custom_padding=&#8221;0px||0px||false|false&#8221; global_colors_info=&#8221;{}&#8221;]<\/p>\n<p style=\"text-align: center;\"><span style=\"text-decoration: underline; color: #00ccff;\"><em><a href=\"https:\/\/m-acryl.hu\/termekek\/sandra-slim-egyenes-akril-kad\" target=\"_blank\" rel=\"noopener\" style=\"color: #00ccff; text-decoration: underline;\">Sandra Slim egyenes akril k\u00e1d<\/a><\/em><\/span><\/p>\n<p>[\/et_pb_text][et_pb_text _builder_version=&#8221;4.27.2&#8243; _module_preset=&#8221;default&#8221; text_font_size=&#8221;16px&#8221; ul_font_size=&#8221;16px&#8221; ul_line_height=&#8221;1.7em&#8221; ol_font_size=&#8221;16px&#8221; ol_line_height=&#8221;1.7em&#8221; custom_margin=&#8221;5%||||false|false&#8221; custom_padding=&#8221;||2px|||&#8221; global_colors_info=&#8221;{}&#8221;]<\/p>\n<h4>M\u0171m\u00e1rv\u00e1ny k\u00e1dak<\/h4>\n<p>[\/et_pb_text][et_pb_text _builder_version=&#8221;4.27.2&#8243; _module_preset=&#8221;default&#8221; text_font_size=&#8221;16px&#8221; ul_font_size=&#8221;16px&#8221; ul_line_height=&#8221;1.7em&#8221; ol_font_size=&#8221;16px&#8221; ol_line_height=&#8221;1.7em&#8221; custom_margin=&#8221;5%||||false|false&#8221; custom_padding=&#8221;||2px|||&#8221; global_colors_info=&#8221;{}&#8221;]<\/p>\n<p>A <span style=\"text-decoration: underline; color: #00ccff;\"><strong><a href=\"https:\/\/prestige.m-acryl.hu\/kadak\/?filter_szuro=mumarvany-kadak\" target=\"_blank\" rel=\"noopener\" style=\"color: #00ccff; text-decoration: underline;\">m\u0171m\u00e1rv\u00e1nyb\u00f3l<\/a><\/strong><\/span> k\u00e9sz\u00fclt k\u00e1dak a val\u00f3di m\u00e1rv\u00e1nyb\u00f3l k\u00e9sz\u00fclt k\u00e1dakhoz hasonl\u00f3 f\u00e9ny\u0171z\u0151 megjelen\u00e9st \u00e9s luxus f\u00fcrd\u00e9s\u00e9lm\u00e9nyt biztos\u00edtanak. A k\u00e9nyelem, a funkcionalit\u00e1s \u00e9s az eszt\u00e9tikum t\u00f6k\u00e9letes egyens\u00faly\u00e1t ny\u00fajtj\u00e1k. A m\u0171m\u00e1rv\u00e1ny t\u00f6m\u00f6r, sima fel\u00fclet\u0171, por\u00f3zusmentes, ami nemcsak a tiszt\u00edthat\u00f3s\u00e1g\u00e1t teszi egyszer\u0171v\u00e9, de ellen\u00e1ll\u00f3v\u00e1 teszi a karcol\u00e1sokkal \u00e9s a foltokkal szemben is.<\/p>\n<p>[\/et_pb_text][et_pb_image src=&#8221;https:\/\/m-acryl.hu\/kad-kisokos\/wp-content\/uploads\/2024\/03\/M-Acryl-Prestige-Jasmine-szabadon-allo-mumarvany-kad-1.jpg&#8221; alt=&#8221;M-Acryl-Prestige-Jasmine-mumarvany-kad&#8221; title_text=&#8221;M-Acryl-Prestige-Jasmine-szabadon-allo-mumarvany-kad-1&#8243; _builder_version=&#8221;4.27.2&#8243; _module_preset=&#8221;default&#8221; global_colors_info=&#8221;{}&#8221;][\/et_pb_image][et_pb_text _builder_version=&#8221;4.27.2&#8243; _module_preset=&#8221;default&#8221; ul_font_size=&#8221;16px&#8221; ul_line_height=&#8221;1.7em&#8221; ol_font_size=&#8221;16px&#8221; ol_line_height=&#8221;1.7em&#8221; module_alignment=&#8221;center&#8221; min_height=&#8221;32.8px&#8221; custom_margin=&#8221;2%||||false|false&#8221; custom_padding=&#8221;0px||0px||false|false&#8221; global_colors_info=&#8221;{}&#8221;]<\/p>\n<p style=\"text-align: center;\"><em><a href=\"https:\/\/prestige.m-acryl.hu\/termek\/jasmine-szabadon-allo-mumarvany-kad\/\" target=\"_blank\" rel=\"noopener\"><span style=\"color: #00ccff;\"><u>Jasmine szabadon \u00e1ll\u00f3 m\u0171m\u00e1rv\u00e1ny k\u00e1d<\/u><\/span><\/a><\/em><\/p>\n<p>[\/et_pb_text][et_pb_text _builder_version=&#8221;4.27.2&#8243; _module_preset=&#8221;default&#8221; text_font_size=&#8221;16px&#8221; ul_font_size=&#8221;16px&#8221; ul_line_height=&#8221;1.7em&#8221; ol_font_size=&#8221;16px&#8221; ol_line_height=&#8221;1.7em&#8221; custom_margin=&#8221;5%||||false|false&#8221; custom_padding=&#8221;||2px|||&#8221; global_colors_info=&#8221;{}&#8221;]<\/p>\n<h3>F\u00fcrd\u0151k\u00e1d m\u00e9retek \u00e9s form\u00e1k: milyen k\u00e1dat vegyen a f\u00fcrd\u0151szob\u00e1ba?<\/h3>\n<p>[\/et_pb_text][et_pb_text _builder_version=&#8221;4.27.2&#8243; _module_preset=&#8221;default&#8221; text_font_size=&#8221;16px&#8221; ul_font_size=&#8221;16px&#8221; ul_line_height=&#8221;1.7em&#8221; ol_font_size=&#8221;16px&#8221; ol_line_height=&#8221;1.7em&#8221; custom_margin=&#8221;5%||||false|false&#8221; custom_padding=&#8221;||2px|||&#8221; global_colors_info=&#8221;{}&#8221;]<\/p>\n<h4>F\u00fcrd\u0151szoba m\u00e9rete<\/h4>\n<p>[\/et_pb_text][et_pb_text _builder_version=&#8221;4.27.2&#8243; _module_preset=&#8221;default&#8221; text_font_size=&#8221;16px&#8221; ul_font_size=&#8221;16px&#8221; ul_line_height=&#8221;1.7em&#8221; ol_font_size=&#8221;16px&#8221; ol_line_height=&#8221;1.7em&#8221; custom_margin=&#8221;5%||||false|false&#8221; custom_padding=&#8221;||2px|||&#8221; global_colors_info=&#8221;{}&#8221;]<\/p>\n<p>A f\u00fcrd\u0151k\u00e1d kiv\u00e1laszt\u00e1s\u00e1nak els\u0151 l\u00e9p\u00e9se, hogy felm\u00e9rje f\u00fcrd\u0151szob\u00e1ja m\u00e9ret\u00e9t \u00e9s elrendez\u00e9s\u00e9t. A rendelkez\u00e9sre \u00e1ll\u00f3 hely nagym\u00e9rt\u00e9kben meghat\u00e1rozza, hogy hov\u00e1 tudja elhelyezni a k\u00e1dat, \u00e9s milyen st\u00edlusok illenek bele. A sarokk\u00e1dak ide\u00e1lisak a hely maximaliz\u00e1l\u00e1s\u00e1ra kisebb f\u00fcrd\u0151szob\u00e1kban, vagy egy olyan sarok kihaszn\u00e1l\u00e1s\u00e1ra, amely egy\u00e9bk\u00e9nt k\u00e1rba veszne. Az egyenes k\u00e1dak jellemz\u0151en a fal mellett helyezkednek el, \u00e9s sz\u0171k\u00f6sebb helyis\u00e9gekben is lehet\u0151v\u00e9 teszi a sokoldal\u00fas\u00e1got. A szabadon \u00e1ll\u00f3 f\u00fcrd\u0151k\u00e1dak b\u00e1rhova elhelyezhet\u0151k \u00e9s egy nagyobb f\u00fcrd\u0151szoba k\u00f6zponti elemei lehetnek.<\/p>\n<p>[\/et_pb_text][et_pb_text _builder_version=&#8221;4.27.2&#8243; _module_preset=&#8221;default&#8221; text_font_size=&#8221;16px&#8221; ul_font_size=&#8221;16px&#8221; ul_line_height=&#8221;1.7em&#8221; ol_font_size=&#8221;16px&#8221; ol_line_height=&#8221;1.7em&#8221; custom_margin=&#8221;5%||||false|false&#8221; custom_padding=&#8221;||2px|||&#8221; global_colors_info=&#8221;{}&#8221;]<\/p>\n<h4>Mi a k\u00e1d haszn\u00e1lat\u00e1nak c\u00e9lja?<\/h4>\n<p>[\/et_pb_text][et_pb_text _builder_version=&#8221;4.27.4&#8243; _module_preset=&#8221;default&#8221; text_font_size=&#8221;16px&#8221; ul_font_size=&#8221;16px&#8221; ul_line_height=&#8221;1.7em&#8221; ol_font_size=&#8221;16px&#8221; ol_line_height=&#8221;1.7em&#8221; custom_margin=&#8221;5%||||false|false&#8221; custom_padding=&#8221;||2px|||&#8221; global_colors_info=&#8221;{}&#8221;]<\/p>\n<p>A f\u00fcrd\u0151k\u00e1d els\u0151dleges c\u00e9lj\u00e1nak meg\u00e9rt\u00e9se seg\u00edt lesz\u0171k\u00edteni a v\u00e1laszt\u00e1si lehet\u0151s\u00e9geket. Ha azt szeretn\u00e9, hogy a k\u00e1d kiz\u00e1r\u00f3lag f\u00fcrd\u00e9sre szolg\u00e1ljon, akkor v\u00e1laszthat egy m\u00e9lyebb kialak\u00edt\u00e1s\u00fa k\u00e1dat vagy egy szabadon \u00e1ll\u00f3 darabot, amely k\u00e9nyelmes \u00e9s pihentet\u0151 \u00e9lm\u00e9nyt ny\u00fajt. Ha <span style=\"text-decoration: underline;\"><span style=\"color: #00ccff; text-decoration: underline;\"><strong><a href=\"https:\/\/m-acryl.hu\/kad-kisokos\/ezert-olyan-nepszeru-a-furdoszoba-felujitok-kozott-az-azalia-es-a-linea-aszimmetrikus-kad\/\" target=\"_blank\" rel=\"noopener\" style=\"color: #00ccff; text-decoration: underline;\">k\u00e1d \u00e9s zuhany kombin\u00e1ci\u00f3j\u00e1t<\/a><\/strong><\/span> <\/span>keresi, akkor a kett\u0151s funkcionalit\u00e1shoz ide\u00e1lis <span>ide\u00e1lis az <strong><span style=\"text-decoration: underline; color: #00ccff;\"><a href=\"https:\/\/m-acryl.hu\/termekek\/aszimmetrikus-kad\/azalia-aszimmetrikus-akril-kad\" target=\"_blank\" rel=\"noopener\" style=\"text-decoration: underline; color: #00ccff;\">Azalia<\/a> <\/span><\/strong>\u00e9s a <span style=\"text-decoration: underline;\"><span style=\"color: #00ccff;\"><strong><a href=\"https:\/\/m-acryl.hu\/termekek\/aszimmetrikus-kad\/linea-aszimmetrikus-akril-kad\" target=\"_blank\" rel=\"noopener\" style=\"color: #00ccff; text-decoration: underline;\">Linea<\/a><\/strong><\/span><\/span> k\u00e1dunk k\u00e1dparav\u00e1nnal.<\/span>\u00a0Ez a be\u00e1ll\u00edt\u00e1s praktikus \u00e9s helytakar\u00e9kos. Ha spa-szer\u0171 \u00e9lm\u00e9nyre v\u00e1gyik, t\u00e9rk\u00e9pezze fel a <span style=\"text-decoration: underline;\"><strong><span style=\"color: #00ccff;\"><a href=\"https:\/\/m-acryl.hu\/masszazsrendszerek\" style=\"color: #00ccff; text-decoration: underline;\">hidromassz\u00e1zs k\u00e1dak<\/a><\/span><\/strong><\/span> k\u00edn\u00e1lat\u00e1t, amelyek sz\u00e1mos extra funkci\u00f3val rendelkeznek az otthoni wellness-hangulat megteremt\u00e9se \u00e9rdek\u00e9ben.<\/p>\n<p>[\/et_pb_text][et_pb_image src=&#8221;https:\/\/m-acryl.hu\/kad-kisokos\/wp-content\/uploads\/2024\/12\/milyen-anyagbol-legyen.jpg&#8221; alt=&#8221;Milyen k\u00e1dat vegyek?&#8221; title_text=&#8221;milyen-anyagbol-legyen&#8221; url_new_window=&#8221;on&#8221; _builder_version=&#8221;4.27.2&#8243; _module_preset=&#8221;default&#8221; global_colors_info=&#8221;{}&#8221;][\/et_pb_image][et_pb_text _builder_version=&#8221;4.27.2&#8243; _module_preset=&#8221;default&#8221; text_font_size=&#8221;16px&#8221; ul_font_size=&#8221;16px&#8221; ul_line_height=&#8221;1.7em&#8221; ol_font_size=&#8221;16px&#8221; ol_line_height=&#8221;1.7em&#8221; custom_margin=&#8221;5%||||false|false&#8221; custom_padding=&#8221;||2px|||&#8221; global_colors_info=&#8221;{}&#8221;]<\/p>\n<h4>Milyen ig\u00e9nyei vannak a f\u00fcrd\u0151k\u00e1ddal szemben?<\/h4>\n<p>[\/et_pb_text][et_pb_text _builder_version=&#8221;4.27.2&#8243; _module_preset=&#8221;default&#8221; text_font_size=&#8221;16px&#8221; ul_font_size=&#8221;16px&#8221; ul_line_height=&#8221;1.7em&#8221; ol_font_size=&#8221;16px&#8221; ol_line_height=&#8221;1.7em&#8221; custom_margin=&#8221;5%||||false|false&#8221; custom_padding=&#8221;||2px|||&#8221; global_colors_info=&#8221;{}&#8221;]<\/p>\n<p>Ha gyermekei vannak, egy alacsonyabb k\u00e1d megk\u00f6nny\u00edtheti sz\u00e1mukra a ki- \u00e9s besz\u00e1ll\u00e1st. Ha szeret p\u00e1rj\u00e1val egy\u00fctt relax\u00e1lni, akkor nagyobb, sz\u00e9lesebb k\u00e1dra van sz\u00fcks\u00e9g. Vegye fontol\u00f3ra a k\u00e9t szem\u00e9lyre tervezett modelleket, k\u00f6z\u00e9plefoly\u00f3val \u00e9s kell\u0151en t\u00e1gas belt\u00e9rrel teszi m\u00e9g k\u00e9nyelmesebb\u00e9 a p\u00e1ros f\u00fcrd\u0151z\u00e9st. Gy\u0151z\u0151dj\u00f6n meg arr\u00f3l is, hogy a\u00a0 lefoly\u00f3 k\u00e9nyelmesen, a f\u00fcrd\u0151szoba v\u00edzvezet\u00e9k-szerel\u00e9s\u00e9hez megfelel\u0151 helyen van.<\/p>\n<p>[\/et_pb_text][et_pb_image src=&#8221;https:\/\/m-acryl.hu\/kad-kisokos\/wp-content\/uploads\/2024\/12\/furdokad-igenyek.jpg&#8221; alt=&#8221;Milyen f\u00fcrd\u0151k\u00e1dat vegyek&#8221; title_text=&#8221;furdokad-igenyek&#8221; url_new_window=&#8221;on&#8221; force_fullwidth=&#8221;on&#8221; _builder_version=&#8221;4.27.2&#8243; _module_preset=&#8221;default&#8221; module_alignment=&#8221;center&#8221; global_colors_info=&#8221;{}&#8221;][\/et_pb_image][et_pb_text _builder_version=&#8221;4.27.2&#8243; _module_preset=&#8221;default&#8221; text_font_size=&#8221;16px&#8221; ul_font_size=&#8221;16px&#8221; ul_line_height=&#8221;1.7em&#8221; ol_font_size=&#8221;16px&#8221; ol_line_height=&#8221;1.7em&#8221; custom_margin=&#8221;5%||||false|false&#8221; custom_padding=&#8221;||2px|||&#8221; global_colors_info=&#8221;{}&#8221;]<\/p>\n<h4>M\u00e9rlegelj\u00fck a k\u00fcl\u00f6nleges ig\u00e9nyeket is<\/h4>\n<p>[\/et_pb_text][et_pb_text _builder_version=&#8221;4.27.2&#8243; _module_preset=&#8221;default&#8221; text_font_size=&#8221;16px&#8221; ul_font_size=&#8221;16px&#8221; ul_line_height=&#8221;1.7em&#8221; ol_font_size=&#8221;16px&#8221; ol_line_height=&#8221;1.7em&#8221; custom_margin=&#8221;5%||||false|false&#8221; custom_padding=&#8221;||2px|||&#8221; global_colors_info=&#8221;{}&#8221;]<\/p>\n<p>Ha \u00d6nnek vagy b\u00e1rmely csal\u00e1dtagj\u00e1nak speci\u00e1lis ig\u00e9nyei vannak, v\u00e1lasszon olyan f\u00fcrd\u0151k\u00e1dat, amely megfelel ezeknek. A <span style=\"text-decoration: underline;\"><span style=\"color: #00ccff; text-decoration: underline;\"><strong><a href=\"https:\/\/m-acryl.hu\/kad-kisokos\/ne-mondjon-le-a-furdes-elmenyerol-valasszon-inkabb-akadalymentes-kadat\/\" target=\"_blank\" rel=\"noopener\" style=\"color: #00ccff; text-decoration: underline;\">bes\u00e9t\u00e1l\u00f3s k\u00e1dak<\/a> <\/strong><\/span><\/span>alkalmasak mozg\u00e1skorl\u00e1tozottak sz\u00e1m\u00e1ra, mivel a be- \u00e9s kisz\u00e1ll\u00e1st biztos\u00edt\u00f3 ajt\u00f3kkal, be\u00e9p\u00edtett \u00fcl\u0151k\u00e9vel rendelkeznek. Az <span style=\"text-decoration: underline;\"><span style=\"color: #00ccff; text-decoration: underline;\"><strong><a href=\"https:\/\/m-acryl.hu\/kad-kisokos\/az-idosek-nepszeru-furdokadja-amelybe-konnyu-belepni\/\" target=\"_blank\" rel=\"noopener\" style=\"color: #00ccff; text-decoration: underline;\">alacsonyabb magass\u00e1g\u00fa f\u00fcrd\u0151k\u00e1dak<\/a><\/strong><\/span> <\/span>k\u00f6nnyebben el\u00e9rhet\u0151k a kisgyermekek sz\u00e1m\u00e1ra, s\u0151t, a sz\u00fcl\u0151 sz\u00e1m\u00e1ra is k\u00f6nnyebb\u00e9 teheti, hogy f\u00fcrd\u00e9s k\u00f6zben \u00e1tny\u00faljon \u00e9s seg\u00edtsen a kicsiknek.<\/p>\n<p>[\/et_pb_text][et_pb_image src=&#8221;https:\/\/m-acryl.hu\/kad-kisokos\/wp-content\/uploads\/2020\/02\/c001.RGB_color.0000-1.jpg&#8221; alt=&#8221;M-Acryl Eco akril f\u00fcrd\u0151k\u00e1d&#8221; title_text=&#8221;M-Acryl Eco akril f\u00fcrd\u0151k\u00e1d&#8221; url_new_window=&#8221;on&#8221; force_fullwidth=&#8221;on&#8221; _builder_version=&#8221;4.27.2&#8243; _module_preset=&#8221;default&#8221; module_alignment=&#8221;center&#8221; global_colors_info=&#8221;{}&#8221;][\/et_pb_image][et_pb_text _builder_version=&#8221;4.27.2&#8243; _module_preset=&#8221;default&#8221; ul_font_size=&#8221;16px&#8221; ul_line_height=&#8221;1.7em&#8221; ol_font_size=&#8221;16px&#8221; ol_line_height=&#8221;1.7em&#8221; module_alignment=&#8221;center&#8221; custom_margin=&#8221;0px||||false|false&#8221; custom_padding=&#8221;||0px||false|false&#8221; global_colors_info=&#8221;{}&#8221;]<\/p>\n<p style=\"text-align: center;\"><span style=\"text-decoration: underline;\"><span style=\"color: #00ccff;\"><em><a href=\"https:\/\/m-acryl.hu\/termekek\/egyenes-kad\/eco-egyenes-akril-kad\" target=\"_blank\" rel=\"noopener\" style=\"color: #00ccff; text-decoration: underline;\">Eco egyenes akril k\u00e1d<\/a><\/em><\/span><\/span><\/p>\n<p>[\/et_pb_text][et_pb_text _builder_version=&#8221;4.27.2&#8243; _module_preset=&#8221;default&#8221; text_font_size=&#8221;16px&#8221; ul_font_size=&#8221;16px&#8221; ul_line_height=&#8221;1.7em&#8221; ol_font_size=&#8221;16px&#8221; ol_line_height=&#8221;1.7em&#8221; custom_margin=&#8221;5%||||false|false&#8221; custom_padding=&#8221;||2px|||&#8221; global_colors_info=&#8221;{}&#8221;]<\/p>\n<h4>Ford\u00edtson figyelmet f\u00fcrd\u0151szob\u00e1ja jelenlegi st\u00edlus\u00e1ra<\/h4>\n<p>[\/et_pb_text][et_pb_text _builder_version=&#8221;4.27.4&#8243; _module_preset=&#8221;default&#8221; text_font_size=&#8221;16px&#8221; ul_font_size=&#8221;16px&#8221; ul_line_height=&#8221;1.7em&#8221; ol_font_size=&#8221;16px&#8221; ol_line_height=&#8221;1.7em&#8221; custom_margin=&#8221;5%||||false|false&#8221; custom_padding=&#8221;||2px|||&#8221; global_colors_info=&#8221;{}&#8221;]<\/p>\n<p>Ha a helyis\u00e9gnek m\u00e1r van egy meghat\u00e1rozott st\u00edlusa, v\u00e1lasszon olyan f\u00fcrd\u0151k\u00e1dat, amely ehhez illeszkedik. P\u00e9ld\u00e1ul egy karmos l\u00e1b\u00fa k\u00e1d vintage b\u00e1jt k\u00f6lcs\u00f6n\u00f6zhet, m\u00edg egy eleg\u00e1ns, minimalista, szabadon \u00e1ll\u00f3 k\u00e1d feldobhatja a kort\u00e1rs f\u00fcrd\u0151szob\u00e1t. A f\u00fcrd\u0151k\u00e1d anyaga szint\u00e9n befoly\u00e1solhatja a megjelen\u00e9s\u00e9t \u00e9s a f\u00fcrd\u0151szobai st\u00edlushoz val\u00f3 illeszked\u00e9s\u00e9t. Az akril sz\u00e9les sz\u00edn- \u00e9s st\u00edlusv\u00e1laszt\u00e9kot k\u00edn\u00e1l, m\u00edg a m\u0171m\u00e1rv\u00e1ny exkluz\u00edv megjelen\u00e9st biztos\u00edt.<\/p>\n<p>[\/et_pb_text][et_pb_image src=&#8221;https:\/\/m-acryl.hu\/kad-kisokos\/wp-content\/uploads\/2024\/03\/M-Acryl-Prestige-Romantika-akril-kad-03.jpg&#8221; alt=&#8221;M-Acryl Prestige romantika k\u00e9tszem\u00e9lyes akril k\u00e1d&#8221; title_text=&#8221;M-Acryl-Prestige-Romantika-akril-kad-03&#8243; url_new_window=&#8221;on&#8221; force_fullwidth=&#8221;on&#8221; _builder_version=&#8221;4.27.2&#8243; _module_preset=&#8221;default&#8221; module_alignment=&#8221;center&#8221; global_colors_info=&#8221;{}&#8221;][\/et_pb_image][et_pb_text _builder_version=&#8221;4.27.2&#8243; _module_preset=&#8221;default&#8221; text_font_size=&#8221;16px&#8221; ul_font_size=&#8221;16px&#8221; ul_line_height=&#8221;1.7em&#8221; ol_font_size=&#8221;16px&#8221; ol_line_height=&#8221;1.7em&#8221; custom_margin=&#8221;5%||||false|false&#8221; custom_padding=&#8221;||2px|||&#8221; global_colors_info=&#8221;{}&#8221;]<\/p>\n<h4>Extra funkci\u00f3k a f\u00fcrd\u0151k\u00e1dhoz<\/h4>\n<p>[\/et_pb_text][et_pb_text _builder_version=&#8221;4.27.2&#8243; _module_preset=&#8221;default&#8221; text_font_size=&#8221;16px&#8221; ul_font_size=&#8221;16px&#8221; ul_line_height=&#8221;1.7em&#8221; ol_font_size=&#8221;16px&#8221; ol_line_height=&#8221;1.7em&#8221; custom_margin=&#8221;5%||||false|false&#8221; custom_padding=&#8221;||2px|||&#8221; global_colors_info=&#8221;{}&#8221;]<\/p>\n<p>A k\u00e1dparav\u00e1nok g\u00e1tk\u00e9nt szolg\u00e1lnak, hogy megakad\u00e1lyozz\u00e1k a v\u00edz kifr\u00f6ccsen\u00e9s\u00e9t a k\u00e1d ter\u00fclet\u00e9r\u0151l, sz\u00e1razon tartva a f\u00fcrd\u0151szoba padl\u00f3j\u00e1t \u00e9s cs\u00f6kkentve a cs\u00fasz\u00e1sok, es\u00e9sek kock\u00e1zat\u00e1t. K\u00fcl\u00f6n\u00f6sen hasznosak olyan f\u00fcrd\u0151k\u00e1dak eset\u00e9ben, amelyek egyben zuhanyz\u00f3k\u00e9nt is funkcion\u00e1lnak, remek alternat\u00edv megold\u00e1sk\u00e9nt szolg\u00e1lva a zuhanyf\u00fcgg\u00f6ny\u00f6kkel szemben. El\u0151ny\u00f6sek tov\u00e1bb\u00e1 a kisebb f\u00fcrd\u0151szob\u00e1kban, ahol a v\u00edzszab\u00e1lyoz\u00e1s elengedhetetlen, \u00e9s nincs hely k\u00fcl\u00f6n zuhanyz\u00f3 be\u00e9p\u00edt\u00e9s\u00e9re.<\/p>\n<p>[\/et_pb_text][et_pb_image src=&#8221;https:\/\/m-acryl.hu\/kad-kisokos\/wp-content\/uploads\/2024\/12\/Azalia-aszimmetrikus-akril-kad.jpg&#8221; alt=&#8221;Az\u00e1lia aszimmetrikus akril k\u00e1d&#8221; title_text=&#8221;Azalia-aszimmetrikus-akril-kad&#8221; url_new_window=&#8221;on&#8221; force_fullwidth=&#8221;on&#8221; _builder_version=&#8221;4.27.2&#8243; _module_preset=&#8221;default&#8221; module_alignment=&#8221;center&#8221; global_colors_info=&#8221;{}&#8221;][\/et_pb_image][et_pb_text _builder_version=&#8221;4.27.2&#8243; _module_preset=&#8221;default&#8221; ul_font_size=&#8221;16px&#8221; ul_line_height=&#8221;1.7em&#8221; ol_font_size=&#8221;16px&#8221; ol_line_height=&#8221;1.7em&#8221; module_alignment=&#8221;center&#8221; custom_margin=&#8221;0px||||false|false&#8221; custom_padding=&#8221;||0px||false|false&#8221; global_colors_info=&#8221;{}&#8221;]<\/p>\n<p style=\"text-align: center;\"><span style=\"text-decoration: underline;\"><span style=\"color: #00ccff;\"><em><a href=\"https:\/\/m-acryl.hu\/termekek\/azalia-aszimmetrikus-akril-kad\" target=\"_blank\" rel=\"noopener\" style=\"color: #00ccff; text-decoration: underline;\">Az\u00e1lia aszimmetrikus akril k\u00e1d k\u00e1dparav\u00e1nnal<\/a><\/em><\/span><\/span><\/p>\n<p>[\/et_pb_text][et_pb_text _builder_version=&#8221;4.27.4&#8243; _module_preset=&#8221;default&#8221; text_font_size=&#8221;16px&#8221; ul_font_size=&#8221;16px&#8221; ul_line_height=&#8221;1.7em&#8221; ol_font_size=&#8221;16px&#8221; ol_line_height=&#8221;1.7em&#8221; custom_margin=&#8221;5%||||false|false&#8221; custom_padding=&#8221;||2px|||&#8221; global_colors_info=&#8221;{}&#8221;]<\/p>\n<p>A fejt\u00e1ml\u00e1k ergonomikus al\u00e1t\u00e1maszt\u00e1st ny\u00fajtanak \u00e9s cs\u00f6kkentik a testet \u00e9r\u0151 terhel\u00e9st. Lehet\u0151v\u00e9 teszik, hogy k\u00e9nyelmesen h\u00e1trad\u0151lhessen an\u00e9lk\u00fcl, hogy k\u00f6zvetlen\u00fcl a k\u00e1d kem\u00e9ny fel\u00fclet\u00e9hez \u00e9rne. Ide\u00e1lis kieg\u00e9sz\u00edt\u0151, ha jav\u00edtani szeretn\u00e9 a f\u00fcrd\u0151z\u00e9s \u00e1ltal\u00e1nos k\u00e9nyelm\u00e9t \u00e9s fokozn\u00e1 kikapcsol\u00f3d\u00e1s\u00e1t.<\/p>\n<p>[\/et_pb_text][et_pb_image src=&#8221;https:\/\/m-acryl.hu\/kad-kisokos\/wp-content\/uploads\/2024\/12\/Royal-kulonleges-akril-kad.jpg&#8221; alt=&#8221;Royal k\u00fcl\u00f6nleges akril k\u00e1d fejp\u00e1rn\u00e1val&#8221; title_text=&#8221;Royal-kulonleges-akril-kad&#8221; url_new_window=&#8221;on&#8221; _builder_version=&#8221;4.27.2&#8243; _module_preset=&#8221;default&#8221; custom_margin=&#8221;||0px||false|false&#8221; custom_padding=&#8221;||0px||false|false&#8221; global_colors_info=&#8221;{}&#8221;][\/et_pb_image][et_pb_text _builder_version=&#8221;4.27.2&#8243; _module_preset=&#8221;default&#8221; ul_font_size=&#8221;16px&#8221; ul_line_height=&#8221;1.7em&#8221; ol_font_size=&#8221;16px&#8221; ol_line_height=&#8221;1.7em&#8221; module_alignment=&#8221;center&#8221; custom_margin=&#8221;0px||||false|false&#8221; custom_padding=&#8221;||0px||false|false&#8221; global_colors_info=&#8221;{}&#8221;]<\/p>\n<p style=\"text-align: center;\"><span style=\"text-decoration: underline;\"><span style=\"color: #00ccff;\"><em><a href=\"https:\/\/m-acryl.hu\/termekek\/royal-kulonleges-akril-kad\" target=\"_blank\" rel=\"noopener\" style=\"color: #00ccff; text-decoration: underline;\">Royal k\u00fcl\u00f6nleges akril k\u00e1d fejp\u00e1rn\u00e1val<\/a><\/em><\/span><\/span><\/p>\n<p>[\/et_pb_text][et_pb_text _builder_version=&#8221;4.27.2&#8243; _module_preset=&#8221;default&#8221; text_font_size=&#8221;16px&#8221; ul_font_size=&#8221;16px&#8221; ul_line_height=&#8221;1.7em&#8221; ol_font_size=&#8221;16px&#8221; ol_line_height=&#8221;1.7em&#8221; custom_margin=&#8221;5%||||false|false&#8221; custom_padding=&#8221;||2px|||&#8221; global_colors_info=&#8221;{}&#8221;]<\/p>\n<p>A hidromassz\u00e1zs-rendszerek massz\u00e1zsszer\u0171 \u00e9lm\u00e9nyt ny\u00fajtanak, meghat\u00e1rozott izomcsoportokat c\u00e9lozva meg. A v\u00edzsugarak c\u00e9lja, hogy enyh\u00edts\u00e9k a fesz\u00fclts\u00e9get, jav\u00edts\u00e1k a v\u00e9rkering\u00e9st \u00e9s el\u0151seg\u00edts\u00e9k a relax\u00e1ci\u00f3t. Ezek a rendszerek gyakran \u00e1ll\u00edthat\u00f3 intenzit\u00e1s\u00faak \u00e9s ir\u00e1ny\u00faak, a szem\u00e9lyes preferenci\u00e1knak megfelel\u0151en.<\/p>\n<p>Hasonl\u00f3 szerepet t\u00f6lt be a sz\u00ednter\u00e1pia, melynek l\u00e9nyege, hogy a k\u00e1dba integr\u00e1lt sz\u00ednes f\u00e9nyek haszn\u00e1lat\u00e1val nyugtat\u00f3 \u00e9s ter\u00e1pi\u00e1s l\u00e9gk\u00f6rt teremt. A k\u00fcl\u00f6nb\u00f6z\u0151 sz\u00edneknek k\u00fcl\u00f6nb\u00f6z\u0151 pszichol\u00f3giai \u00e9s fiziol\u00f3giai hat\u00e1sokat tulajdon\u00edtanak, p\u00e9ld\u00e1ul el\u0151seg\u00edtik a relax\u00e1ci\u00f3t, energiz\u00e1lj\u00e1k az elm\u00e9t vagy kiegyens\u00falyozz\u00e1k az \u00e9rzelmeket.<\/p>\n<p>[\/et_pb_text][et_pb_image src=&#8221;https:\/\/m-acryl.hu\/kad-kisokos\/wp-content\/uploads\/2022\/09\/szinterapia_nagy.jpg&#8221; alt=&#8221;M-Acryl sz\u00ednter\u00e1pia&#8221; title_text=&#8221;szinterapia_nagy&#8221; url_new_window=&#8221;on&#8221; _builder_version=&#8221;4.27.2&#8243; _module_preset=&#8221;default&#8221; custom_margin=&#8221;||0px||false|false&#8221; custom_padding=&#8221;||0px||false|false&#8221; global_colors_info=&#8221;{}&#8221;][\/et_pb_image][et_pb_text _builder_version=&#8221;4.27.2&#8243; _module_preset=&#8221;default&#8221; text_font_size=&#8221;16px&#8221; ul_font_size=&#8221;16px&#8221; ul_line_height=&#8221;1.7em&#8221; ol_font_size=&#8221;16px&#8221; ol_line_height=&#8221;1.7em&#8221; custom_margin=&#8221;5%||||false|false&#8221; custom_padding=&#8221;||2px|||&#8221; global_colors_info=&#8221;{}&#8221;]<\/p>\n<h4>F\u00fcrd\u0151k\u00e1d karbantart\u00e1si tippek<\/h4>\n<p>[\/et_pb_text][et_pb_text _builder_version=&#8221;4.27.2&#8243; _module_preset=&#8221;default&#8221; text_font_size=&#8221;16px&#8221; ul_font_size=&#8221;16px&#8221; ul_line_height=&#8221;1.7em&#8221; ol_font_size=&#8221;16px&#8221; ol_line_height=&#8221;1.7em&#8221; custom_margin=&#8221;5%||||false|false&#8221; custom_padding=&#8221;||2px|||&#8221; global_colors_info=&#8221;{}&#8221;]<\/p>\n<p>Legal\u00e1bb hetente egyszer alaposan tiszt\u00edtsa meg a f\u00fcrd\u0151k\u00e1dat, hogy megel\u0151zze a szappanlerak\u00f3d\u00e1sok, a pen\u00e9sz \u00e9s a foltok kialakul\u00e1s\u00e1t. Haszn\u00e1ljon k\u00edm\u00e9letes tiszt\u00edt\u00f3szert, p\u00e9ld\u00e1ul enyhe mosogat\u00f3szert, vagy speci\u00e1lis f\u00fcrd\u0151k\u00e1dtiszt\u00edt\u00f3t.<\/p>\n<p>[\/et_pb_text][et_pb_image src=&#8221;https:\/\/m-acryl.hu\/kad-kisokos\/wp-content\/uploads\/2024\/12\/takaritas.jpg&#8221; alt=&#8221;F\u00fcrd\u0151k\u00e1d takar\u00edt\u00e1s&#8221; title_text=&#8221;takaritas&#8221; url_new_window=&#8221;on&#8221; _builder_version=&#8221;4.27.2&#8243; _module_preset=&#8221;default&#8221; custom_margin=&#8221;||0px||false|false&#8221; custom_padding=&#8221;||0px||false|false&#8221; global_colors_info=&#8221;{}&#8221;][\/et_pb_image][et_pb_image src=&#8221;https:\/\/m-acryl.hu\/kad-kisokos\/wp-content\/uploads\/2025\/11\/cleaner-1.jpg&#8221; alt=&#8221;M-ACRYL Cleaner k\u00e1dtiszt\u00edt\u00f3&#8221; title_text=&#8221;cleaner&#8221; url_new_window=&#8221;on&#8221; _builder_version=&#8221;4.27.4&#8243; _module_preset=&#8221;default&#8221; custom_margin=&#8221;||0px||false|false&#8221; custom_padding=&#8221;||0px||false|false&#8221; hover_enabled=&#8221;0&#8243; global_colors_info=&#8221;{}&#8221; url=&#8221;https:\/\/m-acryl.hu\/termekek\/m-acryl-cleaner-akrilkad-tisztitoszer&#8221; sticky_enabled=&#8221;0&#8243;][\/et_pb_image][et_pb_text _builder_version=&#8221;4.27.4&#8243; _module_preset=&#8221;default&#8221; ul_font_size=&#8221;16px&#8221; ul_line_height=&#8221;1.7em&#8221; ol_font_size=&#8221;16px&#8221; ol_line_height=&#8221;1.7em&#8221; module_alignment=&#8221;center&#8221; custom_margin=&#8221;0px||||false|false&#8221; custom_padding=&#8221;||0px||false|false&#8221; hover_enabled=&#8221;0&#8243; global_colors_info=&#8221;{}&#8221; sticky_enabled=&#8221;0&#8243;]<\/p>\n<p style=\"text-align: center;\"><a href=\"https:\/\/m-acryl.hu\/termekek\/m-acryl-cleaner-akrilkad-tisztitoszer\" target=\"_blank\" rel=\"noopener\">M-Acryl Cleaner k\u00e1dtiszt\u00edt\u00f3<\/a><\/p>\n<p>[\/et_pb_text][et_pb_text _builder_version=&#8221;4.27.2&#8243; _module_preset=&#8221;default&#8221; text_font_size=&#8221;16px&#8221; ul_font_size=&#8221;16px&#8221; ul_line_height=&#8221;1.7em&#8221; ol_font_size=&#8221;16px&#8221; ol_line_height=&#8221;1.7em&#8221; custom_margin=&#8221;5%||||false|false&#8221; custom_padding=&#8221;||2px|||&#8221; global_colors_info=&#8221;{}&#8221;]<\/p>\n<p>Ker\u00fclje a s\u00farol\u00f3 hat\u00e1s\u00fa tiszt\u00edt\u00f3szerek \u00e9s az amm\u00f3nia alap\u00fa term\u00e9kek haszn\u00e1lat\u00e1t, mivel ezek k\u00e1ros\u00edthatj\u00e1k a k\u00e1d fel\u00fclet\u00e9t, k\u00fcl\u00f6n\u00f6sen az akril \u00e9s zom\u00e1ncozott ac\u00e9l f\u00fcrd\u0151k\u00e1dak eset\u00e9ben. K\u00f6rnyezetbar\u00e1t megold\u00e1sk\u00e9nt szolg\u00e1lhat feh\u00e9r ecet \u00e9s v\u00edz kever\u00e9ke, mely hat\u00e9konyan elt\u00e1vol\u00edtja a szennyez\u0151d\u00e9seket, mik\u00f6zben fert\u0151tlen\u00edt is.<\/p>\n<p>Kisebb karcol\u00e1sok eset\u00e9n haszn\u00e1ljon nem koptat\u00f3 hat\u00e1s\u00fa pol\u00edroz\u00f3szert, vagy a k\u00e1d anyag\u00e1ra jellemz\u0151 jav\u00edt\u00f3k\u00e9szletet. Az akril jav\u00edt\u00f3k\u00e9szletek kit\u00f6lthetik a karcol\u00e1sokat \u00e9s helyre\u00e1ll\u00edthatj\u00e1k a fel\u00fcletet. Ha a k\u00e1don makacs foltok keletkeznek, azok gyakran elt\u00e1vol\u00edthat\u00f3k sz\u00f3dabikarb\u00f3n\u00e1b\u00f3l \u00e9s v\u00edzb\u0151l k\u00e9sz\u00fclt paszt\u00e1val.<\/p>\n<p>K\u00e1dv\u00e1s\u00e1rl\u00e1skor vegye figyelembe a <span style=\"color: #00ccff;\"><strong><a href=\"https:\/\/m-acryl.hu\/garancia\" target=\"_blank\" rel=\"noopener\" style=\"color: #00ccff;\"><span style=\"text-decoration: underline;\">k\u00e1dra el\u00e9rhet\u0151 garanci\u00e1t<\/span>.<\/a><\/strong><\/span> Ez az M-Acryl term\u00e9kek eset\u00e9ben 15 \u00e9v a <strong><span style=\"color: #00ccff;\"><a href=\"https:\/\/prestige.m-acryl.hu\/kadak\/\" target=\"_blank\" rel=\"noopener\" style=\"color: #00ccff;\">Prestige szabadon \u00e1ll\u00f3 \u00e9s k\u00fcl\u00f6nleges k\u00e1dakra<\/a>,<\/span><\/strong>\u00a0\u00e9s 10 \u00e9v az \u00f6sszes t\u00f6bbi k\u00e1dra.<\/p>\n<p>[\/et_pb_text][et_pb_image src=&#8221;https:\/\/m-acryl.hu\/kad-kisokos\/wp-content\/uploads\/2024\/12\/garancia.jpg&#8221; alt=&#8221;Garancia&#8221; title_text=&#8221;garancia&#8221; url=&#8221;https:\/\/m-acryl.hu\/garancia&#8221; url_new_window=&#8221;on&#8221; _builder_version=&#8221;4.27.2&#8243; _module_preset=&#8221;default&#8221; module_alignment=&#8221;center&#8221; custom_margin=&#8221;30px||0px||false|false&#8221; custom_padding=&#8221;||0px||false|false&#8221; global_colors_info=&#8221;{}&#8221;][\/et_pb_image][et_pb_text _builder_version=&#8221;4.27.4&#8243; _module_preset=&#8221;default&#8221; text_font_size=&#8221;16px&#8221; ul_font_size=&#8221;16px&#8221; ul_line_height=&#8221;1.7em&#8221; ol_font_size=&#8221;16px&#8221; ol_line_height=&#8221;1.7em&#8221; custom_margin=&#8221;5%||||false|false&#8221; custom_padding=&#8221;||2px|||&#8221; global_colors_info=&#8221;{}&#8221;]<\/p>\n<p>A megfelel\u0151 f\u00fcrd\u0151k\u00e1d kiv\u00e1laszt\u00e1sa els\u0151re neh\u00e9znek t\u0171nhet, hiszen gondos tervez\u00e9st \u00e9s k\u00fcl\u00f6nb\u00f6z\u0151 t\u00e9nyez\u0151k egy\u00fcttes figyelembev\u00e9tel\u00e9t ig\u00e9nyli. A megold\u00e1s azonban nem ennyire bonyolult, ha r\u00e1sz\u00e1n egy kis id\u0151t, \u00e9s sorra veszi f\u00fcrd\u0151szob\u00e1ja jellemz\u0151it, \u00e9s felm\u00e9ri legfontosabb ig\u00e9nyeit. V\u00e1lasszon olyan modellt, amely megfelel a preferenci\u00e1inak a magas fok\u00fa k\u00e9nyelem \u00e9s a hozz\u00e1f\u00e9rhet\u0151s\u00e9g biztos\u00edt\u00e1sa \u00e9rdek\u00e9ben. Ezut\u00e1n gy\u0151z\u0151dj\u00f6n meg arr\u00f3l, hogy a f\u00fcrd\u0151k\u00e1d t\u00f6k\u00e9letesen illeszkedik f\u00fcrd\u0151szob\u00e1ja st\u00edlus\u00e1hoz, hogy egys\u00e9ges \u00e9s eszt\u00e9tikus teret hozzon l\u00e9tre. <span style=\"text-decoration: underline;\"><span style=\"color: #00ccff; text-decoration: underline;\"><a href=\"https:\/\/m-acryl.hu\/bemutatoterem\" target=\"_blank\" rel=\"noopener\" style=\"color: #00ccff; text-decoration: underline;\">Bemutat\u00f3term\u00fcnk<\/a><\/span><\/span> a legalkalmasabb hely ezen szempontok megvizsg\u00e1l\u00e1s\u00e1ra \u00e9s term\u00e9keink kipr\u00f3b\u00e1l\u00e1s\u00e1ra. Szaktan\u00e1csad\u00f3ink k\u00e9szs\u00e9ggel \u00e1llnak rendelkez\u00e9s\u00e9re, ha seg\u00edts\u00e9gre lenne sz\u00fcks\u00e9ge. N\u00e1lunk biztosan megtal\u00e1lja \u00e1lmai f\u00fcrd\u0151k\u00e1dj\u00e1t. V\u00e9g\u00fcl pedig eg\u00e9sz\u00edtse ki k\u00e1dj\u00e1t kieg\u00e9sz\u00edt\u0151kkel ig\u00e9nyei szerint, hogy szem\u00e9lyre szabott, k\u00e9nyelmes \u00e9s pihentet\u0151 f\u00fcrd\u0151o\u00e1zist hozhasson l\u00e9tre.<\/p>\n<p>Ugye, hogy nem is olyan bonyolult? Ha ezeket az ir\u00e1nymutat\u00e1sokat k\u00f6veti, k\u00f6nnyed\u00e9n megtal\u00e1lhatja a t\u00f6k\u00e9letes f\u00fcrd\u0151k\u00e1dat.<\/p>\n<p>[\/et_pb_text][\/et_pb_column][\/et_pb_row][\/et_pb_section][et_pb_section fb_built=&#8221;1&#8243; fullwidth=&#8221;on&#8221; _builder_version=&#8221;4.27.2&#8243; _module_preset=&#8221;default&#8221; global_colors_info=&#8221;{}&#8221;][\/et_pb_section][et_pb_section fb_built=&#8221;1&#8243; _builder_version=&#8221;4.16&#8243; background_color=&#8221;#f0f0f0&#8243; custom_margin=&#8221;||0px|||&#8221; custom_padding=&#8221;9px||1px|||&#8221; top_divider_height=&#8221;25px&#8221; border_width_all=&#8221;23px&#8221; border_color_all=&#8221;#e2e2e2&#8243; locked=&#8221;off&#8221; collapsed=&#8221;on&#8221; global_colors_info=&#8221;{}&#8221;][et_pb_row _builder_version=&#8221;4.16&#8243; width=&#8221;70%&#8221; width_tablet=&#8221;&#8221; width_phone=&#8221;90%&#8221; width_last_edited=&#8221;on|phone&#8221; min_height=&#8221;636px&#8221; custom_margin=&#8221;40px|auto||auto||&#8221; global_colors_info=&#8221;{}&#8221;][et_pb_column type=&#8221;4_4&#8243; _builder_version=&#8221;4.16&#8243; global_colors_info=&#8221;{}&#8221;][et_pb_blurb use_icon=&#8221;on&#8221; font_icon=&#8221;&#xe010;||divi||400&#8243; icon_color=&#8221;#c5d300&#8243; image_icon_width=&#8221;108px&#8221; content_max_width=&#8221;687px&#8221; _builder_version=&#8221;4.16&#8243; header_level=&#8221;h2&#8243; body_text_color=&#8221;#424242&#8243; body_font_size=&#8221;17px&#8221; custom_margin=&#8221;|0px|0px|0px|false|false&#8221; custom_padding=&#8221;|0px||0px|false|false&#8221; icon_font_size=&#8221;108px&#8221; global_colors_info=&#8221;{}&#8221;][\/et_pb_blurb][et_pb_text _builder_version=&#8221;4.16&#8243; header_text_align=&#8221;center&#8221; custom_margin=&#8221;6px||6px||true|false&#8221; global_colors_info=&#8221;{}&#8221;]<\/p>\n<h2 style=\"text-align: center;\">Cikksorozatunk tov\u00e1bbi r\u00e9szei is v\u00e1rj\u00e1k \u00f6nt.<\/h2>\n<p>[\/et_pb_text][et_pb_text _builder_version=&#8221;4.16&#8243; text_text_color=&#8221;#FFFFFF&#8221; text_font_size=&#8221;17px&#8221; text_line_height=&#8221;1.6em&#8221; custom_padding=&#8221;||2px|||&#8221; global_colors_info=&#8221;{}&#8221;]<\/p>\n<p style=\"text-align: center;\"><span style=\"color: #333333;\">K\u00e9rje tov\u00e1bbi inspir\u00e1l\u00f3 \u00e9s szak\u00e9rt\u0151i cikkeinket a f\u00fcrd\u0151k\u00e1d t\u00e9m\u00e1ban. Adja meg e-mail c\u00edm\u00e9t, hogy tov\u00e1bbi hasznos tartalmakat k\u00fcldhess\u00fcnk \u00d6nnek.<br \/>\n<\/span><\/p>\n<p>[\/et_pb_text][et_pb_code _builder_version=&#8221;4.16&#8243; background_color=&#8221;rgba(0,0,0,0)&#8221; custom_padding=&#8221;||0px|||&#8221; animation_style=&#8221;fade&#8221; global_colors_info=&#8221;{}&#8221;]<\/p>\n<div id=\"mmform201115\" class=\"mmform\" style=\"position: relative; padding-bottom: 300px; height: 0; overflow: hidden; max-width: 100%;\"><\/div>\n<p><!-- [et_pb_line_break_holder] --><!-- [et_pb_line_break_holder] --><!-- [et_pb_line_break_holder] --><!-- [et_pb_line_break_holder] --><script type=\"text\/javascript\"><!-- [et_pb_line_break_holder] -->var uniqueId = 2011151587117327,listId = 104491,formId = 201115,iwidth=115,mmDomain='salesautopilot.s3.amazonaws.com',secondMMDomain='sw.marketingszoftverek.hu',spancont=false,secure=('https:' == document.location.protocol)?true:false;<!-- [et_pb_line_break_holder] --><\/script><!-- [et_pb_line_break_holder] --><script type=\"text\/javascript\" src=\"https:\/\/d1ursyhqs5x9h1.cloudfront.net\/sw\/scripts\/mm-embed-iframe-1.15.min.js\"><\/script>[\/et_pb_code][\/et_pb_column][\/et_pb_row][\/et_pb_section]<\/p>\n","protected":false},"excerpt":{"rendered":"<p>F\u00fcrd\u0151szob\u00e1ja fel\u00faj\u00edt\u00e1s el\u0151tt, felmer\u00fclhet a k\u00e9rd\u00e9s, hogy milyen k\u00e1dat vegyen. Kattintson, \u00e9s ismerje meg k\u00fcl\u00f6nb\u00f6z\u0151 k\u00e1dt\u00edpusok el\u0151nyeit \u00e9s h\u00e1tr\u00e1nyait, \u00e9s tudja meg mikre \u00e9rdemes figyelnie! <\/p>\n","protected":false},"author":7,"featured_media":6499,"comment_status":"closed","ping_status":"open","sticky":false,"template":"","format":"standard","meta":{"_et_pb_use_builder":"on","_et_pb_old_content":"","_et_gb_content_width":"","footnotes":""},"categories":[1,69],"tags":[],"class_list":["post-6422","post","type-post","status-publish","format-standard","has-post-thumbnail","hentry","category-egyeb","category-kozlemeny","et-has-post-format-content","et_post_format-et-post-format-standard"],"yoast_head":"<!-- This site is optimized with the Yoast SEO plugin v26.6 - https:\/\/yoast.com\/wordpress\/plugins\/seo\/ -->\n<title>Milyen k\u00e1dat vegyek? \u2013 Praktikus tippek a f\u00fcrd\u0151k\u00e1d v\u00e1laszt\u00e1s\u00e1hoz - K\u00e1d kisokos<\/title>\n<meta name=\"description\" content=\"F\u00fcrd\u0151szob\u00e1ja fel\u00faj\u00edt\u00e1s el\u0151tt, felmer\u00fclhet a k\u00e9rd\u00e9s, hogy milyen k\u00e1dat vegyen. Kattintson, \u00e9s ismerje meg k\u00fcl\u00f6nb\u00f6z\u0151 k\u00e1dt\u00edpusok el\u0151nyeit \u00e9s h\u00e1tr\u00e1nyait, \u00e9s tudja meg mikre \u00e9rdemes figyelnie!\" \/>\n<meta name=\"robots\" content=\"index, nofollow, max-snippet:-1, max-image-preview:large, max-video-preview:-1\" \/>\n<link rel=\"canonical\" href=\"https:\/\/m-acryl.hu\/kad-kisokos\/milyen-kadat-vegyek\/\" \/>\n<meta property=\"og:locale\" content=\"hu_HU\" \/>\n<meta property=\"og:type\" content=\"article\" \/>\n<meta property=\"og:title\" content=\"Milyen k\u00e1dat vegyek? \u2013 Praktikus tippek a f\u00fcrd\u0151k\u00e1d v\u00e1laszt\u00e1s\u00e1hoz - K\u00e1d kisokos\" \/>\n<meta property=\"og:description\" content=\"Ismerje meg a Claudia k\u00e1dat, ami visszafogott sz\u00e9ps\u00e9g\u00e9vel \u00e9s praktikuss\u00e1g\u00e1val bef\u00e9szkeli mag\u00e1t az \u00d6n sz\u00edv\u00e9be is. Olvassa el a cikk\u00fcnket!\" \/>\n<meta property=\"og:url\" content=\"https:\/\/m-acryl.hu\/kad-kisokos\/milyen-kadat-vegyek\/\" \/>\n<meta property=\"og:site_name\" content=\"K\u00e1d kisokos\" \/>\n<meta property=\"article:published_time\" content=\"2024-12-16T14:23:18+00:00\" \/>\n<meta property=\"article:modified_time\" content=\"2025-11-13T14:00:07+00:00\" \/>\n<meta property=\"og:image\" content=\"https:\/\/m-acryl.hu\/kad-kisokos\/wp-content\/uploads\/2024\/12\/m-acryl-milyen-furdokadat-vegyek-cover.jpg\" \/>\n\t<meta property=\"og:image:width\" content=\"1280\" \/>\n\t<meta property=\"og:image:height\" content=\"812\" \/>\n\t<meta property=\"og:image:type\" content=\"image\/jpeg\" \/>\n<meta name=\"author\" content=\"Sipos Saci\" \/>\n<meta name=\"twitter:card\" content=\"summary_large_image\" \/>\n<meta name=\"twitter:title\" content=\"K\u00e1d kisokos\" \/>\n<meta name=\"twitter:label1\" content=\"Szerz\u0151:\" \/>\n\t<meta name=\"twitter:data1\" content=\"Sipos Saci\" \/>\n\t<meta name=\"twitter:label2\" content=\"Becs\u00fclt olvas\u00e1si id\u0151\" \/>\n\t<meta name=\"twitter:data2\" content=\"12 perc\" \/>\n<script type=\"application\/ld+json\" class=\"yoast-schema-graph\">{\"@context\":\"https:\/\/schema.org\",\"@graph\":[{\"@type\":\"WebPage\",\"@id\":\"https:\/\/m-acryl.hu\/kad-kisokos\/milyen-kadat-vegyek\/\",\"url\":\"https:\/\/m-acryl.hu\/kad-kisokos\/milyen-kadat-vegyek\/\",\"name\":\"Milyen k\u00e1dat vegyek? \u2013 Praktikus tippek a f\u00fcrd\u0151k\u00e1d v\u00e1laszt\u00e1s\u00e1hoz - K\u00e1d kisokos\",\"isPartOf\":{\"@id\":\"https:\/\/m-acryl.hu\/kad-kisokos\/#website\"},\"primaryImageOfPage\":{\"@id\":\"https:\/\/m-acryl.hu\/kad-kisokos\/milyen-kadat-vegyek\/#primaryimage\"},\"image\":{\"@id\":\"https:\/\/m-acryl.hu\/kad-kisokos\/milyen-kadat-vegyek\/#primaryimage\"},\"thumbnailUrl\":\"https:\/\/m-acryl.hu\/kad-kisokos\/wp-content\/uploads\/2024\/12\/m-acryl-milyen-furdokadat-vegyek-cover.jpg\",\"datePublished\":\"2024-12-16T14:23:18+00:00\",\"dateModified\":\"2025-11-13T14:00:07+00:00\",\"author\":{\"@id\":\"https:\/\/m-acryl.hu\/kad-kisokos\/#\/schema\/person\/96303ce25b92eb52b68fdc7700430418\"},\"description\":\"F\u00fcrd\u0151szob\u00e1ja fel\u00faj\u00edt\u00e1s el\u0151tt, felmer\u00fclhet a k\u00e9rd\u00e9s, hogy milyen k\u00e1dat vegyen. Kattintson, \u00e9s ismerje meg k\u00fcl\u00f6nb\u00f6z\u0151 k\u00e1dt\u00edpusok el\u0151nyeit \u00e9s h\u00e1tr\u00e1nyait, \u00e9s tudja meg mikre \u00e9rdemes figyelnie!\",\"breadcrumb\":{\"@id\":\"https:\/\/m-acryl.hu\/kad-kisokos\/milyen-kadat-vegyek\/#breadcrumb\"},\"inLanguage\":\"hu\",\"potentialAction\":[{\"@type\":\"ReadAction\",\"target\":[\"https:\/\/m-acryl.hu\/kad-kisokos\/milyen-kadat-vegyek\/\"]}]},{\"@type\":\"ImageObject\",\"inLanguage\":\"hu\",\"@id\":\"https:\/\/m-acryl.hu\/kad-kisokos\/milyen-kadat-vegyek\/#primaryimage\",\"url\":\"https:\/\/m-acryl.hu\/kad-kisokos\/wp-content\/uploads\/2024\/12\/m-acryl-milyen-furdokadat-vegyek-cover.jpg\",\"contentUrl\":\"https:\/\/m-acryl.hu\/kad-kisokos\/wp-content\/uploads\/2024\/12\/m-acryl-milyen-furdokadat-vegyek-cover.jpg\",\"width\":1280,\"height\":812,\"caption\":\"Milyen f\u00fcrd\u0151k\u00e1dat vegyek\"},{\"@type\":\"BreadcrumbList\",\"@id\":\"https:\/\/m-acryl.hu\/kad-kisokos\/milyen-kadat-vegyek\/#breadcrumb\",\"itemListElement\":[{\"@type\":\"ListItem\",\"position\":1,\"name\":\"Home\",\"item\":\"https:\/\/m-acryl.hu\/kad-kisokos\/\"},{\"@type\":\"ListItem\",\"position\":2,\"name\":\"Milyen k\u00e1dat vegyek? \u2013 Praktikus tippek a f\u00fcrd\u0151k\u00e1d v\u00e1laszt\u00e1s\u00e1hoz\"}]},{\"@type\":\"WebSite\",\"@id\":\"https:\/\/m-acryl.hu\/kad-kisokos\/#website\",\"url\":\"https:\/\/m-acryl.hu\/kad-kisokos\/\",\"name\":\"K\u00e1d kisokos\",\"description\":\"Az M-Acryl f\u00fcrd\u0151k\u00e1dakr\u00f3l k\u00f6z\u00e9rthet\u0151en\",\"potentialAction\":[{\"@type\":\"SearchAction\",\"target\":{\"@type\":\"EntryPoint\",\"urlTemplate\":\"https:\/\/m-acryl.hu\/kad-kisokos\/?s={search_term_string}\"},\"query-input\":{\"@type\":\"PropertyValueSpecification\",\"valueRequired\":true,\"valueName\":\"search_term_string\"}}],\"inLanguage\":\"hu\"},{\"@type\":\"Person\",\"@id\":\"https:\/\/m-acryl.hu\/kad-kisokos\/#\/schema\/person\/96303ce25b92eb52b68fdc7700430418\",\"name\":\"Sipos Saci\",\"image\":{\"@type\":\"ImageObject\",\"inLanguage\":\"hu\",\"@id\":\"https:\/\/m-acryl.hu\/kad-kisokos\/#\/schema\/person\/image\/\",\"url\":\"https:\/\/secure.gravatar.com\/avatar\/b3f6b226c90bc6c0e98060b62ba84046e34acf96d1a42ca247d8e29ba12bf5ef?s=96&d=mm&r=g\",\"contentUrl\":\"https:\/\/secure.gravatar.com\/avatar\/b3f6b226c90bc6c0e98060b62ba84046e34acf96d1a42ca247d8e29ba12bf5ef?s=96&d=mm&r=g\",\"caption\":\"Sipos Saci\"},\"url\":\"https:\/\/m-acryl.hu\/kad-kisokos\/author\/ssaci\/\"}]}<\/script>\n<!-- \/ Yoast SEO plugin. -->","yoast_head_json":{"title":"Milyen k\u00e1dat vegyek? \u2013 Praktikus tippek a f\u00fcrd\u0151k\u00e1d v\u00e1laszt\u00e1s\u00e1hoz - K\u00e1d kisokos","description":"F\u00fcrd\u0151szob\u00e1ja fel\u00faj\u00edt\u00e1s el\u0151tt, felmer\u00fclhet a k\u00e9rd\u00e9s, hogy milyen k\u00e1dat vegyen. Kattintson, \u00e9s ismerje meg k\u00fcl\u00f6nb\u00f6z\u0151 k\u00e1dt\u00edpusok el\u0151nyeit \u00e9s h\u00e1tr\u00e1nyait, \u00e9s tudja meg mikre \u00e9rdemes figyelnie!","robots":{"index":"index","follow":"nofollow","max-snippet":"max-snippet:-1","max-image-preview":"max-image-preview:large","max-video-preview":"max-video-preview:-1"},"canonical":"https:\/\/m-acryl.hu\/kad-kisokos\/milyen-kadat-vegyek\/","og_locale":"hu_HU","og_type":"article","og_title":"Milyen k\u00e1dat vegyek? \u2013 Praktikus tippek a f\u00fcrd\u0151k\u00e1d v\u00e1laszt\u00e1s\u00e1hoz - K\u00e1d kisokos","og_description":"Ismerje meg a Claudia k\u00e1dat, ami visszafogott sz\u00e9ps\u00e9g\u00e9vel \u00e9s praktikuss\u00e1g\u00e1val bef\u00e9szkeli mag\u00e1t az \u00d6n sz\u00edv\u00e9be is. Olvassa el a cikk\u00fcnket!","og_url":"https:\/\/m-acryl.hu\/kad-kisokos\/milyen-kadat-vegyek\/","og_site_name":"K\u00e1d kisokos","article_published_time":"2024-12-16T14:23:18+00:00","article_modified_time":"2025-11-13T14:00:07+00:00","og_image":[{"width":1280,"height":812,"url":"https:\/\/m-acryl.hu\/kad-kisokos\/wp-content\/uploads\/2024\/12\/m-acryl-milyen-furdokadat-vegyek-cover.jpg","type":"image\/jpeg"}],"author":"Sipos Saci","twitter_card":"summary_large_image","twitter_title":"K\u00e1d kisokos","twitter_misc":{"Szerz\u0151:":"Sipos Saci","Becs\u00fclt olvas\u00e1si id\u0151":"12 perc"},"schema":{"@context":"https:\/\/schema.org","@graph":[{"@type":"WebPage","@id":"https:\/\/m-acryl.hu\/kad-kisokos\/milyen-kadat-vegyek\/","url":"https:\/\/m-acryl.hu\/kad-kisokos\/milyen-kadat-vegyek\/","name":"Milyen k\u00e1dat vegyek? \u2013 Praktikus tippek a f\u00fcrd\u0151k\u00e1d v\u00e1laszt\u00e1s\u00e1hoz - K\u00e1d kisokos","isPartOf":{"@id":"https:\/\/m-acryl.hu\/kad-kisokos\/#website"},"primaryImageOfPage":{"@id":"https:\/\/m-acryl.hu\/kad-kisokos\/milyen-kadat-vegyek\/#primaryimage"},"image":{"@id":"https:\/\/m-acryl.hu\/kad-kisokos\/milyen-kadat-vegyek\/#primaryimage"},"thumbnailUrl":"https:\/\/m-acryl.hu\/kad-kisokos\/wp-content\/uploads\/2024\/12\/m-acryl-milyen-furdokadat-vegyek-cover.jpg","datePublished":"2024-12-16T14:23:18+00:00","dateModified":"2025-11-13T14:00:07+00:00","author":{"@id":"https:\/\/m-acryl.hu\/kad-kisokos\/#\/schema\/person\/96303ce25b92eb52b68fdc7700430418"},"description":"F\u00fcrd\u0151szob\u00e1ja fel\u00faj\u00edt\u00e1s el\u0151tt, felmer\u00fclhet a k\u00e9rd\u00e9s, hogy milyen k\u00e1dat vegyen. Kattintson, \u00e9s ismerje meg k\u00fcl\u00f6nb\u00f6z\u0151 k\u00e1dt\u00edpusok el\u0151nyeit \u00e9s h\u00e1tr\u00e1nyait, \u00e9s tudja meg mikre \u00e9rdemes figyelnie!","breadcrumb":{"@id":"https:\/\/m-acryl.hu\/kad-kisokos\/milyen-kadat-vegyek\/#breadcrumb"},"inLanguage":"hu","potentialAction":[{"@type":"ReadAction","target":["https:\/\/m-acryl.hu\/kad-kisokos\/milyen-kadat-vegyek\/"]}]},{"@type":"ImageObject","inLanguage":"hu","@id":"https:\/\/m-acryl.hu\/kad-kisokos\/milyen-kadat-vegyek\/#primaryimage","url":"https:\/\/m-acryl.hu\/kad-kisokos\/wp-content\/uploads\/2024\/12\/m-acryl-milyen-furdokadat-vegyek-cover.jpg","contentUrl":"https:\/\/m-acryl.hu\/kad-kisokos\/wp-content\/uploads\/2024\/12\/m-acryl-milyen-furdokadat-vegyek-cover.jpg","width":1280,"height":812,"caption":"Milyen f\u00fcrd\u0151k\u00e1dat vegyek"},{"@type":"BreadcrumbList","@id":"https:\/\/m-acryl.hu\/kad-kisokos\/milyen-kadat-vegyek\/#breadcrumb","itemListElement":[{"@type":"ListItem","position":1,"name":"Home","item":"https:\/\/m-acryl.hu\/kad-kisokos\/"},{"@type":"ListItem","position":2,"name":"Milyen k\u00e1dat vegyek? \u2013 Praktikus tippek a f\u00fcrd\u0151k\u00e1d v\u00e1laszt\u00e1s\u00e1hoz"}]},{"@type":"WebSite","@id":"https:\/\/m-acryl.hu\/kad-kisokos\/#website","url":"https:\/\/m-acryl.hu\/kad-kisokos\/","name":"K\u00e1d kisokos","description":"Az M-Acryl f\u00fcrd\u0151k\u00e1dakr\u00f3l k\u00f6z\u00e9rthet\u0151en","potentialAction":[{"@type":"SearchAction","target":{"@type":"EntryPoint","urlTemplate":"https:\/\/m-acryl.hu\/kad-kisokos\/?s={search_term_string}"},"query-input":{"@type":"PropertyValueSpecification","valueRequired":true,"valueName":"search_term_string"}}],"inLanguage":"hu"},{"@type":"Person","@id":"https:\/\/m-acryl.hu\/kad-kisokos\/#\/schema\/person\/96303ce25b92eb52b68fdc7700430418","name":"Sipos Saci","image":{"@type":"ImageObject","inLanguage":"hu","@id":"https:\/\/m-acryl.hu\/kad-kisokos\/#\/schema\/person\/image\/","url":"https:\/\/secure.gravatar.com\/avatar\/b3f6b226c90bc6c0e98060b62ba84046e34acf96d1a42ca247d8e29ba12bf5ef?s=96&d=mm&r=g","contentUrl":"https:\/\/secure.gravatar.com\/avatar\/b3f6b226c90bc6c0e98060b62ba84046e34acf96d1a42ca247d8e29ba12bf5ef?s=96&d=mm&r=g","caption":"Sipos Saci"},"url":"https:\/\/m-acryl.hu\/kad-kisokos\/author\/ssaci\/"}]}},"_links":{"self":[{"href":"https:\/\/m-acryl.hu\/kad-kisokos\/wp-json\/wp\/v2\/posts\/6422","targetHints":{"allow":["GET"]}}],"collection":[{"href":"https:\/\/m-acryl.hu\/kad-kisokos\/wp-json\/wp\/v2\/posts"}],"about":[{"href":"https:\/\/m-acryl.hu\/kad-kisokos\/wp-json\/wp\/v2\/types\/post"}],"author":[{"embeddable":true,"href":"https:\/\/m-acryl.hu\/kad-kisokos\/wp-json\/wp\/v2\/users\/7"}],"replies":[{"embeddable":true,"href":"https:\/\/m-acryl.hu\/kad-kisokos\/wp-json\/wp\/v2\/comments?post=6422"}],"version-history":[{"count":43,"href":"https:\/\/m-acryl.hu\/kad-kisokos\/wp-json\/wp\/v2\/posts\/6422\/revisions"}],"predecessor-version":[{"id":7349,"href":"https:\/\/m-acryl.hu\/kad-kisokos\/wp-json\/wp\/v2\/posts\/6422\/revisions\/7349"}],"wp:featuredmedia":[{"embeddable":true,"href":"https:\/\/m-acryl.hu\/kad-kisokos\/wp-json\/wp\/v2\/media\/6499"}],"wp:attachment":[{"href":"https:\/\/m-acryl.hu\/kad-kisokos\/wp-json\/wp\/v2\/media?parent=6422"}],"wp:term":[{"taxonomy":"category","embeddable":true,"href":"https:\/\/m-acryl.hu\/kad-kisokos\/wp-json\/wp\/v2\/categories?post=6422"},{"taxonomy":"post_tag","embeddable":true,"href":"https:\/\/m-acryl.hu\/kad-kisokos\/wp-json\/wp\/v2\/tags?post=6422"}],"curies":[{"name":"wp","href":"https:\/\/api.w.org\/{rel}","templated":true}]}}