{"id":6369,"date":"2024-10-31T10:06:07","date_gmt":"2024-10-31T10:06:07","guid":{"rendered":"https:\/\/m-acryl.hu\/kad-kisokos\/?p=6369"},"modified":"2025-03-21T13:00:52","modified_gmt":"2025-03-21T13:00:52","slug":"melyik-a-legjobb-akril-kad","status":"publish","type":"post","link":"https:\/\/m-acryl.hu\/kad-kisokos\/melyik-a-legjobb-akril-kad\/","title":{"rendered":"Melyik a legjobb akril k\u00e1d? Tippek a v\u00e1laszt\u00e1shoz"},"content":{"rendered":"<p>[et_pb_section fb_built=&#8221;1&#8243; disabled_on=&#8221;off|off|off&#8221; _builder_version=&#8221;4.21.0&#8243; _module_preset=&#8221;default&#8221; global_colors_info=&#8221;{}&#8221;][et_pb_row _builder_version=&#8221;4.21.0&#8243; _module_preset=&#8221;default&#8221; width=&#8221;80%&#8221; min_height=&#8221;46.1px&#8221; custom_margin_tablet=&#8221;&#8221; custom_margin_phone=&#8221;0px||||false|false&#8221; custom_margin_last_edited=&#8221;on|phone&#8221; custom_padding=&#8221;0px||0.1%||false|false&#8221; global_colors_info=&#8221;{}&#8221;][et_pb_column type=&#8221;4_4&#8243; _builder_version=&#8221;4.16&#8243; _module_preset=&#8221;default&#8221; global_colors_info=&#8221;{}&#8221;][et_pb_text _builder_version=&#8221;4.27.2&#8243; _module_preset=&#8221;default&#8221; text_font_size=&#8221;16px&#8221; ul_font_size=&#8221;16px&#8221; ul_line_height=&#8221;1.7em&#8221; ol_font_size=&#8221;16px&#8221; ol_line_height=&#8221;1.7em&#8221; custom_padding=&#8221;||2px|||&#8221; global_colors_info=&#8221;{}&#8221;]<\/p>\n<p>Amikor k\u00e1dat v\u00e1laszt a f\u00fcrd\u0151szob\u00e1j\u00e1ba, alighanem t\u00f6bb szempont lebeg a szeme el\u0151tt. P\u00e9ld\u00e1ul az, hogy legyen eszt\u00e9tikus, megfelel\u0151 m\u00e9ret\u0171 \u00e9s kedvez\u0151 \u00e1r\u00fa. Mivel a k\u00e1d hossz\u00fa \u00e9vekre vagy ak\u00e1r \u00e9vtizedekre sz\u00f3l, a tart\u00f3ss\u00e1g mellett sem mehet\u00fcnk el sz\u00f3 n\u00e9lk\u00fcl. Ezt pedig els\u0151sorban a k\u00e1d anyaga befoly\u00e1solja. Az <span style=\"text-decoration: underline;\"><a href=\"https:\/\/m-acryl.hu\/akril-kad\"><span style=\"color: #00ccff;\"><strong>akril k\u00e1dak<\/strong><\/span><\/a><\/span> ezen a t\u00e9ren verhetetlenek.<\/p>\n<p>Napjainkban egy\u00e9rtelm\u0171en az akril f\u00fcrd\u0151k\u00e1dak sz\u00e1m\u00edtanak a legn\u00e9pszer\u0171bb term\u00e9kt\u00edpusnak. Cikk\u00fcnkben bemutatjuk, hogy mi is pontosan az akril, \u00e9s hogy mire kell figyelnie, ha akril k\u00e1dat szeretne v\u00e1s\u00e1rolni a f\u00fcrd\u0151szob\u00e1j\u00e1ba.<\/p>\n<p>[\/et_pb_text][\/et_pb_column][\/et_pb_row][et_pb_row module_id=&#8221;kad&#8221; _builder_version=&#8221;4.21.0&#8243; _module_preset=&#8221;default&#8221; width=&#8221;80%&#8221; min_height=&#8221;51.5px&#8221; custom_margin=&#8221;4%||||false|false&#8221; global_colors_info=&#8221;{}&#8221;][et_pb_column type=&#8221;4_4&#8243; _builder_version=&#8221;4.16&#8243; _module_preset=&#8221;default&#8221; global_colors_info=&#8221;{}&#8221;][et_pb_text _builder_version=&#8221;4.27.2&#8243; _module_preset=&#8221;default&#8221; text_font_size=&#8221;16px&#8221; ul_font_size=&#8221;16px&#8221; ul_line_height=&#8221;1.7em&#8221; ol_font_size=&#8221;16px&#8221; ol_line_height=&#8221;1.7em&#8221; global_colors_info=&#8221;{}&#8221;]<\/p>\n<h2>K\u00e1dt\u00edpusok: melyik a t\u00f6k\u00e9letes v\u00e1laszt\u00e1s?<\/h2>\n<p>[\/et_pb_text][\/et_pb_column][\/et_pb_row][et_pb_row _builder_version=&#8221;4.16&#8243; _module_preset=&#8221;default&#8221; width=&#8221;80%&#8221; custom_margin_tablet=&#8221;&#8221; custom_margin_phone=&#8221;0px||||false|false&#8221; custom_margin_last_edited=&#8221;on|phone&#8221; custom_padding=&#8221;0px||5%||false|false&#8221; global_colors_info=&#8221;{}&#8221;][et_pb_column type=&#8221;4_4&#8243; _builder_version=&#8221;4.16&#8243; _module_preset=&#8221;default&#8221; global_colors_info=&#8221;{}&#8221;][et_pb_text _builder_version=&#8221;4.27.2&#8243; _module_preset=&#8221;default&#8221; text_font_size=&#8221;16px&#8221; ul_font_size=&#8221;16px&#8221; ul_line_height=&#8221;1.7em&#8221; ol_font_size=&#8221;16px&#8221; ol_line_height=&#8221;1.7em&#8221; custom_padding=&#8221;||2px|||&#8221; global_colors_info=&#8221;{}&#8221;]<\/p>\n<h3>R\u00e9gi id\u0151k kedvencei<\/h3>\n<p><span style=\"font-weight: 400;\">A kor\u00e1bbi klasszikusok felett m\u00e1r elj\u00e1rt az id\u0151, \u00edgy ezeknek a k\u00e1daknak a cser\u00e9j\u00e9re t\u00f6k\u00e9letesek az akril k\u00e1dak.\u00a0<\/span><\/p>\n<ul>\n<li style=\"font-weight: 400;\" aria-level=\"1\"><span style=\"font-weight: 400;\">\u00d6nt\u00f6ttvas k\u00e1dak: E<\/span>gy \u00e9vsz\u00e1zaddal ezel\u0151tt<span> nem is volt k\u00e9rd\u00e9s, hogy mib\u0151l k\u00e9sz\u00fclj\u00f6n a k\u00e1d, hiszen a korabeli technika <\/span>csakis az \u00f6nt\u00f6ttvas k\u00e1dakat<span> volt k\u00e9pes el\u0151\u00e1ll\u00edtani. \u00cdgy azt\u00e1n <\/span>ezek a t\u00edpusok domin\u00e1lt\u00e1k a piacot<span> eg\u00e9szen a modern kor bek\u00f6sz\u00f6nt\u00e9ig.\u00a0<\/span><\/li>\n<li style=\"font-weight: 400;\" aria-level=\"1\"><span style=\"font-weight: 400;\">Ac\u00e9llemez k\u00e1dak: A<\/span>\u00a0lemezk\u00e1dak is igazi klasszikusnak tekinthet\u0151k<span>, amik m\u00e9g ma is sok f\u00fcrd\u0151szob\u00e1ban megtal\u00e1lhat\u00f3k. Jellemz\u0151en az\u00e9rt esett erre az emberek v\u00e1laszt\u00e1sa, <\/span>mert olcs\u00f3k \u00e9s l\u00e9nyegesen k\u00f6nnyebbek<span>, mint a kor\u00e1bbi \u00f6nt\u00f6ttvas term\u00e9kek voltak<\/span><\/li>\n<\/ul>\n<p>[\/et_pb_text][et_pb_image src=&#8221;https:\/\/m-acryl.hu\/kad-kisokos\/wp-content\/uploads\/2024\/10\/mult-szazadi-furdokadak.jpg&#8221; alt=&#8221;M\u00falt sz\u00e1zadi f\u00fcrd\u0151k\u00e1d&#8221; title_text=&#8221;Close-up of young woman sitting in the bath outdoors and washing her face&#8221; _builder_version=&#8221;4.27.2&#8243; _module_preset=&#8221;default&#8221; global_colors_info=&#8221;{}&#8221;][\/et_pb_image][et_pb_text _builder_version=&#8221;4.27.4&#8243; _module_preset=&#8221;default&#8221; text_font_size=&#8221;16px&#8221; ul_font_size=&#8221;16px&#8221; ul_line_height=&#8221;1.7em&#8221; ol_font_size=&#8221;16px&#8221; ol_line_height=&#8221;1.7em&#8221; custom_padding=&#8221;||2px|||&#8221; global_colors_info=&#8221;{}&#8221;]<\/p>\n<h3>M\u0171m\u00e1rv\u00e1ny k\u00e1dak<\/h3>\n<p>Az ut\u00f3bbi \u00e9vekben a <span style=\"text-decoration: underline;\"><span style=\"color: #00ccff;\"><strong><a href=\"https:\/\/prestige.m-acryl.hu\/kadak\/?filter_szuro=mumarvany-kadak\" target=\"_blank\" rel=\"noopener\" style=\"color: #00ccff; text-decoration: underline;\">m\u0171m\u00e1rv\u00e1ny k\u00e1d<\/a><\/strong><\/span><\/span> is belopta mag\u00e1t a v\u00e1s\u00e1rl\u00f3k sz\u00edv\u00e9be. Ennek oka, hogy ezek a t\u00edpusok rendk\u00edv\u00fcl<strong> eleg\u00e1nsak<\/strong>, a val\u00f3di m\u00e1rv\u00e1nnyal megsz\u00f3lal\u00e1sig megegyez\u0151<strong> luxus hangulatot var\u00e1zsolnak a f\u00fcrd\u0151szob\u00e1ba<\/strong>, mik\u00f6zben az \u00e1ruk a val\u00f3di m\u00e1rv\u00e1ny\u00e9n\u00e1l j\u00f3val kedvez\u0151bb.<\/p>\n<p>Mi tagad\u00e1s ugyanakkor hogy, egy eleg\u00e1ns f\u00fcrd\u0151szob\u00e1t nagyon feldob egy mesesz\u00e9p robosztus \u00e9s tiszteletet parancsol\u00f3 k\u00e1d.\u00a0<\/p>\n<p><span>Hasonl\u00f3an sz\u00e9pek az \u00fagynevezett &#8222;solid surface&#8221; k\u00e1dak, amelyek nagyr\u00e9szt \u00e1sv\u00e1nyi anyagokb\u00f3l k\u00e9sz\u00fclnek. Sima fel\u00fclet\u00fck \u00e9s t\u00e1gas kialak\u00edt\u00e1suk k\u00e9ts\u00e9g k\u00edv\u00fcl mutat\u00f3s, ugyanakkor ezek a k\u00e1dak roppant dr\u00e1g\u00e1k, \u00e9s k\u00e9nyes fel\u00fclet\u00fck nehezen tiszt\u00edthat\u00f3.<\/span><\/p>\n<p>Ha nem tud d\u00f6nteni, \u00e9rdemes m\u00e9rlegelnie, hogy ezeknek a k\u00e1daknak az \u00e1ra magasabb, mint a lemez vagy akril k\u00e1dak\u00e9, \u00e9s mivel meglehet\u0151sen nehezek, a be\u00e9p\u00edt\u00e9s\u00fck is k\u00f6r\u00fclm\u00e9nyesebb lehet. \u00c1m, ha szeretn\u00e9 levessz\u00fck a v\u00e1ll\u00e1r\u00f3l a be\u00e9p\u00edt\u00e9s terh\u00e9t, k\u00e9rje <strong><span style=\"text-decoration: underline;\"><span style=\"color: #00ccff;\"><a href=\"https:\/\/prestige.m-acryl.hu\/hazhoz-szallitas\/\" target=\"_blank\" rel=\"noopener\" style=\"color: #00ccff; text-decoration: underline;\">sz\u00e1ll\u00edt\u00e1si \u00e9s be\u00fczemel\u00e9si szolg\u00e1ltat\u00e1sunkat<\/a><\/span><\/span>.<\/strong><\/p>\n<p>[\/et_pb_text][et_pb_image src=&#8221;https:\/\/m-acryl.hu\/kad-kisokos\/wp-content\/uploads\/2024\/03\/M-Acryl-Prestige-Jasmine-szabadon-allo-mumarvany-kad-3.jpg&#8221; alt=&#8221;M-Acryl Prestige k\u00fcl\u00f6nleges m\u0171m\u00e1rv\u00e1ny k\u00e1d&#8221; title_text=&#8221;M-Acryl-Prestige-Jasmine-szabadon-allo-mumarvany-kad-3&#8243; url=&#8221;https:\/\/m-acryl.hu\/termekek\/szabadon-allo-kad\/jasmine-szabadon-allo-mumarvany-kad&#8221; url_new_window=&#8221;on&#8221; _builder_version=&#8221;4.27.4&#8243; _module_preset=&#8221;default&#8221; global_colors_info=&#8221;{}&#8221;][\/et_pb_image][et_pb_text _builder_version=&#8221;4.27.4&#8243; _module_preset=&#8221;default&#8221; text_font_size=&#8221;16px&#8221; ul_font_size=&#8221;16px&#8221; ul_line_height=&#8221;1.7em&#8221; ol_font_size=&#8221;16px&#8221; ol_line_height=&#8221;1.7em&#8221; custom_padding=&#8221;||2px|||&#8221; global_colors_info=&#8221;{}&#8221;]<\/p>\n<p style=\"text-align: center;\"><span style=\"text-decoration: underline;\"><a href=\"https:\/\/m-acryl.hu\/termekek\/szabadon-allo-kad\/jasmine-szabadon-allo-mumarvany-kad\" target=\"_blank\" rel=\"noopener\"><em>Jasmine k\u00fcl\u00f6nleges m\u0171m\u00e1rv\u00e1ny k\u00e1d<\/em><\/a><\/span><\/p>\n<p>[\/et_pb_text][et_pb_text _builder_version=&#8221;4.27.4&#8243; _module_preset=&#8221;default&#8221; text_font_size=&#8221;16px&#8221; ul_font_size=&#8221;16px&#8221; ul_line_height=&#8221;1.7em&#8221; ol_font_size=&#8221;16px&#8221; ol_line_height=&#8221;1.7em&#8221; custom_padding=&#8221;||2px|||&#8221; global_colors_info=&#8221;{}&#8221;]<\/p>\n<h3>Akril k\u00e1dak<\/h3>\n<p>Az akril nem m\u00e1s, mint egy speci\u00e1lis, UV-\u00e1ll\u00f3, h\u0151re l\u00e1gyul\u00f3 m\u0171anyag, ami k\u00f6nny\u0171 \u00e9s egyszer\u0171en form\u00e1zhat\u00f3. Nem v\u00e9letlen teh\u00e1t, hogy a k\u00e1dakat gy\u00e1rt\u00f3 c\u00e9gek is felfedezt\u00e9k maguknak, mert ezzel az anyaggal remek f\u00fcrd\u0151k\u00e1dakat dobhatnak a piacra. Az ilyen term\u00e9keket akril lemezekb\u0151l k\u00e9sz\u00edtik, amiket 170\u00b0C fokra meleg\u00edtenek, majd \u00f6nt\u0151form\u00e1ra helyeznek. <span>Hogy a k\u00e1d kell\u0151en er\u0151s, merev \u00e9s formatart\u00f3 legyen sok \u00e9ven kereszt\u0171l, speci\u00e1lis t\u00f6bbkomponens\u0171 gyant\u00e1val kevert \u00fcvegsz\u00e1lat haszn\u00e1lnak, \u00e9s alul pedig 16 mm vastag falemezzel er\u0151s\u00edt\u00edk a k\u00e1dtestet, amit\u0151l\u00a0 m\u00e9g er\u0151sebb \u00e9s stabilabb lesz.<\/span>\u00a0A k\u00f6vetkez\u0151kben r\u00e9szletesen is bemutatjuk az <span style=\"text-decoration: underline; color: #00ccff;\"><strong><a href=\"https:\/\/m-acryl.hu\/akril-kad\" target=\"_blank\" rel=\"noopener\" style=\"color: #00ccff; text-decoration: underline;\">akril k\u00e1dak<\/a><\/strong><\/span> el\u0151nyeit!<\/p>\n<p>[\/et_pb_text][et_pb_image src=&#8221;https:\/\/m-acryl.hu\/kad-kisokos\/wp-content\/uploads\/2024\/12\/GRAFIT-100.jpg&#8221; alt=&#8221;K\u00e1d metszet&#8221; title_text=&#8221;kad-metszet&#8221; url=&#8221;https:\/\/m-acryl.hu\/akril-kad&#8221; url_new_window=&#8221;on&#8221; _builder_version=&#8221;4.27.4&#8243; _module_preset=&#8221;default&#8221; global_colors_info=&#8221;{}&#8221;][\/et_pb_image][et_pb_text _builder_version=&#8221;4.27.2&#8243; _module_preset=&#8221;default&#8221; text_font_size=&#8221;16px&#8221; ul_font_size=&#8221;16px&#8221; ul_line_height=&#8221;1.7em&#8221; ol_font_size=&#8221;16px&#8221; ol_line_height=&#8221;1.7em&#8221; custom_padding=&#8221;||2px|||&#8221; global_colors_info=&#8221;{}&#8221;]<\/p>\n<p style=\"text-align: center;\"><a href=\"https:\/\/m-acryl.hu\/akril-kad\" target=\"_blank\" rel=\"noopener\"><em><u>Az M-Acryl akril k\u00e1dak antibakteri\u00e1lis fel\u00fclet\u0171ek<\/u><\/em><\/a><\/p>\n<p>[\/et_pb_text][et_pb_text _builder_version=&#8221;4.27.2&#8243; _module_preset=&#8221;default&#8221; text_font_size=&#8221;16px&#8221; ul_font_size=&#8221;16px&#8221; ul_line_height=&#8221;1.7em&#8221; ol_font_size=&#8221;16px&#8221; ol_line_height=&#8221;1.7em&#8221; custom_padding=&#8221;||2px|||&#8221; global_colors_info=&#8221;{}&#8221;]<\/p>\n<h2><strong>Mi\u00e9rt az akril k\u00e1d a legjobb d\u00f6nt\u00e9s a f\u00fcrd\u0151szoba sz\u00e1m\u00e1ra?<\/strong><\/h2>\n<h3><span style=\"font-weight: 400;\"><\/span><\/h3>\n<h3><span style=\"font-weight: 400;\">Az akril k\u00e1dak el\u0151nyei<\/span><\/h3>\n<p>Nem t\u00falz\u00e1s azt \u00e1ll\u00edtani, hogy az akril k\u00e1dak letarolt\u00e1k a piacot, \u00e9s ma m\u00e1r toronymagasan a <strong>legkelend\u0151bb k\u00e1dt\u00edpusna<\/strong>k<span style=\"font-weight: 400;\"> sz\u00e1m\u00edtanak.\u00a0<\/span><\/p>\n<ul>\n<li style=\"font-weight: 400;\" aria-level=\"1\">Kezdj\u00fck az el\u0151ny\u00f6ket a piszkos anyagiakkal: az <strong>akril k\u00e1d \u00e1rak igaz\u00e1n bar\u00e1tiak<\/strong>.<\/li>\n<li style=\"font-weight: 400;\" aria-level=\"1\">A megfizethet\u0151s\u00e9g azonban \u00f6nmag\u00e1ban nem lenne el\u00e9g a sikerhez: hozz\u00e1j\u00e1rul m\u00e9g a <strong>mutat\u00f3s diz\u00e1jn, a strapab\u00edr\u00f3 min\u0151s\u00e9gi kivitelez\u00e9s, vagy a k\u00f6nny\u0171 tiszt\u00edthat\u00f3s\u00e1g<\/strong>. Az M-Acryl akril f\u00fcrd\u0151k\u00e1dak mindegyike egy k\u00fcl\u00f6nleges, antibakteri\u00e1lis bevonatot kap, ami es\u00e9lyt sem hagy a k\u00f3rokoz\u00f3knak.<\/li>\n<li style=\"font-weight: 400;\" aria-level=\"1\">Az akril k\u00e1d karbantart\u00e1sa sem jelent gondot: eleve <strong>strapab\u00edr\u00f3<\/strong>, az antibakteri\u00e1lis fel\u00fclet k\u00f6nnyen tiszt\u00e1n tarthat\u00f3, emellett az esetleges fel\u00fcleti karcok egyszer\u0171en jav\u00edthat\u00f3ak.<\/li>\n<li style=\"font-weight: 400;\" aria-level=\"1\">Az akril k\u00e1dak sokf\u00e9le vari\u00e1ci\u00f3ban el\u00e9rhet\u0151k: <a href=\"https:\/\/m-acryl.hu\/szabadon-allo-kad\"><span style=\"color: #00ccff;\"><strong>szabadon \u00e1ll\u00f3 akril k\u00e1dak<\/strong><\/span><\/a> \u00e9s <strong>be\u00e9p\u00edthet\u0151 modellek garmad\u00e1j\u00e1b\u00f3l<\/strong> v\u00e1laszthat, \u00e9s a form\u00e1k ter\u00e9n is hatalmas a v\u00e1laszt\u00e9k (egyenes k\u00e1dak, k\u00fcl\u00f6nleges \u00e9s sarokk\u00e1dak).<\/li>\n<li style=\"font-weight: 400;\" aria-level=\"1\">Ha m\u00e1r sz\u00f3ba ker\u00fclt az <strong>akril k\u00e1d be\u00e9p\u00edt\u00e9se<\/strong>, akkor elmondhatjuk, hogy a munk\u00e1latok nem tartanak sok\u00e1ig \u00e9s nem okoznak t\u00fals\u00e1gosan nagy felfordul\u00e1st. \u00c9s ig\u00e9ny eset\u00e9n m\u00e9g ezt is megk\u00f6nny\u00edtj\u00fck \u00d6nnek, <span style=\"text-decoration: underline; color: #00ccff;\"><strong><a href=\"https:\/\/m-acryl.hu\/beuzemeles\" target=\"_blank\" rel=\"noopener\" style=\"color: #00ccff; text-decoration: underline;\">itt tal\u00e1l b\u0151vebb inform\u00e1ci\u00f3t arr\u00f3l, hogyan k\u00e9rheti a k\u00e1dja be\u00e9p\u00edt\u00e9s\u00e9t<\/a><\/strong><\/span>.<\/li>\n<li style=\"font-weight: 400;\" aria-level=\"1\">V\u00e9g\u00fcl \u00e9rdemes azt is megeml\u00edteni, hogy az akril k\u00e1dak h\u0151megtart\u00f3 k\u00e9pess\u00e9ge kiemelked\u0151. Ez egy\u00e1ltal\u00e1n nem mell\u00e9kes, ha ha szeret hossz\u00fa ideig a k\u00e1dban ejt\u0151zni (<span style=\"text-decoration: underline;\"><span style=\"color: #00ccff;\"><strong><a href=\"https:\/\/m-acryl.hu\/kad-kisokos\/furdes-es-egeszseg-mennyi-ideig-milyen-hosszan-mennyi-vizben-es-milyen-kadban-a-legjobb-elmeny-furdeni\/\" target=\"_blank\" rel=\"noopener\" style=\"color: #00ccff; text-decoration: underline;\">hogy mennyi ideig \u00e9s milyen h\u0151m\u00e9rs\u00e9kletben javasolt f\u00fcrd\u0151zni, arr\u00f3 itt \u00edrtunk b\u0151vebben<\/a><\/strong><\/span><\/span>).<\/li>\n<\/ul>\n<p>[\/et_pb_text][et_pb_image src=&#8221;https:\/\/m-acryl.hu\/kad-kisokos\/wp-content\/uploads\/2024\/10\/melyik-a-legjobb-akril-kad-hosszu-furdozesekhez.jpg&#8221; alt=&#8221;Melyik a legjobb akril k\u00e1d hossz\u00fa f\u00fcrd\u0151z\u00e9sekhez?&#8221; title_text=&#8221;melyik-a-legjobb-akril-kad-hosszu-furdozesekhez&#8221; url_new_window=&#8221;on&#8221; _builder_version=&#8221;4.27.2&#8243; _module_preset=&#8221;default&#8221; global_colors_info=&#8221;{}&#8221;][\/et_pb_image][et_pb_text _builder_version=&#8221;4.27.2&#8243; _module_preset=&#8221;default&#8221; text_font_size=&#8221;16px&#8221; ul_font_size=&#8221;16px&#8221; ul_line_height=&#8221;1.7em&#8221; ol_font_size=&#8221;16px&#8221; ol_line_height=&#8221;1.7em&#8221; custom_padding=&#8221;||2px|||&#8221; hover_enabled=&#8221;0&#8243; global_colors_info=&#8221;{}&#8221; sticky_enabled=&#8221;0&#8243;]<\/p>\n<h3>Mit\u0151l egyediek az M-Acryl akril k\u00e1dak?<\/h3>\n<p>K\u00e1dmestereink odafigyelnek r\u00e1, hogy a<strong> versenyk\u00e9pes \u00e1r mellett, sz\u00e9ps\u00e9g, min\u0151s\u00e9g \u00e9s k\u00e9nyelem<\/strong> k\u00e9z a k\u00e9zben j\u00e1rjon.\u00a0 Ezt kiv\u00e1l\u00f3 min\u0151s\u00e9g\u0171 alapanyagok haszn\u00e1lat\u00e1val, modern formatervez\u00e9ssel \u00e9s innovat\u00edv gy\u00e1rt\u00e1si technol\u00f3gi\u00e1val \u00e9rik el. Az \u00edzl\u00e9s\u00e9hez ill\u0151 f\u00fcrd\u0151k\u00e1dat sz\u00e1mtalan f\u00fcrd\u0151k\u00e1d modell, \u00e9s m\u00e9ret k\u00f6z\u00fcl v\u00e1laszthatja ki.<\/p>\n<p>Mindegy teh\u00e1t, hogy a be\u00e9p\u00edtett vagy <strong><span style=\"color: #00ccff;\"><a href=\"https:\/\/m-acryl.hu\/szabadon-allo-kad\" target=\"_blank\" rel=\"noopener\" style=\"color: #00ccff;\"><span style=\"text-decoration: underline;\">szabadon \u00e1ll\u00f3 k\u00e1dak<\/span><\/a><\/span><\/strong> \u00e9rdekelik, az M-Acryln\u00e1l mindkett\u0151b\u0151l kiemelked\u0151 a v\u00e1laszt\u00e9k, \u00e9s sz\u00e9pszer\u00e9vel tal\u00e1lhat <span style=\"color: #00ccff;\"><strong><a href=\"https:\/\/m-acryl.hu\/egyenes-kad\" target=\"_blank\" rel=\"noopener\" style=\"color: #00ccff;\">egyenes k\u00e1dakat<\/a><\/strong><\/span>, <span style=\"text-decoration: underline; color: #00ccff;\"><strong><a href=\"https:\/\/m-acryl.hu\/sarokkad\" target=\"_blank\" rel=\"noopener\" style=\"color: #00ccff; text-decoration: underline;\">sarok<\/a><\/strong><\/span>&#8211; \u00e9s aszimmetrikus kialak\u00edt\u00e1sokat is.<\/p>\n<p>Az M-Acryl k\u00e1dak t\u00f6bbs\u00e9ge akrilb\u00f3l k\u00e9sz\u00fcl (n\u00e9h\u00e1ny luxus kateg\u00f3ri\u00e1j\u00fa k\u00e1dunk pedig m\u0171m\u00e1rv\u00e1nyb\u00f3l). Az <span style=\"color: #00ccff;\"><strong><a href=\"https:\/\/m-acryl.hu\/akril-kad\" style=\"color: #00ccff;\">akril k\u00e1dak<\/a> <\/strong><\/span>egyik kiemelt el\u0151nye, hogy szinte b\u00e1rmilyen formavil\u00e1g egyszer\u0171en elk\u00e9sz\u00edthet\u0151, antibakteri\u00e1lis fel\u00fclet\u00fck k\u00f6nnyen tiszt\u00edthat\u00f3 \u00e9s higi\u00e9nikus (ami nagyban megk\u00f6nny\u00edti a h\u00e9tk\u00f6znapokat).\u00a0 Emellett a tart\u00f3ss\u00e1ggal sem lesznek gondjai: a f\u00fcrd\u0151k\u00e1dakra <strong>10 \u00e9v garanci\u00e1t kap<\/strong>, a <span style=\"color: #00ccff;\"><strong><a href=\"https:\/\/prestige.m-acryl.hu\/kadak\/\" target=\"_blank\" rel=\"noopener\" style=\"color: #00ccff;\">Prestige k\u00e1dkollekci\u00f3<\/a><\/strong><\/span> darabjaira pedig m\u00e9g enn\u00e9l is t\u00f6bbet, &#8211; <strong>15 \u00e9vet.<\/strong> Emellett teljes\u00edtm\u00e9nynyilatkozatot is adunk a k\u00e1dakhoz, amiben minden fontos param\u00e9ter szerepel.<\/p>\n<p>Az akril k\u00e1dak \u00f6nmagukban is sz\u00e9pek, de mi\u00e9rt ne dobn\u00e1 fel m\u00e9g jobban az \u00f6sszhat\u00e1st? <span style=\"text-decoration: underline; color: #00ccff;\"><strong><a href=\"https:\/\/m-acryl.hu\/kiegeszitok\" target=\"_blank\" rel=\"noopener\" style=\"color: #00ccff; text-decoration: underline;\">K\u00e1dkieg\u00e9sz\u00edt\u0151kkel<\/a> <\/strong><\/span>m\u00e9g szebb\u00e9 \u00e9s k\u00e9nyelmesebb\u00e9 teheti a f\u00fcrd\u0151k\u00e1dj\u00e1k. Az akril k\u00e1dakhoz v\u00e1laszthat p\u00e9ld\u00e1ul h\u00f3feh\u00e9r k\u00e1del\u0151lapot, term\u00e9szetes hat\u00e1s\u00fa <span style=\"text-decoration: underline; color: #00ccff;\"><strong><a href=\"https:\/\/m-acryl.hu\/termekek\/tropusi-fa-elolap-egyenes-kadakhoz-tobbfele-szinben\" target=\"_blank\" rel=\"noopener\" style=\"color: #00ccff; text-decoration: underline;\">val\u00f3di tr\u00f3pusi fa oldalburkolatot<\/a><\/strong><\/span> vagy felturb\u00f3zhatja sz\u00ednter\u00e1pi\u00e1val, hidromassz\u00e1zs f\u00fav\u00f3k\u00e1kkal.\u00a0(A <strong>k\u00e1dl\u00e1b \u00e9s a peremr\u00f6gz\u00edt\u0151 aj\u00e1nd\u00e9kba j\u00e1r<\/strong> minden k\u00e1dmodellhez.)<\/p>\n<p>[\/et_pb_text][et_pb_image src=&#8221;https:\/\/m-acryl.hu\/kad-kisokos\/wp-content\/uploads\/2024\/06\/M-Acryl-ajandek-kadlab-es-peremrogzito.jpeg&#8221; alt=&#8221;M-Acryl f\u00fcrd\u0151k\u00e1dak aj\u00e1nd\u00e9k k\u00e1dl\u00e1bbal \u00e9s peremr\u00f6gz\u00edt\u0151vel&#8221; title_text=&#8221;M-Acryl-ajandek-kadlab-es-peremrogzito&#8221; url_new_window=&#8221;on&#8221; _builder_version=&#8221;4.27.2&#8243; _module_preset=&#8221;default&#8221; global_colors_info=&#8221;{}&#8221;][\/et_pb_image][et_pb_text _builder_version=&#8221;4.27.2&#8243; _module_preset=&#8221;default&#8221; text_font_size=&#8221;16px&#8221; ul_font_size=&#8221;16px&#8221; ul_line_height=&#8221;1.7em&#8221; ol_font_size=&#8221;16px&#8221; ol_line_height=&#8221;1.7em&#8221; custom_padding=&#8221;||2px|||&#8221; global_colors_info=&#8221;{}&#8221;]<\/p>\n<p style=\"text-align: center;\"><em>Aj\u00e1nd\u00e9k k\u00e1dl\u00e1b \u00e9s peremr\u00f6gz\u00edt\u0151.<\/em><\/p>\n<p>[\/et_pb_text][et_pb_text _builder_version=&#8221;4.27.2&#8243; _module_preset=&#8221;default&#8221; text_font_size=&#8221;16px&#8221; ul_font_size=&#8221;16px&#8221; ul_line_height=&#8221;1.7em&#8221; ol_font_size=&#8221;16px&#8221; ol_line_height=&#8221;1.7em&#8221; custom_padding=&#8221;||2px|||&#8221; global_colors_info=&#8221;{}&#8221;]<\/p>\n<h2><strong>Melyik a legjobb akril k\u00e1d? \u00datmutat\u00f3 a legn\u00e9pszer\u0171bb term\u00e9kekhez<\/strong><\/h2>\n<h3><span style=\"font-weight: 400;\">Kism\u00e9ret\u0171 k\u00e1dak<\/span><\/h3>\n<p>Ha kis f\u00fcrd\u0151szob\u00e1ja van, akkor sem kell lemondania a k\u00e1dban f\u00fcrd\u00e9sr\u0151l. Ebben az esetben is v\u00e1logathat a k\u00fcl\u00f6nb\u00f6z\u0151 k\u00e1dmodellek k\u00f6z\u00fcl. Az egyenes kialak\u00edt\u00e1s\u00fa <span style=\"text-decoration: underline; color: #00ccff;\"><strong><a href=\"https:\/\/m-acryl.hu\/termekek\/egyenes-kad\/mira-egyenes-akril-kad\" target=\"_blank\" rel=\"noopener\" style=\"color: #00ccff; text-decoration: underline;\">Mira akril k\u00e1d<\/a> <\/strong><\/span>p\u00e9ld\u00e1ul 120 cm-es sz\u00e9less\u00e9gben is el\u00e9rhet\u0151. (A Mir\u00e1ra t\u00f6bb dolog miatt is \u00e9rdemes figyelmet ford\u00edtania: kiv\u00e1l\u00f3 \u00e1r-\u00e9rt\u00e9k ar\u00e1ny\u00fa, \u00e9s eleg\u00e1ns slim k\u00e1dperemmel is v\u00e1laszthatja. <span style=\"text-decoration: underline;\"><strong><span style=\"color: #00ccff; text-decoration: underline;\"><a href=\"https:\/\/m-acryl.hu\/kad-kisokos\/kedvezo-aron-csucsminoseg-mira-slim\/\" target=\"_blank\" rel=\"noopener\" style=\"color: #00ccff; text-decoration: underline;\">Itt b\u0151vebben is olvashat r\u00f3la.<\/a><\/span><\/strong><\/span>)<\/p>\n<p>[\/et_pb_text][et_pb_image src=&#8221;https:\/\/m-acryl.hu\/kad-kisokos\/wp-content\/uploads\/2023\/02\/miraegyenesakrilkad.jpg&#8221; alt=&#8221;Mira egyenes akril k\u00e1d fel\u00fcln\u00e9zet&#8221; title_text=&#8221;miraegyenesakrilkad&#8221; url=&#8221;https:\/\/m-acryl.hu\/termekek\/egyenes-kad\/mira-egyenes-akril-kad&#8221; url_new_window=&#8221;on&#8221; _builder_version=&#8221;4.27.2&#8243; _module_preset=&#8221;default&#8221; global_colors_info=&#8221;{}&#8221;][\/et_pb_image][et_pb_text _builder_version=&#8221;4.27.2&#8243; _module_preset=&#8221;default&#8221; text_font_size=&#8221;16px&#8221; ul_font_size=&#8221;16px&#8221; ul_line_height=&#8221;1.7em&#8221; ol_font_size=&#8221;16px&#8221; ol_line_height=&#8221;1.7em&#8221; custom_padding=&#8221;||2px|||&#8221; global_colors_info=&#8221;{}&#8221;]<\/p>\n<p style=\"text-align: center;\"><a href=\"https:\/\/m-acryl.hu\/termekek\/egyenes-kad\/mira-egyenes-akril-kad\" target=\"_blank\" rel=\"noopener\"><em><span style=\"text-decoration: underline;\">Mira egyenes akril k\u00e1d<\/span><\/em><\/a><\/p>\n<p>[\/et_pb_text][et_pb_text _builder_version=&#8221;4.27.2&#8243; _module_preset=&#8221;default&#8221; text_font_size=&#8221;16px&#8221; ul_font_size=&#8221;16px&#8221; ul_line_height=&#8221;1.7em&#8221; ol_font_size=&#8221;16px&#8221; ol_line_height=&#8221;1.7em&#8221; custom_padding=&#8221;||2px|||&#8221; global_colors_info=&#8221;{}&#8221;]<\/p>\n<p>Egy kisebb f\u00fcrd\u0151ben a sarokk\u00e1d az ide\u00e1lis megold\u00e1s lehet. Az <span style=\"text-decoration: underline;\"><span style=\"color: #00ccff;\"><strong><a href=\"https:\/\/m-acryl.hu\/termekek\/ida-akril-sarokkad\" style=\"color: #00ccff; text-decoration: underline;\" target=\"_blank\" rel=\"noopener\">Ida akril sarokk\u00e1d<\/a><\/strong><\/span><\/span> szint\u00e9n el\u00e9rhet\u0151 120 cm-es kivitelben, \u00edgy azt\u00e1n nincs az a sarok, ahol ne lehetne elhelyezhetni.<\/p>\n<p>[\/et_pb_text][et_pb_image src=&#8221;https:\/\/m-acryl.hu\/kad-kisokos\/wp-content\/uploads\/2020\/02\/Ida_enterio\u030br.jpg&#8221; alt=&#8221;M-Acryl Ida sarokk\u00e1d&#8221; title_text=&#8221;M-Acryl Ida sarokk\u00e1d&#8221; url=&#8221;https:\/\/m-acryl.hu\/termekek\/ida-akril-sarokkad&#8221; url_new_window=&#8221;on&#8221; _builder_version=&#8221;4.27.2&#8243; _module_preset=&#8221;default&#8221; global_colors_info=&#8221;{}&#8221;][\/et_pb_image][et_pb_text _builder_version=&#8221;4.27.2&#8243; _module_preset=&#8221;default&#8221; text_font_size=&#8221;16px&#8221; ul_font_size=&#8221;16px&#8221; ul_line_height=&#8221;1.7em&#8221; ol_font_size=&#8221;16px&#8221; ol_line_height=&#8221;1.7em&#8221; custom_padding=&#8221;||2px|||&#8221; global_colors_info=&#8221;{}&#8221;]<\/p>\n<p style=\"text-align: center;\"><span style=\"text-decoration: underline;\"><em><a href=\"https:\/\/m-acryl.hu\/termekek\/ida-akril-sarokkad\" target=\"_blank\" rel=\"noopener\">Ida akril sarokk\u00e1d<\/a><\/em><\/span><\/p>\n<p>[\/et_pb_text][et_pb_text _builder_version=&#8221;4.27.2&#8243; _module_preset=&#8221;default&#8221; text_font_size=&#8221;16px&#8221; ul_font_size=&#8221;16px&#8221; ul_line_height=&#8221;1.7em&#8221; ol_font_size=&#8221;16px&#8221; ol_line_height=&#8221;1.7em&#8221; custom_padding=&#8221;||2px|||&#8221; global_colors_info=&#8221;{}&#8221;]<\/p>\n<h3>pedig kelK\u00f6zepes m\u00e9ret\u0171 k\u00e1dak (140-170 cm)<\/h3>\n<p>Nem k\u00e9ts\u00e9ges, hogy a <strong>k\u00f6zepes m\u00e9ret\u0171 k\u00e1dak<\/strong> a legkeresettebbek, mivel a legt\u00f6bb f\u00fcrd\u0151szob\u00e1ba ez t\u00edpus helyezhet\u0151 el legk\u00f6nnyebben. Ebben a term\u00e9kkateg\u00f3ri\u00e1ban is \u00f3ri\u00e1si a v\u00e1laszt\u00e9k: ha kedvet kapott a\u00a0 <span style=\"text-decoration: underline;\"><strong><span style=\"color: #00ccff; text-decoration: underline;\"><a href=\"https:\/\/m-acryl.hu\/termekek\/mira-egyenes-akril-kad\" style=\"color: #00ccff; text-decoration: underline;\">Mira k\u00e1dhoz<\/a><\/span><\/strong><\/span>, abb\u00f3l is v\u00e1s\u00e1rolhat 140, 150, 160 vagy 170 x 70-es t\u00edpust (s\u0151t kifejezetten nagy 180&#215;80 cm m\u00e9retet is).<\/p>\n<p>De igen k\u00f6zkedvelt a szint\u00e9n k\u00f6zepes m\u00e9retet k\u00e9pvisel\u0151, bel\u00fclr\u0151l t\u00e1gas, k\u00edv\u00fclr\u0151l kompakt <span style=\"text-decoration: underline;\"><strong><span style=\"color: #00ccff; text-decoration: underline;\"><a href=\"https:\/\/m-acryl.hu\/termekek\/nora-egyenes-akril-kad\" style=\"color: #00ccff; text-decoration: underline;\">Nora<\/a> <\/span><\/strong><\/span>egyenes k\u00e1d is.<\/p>\n<p>Ha k\u00f6zepes m\u00e9ret\u0171 sarokk\u00e1dra v\u00e1gyik, akkor mindenk\u00e9pp vessen egy pillant\u00e1st a <span style=\"text-decoration: underline; color: #00ccff;\"><strong><a href=\"https:\/\/m-acryl.hu\/termekek\/melody-akril-sarokkad\" style=\"color: #00ccff; text-decoration: underline;\">Melody<\/a><\/strong><\/span> akril sarokk\u00e1dra. Ez a k\u00e9tszem\u00e9lyes modell val\u00f3ban a f\u00fcrd\u0151 k\u00f6zpontja lesz, amiben b\u00e1rki k\u00e9nyelmesen elhelyezkedhet.<\/p>\n<p>Hasonl\u00f3an t\u00e1gas \u00e9s mesesz\u00e9p az <span style=\"text-decoration: underline; color: #00ccff;\"><a href=\"https:\/\/m-acryl.hu\/termekek\/ancona-akril-sarokkad\" style=\"color: #00ccff; text-decoration: underline;\"><strong>Ancona<\/strong> <\/a><\/span>akril sarokk\u00e1d, m\u00edg a <span style=\"text-decoration: underline;\"><span style=\"color: #00ccff;\"><strong><a href=\"https:\/\/m-acryl.hu\/termekek\/rita-akril-sarokkad\" style=\"color: #00ccff; text-decoration: underline;\">Rita<\/a><\/strong><\/span><\/span><span style=\"color: #00ccff;\"><strong> <\/strong><\/span>fant\u00e1zianev\u0171 f\u00fcrd\u0151k\u00e1d az egyszer\u0171s\u00e9g\u00e9vel \u00e9s remek \u00e1r\u00e1val h\u00f3d\u00edt.<\/p>\n<p>Egy k\u00f6zepes f\u00fcrd\u0151ben az aszimmetrikus k\u00e1dak is sz\u00f3ba j\u00f6hetnek, &#8211; egy k\u00e1dparav\u00e1nnal t\u00f6k\u00e9letes zuhanyteret alak\u00edthat ki. A k\u00fcl\u00f6nleges, a megszokott\u00f3l elt\u00e9r\u0151 form\u00e1k p\u00e1ratlan megjelen\u00e9st garant\u00e1lnak. Ilyen p\u00e9ld\u00e1ul az egzotikus szigetre eml\u00e9keztet\u0151 <span style=\"text-decoration: underline;\"><strong><span style=\"color: #00ccff;\"><a href=\"https:\/\/m-acryl.hu\/termekek\/claudia-aszimmetrikus-akril-kad\" style=\"color: #00ccff; text-decoration: underline;\">Claudia<\/a><\/span><\/strong><\/span>, vagy az aszimmetrikus <span style=\"text-decoration: underline;\"><strong><span style=\"color: #00ccff;\"><a href=\"https:\/\/m-acryl.hu\/termekek\/azalia-aszimmetrikus-akril-kad\" style=\"color: #00ccff; text-decoration: underline;\">Azalia <\/a><\/span><\/strong><\/span>akril k\u00e1d.<\/p>\n<p>[\/et_pb_text][et_pb_image src=&#8221;https:\/\/m-acryl.hu\/kad-kisokos\/wp-content\/uploads\/2020\/02\/Azalia-kad.jpg&#8221; alt=&#8221;Azalia-kad&#8221; title_text=&#8221;Azalia-kad&#8221; url=&#8221;https:\/\/m-acryl.hu\/termekek\/aszimmetrikus-kad\/azalia-aszimmetrikus-akril-kad&#8221; url_new_window=&#8221;on&#8221; _builder_version=&#8221;4.27.2&#8243; _module_preset=&#8221;default&#8221; global_colors_info=&#8221;{}&#8221;][\/et_pb_image][et_pb_text _builder_version=&#8221;4.27.2&#8243; _module_preset=&#8221;default&#8221; text_font_size=&#8221;16px&#8221; ul_font_size=&#8221;16px&#8221; ul_line_height=&#8221;1.7em&#8221; ol_font_size=&#8221;16px&#8221; ol_line_height=&#8221;1.7em&#8221; custom_padding=&#8221;||2px|||&#8221; global_colors_info=&#8221;{}&#8221;]<\/p>\n<p style=\"text-align: center;\"><a href=\"https:\/\/m-acryl.hu\/termekek\/aszimmetrikus-kad\/azalia-aszimmetrikus-akril-kad\" target=\"_blank\" rel=\"noopener\"><em><span style=\"text-decoration: underline;\">Azalia aszimmetrikus akril k\u00e1d k\u00e1dparav\u00e1nnal<\/span><\/em><\/a><\/p>\n<p>[\/et_pb_text][et_pb_text _builder_version=&#8221;4.27.2&#8243; _module_preset=&#8221;default&#8221; text_font_size=&#8221;16px&#8221; ul_font_size=&#8221;16px&#8221; ul_line_height=&#8221;1.7em&#8221; ol_font_size=&#8221;16px&#8221; ol_line_height=&#8221;1.7em&#8221; custom_padding=&#8221;||2px|||&#8221; global_colors_info=&#8221;{}&#8221;]<\/p>\n<h3><strong>Nagy k\u00e1dak (200 cm)<\/strong><\/h3>\n<p><span style=\"font-weight: 400;\">Az akril f\u00fcrd\u0151k\u00e1d m\u00e9retekben <\/span>eljutottunk a <strong>kir\u00e1lykateg\u00f3ri\u00e1hoz<\/strong>.<span style=\"font-weight: 400;\"> A nagy k\u00e1dak <\/span>luxust \u00e9s maxim\u00e1lis k\u00e9nyelmet<span style=\"font-weight: 400;\"> biztos\u00edt, ha el\u00e9g nagy a f\u00fcrd\u0151szob\u00e1ja hozz\u00e1. A<strong> 190&#215;125 cm-es<span style=\"text-decoration: underline;\"><span style=\"color: #00ccff; text-decoration: underline;\"> <a href=\"https:\/\/m-acryl.hu\/termekek\/grande-kulonleges-akril-kad\" style=\"color: #00ccff; text-decoration: underline;\">Grande<\/a><\/span><\/span><\/strong> k\u00fcl\u00f6nleges akril k\u00e1d hidromassz\u00e1zzsal m\u00e9g pihentet\u0151bb\u00e9 var\u00e1zsolhat\u00f3, a <span style=\"color: #00ccff;\"><strong><a href=\"https:\/\/m-acryl.hu\/termekek\/hera-akadalymentesitett-besetalos-akril-kad\" style=\"color: #00ccff;\">H\u00e9ra<\/a> <\/strong><\/span>term\u00e9keket pedig az akad\u00e1lymentes kialak\u00edt\u00e1s teszi egyediv\u00e9. <\/span><\/p>\n<p>[\/et_pb_text][et_pb_image src=&#8221;https:\/\/m-acryl.hu\/kad-kisokos\/wp-content\/uploads\/2020\/02\/Grande-_enterio\u030br.jpg&#8221; alt=&#8221;M-Acryl Grande k\u00fcl\u00f6nleges k\u00e1d&#8221; title_text=&#8221;M-Acryl Grande k\u00fcl\u00f6nleges k\u00e1d&#8221; url=&#8221;https:\/\/m-acryl.hu\/termekek\/kulonleges-kad\/grande-kulonleges-akril-kad&#8221; url_new_window=&#8221;on&#8221; _builder_version=&#8221;4.27.2&#8243; _module_preset=&#8221;default&#8221; global_colors_info=&#8221;{}&#8221;][\/et_pb_image][et_pb_text _builder_version=&#8221;4.27.2&#8243; _module_preset=&#8221;default&#8221; text_font_size=&#8221;16px&#8221; ul_font_size=&#8221;16px&#8221; ul_line_height=&#8221;1.7em&#8221; ol_font_size=&#8221;16px&#8221; ol_line_height=&#8221;1.7em&#8221; custom_padding=&#8221;||2px|||&#8221; global_colors_info=&#8221;{}&#8221;]<\/p>\n<p style=\"text-align: center;\"><em>190&#215;125 cm m\u00e9ret\u0171 Grande k\u00fcl\u00f6nleges akril k\u00e1d<\/em><\/p>\n<p>[\/et_pb_text][et_pb_image src=&#8221;https:\/\/m-acryl.hu\/kad-kisokos\/wp-content\/uploads\/2024\/12\/Hera-akadalymentesitett-furdokad.jpg&#8221; alt=&#8221;H\u00e9ra akad\u00e1lymentes\u00edtett f\u00fcrd\u0151k\u00e1d&#8221; title_text=&#8221;Hera-akadalymentesitett-furdokad&#8221; url=&#8221;https:\/\/m-acryl.hu\/termekek\/kulonleges-kad\/hera-akadalymentesitett-besetalos-akril-kad&#8221; url_new_window=&#8221;on&#8221; _builder_version=&#8221;4.27.4&#8243; _module_preset=&#8221;default&#8221; global_colors_info=&#8221;{}&#8221;][\/et_pb_image][et_pb_text _builder_version=&#8221;4.27.4&#8243; _module_preset=&#8221;default&#8221; text_font_size=&#8221;16px&#8221; ul_font_size=&#8221;16px&#8221; ul_line_height=&#8221;1.7em&#8221; ol_font_size=&#8221;16px&#8221; ol_line_height=&#8221;1.7em&#8221; custom_padding=&#8221;||2px|||&#8221; global_colors_info=&#8221;{}&#8221;]<\/p>\n<p class=\"detials-title\" style=\"text-align: center;\"><a href=\"https:\/\/m-acryl.hu\/termekek\/kulonleges-kad\/hera-akadalymentesitett-besetalos-akril-kad\" target=\"_blank\" rel=\"noopener\"><em>H\u00e9ra akad\u00e1lymentes\u00edtett bes\u00e9t\u00e1l\u00f3s akril k\u00e1d<\/em><\/a><\/p>\n<p>[\/et_pb_text][et_pb_text _builder_version=&#8221;4.27.2&#8243; _module_preset=&#8221;default&#8221; text_font_size=&#8221;16px&#8221; ul_font_size=&#8221;16px&#8221; ul_line_height=&#8221;1.7em&#8221; ol_font_size=&#8221;16px&#8221; ol_line_height=&#8221;1.7em&#8221; custom_padding=&#8221;||2px|||&#8221; global_colors_info=&#8221;{}&#8221;]<\/p>\n<p>Nagym\u00e9ret\u0171 egyenes k\u00e1db\u00f3l n\u00e9pszer\u0171 v\u00e1laszt\u00e1s a k\u00f6z\u00e9plefoly\u00f3s <span style=\"text-decoration: underline;\"><strong><span style=\"color: #00ccff; text-decoration: underline;\"><a href=\"https:\/\/m-acryl.hu\/termekek\/noe-egyenes-akril-kad\" style=\"color: #00ccff; text-decoration: underline;\">No\u00e9<\/a> <\/span><\/strong><\/span>vagy az eg\u00e9sz csal\u00e1d sz\u00e1m\u00e1ra k\u00e9nyelmes<span style=\"text-decoration: underline;\"><span style=\"color: #00ccff; text-decoration: underline;\"><strong> <a href=\"https:\/\/m-acryl.hu\/termekek\/helena-egyenes-akril-kad\" style=\"color: #00ccff; text-decoration: underline;\">Helena<\/a>.<\/strong><\/span><\/span><\/p>\n<p>[\/et_pb_text][et_pb_image src=&#8221;https:\/\/m-acryl.hu\/kad-kisokos\/wp-content\/uploads\/2020\/08\/141-9559.jpg&#8221; alt=&#8221;No\u00e9 egyenes akril k\u00e1d&#8221; title_text=&#8221;noe-egyenes-kad&#8221; url=&#8221;https:\/\/m-acryl.hu\/termekek\/egyenes-kad\/noe-egyenes-akril-kad&#8221; url_new_window=&#8221;on&#8221; _builder_version=&#8221;4.27.2&#8243; _module_preset=&#8221;default&#8221; global_colors_info=&#8221;{}&#8221;][\/et_pb_image][et_pb_text _builder_version=&#8221;4.27.2&#8243; _module_preset=&#8221;default&#8221; text_font_size=&#8221;16px&#8221; ul_font_size=&#8221;16px&#8221; ul_line_height=&#8221;1.7em&#8221; ol_font_size=&#8221;16px&#8221; ol_line_height=&#8221;1.7em&#8221; custom_padding=&#8221;||2px|||&#8221; global_colors_info=&#8221;{}&#8221;]<\/p>\n<p style=\"text-align: center;\"><a href=\"https:\/\/m-acryl.hu\/termekek\/egyenes-kad\/noe-egyenes-akril-kad\"><em>A No\u00e9 k\u00e1dat ak\u00e1r 190&#215;90 cm-es m\u00e9retben is v\u00e1laszthatja<\/em><\/a><\/p>\n<p>[\/et_pb_text][et_pb_text _builder_version=&#8221;4.27.2&#8243; _module_preset=&#8221;default&#8221; text_font_size=&#8221;16px&#8221; ul_font_size=&#8221;16px&#8221; ul_line_height=&#8221;1.7em&#8221; ol_font_size=&#8221;16px&#8221; ol_line_height=&#8221;1.7em&#8221; custom_padding=&#8221;||2px|||&#8221; global_colors_info=&#8221;{}&#8221;]<\/p>\n<h3><strong>Sarokk\u00e1dak \u00e9s szabadon \u00e1ll\u00f3 k\u00e1dak<\/strong><\/h3>\n<p>Az egyenes k\u00e1dak mellett a <span style=\"text-decoration: underline; color: #00ccff;\"><strong><a href=\"https:\/\/m-acryl.hu\/sarokkad\" target=\"_blank\" rel=\"noopener\" style=\"color: #00ccff; text-decoration: underline;\">sarokk\u00e1dak<\/a> <\/strong><\/span>\u00e9s a <span style=\"text-decoration: underline; color: #00ccff;\"><strong><a href=\"https:\/\/m-acryl.hu\/szabadon-allo-kad\" target=\"_blank\" rel=\"noopener\" style=\"color: #00ccff; text-decoration: underline;\">szabadon \u00e1ll\u00f3 t\u00edpusok<\/a><\/strong><\/span> is sokf\u00e9le kialak\u00edt\u00e1sban el\u00e9rhet\u0151ek<span style=\"font-weight: 400;\">. <\/span><\/p>\n<p>A sarokk\u00e1dak k\u00f6z\u00fcl k\u00f6zkedvelt p\u00e9ld\u00e1ul gy\u00f6ny\u00f6r\u0171en \u00edvelt, magas \u00fcl\u0151k\u00e9vel szerelt <a href=\"https:\/\/m-acryl.hu\/termekek\/samanta-akril-sarokkad\"><span style=\"text-decoration: underline; color: #00ccff;\"><strong>Samanta<\/strong><\/span><\/a><span style=\"font-weight: 400;\"> akril sarokk\u00e1d, &#8211; <\/span>tr\u00f3pusi fa el\u0151lappal val\u00f3ban hangulatos<span style=\"font-weight: 400;\"> diz\u00e1jnt teretmhet a f\u00fcrd\u0151szob\u00e1j\u00e1ban.<\/span><span style=\"font-weight: 400;\"><\/span><\/p>\n<p>[\/et_pb_text][et_pb_image src=&#8221;https:\/\/m-acryl.hu\/kad-kisokos\/wp-content\/uploads\/2024\/11\/samanta-akril-sarokkad-macryl.jpeg&#8221; alt=&#8221;Samanta akril sarokk\u00e1d tr\u00f3pusi fa el\u0151lappal&#8221; title_text=&#8221;samanta-akril-sarokkad-macryl&#8221; url=&#8221;https:\/\/m-acryl.hu\/termekek\/sarokkad\/samanta-akril-sarokkad&#8221; url_new_window=&#8221;on&#8221; _builder_version=&#8221;4.27.2&#8243; _module_preset=&#8221;default&#8221; global_colors_info=&#8221;{}&#8221;][\/et_pb_image][et_pb_text _builder_version=&#8221;4.27.2&#8243; _module_preset=&#8221;default&#8221; text_font_size=&#8221;16px&#8221; ul_font_size=&#8221;16px&#8221; ul_line_height=&#8221;1.7em&#8221; ol_font_size=&#8221;16px&#8221; ol_line_height=&#8221;1.7em&#8221; custom_padding=&#8221;||2px|||&#8221; global_colors_info=&#8221;{}&#8221;]<\/p>\n<p style=\"text-align: center;\"><a href=\"https:\/\/m-acryl.hu\/termekek\/sarokkad\/samanta-akril-sarokkad\"><em>Samanta akril sarokk\u00e1d tr\u00f3pusi fa el\u0151lappal<\/em><\/a><\/p>\n<p>[\/et_pb_text][et_pb_text _builder_version=&#8221;4.27.2&#8243; _module_preset=&#8221;default&#8221; text_font_size=&#8221;16px&#8221; ul_font_size=&#8221;16px&#8221; ul_line_height=&#8221;1.7em&#8221; ol_font_size=&#8221;16px&#8221; ol_line_height=&#8221;1.7em&#8221; custom_padding=&#8221;||2px|||&#8221; global_colors_info=&#8221;{}&#8221;]<\/p>\n<p><span style=\"font-weight: 400;\">Az <span style=\"color: #00ccff;\"><strong><a href=\"https:\/\/prestige.m-acryl.hu\/kadak\/\" target=\"_blank\" rel=\"noopener\" style=\"color: #00ccff;\">M-Acryl Prestige k\u00e1dkollekci\u00f3<\/a><\/strong><\/span> exkluz\u00edv k\u00e9nyelm\u0171 \u00e9s kialak\u00edt\u00e1s\u00fa szabadon \u00e1ll\u00f3 k\u00e1dakat, falra tolhat\u00f3 \u00e9s saroka helyezhet\u0151 f\u00e9lszabadon \u00e1ll\u00f3 k\u00e1dakat sorakoztat fel. Ezekkel a design k\u00e1dakkal\u00a0 val\u00f3di <strong>luxus f\u00fcrd\u00e9s\u00e9lm\u00e9nyt<\/strong> csemp\u00e9szhet az otthon\u00e1ba.<\/span><\/p>\n<p>[\/et_pb_text][et_pb_image src=&#8221;https:\/\/m-acryl.hu\/kad-kisokos\/wp-content\/uploads\/2024\/03\/M-Acryl-Prestige-Lily-szabadon-allo-kad.png&#8221; alt=&#8221;M-Acryl Prestige m\u0171m\u00e1rv\u00e1ny szabadon \u00e1ll\u00f3 k\u00e1d 2 sz\u00ednben&#8221; title_text=&#8221;M-Acryl-Prestige-Lily-szabadon-allo-kad&#8221; url=&#8221;https:\/\/prestige.m-acryl.hu\/kadak\/&#8221; url_new_window=&#8221;on&#8221; _builder_version=&#8221;4.27.2&#8243; _module_preset=&#8221;default&#8221; global_colors_info=&#8221;{}&#8221;][\/et_pb_image][et_pb_text _builder_version=&#8221;4.27.2&#8243; _module_preset=&#8221;default&#8221; text_font_size=&#8221;16px&#8221; ul_font_size=&#8221;16px&#8221; ul_line_height=&#8221;1.7em&#8221; ol_font_size=&#8221;16px&#8221; ol_line_height=&#8221;1.7em&#8221; custom_padding=&#8221;||2px|||&#8221; global_colors_info=&#8221;{}&#8221;]<\/p>\n<h2><span style=\"font-weight: 400;\">Akril f\u00fcrd\u0151k\u00e1dak testk\u00f6zelb\u0151l &#8211; pr\u00f3ba a t\u00f6k\u00e9letes v\u00e1laszt\u00e1shoz<\/span><\/h2>\n<p>Ne b\u00edzza a v\u00e9letre a v\u00e1laszt\u00e1st! J\u00f6jj\u00f6n el a <span style=\"text-decoration: underline; color: #00ccff;\"><strong><a href=\"https:\/\/m-acryl.hu\/bemutatoterem\" style=\"color: #00ccff; text-decoration: underline;\">bemutat\u00f3term\u00fcnkbe<\/a>,<\/strong><\/span> n\u00e9zze meg \u00e9l\u0151ben, \u00e9s pr\u00f3b\u00e1lja is ki a kiszemelt f\u00fcrd\u0151k\u00e1dat (\u00fclj\u00f6n bele, \u00e9s tesztelje, hogy kell\u0151en k\u00e9nyelmes-e), \u00e9s k\u00e9rje k\u00e1dszak\u00e9rt\u0151ink ingyenes seg\u00edts\u00e9g\u00e9t.<b><\/b><\/p>\n<p>[\/et_pb_text][\/et_pb_column][\/et_pb_row][\/et_pb_section][et_pb_section fb_built=&#8221;1&#8243; _builder_version=&#8221;4.16&#8243; background_color=&#8221;#f0f0f0&#8243; custom_margin=&#8221;||0px|||&#8221; custom_padding=&#8221;9px||1px|||&#8221; top_divider_height=&#8221;25px&#8221; border_width_all=&#8221;23px&#8221; border_color_all=&#8221;#e2e2e2&#8243; locked=&#8221;off&#8221; collapsed=&#8221;on&#8221; global_colors_info=&#8221;{}&#8221;][et_pb_row _builder_version=&#8221;4.16&#8243; width=&#8221;70%&#8221; width_tablet=&#8221;&#8221; width_phone=&#8221;90%&#8221; width_last_edited=&#8221;on|phone&#8221; min_height=&#8221;636px&#8221; custom_margin=&#8221;40px|auto||auto||&#8221; global_colors_info=&#8221;{}&#8221;][et_pb_column type=&#8221;4_4&#8243; _builder_version=&#8221;4.16&#8243; global_colors_info=&#8221;{}&#8221;][et_pb_blurb use_icon=&#8221;on&#8221; font_icon=&#8221;&#xe010;||divi||400&#8243; icon_color=&#8221;#c5d300&#8243; image_icon_width=&#8221;108px&#8221; content_max_width=&#8221;687px&#8221; _builder_version=&#8221;4.16&#8243; header_level=&#8221;h2&#8243; body_text_color=&#8221;#424242&#8243; body_font_size=&#8221;17px&#8221; custom_margin=&#8221;|0px|0px|0px|false|false&#8221; custom_padding=&#8221;|0px||0px|false|false&#8221; icon_font_size=&#8221;108px&#8221; global_colors_info=&#8221;{}&#8221;][\/et_pb_blurb][et_pb_text _builder_version=&#8221;4.16&#8243; header_text_align=&#8221;center&#8221; custom_margin=&#8221;6px||6px||true|false&#8221; global_colors_info=&#8221;{}&#8221;]<\/p>\n<h2 style=\"text-align: center;\">Cikksorozatunk tov\u00e1bbi r\u00e9szei is v\u00e1rj\u00e1k \u00f6nt.<\/h2>\n<p>[\/et_pb_text][et_pb_text _builder_version=&#8221;4.16&#8243; text_text_color=&#8221;#FFFFFF&#8221; text_font_size=&#8221;17px&#8221; text_line_height=&#8221;1.6em&#8221; custom_padding=&#8221;||2px|||&#8221; global_colors_info=&#8221;{}&#8221;]<\/p>\n<p style=\"text-align: center;\"><span style=\"color: #333333;\">K\u00e9rje tov\u00e1bbi inspir\u00e1l\u00f3 \u00e9s szak\u00e9rt\u0151i cikkeinket a f\u00fcrd\u0151k\u00e1d t\u00e9m\u00e1ban. Adja meg e-mail c\u00edm\u00e9t, hogy tov\u00e1bbi hasznos tartalmakat k\u00fcldhess\u00fcnk \u00d6nnek.<br \/>\n<\/span><\/p>\n<p>[\/et_pb_text][et_pb_code _builder_version=&#8221;4.16&#8243; background_color=&#8221;rgba(0,0,0,0)&#8221; custom_padding=&#8221;||0px|||&#8221; animation_style=&#8221;fade&#8221; global_colors_info=&#8221;{}&#8221;]<\/p>\n<div id=\"mmform201115\" class=\"mmform\" style=\"position: relative; padding-bottom: 300px; height: 0; overflow: hidden; max-width: 100%;\"><\/div>\n<p><!-- [et_pb_line_break_holder] --><!-- [et_pb_line_break_holder] --><!-- [et_pb_line_break_holder] --><script type=\"text\/javascript\"><!-- [et_pb_line_break_holder] -->var uniqueId = 2011151587117327,listId = 104491,formId = 201115,iwidth=115,mmDomain='salesautopilot.s3.amazonaws.com',secondMMDomain='sw.marketingszoftverek.hu',spancont=false,secure=('https:' == document.location.protocol)?true:false;<!-- [et_pb_line_break_holder] --><\/script><!-- [et_pb_line_break_holder] --><script type=\"text\/javascript\" src=\"https:\/\/d1ursyhqs5x9h1.cloudfront.net\/sw\/scripts\/mm-embed-iframe-1.15.min.js\"><\/script>[\/et_pb_code][\/et_pb_column][\/et_pb_row][\/et_pb_section]<\/p>\n","protected":false},"excerpt":{"rendered":"<p>Napjainkban egy\u00e9rtelm\u0171en az akril f\u00fcrd\u0151k\u00e1dak sz\u00e1m\u00edtanak a legn\u00e9pszer\u0171bb term\u00e9kt\u00edpusnak. Cikk\u00fcnkben bemutatjuk, hogy mi is pontosan az akril, \u00e9s hogy mire kell figyelnie, ha akril k\u00e1dat szeretne v\u00e1s\u00e1rolni a f\u00fcrd\u0151szob\u00e1j\u00e1ba.<\/p>\n","protected":false},"author":6,"featured_media":6408,"comment_status":"closed","ping_status":"open","sticky":false,"template":"","format":"standard","meta":{"_et_pb_use_builder":"on","_et_pb_old_content":"","_et_gb_content_width":"","footnotes":""},"categories":[1,69],"tags":[],"class_list":["post-6369","post","type-post","status-publish","format-standard","has-post-thumbnail","hentry","category-egyeb","category-kozlemeny","et-has-post-format-content","et_post_format-et-post-format-standard"],"yoast_head":"<!-- This site is optimized with the Yoast SEO plugin v26.6 - https:\/\/yoast.com\/wordpress\/plugins\/seo\/ -->\n<title>Melyik a legjobb akril k\u00e1d? Tippek a v\u00e1laszt\u00e1shoz - K\u00e1d kisokos<\/title>\n<meta name=\"description\" content=\"Mi\u00e9rt az akril a legide\u00e1lisabb anyag a f\u00fcrd\u0151k\u00e1dakhoz? Melyik a legjobb akril k\u00e1d? Hasznos tippek cikk\u00fcnkben, hogy megtal\u00e1lja \u00e1lmai f\u00fcrd\u0151k\u00e1dj\u00e1t!\" \/>\n<meta name=\"robots\" content=\"index, nofollow, max-snippet:-1, max-image-preview:large, max-video-preview:-1\" \/>\n<link rel=\"canonical\" href=\"https:\/\/m-acryl.hu\/kad-kisokos\/melyik-a-legjobb-akril-kad\/\" \/>\n<meta property=\"og:locale\" content=\"hu_HU\" \/>\n<meta property=\"og:type\" content=\"article\" \/>\n<meta property=\"og:title\" content=\"Melyik a legjobb akril k\u00e1d?\" \/>\n<meta property=\"og:description\" content=\"Mi\u00e9rt az akril a legide\u00e1lisabb anyag a f\u00fcrd\u0151k\u00e1dakhoz? Melyik a legjobb akril k\u00e1d? Hasznos tippek cikk\u00fcnkben, hogy megtal\u00e1lja \u00e1lmai f\u00fcrd\u0151k\u00e1dj\u00e1t!\" \/>\n<meta property=\"og:url\" content=\"https:\/\/m-acryl.hu\/kad-kisokos\/melyik-a-legjobb-akril-kad\/\" \/>\n<meta property=\"og:site_name\" content=\"K\u00e1d kisokos\" \/>\n<meta property=\"article:published_time\" content=\"2024-10-31T10:06:07+00:00\" \/>\n<meta property=\"article:modified_time\" content=\"2025-03-21T13:00:52+00:00\" \/>\n<meta property=\"og:image\" content=\"https:\/\/m-acryl.hu\/kad-kisokos\/wp-content\/uploads\/2024\/11\/melyik-a-legjobb-akril-kad-m-acryl-furdokad-blog-cover.jpg\" \/>\n\t<meta property=\"og:image:width\" content=\"1280\" \/>\n\t<meta property=\"og:image:height\" content=\"640\" \/>\n\t<meta property=\"og:image:type\" content=\"image\/jpeg\" \/>\n<meta name=\"author\" content=\"Madar\u00e1sz J\u00falia\" \/>\n<meta name=\"twitter:card\" content=\"summary_large_image\" \/>\n<meta name=\"twitter:title\" content=\"K\u00e1d kisokos\" \/>\n<meta name=\"twitter:label1\" content=\"Szerz\u0151:\" \/>\n\t<meta name=\"twitter:data1\" content=\"Madar\u00e1sz J\u00falia\" \/>\n\t<meta name=\"twitter:label2\" content=\"Becs\u00fclt olvas\u00e1si id\u0151\" \/>\n\t<meta name=\"twitter:data2\" content=\"10 perc\" \/>\n<script type=\"application\/ld+json\" class=\"yoast-schema-graph\">{\"@context\":\"https:\/\/schema.org\",\"@graph\":[{\"@type\":\"WebPage\",\"@id\":\"https:\/\/m-acryl.hu\/kad-kisokos\/melyik-a-legjobb-akril-kad\/\",\"url\":\"https:\/\/m-acryl.hu\/kad-kisokos\/melyik-a-legjobb-akril-kad\/\",\"name\":\"Melyik a legjobb akril k\u00e1d? Tippek a v\u00e1laszt\u00e1shoz - K\u00e1d kisokos\",\"isPartOf\":{\"@id\":\"https:\/\/m-acryl.hu\/kad-kisokos\/#website\"},\"primaryImageOfPage\":{\"@id\":\"https:\/\/m-acryl.hu\/kad-kisokos\/melyik-a-legjobb-akril-kad\/#primaryimage\"},\"image\":{\"@id\":\"https:\/\/m-acryl.hu\/kad-kisokos\/melyik-a-legjobb-akril-kad\/#primaryimage\"},\"thumbnailUrl\":\"https:\/\/m-acryl.hu\/kad-kisokos\/wp-content\/uploads\/2024\/11\/melyik-a-legjobb-akril-kad-m-acryl-furdokad-blog-cover.jpg\",\"datePublished\":\"2024-10-31T10:06:07+00:00\",\"dateModified\":\"2025-03-21T13:00:52+00:00\",\"author\":{\"@id\":\"https:\/\/m-acryl.hu\/kad-kisokos\/#\/schema\/person\/97de8d1c7a799dff979832f222a8832a\"},\"description\":\"Mi\u00e9rt az akril a legide\u00e1lisabb anyag a f\u00fcrd\u0151k\u00e1dakhoz? Melyik a legjobb akril k\u00e1d? Hasznos tippek cikk\u00fcnkben, hogy megtal\u00e1lja \u00e1lmai f\u00fcrd\u0151k\u00e1dj\u00e1t!\",\"breadcrumb\":{\"@id\":\"https:\/\/m-acryl.hu\/kad-kisokos\/melyik-a-legjobb-akril-kad\/#breadcrumb\"},\"inLanguage\":\"hu\",\"potentialAction\":[{\"@type\":\"ReadAction\",\"target\":[\"https:\/\/m-acryl.hu\/kad-kisokos\/melyik-a-legjobb-akril-kad\/\"]}]},{\"@type\":\"ImageObject\",\"inLanguage\":\"hu\",\"@id\":\"https:\/\/m-acryl.hu\/kad-kisokos\/melyik-a-legjobb-akril-kad\/#primaryimage\",\"url\":\"https:\/\/m-acryl.hu\/kad-kisokos\/wp-content\/uploads\/2024\/11\/melyik-a-legjobb-akril-kad-m-acryl-furdokad-blog-cover.jpg\",\"contentUrl\":\"https:\/\/m-acryl.hu\/kad-kisokos\/wp-content\/uploads\/2024\/11\/melyik-a-legjobb-akril-kad-m-acryl-furdokad-blog-cover.jpg\",\"width\":1280,\"height\":640,\"caption\":\"Melyik a legjobb akril k\u00e1d? M-Acryl\"},{\"@type\":\"BreadcrumbList\",\"@id\":\"https:\/\/m-acryl.hu\/kad-kisokos\/melyik-a-legjobb-akril-kad\/#breadcrumb\",\"itemListElement\":[{\"@type\":\"ListItem\",\"position\":1,\"name\":\"Home\",\"item\":\"https:\/\/m-acryl.hu\/kad-kisokos\/\"},{\"@type\":\"ListItem\",\"position\":2,\"name\":\"Melyik a legjobb akril k\u00e1d? Tippek a v\u00e1laszt\u00e1shoz\"}]},{\"@type\":\"WebSite\",\"@id\":\"https:\/\/m-acryl.hu\/kad-kisokos\/#website\",\"url\":\"https:\/\/m-acryl.hu\/kad-kisokos\/\",\"name\":\"K\u00e1d kisokos\",\"description\":\"Az M-Acryl f\u00fcrd\u0151k\u00e1dakr\u00f3l k\u00f6z\u00e9rthet\u0151en\",\"potentialAction\":[{\"@type\":\"SearchAction\",\"target\":{\"@type\":\"EntryPoint\",\"urlTemplate\":\"https:\/\/m-acryl.hu\/kad-kisokos\/?s={search_term_string}\"},\"query-input\":{\"@type\":\"PropertyValueSpecification\",\"valueRequired\":true,\"valueName\":\"search_term_string\"}}],\"inLanguage\":\"hu\"},{\"@type\":\"Person\",\"@id\":\"https:\/\/m-acryl.hu\/kad-kisokos\/#\/schema\/person\/97de8d1c7a799dff979832f222a8832a\",\"name\":\"Madar\u00e1sz J\u00falia\",\"image\":{\"@type\":\"ImageObject\",\"inLanguage\":\"hu\",\"@id\":\"https:\/\/m-acryl.hu\/kad-kisokos\/#\/schema\/person\/image\/\",\"url\":\"https:\/\/secure.gravatar.com\/avatar\/0c204b742e4037a414beff290aada3b58a7839bb7d65d671f1680e8e30182f0c?s=96&d=mm&r=g\",\"contentUrl\":\"https:\/\/secure.gravatar.com\/avatar\/0c204b742e4037a414beff290aada3b58a7839bb7d65d671f1680e8e30182f0c?s=96&d=mm&r=g\",\"caption\":\"Madar\u00e1sz J\u00falia\"},\"url\":\"https:\/\/m-acryl.hu\/kad-kisokos\/author\/julia\/\"}]}<\/script>\n<!-- \/ Yoast SEO plugin. -->","yoast_head_json":{"title":"Melyik a legjobb akril k\u00e1d? Tippek a v\u00e1laszt\u00e1shoz - K\u00e1d kisokos","description":"Mi\u00e9rt az akril a legide\u00e1lisabb anyag a f\u00fcrd\u0151k\u00e1dakhoz? Melyik a legjobb akril k\u00e1d? Hasznos tippek cikk\u00fcnkben, hogy megtal\u00e1lja \u00e1lmai f\u00fcrd\u0151k\u00e1dj\u00e1t!","robots":{"index":"index","follow":"nofollow","max-snippet":"max-snippet:-1","max-image-preview":"max-image-preview:large","max-video-preview":"max-video-preview:-1"},"canonical":"https:\/\/m-acryl.hu\/kad-kisokos\/melyik-a-legjobb-akril-kad\/","og_locale":"hu_HU","og_type":"article","og_title":"Melyik a legjobb akril k\u00e1d?","og_description":"Mi\u00e9rt az akril a legide\u00e1lisabb anyag a f\u00fcrd\u0151k\u00e1dakhoz? Melyik a legjobb akril k\u00e1d? Hasznos tippek cikk\u00fcnkben, hogy megtal\u00e1lja \u00e1lmai f\u00fcrd\u0151k\u00e1dj\u00e1t!","og_url":"https:\/\/m-acryl.hu\/kad-kisokos\/melyik-a-legjobb-akril-kad\/","og_site_name":"K\u00e1d kisokos","article_published_time":"2024-10-31T10:06:07+00:00","article_modified_time":"2025-03-21T13:00:52+00:00","og_image":[{"width":1280,"height":640,"url":"https:\/\/m-acryl.hu\/kad-kisokos\/wp-content\/uploads\/2024\/11\/melyik-a-legjobb-akril-kad-m-acryl-furdokad-blog-cover.jpg","type":"image\/jpeg"}],"author":"Madar\u00e1sz J\u00falia","twitter_card":"summary_large_image","twitter_title":"K\u00e1d kisokos","twitter_misc":{"Szerz\u0151:":"Madar\u00e1sz J\u00falia","Becs\u00fclt olvas\u00e1si id\u0151":"10 perc"},"schema":{"@context":"https:\/\/schema.org","@graph":[{"@type":"WebPage","@id":"https:\/\/m-acryl.hu\/kad-kisokos\/melyik-a-legjobb-akril-kad\/","url":"https:\/\/m-acryl.hu\/kad-kisokos\/melyik-a-legjobb-akril-kad\/","name":"Melyik a legjobb akril k\u00e1d? Tippek a v\u00e1laszt\u00e1shoz - K\u00e1d kisokos","isPartOf":{"@id":"https:\/\/m-acryl.hu\/kad-kisokos\/#website"},"primaryImageOfPage":{"@id":"https:\/\/m-acryl.hu\/kad-kisokos\/melyik-a-legjobb-akril-kad\/#primaryimage"},"image":{"@id":"https:\/\/m-acryl.hu\/kad-kisokos\/melyik-a-legjobb-akril-kad\/#primaryimage"},"thumbnailUrl":"https:\/\/m-acryl.hu\/kad-kisokos\/wp-content\/uploads\/2024\/11\/melyik-a-legjobb-akril-kad-m-acryl-furdokad-blog-cover.jpg","datePublished":"2024-10-31T10:06:07+00:00","dateModified":"2025-03-21T13:00:52+00:00","author":{"@id":"https:\/\/m-acryl.hu\/kad-kisokos\/#\/schema\/person\/97de8d1c7a799dff979832f222a8832a"},"description":"Mi\u00e9rt az akril a legide\u00e1lisabb anyag a f\u00fcrd\u0151k\u00e1dakhoz? Melyik a legjobb akril k\u00e1d? Hasznos tippek cikk\u00fcnkben, hogy megtal\u00e1lja \u00e1lmai f\u00fcrd\u0151k\u00e1dj\u00e1t!","breadcrumb":{"@id":"https:\/\/m-acryl.hu\/kad-kisokos\/melyik-a-legjobb-akril-kad\/#breadcrumb"},"inLanguage":"hu","potentialAction":[{"@type":"ReadAction","target":["https:\/\/m-acryl.hu\/kad-kisokos\/melyik-a-legjobb-akril-kad\/"]}]},{"@type":"ImageObject","inLanguage":"hu","@id":"https:\/\/m-acryl.hu\/kad-kisokos\/melyik-a-legjobb-akril-kad\/#primaryimage","url":"https:\/\/m-acryl.hu\/kad-kisokos\/wp-content\/uploads\/2024\/11\/melyik-a-legjobb-akril-kad-m-acryl-furdokad-blog-cover.jpg","contentUrl":"https:\/\/m-acryl.hu\/kad-kisokos\/wp-content\/uploads\/2024\/11\/melyik-a-legjobb-akril-kad-m-acryl-furdokad-blog-cover.jpg","width":1280,"height":640,"caption":"Melyik a legjobb akril k\u00e1d? M-Acryl"},{"@type":"BreadcrumbList","@id":"https:\/\/m-acryl.hu\/kad-kisokos\/melyik-a-legjobb-akril-kad\/#breadcrumb","itemListElement":[{"@type":"ListItem","position":1,"name":"Home","item":"https:\/\/m-acryl.hu\/kad-kisokos\/"},{"@type":"ListItem","position":2,"name":"Melyik a legjobb akril k\u00e1d? Tippek a v\u00e1laszt\u00e1shoz"}]},{"@type":"WebSite","@id":"https:\/\/m-acryl.hu\/kad-kisokos\/#website","url":"https:\/\/m-acryl.hu\/kad-kisokos\/","name":"K\u00e1d kisokos","description":"Az M-Acryl f\u00fcrd\u0151k\u00e1dakr\u00f3l k\u00f6z\u00e9rthet\u0151en","potentialAction":[{"@type":"SearchAction","target":{"@type":"EntryPoint","urlTemplate":"https:\/\/m-acryl.hu\/kad-kisokos\/?s={search_term_string}"},"query-input":{"@type":"PropertyValueSpecification","valueRequired":true,"valueName":"search_term_string"}}],"inLanguage":"hu"},{"@type":"Person","@id":"https:\/\/m-acryl.hu\/kad-kisokos\/#\/schema\/person\/97de8d1c7a799dff979832f222a8832a","name":"Madar\u00e1sz J\u00falia","image":{"@type":"ImageObject","inLanguage":"hu","@id":"https:\/\/m-acryl.hu\/kad-kisokos\/#\/schema\/person\/image\/","url":"https:\/\/secure.gravatar.com\/avatar\/0c204b742e4037a414beff290aada3b58a7839bb7d65d671f1680e8e30182f0c?s=96&d=mm&r=g","contentUrl":"https:\/\/secure.gravatar.com\/avatar\/0c204b742e4037a414beff290aada3b58a7839bb7d65d671f1680e8e30182f0c?s=96&d=mm&r=g","caption":"Madar\u00e1sz J\u00falia"},"url":"https:\/\/m-acryl.hu\/kad-kisokos\/author\/julia\/"}]}},"_links":{"self":[{"href":"https:\/\/m-acryl.hu\/kad-kisokos\/wp-json\/wp\/v2\/posts\/6369","targetHints":{"allow":["GET"]}}],"collection":[{"href":"https:\/\/m-acryl.hu\/kad-kisokos\/wp-json\/wp\/v2\/posts"}],"about":[{"href":"https:\/\/m-acryl.hu\/kad-kisokos\/wp-json\/wp\/v2\/types\/post"}],"author":[{"embeddable":true,"href":"https:\/\/m-acryl.hu\/kad-kisokos\/wp-json\/wp\/v2\/users\/6"}],"replies":[{"embeddable":true,"href":"https:\/\/m-acryl.hu\/kad-kisokos\/wp-json\/wp\/v2\/comments?post=6369"}],"version-history":[{"count":39,"href":"https:\/\/m-acryl.hu\/kad-kisokos\/wp-json\/wp\/v2\/posts\/6369\/revisions"}],"predecessor-version":[{"id":6761,"href":"https:\/\/m-acryl.hu\/kad-kisokos\/wp-json\/wp\/v2\/posts\/6369\/revisions\/6761"}],"wp:featuredmedia":[{"embeddable":true,"href":"https:\/\/m-acryl.hu\/kad-kisokos\/wp-json\/wp\/v2\/media\/6408"}],"wp:attachment":[{"href":"https:\/\/m-acryl.hu\/kad-kisokos\/wp-json\/wp\/v2\/media?parent=6369"}],"wp:term":[{"taxonomy":"category","embeddable":true,"href":"https:\/\/m-acryl.hu\/kad-kisokos\/wp-json\/wp\/v2\/categories?post=6369"},{"taxonomy":"post_tag","embeddable":true,"href":"https:\/\/m-acryl.hu\/kad-kisokos\/wp-json\/wp\/v2\/tags?post=6369"}],"curies":[{"name":"wp","href":"https:\/\/api.w.org\/{rel}","templated":true}]}}