{"id":6218,"date":"2024-06-26T11:40:11","date_gmt":"2024-06-26T11:40:11","guid":{"rendered":"https:\/\/m-acryl.hu\/kad-kisokos\/?p=6218"},"modified":"2025-03-31T08:22:43","modified_gmt":"2025-03-31T08:22:43","slug":"a-minimalista-formatervezes-csucsa-az-egyenes-viva-kad","status":"publish","type":"post","link":"https:\/\/m-acryl.hu\/kad-kisokos\/a-minimalista-formatervezes-csucsa-az-egyenes-viva-kad\/","title":{"rendered":"A minimalista formatervez\u00e9s cs\u00facsa: az egyenes Viva k\u00e1d"},"content":{"rendered":"<p>[et_pb_section fb_built=&#8221;1&#8243; disabled_on=&#8221;off|off|off&#8221; _builder_version=&#8221;4.21.0&#8243; _module_preset=&#8221;default&#8221; global_colors_info=&#8221;{}&#8221;][et_pb_row _builder_version=&#8221;4.27.4&#8243; _module_preset=&#8221;default&#8221; width=&#8221;80%&#8221; min_height=&#8221;46.1px&#8221; custom_margin_tablet=&#8221;&#8221; custom_margin_phone=&#8221;0px||||false|false&#8221; custom_margin_last_edited=&#8221;on|phone&#8221; custom_padding=&#8221;0px||0.1%||false|false&#8221; global_colors_info=&#8221;{}&#8221;][et_pb_column type=&#8221;4_4&#8243; _builder_version=&#8221;4.16&#8243; _module_preset=&#8221;default&#8221; global_colors_info=&#8221;{}&#8221;][et_pb_text _builder_version=&#8221;4.27.0&#8243; _module_preset=&#8221;default&#8221; text_font_size=&#8221;16px&#8221; ul_font_size=&#8221;16px&#8221; ul_line_height=&#8221;1.7em&#8221; ol_font_size=&#8221;16px&#8221; ol_line_height=&#8221;1.7em&#8221; custom_padding=&#8221;||2px|||&#8221; global_colors_info=&#8221;{}&#8221;]<\/p>\n<p>Amikor a Viva k\u00e1d \u00f6nt\u00f6tt akrilj\u00e1n sim\u00edtok v\u00e9gig <span style=\"color: #00ccff;\"><strong><a href=\"https:\/\/m-acryl.hu\/bemutatoterem\" target=\"_blank\" rel=\"noopener\" style=\"color: #00ccff;\"><u>a bemutat\u00f3term\u00fcnkben<\/u><\/a>,<\/strong><\/span> micsoda tervez\u0151i kih\u00edv\u00e1s k\u00fcl\u00f6nlegess\u00e9 tenni a megszokottat! Mindannyian l\u00e1ttunk m\u00e1r egyszer\u0171 egyenes akrilk\u00e1dat, azt hinn\u00e9nk, hogy itt m\u00e1r nem \u00e9rhet minket meglepet\u00e9s.<\/p>\n<p>A <span style=\"color: #00ccff;\"><a href=\"https:\/\/m-acryl.hu\/termekek\/egyenes-kad\/viva-egyenes-akril-kad\" target=\"_blank\" rel=\"noopener\" style=\"color: #00ccff;\"><strong>Viva<\/strong><\/a><\/span> viszont <strong>csak els\u0151 r\u00e1n\u00e9z\u00e9sre egyszer\u0171 egyenes k\u00e1d<\/strong>. Ahogy alaposan megn\u00e9zni, \u00e9szreveszi, micsoda m\u0171alkot\u00e1ssal van dolga.<\/p>\n<p>[\/et_pb_text][et_pb_text _builder_version=&#8221;4.25.1&#8243; _module_preset=&#8221;default&#8221; text_font_size=&#8221;16px&#8221; ul_font_size=&#8221;16px&#8221; ul_line_height=&#8221;1.7em&#8221; ol_font_size=&#8221;16px&#8221; ol_line_height=&#8221;1.7em&#8221; custom_margin=&#8221;10%||||false|false&#8221; custom_padding=&#8221;||2px|||&#8221; global_colors_info=&#8221;{}&#8221;]<\/p>\n<h2>Ha Viva van otthon, akkor megj\u00f6n a kedve a f\u00fcrd\u00e9shez<\/h2>\n<p>Csak r\u00e1 kell n\u00e9zni a k\u00e1dra, \u00e9s az embernek megj\u00f6n az \u00e9letkedve m\u00e9g a f\u00e1raszt\u00f3 nap v\u00e9g\u00e9n is \u2013 a modell neve ez\u00e9rt lett \u201eViva\u201d (spanyol \u00e9s olasz sz\u00f3 arra, hogy \u201e\u00e9ljen\u201d).<\/p>\n<p>A <span style=\"text-decoration: underline;\"><span style=\"color: #00ccff; text-decoration: underline;\"><strong><a href=\"https:\/\/m-acryl.hu\/termekek\/egyenes-kad\/viva-egyenes-akril-kad\" target=\"_blank\" rel=\"noopener\" style=\"color: #00ccff; text-decoration: underline;\">Viva akril k\u00e1d<\/a> <\/strong><\/span><\/span><strong>v\u00e9glefoly\u00f3s<\/strong>, a lefoly\u00f3 oldal\u00e1n tal\u00e1lja a t\u00falfoly\u00f3t is \u2013 a k\u00e1d m\u00e1sik v\u00e9g\u00e9n <strong>h\u00e1ta form\u00e1j\u00e1t k\u00e9nyelmesen k\u00f6vet\u0151 fal<\/strong> v\u00e1rja, hogy f\u00fcrd\u00e9s k\u00f6zben ellazulva h\u00e1trad\u0151lj\u00f6n.<\/p>\n<p>[\/et_pb_text][et_pb_image src=&#8221;https:\/\/m-acryl.hu\/kad-kisokos\/wp-content\/uploads\/2020\/04\/Viva-egyenes-akril-k\u00e1d-fel\u00fclnezet.jpg&#8221; alt=&#8221;Viva egyenes akril k\u00e1d fel\u00fcln\u00e9zet&#8221; title_text=&#8221;Viva egyenes akril k\u00e1d fel\u00fclnezet&#8221; url=&#8221;https:\/\/m-acryl.hu\/termekek\/egyenes-kad\/viva-egyenes-akril-kad&#8221; url_new_window=&#8221;on&#8221; force_fullwidth=&#8221;on&#8221; _builder_version=&#8221;4.25.1&#8243; _module_preset=&#8221;default&#8221; min_height=&#8221;90%&#8221; custom_padding=&#8221;||0px||false|false&#8221; global_colors_info=&#8221;{}&#8221;][\/et_pb_image][et_pb_text _builder_version=&#8221;4.25.1&#8243; _module_preset=&#8221;default&#8221; ul_font_size=&#8221;16px&#8221; ul_line_height=&#8221;1.7em&#8221; ol_font_size=&#8221;16px&#8221; ol_line_height=&#8221;1.7em&#8221; module_alignment=&#8221;center&#8221; min_height=&#8221;59.8px&#8221; custom_margin=&#8221;2%||||false|false&#8221; custom_padding=&#8221;0px||0px||false|false&#8221; global_colors_info=&#8221;{}&#8221;]<\/p>\n<p style=\"text-align: center;\"><a href=\"https:\/\/m-acryl.hu\/termekek\/egyenes-kad\/viva-egyenes-akril-kad\" target=\"_blank\" rel=\"noopener\"><em><span style=\"text-decoration: underline;\">Viva k\u00f6z\u00e9plefoly\u00f3s egyenes k\u00e1d<\/span><br \/>(150&#215;70,160&#215;70 \u00e9s 170&#215;75 cm m\u00e9retben)<\/em><\/a><\/p>\n<p>[\/et_pb_text][et_pb_text _builder_version=&#8221;4.25.1&#8243; _module_preset=&#8221;default&#8221; text_font_size=&#8221;16px&#8221; ul_font_size=&#8221;16px&#8221; ul_line_height=&#8221;1.7em&#8221; ol_font_size=&#8221;16px&#8221; ol_line_height=&#8221;1.7em&#8221; custom_padding=&#8221;||2px|||&#8221; global_colors_info=&#8221;{}&#8221;]<\/p>\n<p>(A szaniterakrilunk egyik kellemes tulajdons\u00e1ga, hogy f\u00f6lveszi a szoba h\u0151m\u00e9rs\u00e9klet\u00e9t, \u00edgy nem sikkantat\u00f3an hideg , hanem kellemesen langyos a fel\u00fclete.)<\/p>\n<p>A Viva <strong>150 cm x 70 cm-es (180 liter), 160 x 70-es (190 liter) \u00e9s 170 x 75-\u00f6s (210) m\u00e9retekben<\/strong> kaphat\u00f3. Mindh\u00e1rom m\u00e9retet <strong>egyszem\u00e9lyes f\u00fcrd\u00e9sre tervezt\u00fck \u2013 viszont<\/strong> <strong>egy-egy romantikus est\u00e9n k\u00e9nyelmes egy p\u00e1rnak is<\/strong>, ha egy oldalra \u00fclnek \u00e9s a p\u00e1r egyik tagja a m\u00e1sik mellkas\u00e1ra d\u0151l.<\/p>\n<p>[\/et_pb_text][et_pb_text _builder_version=&#8221;4.25.1&#8243; _module_preset=&#8221;default&#8221; text_font_size=&#8221;16px&#8221; ul_font_size=&#8221;16px&#8221; ul_line_height=&#8221;1.7em&#8221; ol_font_size=&#8221;16px&#8221; ol_line_height=&#8221;1.7em&#8221; custom_margin=&#8221;10%||||false|false&#8221; custom_padding=&#8221;||2px|||&#8221; global_colors_info=&#8221;{}&#8221;]<\/p>\n<h2>A Viva izgalmas kett\u0151ss\u00e9ge<\/h2>\n<p>K\u00edv\u00fclr\u0151l a k\u00e1d szinte t\u00f6k\u00e9letes \u201esz\u00f6gletess\u00e9g\u00e9vel\u201d <strong>modern \u00e9s minimalista<\/strong>. <strong>Nem akar t\u00f6bb helyet elfoglalni, mint amennyire sz\u00fcks\u00e9ge van.<\/strong><\/p>\n<p>Bel\u00fcl viszont az addig \u00e9les vonalak ell\u00e1gyulnak: <strong>a k\u00e1d mindk\u00e9t v\u00e9ge enyh\u00e9n \u00edvelt<\/strong> \u2013 pont annyira, mint egy szem\u00fcveglencse.<\/p>\n<p>[\/et_pb_text][et_pb_image src=&#8221;https:\/\/m-acryl.hu\/kad-kisokos\/wp-content\/uploads\/2024\/06\/M-Acryl-egyenes-kad-viva-lagyan-ivelt-vonalakkal.jpg&#8221; alt=&#8221;Viva egyenes k\u00e1d l\u00e1gyan \u00edvelt vonalakkal&#8221; title_text=&#8221;M-Acryl-egyenes-kad-viva-lagyan-ivelt-vonalakkal&#8221; _builder_version=&#8221;4.25.1&#8243; _module_preset=&#8221;default&#8221; global_colors_info=&#8221;{}&#8221;][\/et_pb_image][et_pb_text _builder_version=&#8221;4.25.1&#8243; _module_preset=&#8221;default&#8221; text_font_size=&#8221;16px&#8221; ul_font_size=&#8221;16px&#8221; ul_line_height=&#8221;1.7em&#8221; ol_font_size=&#8221;16px&#8221; ol_line_height=&#8221;1.7em&#8221; custom_padding=&#8221;||2px|||&#8221; global_colors_info=&#8221;{}&#8221;]<\/p>\n<p>Ez a szemmel l\u00e1that\u00f3 sz\u00e9ps\u00e9g mellett <strong>der\u00e9kkal \u00e9rezhet\u0151 k\u00e9nyelmet jelent<\/strong>: ak\u00e1r \u00fcl, ak\u00e1r elfekszik a k\u00e1dban, a d\u0151l\u00e9ssz\u00f6g \u00e9s az \u00edv \u00e9pp j\u00f3 ponton t\u00e1masztja h\u00e1t\u00e1t vagy derek\u00e1t. Visszautalok a 10\u00a0000 \u00fct\u00e9sre: az M-Acryl 28 \u00e9ves tapasztalat\u00e1t az ilyen finoms\u00e1gokban veheti igaz\u00e1n \u00e9szre.<\/p>\n<p>[\/et_pb_text][et_pb_text _builder_version=&#8221;4.25.1&#8243; _module_preset=&#8221;default&#8221; text_font_size=&#8221;16px&#8221; ul_font_size=&#8221;16px&#8221; ul_line_height=&#8221;1.7em&#8221; ol_font_size=&#8221;16px&#8221; ol_line_height=&#8221;1.7em&#8221; custom_margin=&#8221;10%||||false|false&#8221; custom_padding=&#8221;||2px|||&#8221; global_colors_info=&#8221;{}&#8221;]<\/p>\n<h2>A Viva k\u00e1d st\u00edlusjegye: \u00e9lettel teli minimalizmus<\/h2>\n<p>A legjobb diz\u00e1jnok k\u00f6z\u00f6s tulajdons\u00e1ga, hogy mindig van egy-egy csak r\u00e1juk jellemz\u0151 von\u00e1suk, amelyr\u0151l azonnal felismerhet\u0151k.<\/p>\n<p>A Viva k\u00e1d eset\u00e9ben ez az <strong>\u00edvelt \u00e9s az egyenes k\u00e1dperem tal\u00e1lkoz\u00e1sa<\/strong>. A szok\u00e1sos megold\u00e1s az volna, hogy a k\u00e9t peremet \u00e9szrev\u00e9tlen\u00fcl vezetj\u00fck \u00e1t egym\u00e1sba. \u00c1m itt a k\u00e1dtervez\u0151nk \u00fagy d\u00f6nt\u00f6tt, hogy egy <strong>leheletv\u00e9kony szintk\u00fcl\u00f6nbs\u00e9ggel form\u00e1t \u00e9s hangs\u00falyt ad a l\u00e1gy \u00edvnek<\/strong>. Mint egy mesteri ecsetvon\u00e1s a festm\u00e9nyen. Mint a ny\u00e1ri melegben a legjobbkor \u00e9rkez\u0151 szell\u0151.<\/p>\n<p>[\/et_pb_text][et_pb_image src=&#8221;https:\/\/m-acryl.hu\/kad-kisokos\/wp-content\/uploads\/2024\/06\/Viva-akril-kad-magaval-ragado-reszletek.jpg&#8221; alt=&#8221;Viva akril k\u00e1d r\u00e9szletfot\u00f3&#8221; title_text=&#8221;Viva-akril-kad-magaval-ragado-reszletek&#8221; _builder_version=&#8221;4.25.1&#8243; _module_preset=&#8221;default&#8221; global_colors_info=&#8221;{}&#8221;][\/et_pb_image][et_pb_text _builder_version=&#8221;4.25.1&#8243; _module_preset=&#8221;default&#8221; text_font_size=&#8221;16px&#8221; ul_font_size=&#8221;16px&#8221; ul_line_height=&#8221;1.7em&#8221; ol_font_size=&#8221;16px&#8221; ol_line_height=&#8221;1.7em&#8221; custom_margin=&#8221;4%||||false|false&#8221; custom_padding=&#8221;||2px|||&#8221; global_colors_info=&#8221;{}&#8221;]<\/p>\n<p>Ez a formai fog\u00e1s azokat jutalmazza, aki a k\u00e1dakat nem csup\u00e1n funkcion\u00e1lis t\u00e1rgyaknak kezeli, hanem figyelmes szeml\u00e9l\u0151d\u00e9ssel engedik, hogy kibontsa szirmait az eszt\u00e9tikum vir\u00e1ga. M\u00e1sodik vagy harmadik r\u00e1n\u00e9z\u00e9sre t\u0171nik fel a peremv\u00e1lt\u00e1s: mint amikor k\u00e9t hull\u00e1m tal\u00e1lkozik, majd a v\u00edz kis viaskod\u00e1s ut\u00e1n harm\u00f3ni\u00e1t tal\u00e1l \u2013 \u00edgy \u00e1llapodik meg a Viva perem\u00e9n az akril.<\/p>\n<p><strong>A j\u00f3 minimalista diz\u00e1jn meglep\u0151en neh\u00e9z feladat<\/strong>: \u00d6n is l\u00e1tott tal\u00e1n olyan minimalista formatervez\u00e9st, ami valahogy steril \u00e9s \u00e9lettelen, mint egy \u00fcres szoba. A legjobb tervez\u0151k viszont megtal\u00e1lj\u00e1k azokat a pici r\u00e9szleteket, amik miatt m\u0171k\u00f6dni kezd a kompoz\u00edci\u00f3. <strong>A Viva akrilk\u00e1dunk az \u00edv form\u00e1ja \u00e9s a peremek izgalmas tal\u00e1lkoz\u00e1sa miatt tele van \u00e9lettel.<\/strong><\/p>\n<p>[\/et_pb_text][et_pb_image src=&#8221;https:\/\/m-acryl.hu\/kad-kisokos\/wp-content\/uploads\/2020\/08\/174-5916.jpg&#8221; alt=&#8221;Viva egyenes akril k\u00e1d&#8221; title_text=&#8221;Viva-egyenes-akril-kad&#8221; _builder_version=&#8221;4.25.1&#8243; _module_preset=&#8221;default&#8221; global_colors_info=&#8221;{}&#8221;][\/et_pb_image][et_pb_text _builder_version=&#8221;4.25.1&#8243; _module_preset=&#8221;default&#8221; ul_font_size=&#8221;16px&#8221; ul_line_height=&#8221;1.7em&#8221; ol_font_size=&#8221;16px&#8221; ol_line_height=&#8221;1.7em&#8221; module_alignment=&#8221;center&#8221; min_height=&#8221;32.8px&#8221; custom_margin=&#8221;2%||||false|false&#8221; custom_padding=&#8221;0px||0px||false|false&#8221; global_colors_info=&#8221;{}&#8221;]<\/p>\n<p style=\"text-align: center;\"><a href=\"https:\/\/m-acryl.hu\/termekek\/egyenes-kad\/viva-egyenes-akril-kad\" target=\"_blank\" rel=\"noopener\"><em><span style=\"text-decoration: underline;\">Viva egyenes k\u00e1d<\/span><\/em><\/a><\/p>\n<p>[\/et_pb_text][et_pb_text _builder_version=&#8221;4.25.1&#8243; _module_preset=&#8221;default&#8221; text_font_size=&#8221;16px&#8221; ul_font_size=&#8221;16px&#8221; ul_line_height=&#8221;1.7em&#8221; ol_font_size=&#8221;16px&#8221; ol_line_height=&#8221;1.7em&#8221; custom_margin=&#8221;10%||||false|false&#8221; custom_padding=&#8221;||2px|||&#8221; global_colors_info=&#8221;{}&#8221;]<\/p>\n<h2>Extra v\u00edzm\u00e9lys\u00e9g az extra hossz\u00fa f\u00fcrd\u0151kh\u00f6z<\/h2>\n<p>A Viva minden modellje <strong>445 mm (44,5 cm) magas a k\u00e1d legalj\u00e1t\u00f3l a perem tetej\u00e9ig m\u00e9rve<\/strong> \u2013 ezzel sok k\u00e1dunk 420-430 mm-es magass\u00e1g\u00e1t fel\u00fclm\u00falja.<\/p>\n<p>A k\u00e1dtervez\u0151nk \u00edgy \u00e9rte el azt, hogy a <strong>Viva akrilk\u00e1d 2-3 centim\u00e9terrel m\u00e9lyebb<\/strong> legyen. Ez a 2-3 centi plusz v\u00edzm\u00e9lys\u00e9g olvasva nem t\u0171nik soknak \u2013 na de a forr\u00f3 v\u00edzben elny\u00falva ez a plusz v\u00edzm\u00e9lys\u00e9g adja a Viva igazi k\u00e9nyelm\u00e9t.<\/p>\n<p>[\/et_pb_text][et_pb_text _builder_version=&#8221;4.25.1&#8243; _module_preset=&#8221;default&#8221; text_font_size=&#8221;16px&#8221; ul_font_size=&#8221;16px&#8221; ul_line_height=&#8221;1.7em&#8221; ol_font_size=&#8221;16px&#8221; ol_line_height=&#8221;1.7em&#8221; custom_margin=&#8221;10%||||false|false&#8221; custom_padding=&#8221;||2px|||&#8221; global_colors_info=&#8221;{}&#8221;]<\/p>\n<h2>A f\u00fcrd\u0151szobai kentaur<\/h2>\n<p><strong>Ha \u00d6n a hossz\u00fa f\u00fcrd\u0151ket szereti, m\u00edg p\u00e1rja ink\u00e1bb a gyors tusol\u00e1st, akkor a Viva k\u00e1d k\u00e9pes mindkettej\u00fck ig\u00e9ny\u00e9t kiel\u00e9g\u00edteni.<\/strong><\/p>\n<p>A megold\u00e1s az <span style=\"text-decoration: underline; color: #00ccff;\"><strong><a href=\"https:\/\/m-acryl.hu\/termekek\/easy75-kadparavan\" target=\"_blank\" rel=\"noopener\" style=\"color: #00ccff; text-decoration: underline;\">Easy 75 term\u00e9knev\u0171 k\u00e1dparav\u00e1n<\/a><\/strong><\/span>, amivel a Viva alul k\u00e1dd\u00e1, fel\u00fcl zuhanyz\u00f3v\u00e1 alakul \u2013 amolyan f\u00fcrd\u0151szobai kentaurr\u00e1.<\/p>\n<p>A <strong>75 cm sz\u00e9les \u00e9s 150 cm<\/strong> magas parav\u00e1n <strong>nyithat\u00f3<\/strong> a k\u00f6nnyebb ki- \u00e9s besz\u00e1ll\u00e1shoz (az emel\u0151mechanik\u00e1s oszlopzsan\u00e9ron a l\u00e1gy ny\u00e1ri szell\u0151k k\u00f6nnyeds\u00e9g\u00e9vel mozdul. A parav\u00e1n legnagyobb el\u0151nye, hogy <strong>zuhanyz\u00e1s alatt nem fr\u00f6ccsen mindenfel\u00e9 a v\u00edz<\/strong>.<\/p>\n<p>[\/et_pb_text][et_pb_image src=&#8221;https:\/\/m-acryl.hu\/kad-kisokos\/wp-content\/uploads\/2024\/06\/Viva-egyenes-kad-Easykadparavannal.jpg&#8221; alt=&#8221;Egyenes k\u00e1d k\u00e1dparav\u00e1nnal&#8221; title_text=&#8221;Viva-egyenes-kad-Easykadparavannal&#8221; url=&#8221;https:\/\/m-acryl.hu\/termekek\/\/easy75-kadparavan&#8221; url_new_window=&#8221;on&#8221; _builder_version=&#8221;4.25.1&#8243; _module_preset=&#8221;default&#8221; global_colors_info=&#8221;{}&#8221;][\/et_pb_image][et_pb_text _builder_version=&#8221;4.25.1&#8243; _module_preset=&#8221;default&#8221; ul_font_size=&#8221;16px&#8221; ul_line_height=&#8221;1.7em&#8221; ol_font_size=&#8221;16px&#8221; ol_line_height=&#8221;1.7em&#8221; module_alignment=&#8221;center&#8221; custom_margin=&#8221;0px||||false|false&#8221; custom_padding=&#8221;||0px||false|false&#8221; global_colors_info=&#8221;{}&#8221;]<\/p>\n<p style=\"text-align: center;\"><a href=\"https:\/\/m-acryl.hu\/termekek\/\/easy75-kadparavan\" target=\"_blank\" rel=\"noopener\"><em><span style=\"text-decoration: underline;\">Kifel\u00e9 \u00e9s befel\u00e9 nyithat\u00f3 Easy75 k\u00e1dparav\u00e1n<\/span><\/em><\/a><\/p>\n<p>[\/et_pb_text][et_pb_text _builder_version=&#8221;4.27.4&#8243; _module_preset=&#8221;default&#8221; text_font_size=&#8221;16px&#8221; ul_font_size=&#8221;16px&#8221; ul_line_height=&#8221;1.7em&#8221; ol_font_size=&#8221;16px&#8221; ol_line_height=&#8221;1.7em&#8221; custom_margin=&#8221;10%||||false|false&#8221; custom_padding=&#8221;||2px|||&#8221; global_colors_info=&#8221;{}&#8221;]<\/p>\n<h2>Aj\u00e1nd\u00e9k k\u00e1dl\u00e1b<\/h2>\n<p>A Viva k\u00e1d mell\u00e9 aj\u00e1nd\u00e9kba kap:<\/p>\n<ul>\n<li><span style=\"text-decoration: underline; color: #00ccff;\"><strong><a href=\"https:\/\/m-acryl.hu\/termekek\/lefolyok\/normal-automata-le--es-tulfolyo-60-cm-lapos-szifonnal\" target=\"_blank\" rel=\"noopener\" style=\"color: #00ccff; text-decoration: underline;\">automata le- \u00e9s t\u00falfoly\u00f3t szifonnal<\/a><\/strong><\/span><\/li>\n<\/ul>\n<p>[\/et_pb_text][et_pb_text _builder_version=&#8221;4.25.1&#8243; _module_preset=&#8221;default&#8221; text_font_size=&#8221;16px&#8221; ul_font_size=&#8221;16px&#8221; ul_line_height=&#8221;1.7em&#8221; ol_font_size=&#8221;16px&#8221; ol_line_height=&#8221;1.7em&#8221; custom_margin=&#8221;10%||||false|false&#8221; custom_padding=&#8221;||2px|||&#8221; global_colors_info=&#8221;{}&#8221;]<\/p>\n<ul>\n<li>extra k\u00e1dl\u00e1bat \u00e9s peremr\u00f6gz\u00edt\u0151 csomagot.<\/li>\n<\/ul>\n<p>[\/et_pb_text][et_pb_image src=&#8221;https:\/\/m-acryl.hu\/kad-kisokos\/wp-content\/uploads\/2024\/06\/M-Acryl-ajandek-kadlab-es-peremrogzito.jpeg&#8221; alt=&#8221;M-Acryl f\u00fcrd\u0151k\u00e1dak aj\u00e1nd\u00e9k k\u00e1dl\u00e1bbal \u00e9s peremr\u00f6gz\u00edt\u0151vel&#8221; title_text=&#8221;M-Acryl-ajandek-kadlab-es-peremrogzito&#8221; align=&#8221;center&#8221; _builder_version=&#8221;4.25.1&#8243; _module_preset=&#8221;default&#8221; width=&#8221;85%&#8221; global_colors_info=&#8221;{}&#8221;][\/et_pb_image][et_pb_text _builder_version=&#8221;4.25.1&#8243; _module_preset=&#8221;default&#8221; text_font_size=&#8221;16px&#8221; ul_font_size=&#8221;16px&#8221; ul_line_height=&#8221;1.7em&#8221; ol_font_size=&#8221;16px&#8221; ol_line_height=&#8221;1.7em&#8221; custom_margin=&#8221;10%||||false|false&#8221; custom_padding=&#8221;||2px|||&#8221; global_colors_info=&#8221;{}&#8221;]<\/p>\n<p>Az ac\u00e9llemezb\u0151l k\u00e9sz\u00fclt k\u00e1dl\u00e1b seg\u00edts\u00e9g\u00e9vel k\u00f6nnyebb a be\u00e9p\u00edt\u00e9s, egyszer\u0171bb a v\u00edzszintez\u00e9s \u00e9s a magass\u00e1g be\u00e1ll\u00edt\u00e1sa, teherb\u00edr\u00e1sa 1 tonn\u00e1s. Nemcsak 2 embert b\u00edr el az er\u0151s k\u00e1dl\u00e1b, hanem ak\u00e1r tizenkett\u0151t is (ez egyszer biztos j\u00f3 buli, de szerintem a tov\u00e1bbi bulikra \u00e9rdemes n\u00e9zni <span style=\"color: #00ccff;\"><strong><a href=\"https:\/\/vitalspa.hu\/jakuzzi\/\" target=\"_blank\" rel=\"noopener\" style=\"color: #00ccff;\">egy VitalSpa jakuzzit<\/a><\/strong><\/span>).<\/p>\n<p>[\/et_pb_text][et_pb_image src=&#8221;https:\/\/m-acryl.hu\/kad-kisokos\/wp-content\/uploads\/2021\/10\/10evgaranciakek_kepre.png&#8221; alt=&#8221;10 \u00e9v garancia&#8221; title_text=&#8221;10evgaranciakek_kepre&#8221; align=&#8221;center&#8221; _builder_version=&#8221;4.25.1&#8243; _module_preset=&#8221;default&#8221; width=&#8221;50%&#8221; module_alignment=&#8221;center&#8221; global_colors_info=&#8221;{}&#8221;][\/et_pb_image][et_pb_text _builder_version=&#8221;4.25.1&#8243; _module_preset=&#8221;default&#8221; text_font_size=&#8221;16px&#8221; ul_font_size=&#8221;16px&#8221; ul_line_height=&#8221;1.7em&#8221; ol_font_size=&#8221;16px&#8221; ol_line_height=&#8221;1.7em&#8221; custom_margin=&#8221;10%||||false|false&#8221; custom_padding=&#8221;||2px|||&#8221; global_colors_info=&#8221;{}&#8221;]<\/p>\n<p>A kedvez\u0151 \u00e1r-\u00e9rt\u00e9k ar\u00e1ny mell\u00e9 hossz\u00fa \u00e9vekre sz\u00f3l\u00f3 nyulalmat kap. (A Viva akrilk\u00e1ddal is az M-Acrylt\u00f3l megszokott \u00e9vtizedes \u00e9lettartamot kapja. <strong><span style=\"color: #00ccff;\"><a href=\"https:\/\/m-acryl.hu\/garancia\" target=\"_blank\" rel=\"noopener\" style=\"color: #00ccff;\"><u>A garanci\u00e1nkr\u00f3l itt olvashat r\u00e9szletesen<\/u><\/a><\/span><\/strong>.)<\/p>\n<p>[\/et_pb_text][et_pb_text _builder_version=&#8221;4.27.4&#8243; _module_preset=&#8221;default&#8221; text_font_size=&#8221;16px&#8221; ul_font_size=&#8221;16px&#8221; ul_line_height=&#8221;1.7em&#8221; ol_font_size=&#8221;16px&#8221; ol_line_height=&#8221;1.7em&#8221; custom_margin=&#8221;10%||||false|false&#8221; custom_padding=&#8221;||2px|||&#8221; global_colors_info=&#8221;{}&#8221;]<\/p>\n<h2>Hogy lehetne m\u00e9g szebb az, ami m\u00e1r eleve is gy\u00f6ny\u00f6r\u0171?<\/h2>\n<p>Ahogy a <span style=\"text-decoration: underline; color: #00ccff;\"><strong><a href=\"https:\/\/m-acryl.hu\/bemutatoterem\" target=\"_blank\" rel=\"noopener\" style=\"color: #00ccff; text-decoration: underline;\">bemutat\u00f3teremben<\/a><\/strong><\/span> gy\u00f6ny\u00f6rk\u00f6dik a Viva k\u00e1dban, tal\u00e1n arra gondol, hogy szeretn\u00e9 sz\u00ednesebb\u00e9 tenni ezt a k\u00e1dat.<\/p>\n<p>Ez\u00e9rt kiv\u00e1laszt egy <span style=\"text-decoration: underline; color: #00ccff;\"><strong><a href=\"https:\/\/m-acryl.hu\/termekek\/elolapok-es-oldallapok\/tropusi-fa-elolap-egyenes-kadakhoz-tobbfele-szinben\" target=\"_blank\" rel=\"noopener\" style=\"color: #00ccff; text-decoration: underline;\">f\u00e1b\u00f3l k\u00e9sz\u00fclt k\u00e1dburkolatot<\/a><\/strong><\/span> \u00e9s egy sz\u00ednben hozz\u00e1 ill\u0151 <span style=\"text-decoration: underline;\"><span style=\"color: #00ccff; text-decoration: underline;\"><strong><a href=\"https:\/\/m-acryl.hu\/termekek\/click-clack-automata-le--es-tulfolyo-60-cm\" target=\"_blank\" rel=\"noopener\" style=\"color: #00ccff; text-decoration: underline;\">Click-Clack le- \u00e9s t\u00falfoly\u00f3t<\/a><\/strong><\/span><\/span> (p\u00e9ld\u00e1ul a nat\u00far faburkolathoz megy a sz\u00e1lcsiszolt arany, a di\u00f3 vagy fekete f\u00e1kkal j\u00f3l mutat a matt fekete lefoly\u00f3).<span style=\"text-decoration: underline; color: #00ccff;\"><\/span><\/p>\n<p>[\/et_pb_text][et_pb_image src=&#8221;https:\/\/m-acryl.hu\/kad-kisokos\/wp-content\/uploads\/2025\/03\/tropusi-fa-elolap-1200-x-640-mm-scaled.jpg&#8221; alt=&#8221;Tr\u00f3pusi fa el\u0151lap sz\u00ednek&#8221; title_text=&#8221;tropusi fa elolap 1200 x 640 mm&#8221; url=&#8221;https:\/\/m-acryl.hu\/termekek\/elolapok-es-oldallapok\/tropusi-fa-elolap-egyenes-kadakhoz-tobbfele-szinben&#8221; url_new_window=&#8221;on&#8221; force_fullwidth=&#8221;on&#8221; _builder_version=&#8221;4.27.4&#8243; _module_preset=&#8221;default&#8221; module_alignment=&#8221;center&#8221; global_colors_info=&#8221;{}&#8221;][\/et_pb_image][et_pb_text _builder_version=&#8221;4.27.4&#8243; _module_preset=&#8221;default&#8221; ul_font_size=&#8221;16px&#8221; ul_line_height=&#8221;1.7em&#8221; ol_font_size=&#8221;16px&#8221; ol_line_height=&#8221;1.7em&#8221; module_alignment=&#8221;center&#8221; custom_margin=&#8221;0px||||false|false&#8221; custom_padding=&#8221;||0px||false|false&#8221; global_colors_info=&#8221;{}&#8221;]<\/p>\n<p style=\"text-align: center;\"><em><span style=\"text-decoration: underline;\">Tr\u00f3pusi fa el\u0151- \u00e9s oldallap egyenes k\u00e1dakhoz 6 sz\u00ednben<\/span><\/em><\/p>\n<p>[\/et_pb_text][et_pb_image src=&#8221;https:\/\/m-acryl.hu\/kad-kisokos\/wp-content\/uploads\/2024\/06\/M-Acryl-click-clack-automata-le-es-tulfolyo.jpg&#8221; alt=&#8221;M-Acryl click clack automata le- es tulfolyo&#8221; title_text=&#8221;M-Acryl click clack automata le- es tulfolyo&#8221; url=&#8221;https:\/\/m-acryl.hu\/termekek\/click-clack-automata-le&#8211;es-tulfolyo-60-cm&#8221; url_new_window=&#8221;on&#8221; _builder_version=&#8221;4.25.1&#8243; _module_preset=&#8221;default&#8221; width=&#8221;80%&#8221; module_alignment=&#8221;center&#8221; global_colors_info=&#8221;{}&#8221;][\/et_pb_image][et_pb_text _builder_version=&#8221;4.25.1&#8243; _module_preset=&#8221;default&#8221; ul_font_size=&#8221;16px&#8221; ul_line_height=&#8221;1.7em&#8221; ol_font_size=&#8221;16px&#8221; ol_line_height=&#8221;1.7em&#8221; module_alignment=&#8221;center&#8221; custom_margin=&#8221;0px||||false|false&#8221; custom_padding=&#8221;||0px||false|false&#8221; global_colors_info=&#8221;{}&#8221;]<\/p>\n<p style=\"text-align: center;\"><a href=\"https:\/\/m-acryl.hu\/termekek\/click-clack-automata-le--es-tulfolyo-60-cm\" target=\"_blank\" rel=\"noopener\"><em><span style=\"text-decoration: underline;\">Click-Clack automata le- \u00e9s t\u00falfoly\u00f3 (t\u00f6bb sz\u00ednben)<\/span><\/em><\/a><\/p>\n<p>[\/et_pb_text][et_pb_text _builder_version=&#8221;4.25.1&#8243; _module_preset=&#8221;default&#8221; text_font_size=&#8221;16px&#8221; ul_font_size=&#8221;16px&#8221; ul_line_height=&#8221;1.7em&#8221; ol_font_size=&#8221;16px&#8221; ol_line_height=&#8221;1.7em&#8221; custom_margin=&#8221;10%||||false|false&#8221; custom_padding=&#8221;||2px|||&#8221; global_colors_info=&#8221;{}&#8221;]<\/p>\n<p>M\u00e9g <span style=\"text-decoration: underline;\"><span style=\"color: #00ccff; text-decoration: underline;\"><strong><a href=\"https:\/\/m-acryl.hu\/termekek\/silk-fejparna\" target=\"_blank\" rel=\"noopener\" style=\"color: #00ccff; text-decoration: underline;\">egy fekete \u201eSilk\u201d fejp\u00e1rn\u00e1t<\/a> <\/strong><\/span><\/span>vagy egy ez\u00fcstsz\u00edn\u0171 \u201e<span style=\"text-decoration: underline;\"><span style=\"color: #00ccff; text-decoration: underline;\"><strong><a href=\"https:\/\/m-acryl.hu\/termekek\/star-fejparna\" target=\"_blank\" rel=\"noopener\" style=\"color: #00ccff; text-decoration: underline;\">Star\u201d p\u00e1rn\u00e1t<\/a> <\/strong><\/span><\/span>is vesz, mert jobb \u00fagy olvasgatni, hogy nyak\u00e1t k\u00e9nyelmesen al\u00e1t\u00e1masztja.<\/p>\n<p>[\/et_pb_text][et_pb_image src=&#8221;https:\/\/m-acryl.hu\/kad-kisokos\/wp-content\/uploads\/2024\/06\/m-acryl-fekete-silk-fejparna-kadkiegeszito.jpg&#8221; alt=&#8221;m-acryl-fekete-silk-fejparna-kadkiegeszito&#8221; title_text=&#8221;m-acryl-fekete-silk-fejparna-kadkiegeszito&#8221; url=&#8221;https:\/\/m-acryl.hu\/termekek\/fejparnak\/silk-fejparna&#8221; url_new_window=&#8221;on&#8221; _builder_version=&#8221;4.25.1&#8243; _module_preset=&#8221;default&#8221; width=&#8221;90%&#8221; module_alignment=&#8221;center&#8221; global_colors_info=&#8221;{}&#8221;][\/et_pb_image][et_pb_text _builder_version=&#8221;4.25.1&#8243; _module_preset=&#8221;default&#8221; ul_font_size=&#8221;16px&#8221; ul_line_height=&#8221;1.7em&#8221; ol_font_size=&#8221;16px&#8221; ol_line_height=&#8221;1.7em&#8221; module_alignment=&#8221;center&#8221; custom_margin=&#8221;0px||||false|false&#8221; custom_padding=&#8221;||0px||false|false&#8221; global_colors_info=&#8221;{}&#8221;]<\/p>\n<p style=\"text-align: center;\"><a href=\"https:\/\/m-acryl.hu\/termekek\/fejparnak\/silk-fejparna\" target=\"_blank\" rel=\"noopener\"><em><span style=\"text-decoration: underline;\">M-Acryl silk fejp\u00e1rna<\/span><\/em><\/a><\/p>\n<p>[\/et_pb_text][et_pb_image src=&#8221;https:\/\/m-acryl.hu\/kad-kisokos\/wp-content\/uploads\/2024\/06\/m-acryl-star-fejparna-ezust-szinben.jpg&#8221; alt=&#8221;m-acryl-star-fejparna-ezust-szinben&#8221; title_text=&#8221;m-acryl-star-fejparna-ezust-szinben&#8221; url=&#8221;https:\/\/m-acryl.hu\/termekek\/fejparnak\/star-fejparna&#8221; url_new_window=&#8221;on&#8221; _builder_version=&#8221;4.25.1&#8243; _module_preset=&#8221;default&#8221; width=&#8221;80%&#8221; module_alignment=&#8221;center&#8221; global_colors_info=&#8221;{}&#8221;][\/et_pb_image][et_pb_text _builder_version=&#8221;4.25.1&#8243; _module_preset=&#8221;default&#8221; ul_font_size=&#8221;16px&#8221; ul_line_height=&#8221;1.7em&#8221; ol_font_size=&#8221;16px&#8221; ol_line_height=&#8221;1.7em&#8221; module_alignment=&#8221;center&#8221; custom_margin=&#8221;0px||||false|false&#8221; custom_padding=&#8221;||0px||false|false&#8221; global_colors_info=&#8221;{}&#8221;]<\/p>\n<p style=\"text-align: center;\"><a href=\"https:\/\/m-acryl.hu\/termekek\/fejparnak\/star-fejparna\" target=\"_blank\" rel=\"noopener\"><em><span style=\"text-decoration: underline;\">Star fejp\u00e1rna (elr\u00e9het\u0151 ez\u00fcst, fekete \u00e9s feh\u00e9r sz\u00ednben)<\/span><\/em><\/a><\/p>\n<p>[\/et_pb_text][et_pb_text _builder_version=&#8221;4.25.1&#8243; _module_preset=&#8221;default&#8221; text_font_size=&#8221;16px&#8221; ul_font_size=&#8221;16px&#8221; ul_line_height=&#8221;1.7em&#8221; ol_font_size=&#8221;16px&#8221; ol_line_height=&#8221;1.7em&#8221; custom_margin=&#8221;10%||||false|false&#8221; custom_padding=&#8221;||2px|||&#8221; global_colors_info=&#8221;{}&#8221;]<\/p>\n<p>Tal\u00e1n az egyik <span style=\"text-decoration: underline; color: #00ccff;\"><strong><a href=\"https:\/\/m-acryl.hu\/szinterapia\" target=\"_blank\" rel=\"noopener\" style=\"color: #00ccff; text-decoration: underline;\">sz\u00ednter\u00e1pi\u00e1ra<\/a><\/strong><\/span> is nyitott, s\u0151t m\u00e9g a <span style=\"text-decoration: underline; color: #00ccff;\"><strong><a href=\"https:\/\/m-acryl.hu\/termekek\/--10-fuvokas-pezsgofurdo\" target=\"_blank\" rel=\"noopener\" style=\"color: #00ccff; text-decoration: underline;\">10 f\u00fav\u00f3k\u00e1s pezsg\u0151f\u00fcrd\u0151t<\/a><\/strong><\/span> is kiv\u00e1lasztja \u2013 \u00e9s m\u00e1ris k\u00e9sz az a k\u00e1d, amire \u00f6sszes vend\u00e9gbe \u00e9rkez\u0151 bar\u00e1tja elismer\u0151en f\u00fcttyent.<\/p>\n<p>Mindennek az alapja a 28 \u00e9vnyi k\u00e1dtervez\u0151i tapasztalat \u00e9s az, hogy az egyenes k\u00e1d formatervez\u00e9se a hely\u00e9n legyen. A luxus csak biztos \u00e9s \u00edzl\u00e9ses alapokra \u00e9p\u00edthet\u0151 fel.<\/p>\n<p>[\/et_pb_text][et_pb_image src=&#8221;https:\/\/m-acryl.hu\/kad-kisokos\/wp-content\/uploads\/2023\/02\/macrylszinterapia-hidrocikkbe.jpg&#8221; alt=&#8221;M-Acryl massz\u00e1zsk\u00e1d sz\u00ednter\u00e1pi\u00e1val&#8221; title_text=&#8221;macrylszinterapia-hidrocikkbe&#8221; url=&#8221;https:\/\/m-acryl.hu\/szinterapia&#8221; url_new_window=&#8221;on&#8221; force_fullwidth=&#8221;on&#8221; _builder_version=&#8221;4.25.1&#8243; _module_preset=&#8221;default&#8221; module_alignment=&#8221;center&#8221; global_colors_info=&#8221;{}&#8221;][\/et_pb_image][et_pb_text _builder_version=&#8221;4.25.1&#8243; _module_preset=&#8221;default&#8221; ul_font_size=&#8221;16px&#8221; ul_line_height=&#8221;1.7em&#8221; ol_font_size=&#8221;16px&#8221; ol_line_height=&#8221;1.7em&#8221; module_alignment=&#8221;center&#8221; custom_margin=&#8221;0px||||false|false&#8221; custom_padding=&#8221;||0px||false|false&#8221; global_colors_info=&#8221;{}&#8221;]<\/p>\n<p style=\"text-align: center;\"><em><span style=\"text-decoration: underline;\"><a href=\"https:\/\/m-acryl.hu\/szinterapia\" target=\"_blank\" rel=\"noopener\">M-Acryl sz\u00ednter\u00e1pia<\/a><\/span><\/em><\/p>\n<p>[\/et_pb_text][et_pb_text _builder_version=&#8221;4.25.1&#8243; _module_preset=&#8221;default&#8221; text_font_size=&#8221;16px&#8221; ul_font_size=&#8221;16px&#8221; ul_line_height=&#8221;1.7em&#8221; ol_font_size=&#8221;16px&#8221; ol_line_height=&#8221;1.7em&#8221; custom_margin=&#8221;10%||||false|false&#8221; custom_padding=&#8221;||2px|||&#8221; global_colors_info=&#8221;{}&#8221;]<\/p>\n<h2>\u00c9l\u0151ben is l\u00e1tnia kell a Viva k\u00e1dat<\/h2>\n<p>Ha Budapesten (vagy k\u00f6rny\u00e9k\u00e9n lakik), javaslom, hogy j\u00f6jj\u00f6n el <span style=\"text-decoration: underline;\"><span style=\"color: #00ccff;\"><strong><a href=\"https:\/\/m-acryl.hu\/bemutatoterem\" target=\"_blank\" rel=\"noopener\" style=\"color: #00ccff; text-decoration: underline;\">a k\u00f6zponti bemutat\u00f3term\u00fcnkbe<\/a><\/strong><\/span><\/span>, hogy megn\u00e9zze a Viva k\u00e1dat \u00e9s f\u00f6ltehesse minden k\u00e9rd\u00e9s\u00e9t szak\u00e9rt\u0151nknek. (Tipp: ha id\u0151pontot foglal, akkor soron k\u00edv\u00fcl fogadjuk m\u00e9g cs\u00facsid\u0151ben is.)<\/p>\n<p>[\/et_pb_text][et_pb_image src=&#8221;https:\/\/m-acryl.hu\/kad-kisokos\/wp-content\/uploads\/2023\/02\/macrylfurdokadbemutatoterem.png&#8221; alt=&#8221;M-Acryl f\u00fcrd\u0151k\u00e1d bemutat\u00f3terem&#8221; title_text=&#8221;macrylfurdokadbemutatoterem&#8221; url=&#8221;https:\/\/m-acryl.hu\/bemutatoterem&#8221; url_new_window=&#8221;on&#8221; force_fullwidth=&#8221;on&#8221; _builder_version=&#8221;4.25.1&#8243; _module_preset=&#8221;default&#8221; module_alignment=&#8221;center&#8221; global_colors_info=&#8221;{}&#8221;][\/et_pb_image][et_pb_text _builder_version=&#8221;4.25.1&#8243; _module_preset=&#8221;default&#8221; text_font_size=&#8221;16px&#8221; ul_font_size=&#8221;16px&#8221; ul_line_height=&#8221;1.7em&#8221; ol_font_size=&#8221;16px&#8221; ol_line_height=&#8221;1.7em&#8221; custom_margin=&#8221;10%||||false|false&#8221; custom_padding=&#8221;||2px|||&#8221; global_colors_info=&#8221;{}&#8221;]<\/p>\n<p>Ha a k\u00f6zponti bemutat\u00f3teremt\u0151l messze lakik, akkor <span style=\"text-decoration: underline; color: #00ccff;\"><strong><a href=\"https:\/\/m-acryl.hu\/partnerkereso\" target=\"_blank\" rel=\"noopener\" style=\"color: #00ccff; text-decoration: underline;\">ir\u00e1ny\u00edt\u00f3sz\u00e1m szerint megkeresheti<\/a><\/strong><\/span> azt a partner\u00fcnket, aki \u00d6nh\u00f6z legk\u00f6zelebb van.<\/p>\n<p>[\/et_pb_text][\/et_pb_column][\/et_pb_row][\/et_pb_section][et_pb_section fb_built=&#8221;1&#8243; _builder_version=&#8221;4.16&#8243; background_color=&#8221;#f0f0f0&#8243; custom_margin=&#8221;||0px|||&#8221; custom_padding=&#8221;9px||1px|||&#8221; top_divider_height=&#8221;25px&#8221; border_width_all=&#8221;23px&#8221; border_color_all=&#8221;#e2e2e2&#8243; locked=&#8221;off&#8221; collapsed=&#8221;on&#8221; global_colors_info=&#8221;{}&#8221;][et_pb_row _builder_version=&#8221;4.16&#8243; width=&#8221;70%&#8221; width_tablet=&#8221;&#8221; width_phone=&#8221;90%&#8221; width_last_edited=&#8221;on|phone&#8221; min_height=&#8221;636px&#8221; custom_margin=&#8221;40px|auto||auto||&#8221; global_colors_info=&#8221;{}&#8221;][et_pb_column type=&#8221;4_4&#8243; _builder_version=&#8221;4.16&#8243; global_colors_info=&#8221;{}&#8221;][et_pb_blurb use_icon=&#8221;on&#8221; font_icon=&#8221;&#xe010;||divi||400&#8243; icon_color=&#8221;#c5d300&#8243; image_icon_width=&#8221;108px&#8221; content_max_width=&#8221;687px&#8221; _builder_version=&#8221;4.16&#8243; header_level=&#8221;h2&#8243; body_text_color=&#8221;#424242&#8243; body_font_size=&#8221;17px&#8221; custom_margin=&#8221;|0px|0px|0px|false|false&#8221; custom_padding=&#8221;|0px||0px|false|false&#8221; icon_font_size=&#8221;108px&#8221; global_colors_info=&#8221;{}&#8221;][\/et_pb_blurb][et_pb_text _builder_version=&#8221;4.16&#8243; header_text_align=&#8221;center&#8221; custom_margin=&#8221;6px||6px||true|false&#8221; global_colors_info=&#8221;{}&#8221;]<\/p>\n<h2 style=\"text-align: center;\">Cikksorozatunk tov\u00e1bbi r\u00e9szei is v\u00e1rj\u00e1k \u00f6nt.<\/h2>\n<p>[\/et_pb_text][et_pb_text _builder_version=&#8221;4.16&#8243; text_text_color=&#8221;#FFFFFF&#8221; text_font_size=&#8221;17px&#8221; text_line_height=&#8221;1.6em&#8221; custom_padding=&#8221;||2px|||&#8221; global_colors_info=&#8221;{}&#8221;]<\/p>\n<p style=\"text-align: center;\"><span style=\"color: #333333;\">K\u00e9rje tov\u00e1bbi inspir\u00e1l\u00f3 \u00e9s szak\u00e9rt\u0151i cikkeinket a f\u00fcrd\u0151k\u00e1d t\u00e9m\u00e1ban. Adja meg e-mail c\u00edm\u00e9t, hogy tov\u00e1bbi hasznos tartalmakat k\u00fcldhess\u00fcnk \u00d6nnek.<br \/>\n<\/span><\/p>\n<p>[\/et_pb_text][et_pb_code _builder_version=&#8221;4.16&#8243; background_color=&#8221;rgba(0,0,0,0)&#8221; custom_padding=&#8221;||0px|||&#8221; animation_style=&#8221;fade&#8221; global_colors_info=&#8221;{}&#8221;]<\/p>\n<div id=\"mmform201115\" class=\"mmform\" style=\"position: relative; padding-bottom: 300px; height: 0; overflow: hidden; max-width: 100%;\"><\/div>\n<p><!-- [et_pb_line_break_holder] --><!-- [et_pb_line_break_holder] --><!-- [et_pb_line_break_holder] --><!-- [et_pb_line_break_holder] --><script type=\"text\/javascript\"><!-- [et_pb_line_break_holder] -->var uniqueId = 2011151587117327,listId = 104491,formId = 201115,iwidth=115,mmDomain='salesautopilot.s3.amazonaws.com',secondMMDomain='sw.marketingszoftverek.hu',spancont=false,secure=('https:' == document.location.protocol)?true:false;<!-- [et_pb_line_break_holder] --><\/script><!-- [et_pb_line_break_holder] --><script type=\"text\/javascript\" src=\"https:\/\/d1ursyhqs5x9h1.cloudfront.net\/sw\/scripts\/mm-embed-iframe-1.15.min.js\"><\/script>[\/et_pb_code][\/et_pb_column][\/et_pb_row][\/et_pb_section]<\/p>\n","protected":false},"excerpt":{"rendered":"<p>A Viva csak els\u0151 r\u00e1n\u00e9z\u00e9sre egyszer\u0171 egyenes k\u00e1d. Ahogy alaposan megn\u00e9zni, \u00e9szreveszi, micsoda m\u0171alkot\u00e1ssal van dolga.<\/p>\n","protected":false},"author":6,"featured_media":6239,"comment_status":"closed","ping_status":"open","sticky":false,"template":"","format":"standard","meta":{"_et_pb_use_builder":"on","_et_pb_old_content":"","_et_gb_content_width":"","footnotes":""},"categories":[1,69],"tags":[172],"class_list":["post-6218","post","type-post","status-publish","format-standard","has-post-thumbnail","hentry","category-egyeb","category-kozlemeny","tag-viva-egyenes-akril-kad","et-has-post-format-content","et_post_format-et-post-format-standard"],"yoast_head":"<!-- This site is optimized with the Yoast SEO plugin v26.6 - https:\/\/yoast.com\/wordpress\/plugins\/seo\/ -->\n<title>A minimalista formatervez\u00e9s cs\u00facsa: az egyenes Viva k\u00e1d - K\u00e1d kisokos<\/title>\n<meta name=\"robots\" content=\"index, nofollow, max-snippet:-1, max-image-preview:large, max-video-preview:-1\" \/>\n<link rel=\"canonical\" href=\"https:\/\/m-acryl.hu\/kad-kisokos\/a-minimalista-formatervezes-csucsa-az-egyenes-viva-kad\/\" \/>\n<meta property=\"og:locale\" content=\"hu_HU\" \/>\n<meta property=\"og:type\" content=\"article\" \/>\n<meta property=\"og:title\" content=\"A minimalista formatervez\u00e9s cs\u00facsa: az egyenes Viva k\u00e1d - K\u00e1d kisokos\" \/>\n<meta property=\"og:description\" content=\"Ismerje meg a Claudia k\u00e1dat, ami visszafogott sz\u00e9ps\u00e9g\u00e9vel \u00e9s praktikuss\u00e1g\u00e1val bef\u00e9szkeli mag\u00e1t az \u00d6n sz\u00edv\u00e9be is. Olvassa el a cikk\u00fcnket!\" \/>\n<meta property=\"og:url\" content=\"https:\/\/m-acryl.hu\/kad-kisokos\/a-minimalista-formatervezes-csucsa-az-egyenes-viva-kad\/\" \/>\n<meta property=\"og:site_name\" content=\"K\u00e1d kisokos\" \/>\n<meta property=\"article:published_time\" content=\"2024-06-26T11:40:11+00:00\" \/>\n<meta property=\"article:modified_time\" content=\"2025-03-31T08:22:43+00:00\" \/>\n<meta property=\"og:image\" content=\"https:\/\/m-acryl.hu\/kad-kisokos\/wp-content\/uploads\/2024\/06\/Viva-egyenes-akril-kad-cover-web.jpg\" \/>\n\t<meta property=\"og:image:width\" content=\"1280\" \/>\n\t<meta property=\"og:image:height\" content=\"640\" \/>\n\t<meta property=\"og:image:type\" content=\"image\/jpeg\" \/>\n<meta name=\"author\" content=\"Madar\u00e1sz J\u00falia\" \/>\n<meta name=\"twitter:card\" content=\"summary_large_image\" \/>\n<meta name=\"twitter:title\" content=\"K\u00e1d kisokos\" \/>\n<meta name=\"twitter:label1\" content=\"Szerz\u0151:\" \/>\n\t<meta name=\"twitter:data1\" content=\"Madar\u00e1sz J\u00falia\" \/>\n\t<meta name=\"twitter:label2\" content=\"Becs\u00fclt olvas\u00e1si id\u0151\" \/>\n\t<meta name=\"twitter:data2\" content=\"9 perc\" \/>\n<script type=\"application\/ld+json\" class=\"yoast-schema-graph\">{\"@context\":\"https:\/\/schema.org\",\"@graph\":[{\"@type\":\"WebPage\",\"@id\":\"https:\/\/m-acryl.hu\/kad-kisokos\/a-minimalista-formatervezes-csucsa-az-egyenes-viva-kad\/\",\"url\":\"https:\/\/m-acryl.hu\/kad-kisokos\/a-minimalista-formatervezes-csucsa-az-egyenes-viva-kad\/\",\"name\":\"A minimalista formatervez\u00e9s cs\u00facsa: az egyenes Viva k\u00e1d - K\u00e1d kisokos\",\"isPartOf\":{\"@id\":\"https:\/\/m-acryl.hu\/kad-kisokos\/#website\"},\"primaryImageOfPage\":{\"@id\":\"https:\/\/m-acryl.hu\/kad-kisokos\/a-minimalista-formatervezes-csucsa-az-egyenes-viva-kad\/#primaryimage\"},\"image\":{\"@id\":\"https:\/\/m-acryl.hu\/kad-kisokos\/a-minimalista-formatervezes-csucsa-az-egyenes-viva-kad\/#primaryimage\"},\"thumbnailUrl\":\"https:\/\/m-acryl.hu\/kad-kisokos\/wp-content\/uploads\/2024\/06\/Viva-egyenes-akril-kad-cover-web.jpg\",\"datePublished\":\"2024-06-26T11:40:11+00:00\",\"dateModified\":\"2025-03-31T08:22:43+00:00\",\"author\":{\"@id\":\"https:\/\/m-acryl.hu\/kad-kisokos\/#\/schema\/person\/97de8d1c7a799dff979832f222a8832a\"},\"breadcrumb\":{\"@id\":\"https:\/\/m-acryl.hu\/kad-kisokos\/a-minimalista-formatervezes-csucsa-az-egyenes-viva-kad\/#breadcrumb\"},\"inLanguage\":\"hu\",\"potentialAction\":[{\"@type\":\"ReadAction\",\"target\":[\"https:\/\/m-acryl.hu\/kad-kisokos\/a-minimalista-formatervezes-csucsa-az-egyenes-viva-kad\/\"]}]},{\"@type\":\"ImageObject\",\"inLanguage\":\"hu\",\"@id\":\"https:\/\/m-acryl.hu\/kad-kisokos\/a-minimalista-formatervezes-csucsa-az-egyenes-viva-kad\/#primaryimage\",\"url\":\"https:\/\/m-acryl.hu\/kad-kisokos\/wp-content\/uploads\/2024\/06\/Viva-egyenes-akril-kad-cover-web.jpg\",\"contentUrl\":\"https:\/\/m-acryl.hu\/kad-kisokos\/wp-content\/uploads\/2024\/06\/Viva-egyenes-akril-kad-cover-web.jpg\",\"width\":1280,\"height\":640,\"caption\":\"Viva-egyenes-akril-kad-cover-web\"},{\"@type\":\"BreadcrumbList\",\"@id\":\"https:\/\/m-acryl.hu\/kad-kisokos\/a-minimalista-formatervezes-csucsa-az-egyenes-viva-kad\/#breadcrumb\",\"itemListElement\":[{\"@type\":\"ListItem\",\"position\":1,\"name\":\"Home\",\"item\":\"https:\/\/m-acryl.hu\/kad-kisokos\/\"},{\"@type\":\"ListItem\",\"position\":2,\"name\":\"A minimalista formatervez\u00e9s cs\u00facsa: az egyenes Viva k\u00e1d\"}]},{\"@type\":\"WebSite\",\"@id\":\"https:\/\/m-acryl.hu\/kad-kisokos\/#website\",\"url\":\"https:\/\/m-acryl.hu\/kad-kisokos\/\",\"name\":\"K\u00e1d kisokos\",\"description\":\"Az M-Acryl f\u00fcrd\u0151k\u00e1dakr\u00f3l k\u00f6z\u00e9rthet\u0151en\",\"potentialAction\":[{\"@type\":\"SearchAction\",\"target\":{\"@type\":\"EntryPoint\",\"urlTemplate\":\"https:\/\/m-acryl.hu\/kad-kisokos\/?s={search_term_string}\"},\"query-input\":{\"@type\":\"PropertyValueSpecification\",\"valueRequired\":true,\"valueName\":\"search_term_string\"}}],\"inLanguage\":\"hu\"},{\"@type\":\"Person\",\"@id\":\"https:\/\/m-acryl.hu\/kad-kisokos\/#\/schema\/person\/97de8d1c7a799dff979832f222a8832a\",\"name\":\"Madar\u00e1sz J\u00falia\",\"image\":{\"@type\":\"ImageObject\",\"inLanguage\":\"hu\",\"@id\":\"https:\/\/m-acryl.hu\/kad-kisokos\/#\/schema\/person\/image\/\",\"url\":\"https:\/\/secure.gravatar.com\/avatar\/0c204b742e4037a414beff290aada3b58a7839bb7d65d671f1680e8e30182f0c?s=96&d=mm&r=g\",\"contentUrl\":\"https:\/\/secure.gravatar.com\/avatar\/0c204b742e4037a414beff290aada3b58a7839bb7d65d671f1680e8e30182f0c?s=96&d=mm&r=g\",\"caption\":\"Madar\u00e1sz J\u00falia\"},\"url\":\"https:\/\/m-acryl.hu\/kad-kisokos\/author\/julia\/\"}]}<\/script>\n<!-- \/ Yoast SEO plugin. -->","yoast_head_json":{"title":"A minimalista formatervez\u00e9s cs\u00facsa: az egyenes Viva k\u00e1d - K\u00e1d kisokos","robots":{"index":"index","follow":"nofollow","max-snippet":"max-snippet:-1","max-image-preview":"max-image-preview:large","max-video-preview":"max-video-preview:-1"},"canonical":"https:\/\/m-acryl.hu\/kad-kisokos\/a-minimalista-formatervezes-csucsa-az-egyenes-viva-kad\/","og_locale":"hu_HU","og_type":"article","og_title":"A minimalista formatervez\u00e9s cs\u00facsa: az egyenes Viva k\u00e1d - K\u00e1d kisokos","og_description":"Ismerje meg a Claudia k\u00e1dat, ami visszafogott sz\u00e9ps\u00e9g\u00e9vel \u00e9s praktikuss\u00e1g\u00e1val bef\u00e9szkeli mag\u00e1t az \u00d6n sz\u00edv\u00e9be is. Olvassa el a cikk\u00fcnket!","og_url":"https:\/\/m-acryl.hu\/kad-kisokos\/a-minimalista-formatervezes-csucsa-az-egyenes-viva-kad\/","og_site_name":"K\u00e1d kisokos","article_published_time":"2024-06-26T11:40:11+00:00","article_modified_time":"2025-03-31T08:22:43+00:00","og_image":[{"width":1280,"height":640,"url":"https:\/\/m-acryl.hu\/kad-kisokos\/wp-content\/uploads\/2024\/06\/Viva-egyenes-akril-kad-cover-web.jpg","type":"image\/jpeg"}],"author":"Madar\u00e1sz J\u00falia","twitter_card":"summary_large_image","twitter_title":"K\u00e1d kisokos","twitter_misc":{"Szerz\u0151:":"Madar\u00e1sz J\u00falia","Becs\u00fclt olvas\u00e1si id\u0151":"9 perc"},"schema":{"@context":"https:\/\/schema.org","@graph":[{"@type":"WebPage","@id":"https:\/\/m-acryl.hu\/kad-kisokos\/a-minimalista-formatervezes-csucsa-az-egyenes-viva-kad\/","url":"https:\/\/m-acryl.hu\/kad-kisokos\/a-minimalista-formatervezes-csucsa-az-egyenes-viva-kad\/","name":"A minimalista formatervez\u00e9s cs\u00facsa: az egyenes Viva k\u00e1d - K\u00e1d kisokos","isPartOf":{"@id":"https:\/\/m-acryl.hu\/kad-kisokos\/#website"},"primaryImageOfPage":{"@id":"https:\/\/m-acryl.hu\/kad-kisokos\/a-minimalista-formatervezes-csucsa-az-egyenes-viva-kad\/#primaryimage"},"image":{"@id":"https:\/\/m-acryl.hu\/kad-kisokos\/a-minimalista-formatervezes-csucsa-az-egyenes-viva-kad\/#primaryimage"},"thumbnailUrl":"https:\/\/m-acryl.hu\/kad-kisokos\/wp-content\/uploads\/2024\/06\/Viva-egyenes-akril-kad-cover-web.jpg","datePublished":"2024-06-26T11:40:11+00:00","dateModified":"2025-03-31T08:22:43+00:00","author":{"@id":"https:\/\/m-acryl.hu\/kad-kisokos\/#\/schema\/person\/97de8d1c7a799dff979832f222a8832a"},"breadcrumb":{"@id":"https:\/\/m-acryl.hu\/kad-kisokos\/a-minimalista-formatervezes-csucsa-az-egyenes-viva-kad\/#breadcrumb"},"inLanguage":"hu","potentialAction":[{"@type":"ReadAction","target":["https:\/\/m-acryl.hu\/kad-kisokos\/a-minimalista-formatervezes-csucsa-az-egyenes-viva-kad\/"]}]},{"@type":"ImageObject","inLanguage":"hu","@id":"https:\/\/m-acryl.hu\/kad-kisokos\/a-minimalista-formatervezes-csucsa-az-egyenes-viva-kad\/#primaryimage","url":"https:\/\/m-acryl.hu\/kad-kisokos\/wp-content\/uploads\/2024\/06\/Viva-egyenes-akril-kad-cover-web.jpg","contentUrl":"https:\/\/m-acryl.hu\/kad-kisokos\/wp-content\/uploads\/2024\/06\/Viva-egyenes-akril-kad-cover-web.jpg","width":1280,"height":640,"caption":"Viva-egyenes-akril-kad-cover-web"},{"@type":"BreadcrumbList","@id":"https:\/\/m-acryl.hu\/kad-kisokos\/a-minimalista-formatervezes-csucsa-az-egyenes-viva-kad\/#breadcrumb","itemListElement":[{"@type":"ListItem","position":1,"name":"Home","item":"https:\/\/m-acryl.hu\/kad-kisokos\/"},{"@type":"ListItem","position":2,"name":"A minimalista formatervez\u00e9s cs\u00facsa: az egyenes Viva k\u00e1d"}]},{"@type":"WebSite","@id":"https:\/\/m-acryl.hu\/kad-kisokos\/#website","url":"https:\/\/m-acryl.hu\/kad-kisokos\/","name":"K\u00e1d kisokos","description":"Az M-Acryl f\u00fcrd\u0151k\u00e1dakr\u00f3l k\u00f6z\u00e9rthet\u0151en","potentialAction":[{"@type":"SearchAction","target":{"@type":"EntryPoint","urlTemplate":"https:\/\/m-acryl.hu\/kad-kisokos\/?s={search_term_string}"},"query-input":{"@type":"PropertyValueSpecification","valueRequired":true,"valueName":"search_term_string"}}],"inLanguage":"hu"},{"@type":"Person","@id":"https:\/\/m-acryl.hu\/kad-kisokos\/#\/schema\/person\/97de8d1c7a799dff979832f222a8832a","name":"Madar\u00e1sz J\u00falia","image":{"@type":"ImageObject","inLanguage":"hu","@id":"https:\/\/m-acryl.hu\/kad-kisokos\/#\/schema\/person\/image\/","url":"https:\/\/secure.gravatar.com\/avatar\/0c204b742e4037a414beff290aada3b58a7839bb7d65d671f1680e8e30182f0c?s=96&d=mm&r=g","contentUrl":"https:\/\/secure.gravatar.com\/avatar\/0c204b742e4037a414beff290aada3b58a7839bb7d65d671f1680e8e30182f0c?s=96&d=mm&r=g","caption":"Madar\u00e1sz J\u00falia"},"url":"https:\/\/m-acryl.hu\/kad-kisokos\/author\/julia\/"}]}},"_links":{"self":[{"href":"https:\/\/m-acryl.hu\/kad-kisokos\/wp-json\/wp\/v2\/posts\/6218","targetHints":{"allow":["GET"]}}],"collection":[{"href":"https:\/\/m-acryl.hu\/kad-kisokos\/wp-json\/wp\/v2\/posts"}],"about":[{"href":"https:\/\/m-acryl.hu\/kad-kisokos\/wp-json\/wp\/v2\/types\/post"}],"author":[{"embeddable":true,"href":"https:\/\/m-acryl.hu\/kad-kisokos\/wp-json\/wp\/v2\/users\/6"}],"replies":[{"embeddable":true,"href":"https:\/\/m-acryl.hu\/kad-kisokos\/wp-json\/wp\/v2\/comments?post=6218"}],"version-history":[{"count":31,"href":"https:\/\/m-acryl.hu\/kad-kisokos\/wp-json\/wp\/v2\/posts\/6218\/revisions"}],"predecessor-version":[{"id":6807,"href":"https:\/\/m-acryl.hu\/kad-kisokos\/wp-json\/wp\/v2\/posts\/6218\/revisions\/6807"}],"wp:featuredmedia":[{"embeddable":true,"href":"https:\/\/m-acryl.hu\/kad-kisokos\/wp-json\/wp\/v2\/media\/6239"}],"wp:attachment":[{"href":"https:\/\/m-acryl.hu\/kad-kisokos\/wp-json\/wp\/v2\/media?parent=6218"}],"wp:term":[{"taxonomy":"category","embeddable":true,"href":"https:\/\/m-acryl.hu\/kad-kisokos\/wp-json\/wp\/v2\/categories?post=6218"},{"taxonomy":"post_tag","embeddable":true,"href":"https:\/\/m-acryl.hu\/kad-kisokos\/wp-json\/wp\/v2\/tags?post=6218"}],"curies":[{"name":"wp","href":"https:\/\/api.w.org\/{rel}","templated":true}]}}