{"id":6184,"date":"2024-06-18T08:16:41","date_gmt":"2024-06-18T08:16:41","guid":{"rendered":"https:\/\/m-acryl.hu\/kad-kisokos\/?p=6184"},"modified":"2026-01-26T13:37:48","modified_gmt":"2026-01-26T13:37:48","slug":"claudia-a-kagyloformaju-lagy-vonalvezetesu-aszimmetrikus-akrilkad","status":"publish","type":"post","link":"https:\/\/m-acryl.hu\/kad-kisokos\/claudia-a-kagyloformaju-lagy-vonalvezetesu-aszimmetrikus-akrilkad\/","title":{"rendered":"Claudia: a kagyl\u00f3form\u00e1j\u00fa, l\u00e1gy vonalvezet\u00e9s\u0171 aszimmetrikus akrilk\u00e1d"},"content":{"rendered":"<p>[et_pb_section fb_built=&#8221;1&#8243; disabled_on=&#8221;off|off|off&#8221; _builder_version=&#8221;4.21.0&#8243; _module_preset=&#8221;default&#8221; global_colors_info=&#8221;{}&#8221;][et_pb_row _builder_version=&#8221;4.21.0&#8243; _module_preset=&#8221;default&#8221; width=&#8221;80%&#8221; min_height=&#8221;46.1px&#8221; custom_margin_tablet=&#8221;&#8221; custom_margin_phone=&#8221;0px||||false|false&#8221; custom_margin_last_edited=&#8221;on|phone&#8221; custom_padding=&#8221;0px||0.1%||false|false&#8221; global_colors_info=&#8221;{}&#8221;][et_pb_column type=&#8221;4_4&#8243; _builder_version=&#8221;4.16&#8243; _module_preset=&#8221;default&#8221; global_colors_info=&#8221;{}&#8221;][et_pb_text _builder_version=&#8221;4.25.1&#8243; _module_preset=&#8221;default&#8221; text_font_size=&#8221;16px&#8221; ul_font_size=&#8221;16px&#8221; ul_line_height=&#8221;1.7em&#8221; ol_font_size=&#8221;16px&#8221; ol_line_height=&#8221;1.7em&#8221; custom_padding=&#8221;||2px|||&#8221; global_colors_info=&#8221;{}&#8221;]<\/p>\n<p>Gyermekkoromban azt mondt\u00e1k, tartsam f\u00fclemhez a kagyl\u00f3t vagy a tengeri csiga h\u00e1z\u00e1t, hogy halljam benne a tenger morajl\u00e1s\u00e1t.<\/p>\n<p>Mosolyogni val\u00f3 butas\u00e1g ez, m\u00e9gis j\u00f3 \u00e9rz\u00e9s volt hinni, hogy b\u00e1rmikor megid\u00e9zhetem a tengert \u2013 kezemben tarthatok egy darabk\u00e1t a v\u00e9gtelen vizekb\u0151l.<\/p>\n<p>Most a <span style=\"text-decoration: underline; color: #00ccff;\"><strong><a style=\"color: #00ccff; text-decoration: underline;\" href=\"https:\/\/m-acryl.hu\/termekek\/aszimmetrikus-kad\/claudia-aszimmetrikus-akril-kad\" target=\"_blank\" rel=\"noopener\">Claudia aszimmetrikus k\u00e1dban<\/a><\/strong><\/span> elny\u00falok egy hossz\u00fa h\u00e9t ut\u00e1n. Becsukom a szemem, elind\u00edtok egy lej\u00e1tsz\u00e1si list\u00e1t \u00e9s a spanyol \u00e9nekesn\u0151 Beb\u00e9vel d\u00fadolgatom, hogy <em>siempre me quedar\u00e1 la voz suave del mar<\/em> (mindig velem marad a tenger l\u00e1gy hangja).<\/p>\n<p>Az \u00e9lm\u00e9nyt \u00d6n is \u00e1t\u00e9lheti: az M-Acryl Claudia aszimmetrikus sarokk\u00e1dja kiv\u00e1l\u00f3 v\u00e1laszt\u00e1s.\u00a0<strong><span style=\"color: #00ccff;\"><a style=\"color: #00ccff;\" href=\"https:\/\/m-acryl.hu\/partnerkereso\" target=\"_blank\" rel=\"noopener\"><u>A partnerkeres\u0151nkben<\/u><\/a><\/span><\/strong> c\u00edm szerint keresve megtal\u00e1lja az \u00d6nh\u00f6z legk\u00f6zelebbi Claudia k\u00e1dat. (\u00c9rdemes \u00e9l\u0151ben megn\u00e9zni!)<\/p>\n<p>[\/et_pb_text][et_pb_text _builder_version=&#8221;4.25.1&#8243; _module_preset=&#8221;default&#8221; text_font_size=&#8221;16px&#8221; ul_font_size=&#8221;16px&#8221; ul_line_height=&#8221;1.7em&#8221; ol_font_size=&#8221;16px&#8221; ol_line_height=&#8221;1.7em&#8221; custom_margin=&#8221;5%||||false|false&#8221; custom_padding=&#8221;||2px|||&#8221; global_colors_info=&#8221;{}&#8221;]<\/p>\n<h2>A k\u00e1d, amelyhez visszalapozunk<\/h2>\n<p>Vannak olyan k\u00e1dak, amelyek hars\u00e1nyan eleg\u00e1nsak, kiugranak a katal\u00f3gus lapjair\u00f3l, uralj\u00e1k a bemutat\u00f3termet. K\u00e1dszt\u00e1rok.<\/p>\n<p>A Claudia enn\u00e9l <strong>visszafogott<\/strong>abb. Ez nemhogy nem baj, hanem kifejezetten er\u00e9nye.<\/p>\n<p>Ez az a k\u00e1d, ami <strong>bef\u00e9szkeli mag\u00e1t a sz\u00edv\u00fcnkbe, megb\u00fajik gondolataink m\u00e9ly\u00e9n \u00e9s vonzani kezd<\/strong>: \u201evolt valami C bet\u0171s k\u00e1d, hadd n\u00e9zzem csak meg \u00fajra\u201d.<\/p>\n<p>Tal\u00e1n a form\u00e1ja? Tal\u00e1n az \u00fcgyesen funkcion\u00e1lis kialak\u00edt\u00e1sa? Esetleg a kieg\u00e9sz\u00edt\u0151i?<\/p>\n<p>Ezt \u00d6n fogja tudni.<br \/>\n[\/et_pb_text][et_pb_image src=&#8221;https:\/\/m-acryl.hu\/kad-kisokos\/wp-content\/uploads\/2024\/06\/Claudia-aszimmetrikus-akril-furdokad.jpg&#8221; alt=&#8221;M-Acryl &#8211; Claudia aszimmetrikus akril f\u00fcrd\u0151k\u00e1d&#8221; title_text=&#8221;Claudia-aszimmetrikus-akril-furdokad&#8221; _builder_version=&#8221;4.25.1&#8243; _module_preset=&#8221;default&#8221; global_colors_info=&#8221;{}&#8221;][\/et_pb_image][et_pb_image src=&#8221;https:\/\/m-acryl.hu\/kad-kisokos\/wp-content\/uploads\/2024\/06\/Rabulejto-Claudia-aszimmetrikus-kad.jpeg&#8221; alt=&#8221;Rabul ejt\u0151 Claudia aszimmetrikus k\u00e1d&#8221; title_text=&#8221;Rabulejto-Claudia-aszimmetrikus-kad&#8221; _builder_version=&#8221;4.25.1&#8243; _module_preset=&#8221;default&#8221; global_colors_info=&#8221;{}&#8221;][\/et_pb_image][et_pb_text _builder_version=&#8221;4.25.1&#8243; _module_preset=&#8221;default&#8221; text_font_size=&#8221;16px&#8221; ul_font_size=&#8221;16px&#8221; ul_line_height=&#8221;1.7em&#8221; ol_font_size=&#8221;16px&#8221; ol_line_height=&#8221;1.7em&#8221; custom_margin=&#8221;10%||||false|false&#8221; custom_padding=&#8221;||2px|||&#8221; global_colors_info=&#8221;{}&#8221;]<\/p>\n<h2>\u00d6n egy k\u00e1dat vesz t\u0151l\u00fcnk, mi a kellemes est\u00e9ket adjuk<\/h2>\n<p>A k\u00e1dtervez\u0151ink f\u00f6lteszik a k\u00e9rd\u00e9st: hogyan maradhat izgalmas egy k\u00e1d az ezredik f\u00fcrd\u00e9sn\u00e9l is?<\/p>\n<p>Nagy kih\u00edv\u00e1s, amit t\u00f6bb ir\u00e1nyb\u00f3l lehet f\u00f6loldani.<\/p>\n<p>A szimmetrikus k\u00e1dak az \u00e1lland\u00f3s\u00e1got, a rendet, a v\u00e1ltozatlans\u00e1got jelentik. A festm\u00e9nyek klasszikus kompoz\u00edci\u00f3ja, a dr\u00e1m\u00e1k hagyom\u00e1nyos tagol\u00e1sa vagy a b\u00fatoraink szimmetrikus formavil\u00e1ga mind a kisz\u00e1m\u00edthat\u00f3s\u00e1got jelenti. K\u00e1dja lehet a kaotikus vil\u00e1gban az egyik biztos pont.<\/p>\n<p>A m\u00e1sik megk\u00f6zel\u00edt\u00e9s <strong>az aszimmetria: palackba z\u00e1rni a szelet, elkapni a hull\u00e1m egy pillanat\u00e1t, lef\u00e9nyk\u00e9pezni egy mosolyt. Dinamikus, v\u00e1ltoz\u00f3 \u00e9s mindig izgalmas.<\/strong> A Claudia aszimmetrikus form\u00e1ja nemcsak azt jelenti, hogy jobbos \u00e9s balos kivitelben b\u00e1rmilyen f\u00fcrd\u0151szobasarokba illeszthet\u0151\u2026 hanem azt is, hogy a mindennapjaiba vihet valami nem mindennapit.<br \/>\n[\/et_pb_text][et_pb_image src=&#8221;https:\/\/m-acryl.hu\/kad-kisokos\/wp-content\/uploads\/2024\/06\/Claudia-kad-felulnezet-M-Acryl.jpg&#8221; alt=&#8221;Claudia aszimmetrikus akril f\u00fcrd\u0151k\u00e1d fel\u00fcln\u00e9zeti k\u00e9p&#8221; title_text=&#8221;Claudia-ka\u0301d-felu\u0308lne\u0301zet-M-Acryl&#8221; _builder_version=&#8221;4.25.1&#8243; _module_preset=&#8221;default&#8221; global_colors_info=&#8221;{}&#8221;][\/et_pb_image][et_pb_text _builder_version=&#8221;4.25.1&#8243; _module_preset=&#8221;default&#8221; ul_font_size=&#8221;16px&#8221; ul_line_height=&#8221;1.7em&#8221; ol_font_size=&#8221;16px&#8221; ol_line_height=&#8221;1.7em&#8221; custom_margin=&#8221;0px||5%||false|false&#8221; custom_padding=&#8221;||||false|false&#8221; global_colors_info=&#8221;{}&#8221;]<\/p>\n<p style=\"text-align: center;\"><span style=\"text-decoration: underline;\"><a href=\"https:\/\/m-acryl.hu\/termekek\/aszimmetrikus-kad\/claudia-aszimmetrikus-akril-kad\" target=\"_blank\" rel=\"noopener\"><em>Claudia aszimmetrikus akril k\u00e1d<\/em><\/a><\/span><\/p>\n<p>[\/et_pb_text][et_pb_text _builder_version=&#8221;4.25.1&#8243; _module_preset=&#8221;default&#8221; text_font_size=&#8221;16px&#8221; ul_font_size=&#8221;16px&#8221; ul_line_height=&#8221;1.7em&#8221; ol_font_size=&#8221;16px&#8221; ol_line_height=&#8221;1.7em&#8221; custom_padding=&#8221;||2px|||&#8221; global_colors_info=&#8221;{}&#8221;]A Claudia l\u00e1gy vonalai fel\u00fcln\u00e9zetb\u0151l nekem kagyl\u00f3t form\u00e1znak. \u00c9s egy kicsit a hull\u00e1mz\u00f3 tengert. \u00d6n mit l\u00e1t bele?<br \/>\n[\/et_pb_text][et_pb_text _builder_version=&#8221;4.25.1&#8243; _module_preset=&#8221;default&#8221; text_font_size=&#8221;16px&#8221; ul_font_size=&#8221;16px&#8221; ul_line_height=&#8221;1.7em&#8221; ol_font_size=&#8221;16px&#8221; ol_line_height=&#8221;1.7em&#8221; custom_margin=&#8221;10%||||false|false&#8221; custom_padding=&#8221;||2px|||&#8221; global_colors_info=&#8221;{}&#8221;]<\/p>\n<h2>A Claudia k\u00e1dmodell m\u00e9retei<\/h2>\n<p>Az egys\u00e9gesen <strong>59 cm magas<\/strong> Claudia k\u00e1d el\u00e9rhet\u0151 <strong>150&#215;100 cm (200 liter), 160&#215;105 cm (220 liter) \u00e9s 170&#215;115 cm (240 liter) m\u00e9retekben<\/strong>. J\u00f3l l\u00e1tja, hogy a hosszabb k\u00e1dakat sz\u00e9lt\u00e9ben is n\u00f6velt\u00fck, hogy a k\u00e1d eleganci\u00e1ja megmaradjon.<\/p>\n<p>A <strong>\u201ejobbos\u201d \u00e9s \u201ebalos\u201d<\/strong> kivitelek m\u00e9retben ugyanakkor\u00e1k (\u00e9s funkcionalit\u00e1sban is egyeznek).<\/p>\n<p>A Claudia minden m\u00e9ret\u00e9hez felszerelhet <span style=\"color: #00ccff;\"><strong><a style=\"color: #00ccff;\" href=\"https:\/\/m-acryl.hu\/termekek\/elolapok-es-oldallapok\/tropusi-fa-elolap-sarok-es-aszimmetrikus-kadakhoz-tobbfele-szinben\" target=\"_blank\" rel=\"noopener\"><span style=\"text-decoration: underline;\">tr\u00f3pusi fa el\u0151lapokat<\/span><\/a><\/strong><\/span>, \u00edgy k\u00e1dja sok f\u00fcrd\u0151szoba-kialak\u00edt\u00e1ssal harmoniz\u00e1ltathat\u00f3 (\u00e9s nem mell\u00e9kesen gy\u00f6ny\u00f6r\u0171).<\/p>\n<p>[\/et_pb_text][et_pb_image src=&#8221;https:\/\/m-acryl.hu\/kad-kisokos\/wp-content\/uploads\/2025\/03\/tropusi-faelolapok-2025-1.png&#8221; alt=&#8221;Tr\u00f3pusi fa el\u0151lap sz\u00ednek&#8221; title_text=&#8221;tropusi faelolapok 2025 (1)&#8221; _builder_version=&#8221;4.27.4&#8243; _module_preset=&#8221;default&#8221; custom_margin=&#8221;5%||10%||false|false&#8221; global_colors_info=&#8221;{}&#8221;][\/et_pb_image][et_pb_text _builder_version=&#8221;4.25.1&#8243; _module_preset=&#8221;default&#8221; text_font_size=&#8221;16px&#8221; ul_font_size=&#8221;16px&#8221; ul_line_height=&#8221;1.7em&#8221; ol_font_size=&#8221;16px&#8221; ol_line_height=&#8221;1.7em&#8221; custom_margin=&#8221;10%||||false|false&#8221; custom_padding=&#8221;||2px|||&#8221; global_colors_info=&#8221;{}&#8221;]<\/p>\n<h2>A k\u00e1dk\u00e9nyelem alapja: a pakol\u00f3r\u00e9sz<\/h2>\n<p>\u00d6n volt m\u00e1r olyan sz\u00e1ll\u00e1son, ahol a f\u00fcrd\u0151szob\u00e1ban a zuhanyz\u00f3ban (vagy k\u00e1dban) nem tal\u00e1lt pakol\u00f3fel\u00fcletet? A fr\u00f6cs\u00f6g\u0151 v\u00edzben pr\u00f3b\u00e1ljuk a tusf\u00fcrd\u0151t a f\u00f6ldre pakolni, az ablakperemre rakjuk a sampont, a kis m\u0171anyag t\u00e1lk\u00e1n egyens\u00falyoztatjuk a szappant \u2013 am\u00edg le nem esik.<\/p>\n<p>A Tej\u00fat \u00f6sszes csillag\u00e1t b\u00edrhatja a sz\u00e1ll\u00e1s, de az ilyen f\u00fcrd\u00e9s\u00e9lm\u00e9ny sz\u00f6rny\u0171.<\/p>\n<p>\u00c9ppen ez\u00e9rt a Claudia <strong>b\u0151s\u00e9ges pakol\u00f3r\u00e9sszel<\/strong> \u00f6rvendezteti meg azon szerencs\u00e9s embereket, akik f\u00fcr\u00f6dhetnek benne. A sz\u00e9lesebb oldal\u00e1n vastag perem h\u00edvogatja a telefont, k\u00f6nyvet, tusf\u00fcrd\u0151t, az \u00fcl\u0151r\u00e9szre t\u00e1maszthatja jobb kez\u00e9t (vagy tov\u00e1bbi t\u00e1rgyakat), \u00e9s m\u00e9g mindig rengeteg helye maradt.<\/p>\n<p><strong>J\u00f3l elf\u00e9r a k\u00e1dban, van hely a peremen<\/strong>, k\u00e9nyelmes \u00edgy a f\u00fcrd\u00e9s.<br \/>\n[\/et_pb_text][et_pb_image src=&#8221;https:\/\/m-acryl.hu\/kad-kisokos\/wp-content\/uploads\/2024\/06\/M-Acryl-claudia-kad-pakolofelulet-uloke.jpeg&#8221; alt=&#8221;M-Acryl Claudia f\u00fcrd\u0151k\u00e1d \u00fcl\u0151- \u00e9s pakol\u00f3r\u00e9sz&#8221; title_text=&#8221;M-Acryl-claudia-kad-pakolofelulet-uloke&#8221; _builder_version=&#8221;4.25.1&#8243; _module_preset=&#8221;default&#8221; custom_margin=&#8221;5%||10%||false|false&#8221; global_colors_info=&#8221;{}&#8221;][\/et_pb_image][et_pb_text _builder_version=&#8221;4.25.1&#8243; _module_preset=&#8221;default&#8221; text_font_size=&#8221;16px&#8221; ul_font_size=&#8221;16px&#8221; ul_line_height=&#8221;1.7em&#8221; ol_font_size=&#8221;16px&#8221; ol_line_height=&#8221;1.7em&#8221; custom_margin=&#8221;5%||||false|false&#8221; custom_padding=&#8221;||2px|||&#8221; global_colors_info=&#8221;{}&#8221;]<\/p>\n<h2>T\u00e9nyleg mindenre gondoltunk: m\u00e9g t\u00f6bb k\u00e9nyelemfokoz\u00f3 kialak\u00edt\u00e1s<\/h2>\n<p>A Claudia egy <strong>k\u00f6z\u00e9plefoly\u00f3s<\/strong> k\u00e1d. Ez az\u00e9rt fontos, mert \u00edgy k\u00e9t ember is k\u00e9nyelmesen f\u00fcr\u00f6dhet egyszerre benne \u2013 \u00e9s senkinek nem kell a lefoly\u00f3sapk\u00e1n \u00fcld\u00f6g\u00e9lnie.<\/p>\n<p>Az <strong>\u00fcl\u0151r\u00e9sz el\u00e9g nagy ahhoz, hogy \u00fcl\u0151f\u00fcrd\u0151h\u00f6z haszn\u00e1lja<\/strong> \u2013 ha csak megmosn\u00e1 a haj\u00e1t vagy a l\u00e1b\u00e1t.<\/p>\n<p>A Claudia <strong>antibakteri\u00e1lis 100% \u00f6nt\u00f6tt akrilt<\/strong> haszn\u00e1l (<span style=\"text-decoration: underline;\"><span style=\"color: #00ccff;\"><strong><a style=\"color: #00ccff; text-decoration: underline;\" href=\"https:\/\/m-acryl.hu\/kad-kisokos\/mit-jelent-pontosan-az-antibakterialis-felulet\/\" target=\"_blank\" rel=\"noopener\">olvassa el ebben a cikkben<\/a><\/strong><\/span><\/span>, hogy ez mit jelent). Ez a modern akrilfajta \u00fcgyes fizikai kialak\u00edt\u00e1s\u00e1val megnehez\u00edti a bakt\u00e9riumok megteleped\u00e9s\u00e9t \u00e9s elszaporod\u00e1s\u00e1t a k\u00e1dfel\u00fcleten (\u00edgy tov\u00e1bb marad tiszta), mik\u00f6zben m\u00e1r-m\u00e1r finomabb az \u00e9rint\u00e9se, mint a legl\u00e1gyabb tengerhull\u00e1mnak.<\/p>\n<p style=\"text-align: center;\"><img loading=\"lazy\" decoding=\"async\" class=\"wp-image-5378 alignnone size-medium\" src=\"https:\/\/m-acryl.hu\/kad-kisokos\/wp-content\/uploads\/2023\/02\/Macryl_antibakterielisfurdokadak_ikon-300x212.jpg\" alt=\"antibakteri\u00e1lis akril fel\u00fclet ikon\" width=\"300\" height=\"212\" srcset=\"https:\/\/m-acryl.hu\/kad-kisokos\/wp-content\/uploads\/2023\/02\/Macryl_antibakterielisfurdokadak_ikon-300x212.jpg 300w, https:\/\/m-acryl.hu\/kad-kisokos\/wp-content\/uploads\/2023\/02\/Macryl_antibakterielisfurdokadak_ikon-768x543.jpg 768w, https:\/\/m-acryl.hu\/kad-kisokos\/wp-content\/uploads\/2023\/02\/Macryl_antibakterielisfurdokadak_ikon-18x12.jpg 18w, https:\/\/m-acryl.hu\/kad-kisokos\/wp-content\/uploads\/2023\/02\/Macryl_antibakterielisfurdokadak_ikon-400x284.jpg 400w, https:\/\/m-acryl.hu\/kad-kisokos\/wp-content\/uploads\/2023\/02\/Macryl_antibakterielisfurdokadak_ikon.jpg 826w\" sizes=\"(max-width: 300px) 100vw, 300px\" \/><\/p>\n<p>[\/et_pb_text][et_pb_text _builder_version=&#8221;4.27.5&#8243; _module_preset=&#8221;default&#8221; text_font_size=&#8221;16px&#8221; ul_font_size=&#8221;16px&#8221; ul_line_height=&#8221;1.7em&#8221; ol_font_size=&#8221;16px&#8221; ol_line_height=&#8221;1.7em&#8221; custom_margin=&#8221;10%||||false|false&#8221; custom_padding=&#8221;||2px|||&#8221; hover_enabled=&#8221;0&#8243; global_colors_info=&#8221;{}&#8221; sticky_enabled=&#8221;0&#8243;]<\/p>\n<h2>Felt\u00f6ltj\u00fck a k\u00e1dat v\u00edzzel \u00e9s \u00e9lm\u00e9nnyel: csaptelep \u00e9s Click-Clack-lefoly\u00f3<\/h2>\n<p>A peremre szerelhet\u0151 csaptelepek alternat\u00edv\u00e1jak\u00e9nt a <span style=\"text-decoration: underline;\"><span style=\"color: #00ccff;\"><a href=\"https:\/\/m-acryl.hu\/termekek\/csaptelepek\/niagara-csaptelep\" target=\"_blank\" rel=\"noopener\" style=\"color: #00ccff; text-decoration: underline;\">Niagara csaptelep<\/a><\/span><\/span> k\u00fcl\u00f6nleges, v\u00edzes\u00e9sszer\u0171 v\u00edzfoly\u00e1ssal t\u00f6lti meg a k\u00e1dat. Ez a megold\u00e1s nemcsak praktikus, hanem l\u00e1tv\u00e1nyos is: a finoman \u00e1raml\u00f3 v\u00edz igazi \u00e9lm\u00e9nyf\u00fcrd\u0151-hangulatot teremt, mik\u00f6zben modern megjelen\u00e9s\u00e9vel a f\u00fcrd\u0151szoba egyik meghat\u00e1roz\u00f3 eleme lesz.<\/p>\n<p>[\/et_pb_text][et_pb_image src=&#8221;https:\/\/m-acryl.hu\/kad-kisokos\/wp-content\/uploads\/2026\/01\/niagara.jpg&#8221; alt=&#8221;Niagara csaptelep&#8221; title_text=&#8221;niagara&#8221; url=&#8221;https:\/\/m-acryl.hu\/termekek\/csaptelepek\/niagara-csaptelep&#8221; url_new_window=&#8221;on&#8221; _builder_version=&#8221;4.27.5&#8243; _module_preset=&#8221;default&#8221; global_colors_info=&#8221;{}&#8221;][\/et_pb_image][et_pb_text _builder_version=&#8221;4.27.5&#8243; _module_preset=&#8221;default&#8221; ul_font_size=&#8221;16px&#8221; ul_line_height=&#8221;1.7em&#8221; ol_font_size=&#8221;16px&#8221; ol_line_height=&#8221;1.7em&#8221; custom_margin=&#8221;0px||5%||false|false&#8221; custom_padding=&#8221;||||false|false&#8221; global_colors_info=&#8221;{}&#8221;]<\/p>\n<p style=\"text-align: center;\"><span style=\"text-decoration: underline;\"><a href=\"https:\/\/m-acryl.hu\/termekek\/csaptelepek\/niagara-csaptelep\" target=\"_blank\" rel=\"noopener\"><em>Niagara csaptelep<\/em><\/a><\/span><\/p>\n<p>[\/et_pb_text][et_pb_text _builder_version=&#8221;4.25.1&#8243; _module_preset=&#8221;default&#8221; text_font_size=&#8221;16px&#8221; ul_font_size=&#8221;16px&#8221; ul_line_height=&#8221;1.7em&#8221; ol_font_size=&#8221;16px&#8221; ol_line_height=&#8221;1.7em&#8221; custom_margin=&#8221;5%||||false|false&#8221; custom_padding=&#8221;||2px|||&#8221; global_colors_info=&#8221;{}&#8221;]Az automata le- \u00e9s t\u00falfoly\u00f3 helyett v\u00e1laszthat <span style=\"text-decoration: underline; color: #00ccff;\"><strong><a style=\"color: #00ccff; text-decoration: underline;\" href=\"https:\/\/m-acryl.hu\/termekek\/click-clack-automata-le--es-tulfolyo-60-cm\" target=\"_blank\" rel=\"noopener\">Click-Clack le- \u00e9s t\u00falfoly\u00f3t<\/a><\/strong><\/span> (l\u00e1bfeje lusta \u00e9rint\u00e9s\u00e9vel megnyomja a lefoly\u00f3t, ami \u2013 \u201eklikk\u201d \u2013 elz\u00e1rta vagy nyitotta a v\u00edz foly\u00e1s\u00e1t). A <span style=\"text-decoration: underline; color: #00ccff;\"><strong><a style=\"color: #00ccff; text-decoration: underline;\" href=\"https:\/\/m-acryl.hu\/termekek\/vizfeltoltos--click-clack-le--es-tulfolyo-kerek\" target=\"_blank\" rel=\"noopener\">Click-Clack le- \u00e9s t\u00falfoly\u00f3t m\u00e1r a v\u00edzfelt\u00f6lt\u0151vel kombin\u00e1lva<\/a><\/strong><\/span> is beszerezheti.<\/p>\n<p>A lefoly\u00f3kat <strong>kr\u00f3m, matt fekete, matt feh\u00e9r, arany, sz\u00e1lcsiszolt kr\u00f3m \u00e9s sz\u00e1lcsiszolt arany sz\u00ednekben<\/strong> v\u00e1laszthatja \u2013 egyik szebb, mint a m\u00e1sik.<br \/>\n[\/et_pb_text][et_pb_image src=&#8221;https:\/\/m-acryl.hu\/kad-kisokos\/wp-content\/uploads\/2024\/06\/M-Acryl-Click-clack-le-es-tulfolyo.jpeg&#8221; alt=&#8221;M-Acryl Click-Clack le- \u00e9s t\u00falfoly\u00f3&#8221; title_text=&#8221;M-Acryl-Click-clack-le-es-tulfolyo&#8221; _builder_version=&#8221;4.25.1&#8243; _module_preset=&#8221;default&#8221; global_colors_info=&#8221;{}&#8221;][\/et_pb_image][et_pb_text _builder_version=&#8221;4.25.1&#8243; _module_preset=&#8221;default&#8221; ul_font_size=&#8221;16px&#8221; ul_line_height=&#8221;1.7em&#8221; ol_font_size=&#8221;16px&#8221; ol_line_height=&#8221;1.7em&#8221; custom_margin=&#8221;0px||5%||false|false&#8221; custom_padding=&#8221;||||false|false&#8221; global_colors_info=&#8221;{}&#8221;]<\/p>\n<p style=\"text-align: center;\"><span style=\"text-decoration: underline;\"><a href=\"https:\/\/m-acryl.hu\/termekek\/click-clack-automata-le--es-tulfolyo-60-cm\" target=\"_blank\" rel=\"noopener\"><em>Click-Clack le- \u00e9s t\u00falfoly\u00f3<\/em><\/a><\/span><\/p>\n<p>[\/et_pb_text][et_pb_image src=&#8221;https:\/\/m-acryl.hu\/kad-kisokos\/wp-content\/uploads\/2024\/06\/Click-clack-vizfeltoltos.jpeg&#8221; alt=&#8221;M-Acryl v\u00edzfelt\u00f6lt\u0151s, Click-Clack le- \u00e9s t\u00falfoly\u00f3 kerek&#8221; title_text=&#8221;Click-clack-vizfeltoltos&#8221; align=&#8221;center&#8221; _builder_version=&#8221;4.25.1&#8243; _module_preset=&#8221;default&#8221; width=&#8221;75%&#8221; global_colors_info=&#8221;{}&#8221;][\/et_pb_image][et_pb_text _builder_version=&#8221;4.25.1&#8243; _module_preset=&#8221;default&#8221; ul_font_size=&#8221;16px&#8221; ul_line_height=&#8221;1.7em&#8221; ol_font_size=&#8221;16px&#8221; ol_line_height=&#8221;1.7em&#8221; custom_margin=&#8221;0px||5%||false|false&#8221; custom_padding=&#8221;||||false|false&#8221; global_colors_info=&#8221;{}&#8221;]<\/p>\n<p style=\"text-align: center;\"><span style=\"text-decoration: underline;\"><a href=\"https:\/\/m-acryl.hu\/termekek\/vizfeltoltos--click-clack-le--es-tulfolyo-kerek\" target=\"_blank\" rel=\"noopener\"><em>V\u00edzfelt\u00f6lt\u0151s, Click-Clack le- \u00e9s t\u00falfoly\u00f3<\/em><\/a><\/span><\/p>\n<p>[\/et_pb_text][et_pb_text _builder_version=&#8221;4.25.1&#8243; _module_preset=&#8221;default&#8221; text_font_size=&#8221;16px&#8221; ul_font_size=&#8221;16px&#8221; ul_line_height=&#8221;1.7em&#8221; ol_font_size=&#8221;16px&#8221; ol_line_height=&#8221;1.7em&#8221; custom_margin=&#8221;10%||||false|false&#8221; custom_padding=&#8221;||2px|||&#8221; global_colors_info=&#8221;{}&#8221;]<\/p>\n<h2><strong>Aj\u00e1nd\u00e9kok: v\u00edzszintez\u0151 l\u00e1b, peremr\u00f6gz\u00edt\u0151 \u00e9s 10 \u00e9v garancia<\/strong><\/h2>\n<p>Azt tartjuk j\u00f3 k\u00e1dnak, amely minden szempontb\u00f3l a nyugalmat jelenti. Ellaz\u00edt benne a f\u00fcrd\u00e9s, kellemes az \u00e1ra \u00e9s megnyugtat\u00f3 a tart\u00f3ss\u00e1ga.<\/p>\n<p>A <strong>v\u00edzszintez\u0151 l\u00e1b 1 tonna feletti teherb\u00edr\u00e1s\u00e1val<\/strong> \u00e9vtizedekig biztosan tartja Claudia k\u00e1dj\u00e1t.<br \/>\n[\/et_pb_text][et_pb_image src=&#8221;https:\/\/m-acryl.hu\/kad-kisokos\/wp-content\/uploads\/2024\/06\/M-Acryl-ajandek-kadlab-es-peremrogzito.jpeg&#8221; alt=&#8221;M-Acryl f\u00fcrd\u0151k\u00e1dak aj\u00e1nd\u00e9k k\u00e1dl\u00e1bbal \u00e9s peremr\u00f6gz\u00edt\u0151vel&#8221; title_text=&#8221;M-Acryl-ajandek-kadlab-es-peremrogzito&#8221; align=&#8221;center&#8221; _builder_version=&#8221;4.25.1&#8243; _module_preset=&#8221;default&#8221; width=&#8221;60%&#8221; global_colors_info=&#8221;{}&#8221;][\/et_pb_image][et_pb_text _builder_version=&#8221;4.25.1&#8243; _module_preset=&#8221;default&#8221; text_font_size=&#8221;16px&#8221; ul_font_size=&#8221;16px&#8221; ul_line_height=&#8221;1.7em&#8221; ol_font_size=&#8221;16px&#8221; ol_line_height=&#8221;1.7em&#8221; custom_margin=&#8221;10%||||false|false&#8221; custom_padding=&#8221;||2px|||&#8221; global_colors_info=&#8221;{}&#8221;]Az \u00d6n tart\u00f3s el\u00e9gedetts\u00e9g\u00e9t <strong>10 \u00e9ves garanci\u00e1val<\/strong> v\u00e9dj\u00fck meg (<span style=\"text-decoration: underline; color: #00ccff;\"><strong><a style=\"color: #00ccff; text-decoration: underline;\" href=\"https:\/\/m-acryl.hu\/garancia\">az M-Acryl k\u00e1dgaranci\u00e1j\u00e1r\u00f3l itt olvashat b\u0151vebben<\/a><\/strong><\/span>).<br \/>\n[\/et_pb_text][et_pb_image src=&#8221;https:\/\/m-acryl.hu\/kad-kisokos\/wp-content\/uploads\/2021\/10\/10evgaranciakek_kepre.png&#8221; alt=&#8221;10 \u00e9v garancia&#8221; title_text=&#8221;10evgaranciakek_kepre&#8221; align=&#8221;center&#8221; _builder_version=&#8221;4.25.1&#8243; _module_preset=&#8221;default&#8221; width=&#8221;20%&#8221; global_colors_info=&#8221;{}&#8221;][\/et_pb_image][et_pb_text _builder_version=&#8221;4.25.1&#8243; _module_preset=&#8221;default&#8221; text_font_size=&#8221;16px&#8221; ul_font_size=&#8221;16px&#8221; ul_line_height=&#8221;1.7em&#8221; ol_font_size=&#8221;16px&#8221; ol_line_height=&#8221;1.7em&#8221; custom_margin=&#8221;10%||||false|false&#8221; custom_padding=&#8221;||2px|||&#8221; global_colors_info=&#8221;{}&#8221;]<\/p>\n<p>&nbsp;<\/p>\n<p>N\u00e9zze meg a Claudia k\u00e1dat a <span style=\"text-decoration: underline; color: #00ccff;\"><strong><a style=\"color: #00ccff; text-decoration: underline;\" href=\"https:\/\/m-acryl.hu\/bemutatoterem\" target=\"_blank\" rel=\"noopener\">k\u00f6zponti bemutat\u00f3term\u00fcnkben<\/a><\/strong><\/span> (vagy <span style=\"color: #00ccff;\"><strong><a style=\"color: #00ccff;\" href=\"https:\/\/m-acryl.hu\/partnerkereso\" target=\"_blank\" rel=\"noopener\"><u>az \u00d6nh\u00f6z legk\u00f6zelebbi partner\u00fcnk\u00e9l<\/u><\/a><\/strong><\/span>), mert a k\u00e9pek csak t\u00f6red\u00e9k\u00e9t adj\u00e1k vissza a k\u00e1d sz\u00e9ps\u00e9g\u00e9nek. Tal\u00e1n els\u00e9t\u00e1l el\u0151tte k\u00e9tszer-h\u00e1romszor, mire azt mondja: \u201eigen, tal\u00e1n ez a gy\u00f6ny\u00f6r\u0171 k\u00e1d lesz az\u201d.<\/p>\n<p>[\/et_pb_text][et_pb_text disabled_on=&#8221;on|on|on&#8221; _builder_version=&#8221;4.27.0&#8243; _module_preset=&#8221;default&#8221; text_font_size=&#8221;16px&#8221; ul_font_size=&#8221;16px&#8221; ul_line_height=&#8221;1.7em&#8221; ol_font_size=&#8221;16px&#8221; ol_line_height=&#8221;1.7em&#8221; custom_margin=&#8221;10%||||false|false&#8221; custom_padding=&#8221;||2px|||&#8221; disabled=&#8221;on&#8221; global_colors_info=&#8221;{}&#8221;]<\/p>\n<h2>2024 augusztus 31-ig a Claudia \u00e1ra -15%-kal kedvez\u0151bb<\/h2>\n<p>Ny\u00e1ri akci\u00f3nk ideje alatt a Claudia k\u00e1dmodell minden m\u00e9ret\u00e9t -15%-kal kedvez\u0151bben veheti meg. A kiv\u00e1l\u00f3 aj\u00e1nlatb\u00f3l \u00edgy lesz visszautas\u00edthatatlan.<\/p>\n<p>N\u00e9zze meg a Claudia k\u00e1dat a <span style=\"text-decoration: underline; color: #00ccff;\"><strong><a style=\"color: #00ccff; text-decoration: underline;\" href=\"https:\/\/m-acryl.hu\/bemutatoterem\" target=\"_blank\" rel=\"noopener\">k\u00f6zponti bemutat\u00f3term\u00fcnkben<\/a><\/strong><\/span> (vagy <span style=\"color: #00ccff;\"><strong><a style=\"color: #00ccff;\" href=\"https:\/\/m-acryl.hu\/partnerkereso\" target=\"_blank\" rel=\"noopener\"><u>az \u00d6nh\u00f6z legk\u00f6zelebbi partner\u00fcnk\u00e9l<\/u><\/a><\/strong><\/span>), mert a k\u00e9pek csak t\u00f6red\u00e9k\u00e9t adj\u00e1k vissza a k\u00e1d sz\u00e9ps\u00e9g\u00e9nek. Tal\u00e1n els\u00e9t\u00e1l el\u0151tte k\u00e9tszer-h\u00e1romszor, mire azt mondja: \u201eigen, tal\u00e1n ez a gy\u00f6ny\u00f6r\u0171 k\u00e1d lesz az\u201d.<\/p>\n<p>[\/et_pb_text][et_pb_image src=&#8221;https:\/\/m-acryl.hu\/kad-kisokos\/wp-content\/uploads\/2024\/04\/Claudia_aszimmetrikus_kad_blog_illusztracio.png&#8221; alt=&#8221;Claudia aszimmetrikus f\u00fcrd\u0151k\u00e1d ny\u00e1ri akci\u00f3&#8221; title_text=&#8221;Claudia_aszimmetrikus_kad_blog_illusztracio&#8221; align=&#8221;center&#8221; force_fullwidth=&#8221;on&#8221; disabled_on=&#8221;on|on|on&#8221; _builder_version=&#8221;4.27.0&#8243; _module_preset=&#8221;default&#8221; disabled=&#8221;on&#8221; global_colors_info=&#8221;{}&#8221;][\/et_pb_image][\/et_pb_column][\/et_pb_row][\/et_pb_section][et_pb_section fb_built=&#8221;1&#8243; _builder_version=&#8221;4.16&#8243; background_color=&#8221;#f0f0f0&#8243; custom_margin=&#8221;||0px|||&#8221; custom_padding=&#8221;9px||1px|||&#8221; top_divider_height=&#8221;25px&#8221; border_width_all=&#8221;23px&#8221; border_color_all=&#8221;#e2e2e2&#8243; locked=&#8221;off&#8221; collapsed=&#8221;on&#8221; global_colors_info=&#8221;{}&#8221;][et_pb_row _builder_version=&#8221;4.16&#8243; width=&#8221;70%&#8221; width_tablet=&#8221;&#8221; width_phone=&#8221;90%&#8221; width_last_edited=&#8221;on|phone&#8221; min_height=&#8221;636px&#8221; custom_margin=&#8221;40px|auto||auto||&#8221; global_colors_info=&#8221;{}&#8221;][et_pb_column type=&#8221;4_4&#8243; _builder_version=&#8221;4.16&#8243; global_colors_info=&#8221;{}&#8221;][et_pb_blurb use_icon=&#8221;on&#8221; font_icon=&#8221;&#xe010;||divi||400&#8243; icon_color=&#8221;#c5d300&#8243; image_icon_width=&#8221;108px&#8221; content_max_width=&#8221;687px&#8221; _builder_version=&#8221;4.16&#8243; header_level=&#8221;h2&#8243; body_text_color=&#8221;#424242&#8243; body_font_size=&#8221;17px&#8221; custom_margin=&#8221;|0px|0px|0px|false|false&#8221; custom_padding=&#8221;|0px||0px|false|false&#8221; icon_font_size=&#8221;108px&#8221; global_colors_info=&#8221;{}&#8221;][\/et_pb_blurb][et_pb_text _builder_version=&#8221;4.16&#8243; header_text_align=&#8221;center&#8221; custom_margin=&#8221;6px||6px||true|false&#8221; global_colors_info=&#8221;{}&#8221;]<\/p>\n<h2 style=\"text-align: center;\">Cikksorozatunk tov\u00e1bbi r\u00e9szei is v\u00e1rj\u00e1k \u00f6nt.<\/h2>\n<p>[\/et_pb_text][et_pb_text _builder_version=&#8221;4.16&#8243; text_text_color=&#8221;#FFFFFF&#8221; text_font_size=&#8221;17px&#8221; text_line_height=&#8221;1.6em&#8221; custom_padding=&#8221;||2px|||&#8221; global_colors_info=&#8221;{}&#8221;]<\/p>\n<p style=\"text-align: center;\"><span style=\"color: #333333;\">K\u00e9rje tov\u00e1bbi inspir\u00e1l\u00f3 \u00e9s szak\u00e9rt\u0151i cikkeinket a f\u00fcrd\u0151k\u00e1d t\u00e9m\u00e1ban. Adja meg e-mail c\u00edm\u00e9t, hogy tov\u00e1bbi hasznos tartalmakat k\u00fcldhess\u00fcnk \u00d6nnek.<br \/>\n<\/span><\/p>\n<p>[\/et_pb_text][et_pb_code _builder_version=&#8221;4.16&#8243; background_color=&#8221;rgba(0,0,0,0)&#8221; custom_padding=&#8221;||0px|||&#8221; animation_style=&#8221;fade&#8221; global_colors_info=&#8221;{}&#8221;]<\/p>\n<div id=\"mmform201115\" class=\"mmform\" style=\"position: relative; padding-bottom: 300px; height: 0; overflow: hidden; max-width: 100%;\"><\/div>\n<p><!-- [et_pb_line_break_holder] --><!-- [et_pb_line_break_holder] --><!-- [et_pb_line_break_holder] --><!-- [et_pb_line_break_holder] --><script type=\"text\/javascript\"><!-- [et_pb_line_break_holder] -->var uniqueId = 2011151587117327,listId = 104491,formId = 201115,iwidth=115,mmDomain='salesautopilot.s3.amazonaws.com',secondMMDomain='sw.marketingszoftverek.hu',spancont=false,secure=('https:' == document.location.protocol)?true:false;<!-- [et_pb_line_break_holder] --><\/script><!-- [et_pb_line_break_holder] --><script type=\"text\/javascript\" src=\"https:\/\/d1ursyhqs5x9h1.cloudfront.net\/sw\/scripts\/mm-embed-iframe-1.15.min.js\"><\/script>[\/et_pb_code][\/et_pb_column][\/et_pb_row][\/et_pb_section]<\/p>\n","protected":false},"excerpt":{"rendered":"<p>Vannak olyan k\u00e1dak, amelyek hars\u00e1nyan eleg\u00e1nsak, kiugranak a katal\u00f3gus lapjair\u00f3l, uralj\u00e1k a bemutat\u00f3termet. A Claudia enn\u00e9l visszafogottabb. Ez nemhogy nem baj, hanem kifejezetten er\u00e9nye.<\/p>\n","protected":false},"author":6,"featured_media":6195,"comment_status":"closed","ping_status":"open","sticky":false,"template":"","format":"standard","meta":{"_et_pb_use_builder":"on","_et_pb_old_content":"","_et_gb_content_width":"","footnotes":""},"categories":[1,69],"tags":[93],"class_list":["post-6184","post","type-post","status-publish","format-standard","has-post-thumbnail","hentry","category-egyeb","category-kozlemeny","tag-aszimmetrikus-furdokad","et-has-post-format-content","et_post_format-et-post-format-standard"],"yoast_head":"<!-- This site is optimized with the Yoast SEO plugin v26.6 - https:\/\/yoast.com\/wordpress\/plugins\/seo\/ -->\n<title>Claudia: a kagyl\u00f3form\u00e1j\u00fa, l\u00e1gy vonalvezet\u00e9s\u0171 aszimmetrikus akrilk\u00e1d - K\u00e1d kisokos<\/title>\n<meta name=\"description\" content=\"Ismerje meg a Claudia k\u00e1dat, ami visszafogott sz\u00e9ps\u00e9g\u00e9vel \u00e9s praktikuss\u00e1g\u00e1val bef\u00e9szkeli mag\u00e1t az \u00d6n sz\u00edv\u00e9be is. Olvassa el a cikk\u00fcnket!\" \/>\n<meta name=\"robots\" content=\"index, nofollow, max-snippet:-1, max-image-preview:large, max-video-preview:-1\" \/>\n<link rel=\"canonical\" href=\"https:\/\/m-acryl.hu\/kad-kisokos\/claudia-a-kagyloformaju-lagy-vonalvezetesu-aszimmetrikus-akrilkad\/\" \/>\n<meta property=\"og:locale\" content=\"hu_HU\" \/>\n<meta property=\"og:type\" content=\"article\" \/>\n<meta property=\"og:title\" content=\"M-Acryl kiemelt ny\u00e1ri k\u00e1dkedvezm\u00e9nyekClaudia: a kagyl\u00f3form\u00e1j\u00fa, l\u00e1gy vonalvezet\u00e9s\u0171 aszimmetrikus akrilk\u00e1d\" \/>\n<meta property=\"og:description\" content=\"Ismerje meg a Claudia k\u00e1dat, ami visszafogott sz\u00e9ps\u00e9g\u00e9vel \u00e9s praktikuss\u00e1g\u00e1val bef\u00e9szkeli mag\u00e1t az \u00d6n sz\u00edv\u00e9be is. Olvassa el a cikk\u00fcnket!\" \/>\n<meta property=\"og:url\" content=\"https:\/\/m-acryl.hu\/kad-kisokos\/claudia-a-kagyloformaju-lagy-vonalvezetesu-aszimmetrikus-akrilkad\/\" \/>\n<meta property=\"og:site_name\" content=\"K\u00e1d kisokos\" \/>\n<meta property=\"article:published_time\" content=\"2024-06-18T08:16:41+00:00\" \/>\n<meta property=\"article:modified_time\" content=\"2026-01-26T13:37:48+00:00\" \/>\n<meta property=\"og:image\" content=\"https:\/\/m-acryl.hu\/kad-kisokos\/wp-content\/uploads\/2024\/06\/Claudia-aszimmetrikus-akril-kad.jpeg\" \/>\n\t<meta property=\"og:image:width\" content=\"1280\" \/>\n\t<meta property=\"og:image:height\" content=\"640\" \/>\n\t<meta property=\"og:image:type\" content=\"image\/jpeg\" \/>\n<meta name=\"author\" content=\"Madar\u00e1sz J\u00falia\" \/>\n<meta name=\"twitter:card\" content=\"summary_large_image\" \/>\n<meta name=\"twitter:title\" content=\"K\u00e1d kisokos\" \/>\n<meta name=\"twitter:label1\" content=\"Szerz\u0151:\" \/>\n\t<meta name=\"twitter:data1\" content=\"Madar\u00e1sz J\u00falia\" \/>\n\t<meta name=\"twitter:label2\" content=\"Becs\u00fclt olvas\u00e1si id\u0151\" \/>\n\t<meta name=\"twitter:data2\" content=\"8 perc\" \/>\n<script type=\"application\/ld+json\" class=\"yoast-schema-graph\">{\"@context\":\"https:\/\/schema.org\",\"@graph\":[{\"@type\":\"WebPage\",\"@id\":\"https:\/\/m-acryl.hu\/kad-kisokos\/claudia-a-kagyloformaju-lagy-vonalvezetesu-aszimmetrikus-akrilkad\/\",\"url\":\"https:\/\/m-acryl.hu\/kad-kisokos\/claudia-a-kagyloformaju-lagy-vonalvezetesu-aszimmetrikus-akrilkad\/\",\"name\":\"Claudia: a kagyl\u00f3form\u00e1j\u00fa, l\u00e1gy vonalvezet\u00e9s\u0171 aszimmetrikus akrilk\u00e1d - K\u00e1d kisokos\",\"isPartOf\":{\"@id\":\"https:\/\/m-acryl.hu\/kad-kisokos\/#website\"},\"primaryImageOfPage\":{\"@id\":\"https:\/\/m-acryl.hu\/kad-kisokos\/claudia-a-kagyloformaju-lagy-vonalvezetesu-aszimmetrikus-akrilkad\/#primaryimage\"},\"image\":{\"@id\":\"https:\/\/m-acryl.hu\/kad-kisokos\/claudia-a-kagyloformaju-lagy-vonalvezetesu-aszimmetrikus-akrilkad\/#primaryimage\"},\"thumbnailUrl\":\"https:\/\/m-acryl.hu\/kad-kisokos\/wp-content\/uploads\/2024\/06\/Claudia-aszimmetrikus-akril-kad.jpeg\",\"datePublished\":\"2024-06-18T08:16:41+00:00\",\"dateModified\":\"2026-01-26T13:37:48+00:00\",\"author\":{\"@id\":\"https:\/\/m-acryl.hu\/kad-kisokos\/#\/schema\/person\/97de8d1c7a799dff979832f222a8832a\"},\"description\":\"Ismerje meg a Claudia k\u00e1dat, ami visszafogott sz\u00e9ps\u00e9g\u00e9vel \u00e9s praktikuss\u00e1g\u00e1val bef\u00e9szkeli mag\u00e1t az \u00d6n sz\u00edv\u00e9be is. Olvassa el a cikk\u00fcnket!\",\"breadcrumb\":{\"@id\":\"https:\/\/m-acryl.hu\/kad-kisokos\/claudia-a-kagyloformaju-lagy-vonalvezetesu-aszimmetrikus-akrilkad\/#breadcrumb\"},\"inLanguage\":\"hu\",\"potentialAction\":[{\"@type\":\"ReadAction\",\"target\":[\"https:\/\/m-acryl.hu\/kad-kisokos\/claudia-a-kagyloformaju-lagy-vonalvezetesu-aszimmetrikus-akrilkad\/\"]}]},{\"@type\":\"ImageObject\",\"inLanguage\":\"hu\",\"@id\":\"https:\/\/m-acryl.hu\/kad-kisokos\/claudia-a-kagyloformaju-lagy-vonalvezetesu-aszimmetrikus-akrilkad\/#primaryimage\",\"url\":\"https:\/\/m-acryl.hu\/kad-kisokos\/wp-content\/uploads\/2024\/06\/Claudia-aszimmetrikus-akril-kad.jpeg\",\"contentUrl\":\"https:\/\/m-acryl.hu\/kad-kisokos\/wp-content\/uploads\/2024\/06\/Claudia-aszimmetrikus-akril-kad.jpeg\",\"width\":1280,\"height\":640,\"caption\":\"Claudia aszimmetrikus akril f\u00fcrd\u0151k\u00e1d bor\u00edt\u00f3k\u00e9p\"},{\"@type\":\"BreadcrumbList\",\"@id\":\"https:\/\/m-acryl.hu\/kad-kisokos\/claudia-a-kagyloformaju-lagy-vonalvezetesu-aszimmetrikus-akrilkad\/#breadcrumb\",\"itemListElement\":[{\"@type\":\"ListItem\",\"position\":1,\"name\":\"Home\",\"item\":\"https:\/\/m-acryl.hu\/kad-kisokos\/\"},{\"@type\":\"ListItem\",\"position\":2,\"name\":\"Claudia: a kagyl\u00f3form\u00e1j\u00fa, l\u00e1gy vonalvezet\u00e9s\u0171 aszimmetrikus akrilk\u00e1d\"}]},{\"@type\":\"WebSite\",\"@id\":\"https:\/\/m-acryl.hu\/kad-kisokos\/#website\",\"url\":\"https:\/\/m-acryl.hu\/kad-kisokos\/\",\"name\":\"K\u00e1d kisokos\",\"description\":\"Az M-Acryl f\u00fcrd\u0151k\u00e1dakr\u00f3l k\u00f6z\u00e9rthet\u0151en\",\"potentialAction\":[{\"@type\":\"SearchAction\",\"target\":{\"@type\":\"EntryPoint\",\"urlTemplate\":\"https:\/\/m-acryl.hu\/kad-kisokos\/?s={search_term_string}\"},\"query-input\":{\"@type\":\"PropertyValueSpecification\",\"valueRequired\":true,\"valueName\":\"search_term_string\"}}],\"inLanguage\":\"hu\"},{\"@type\":\"Person\",\"@id\":\"https:\/\/m-acryl.hu\/kad-kisokos\/#\/schema\/person\/97de8d1c7a799dff979832f222a8832a\",\"name\":\"Madar\u00e1sz J\u00falia\",\"image\":{\"@type\":\"ImageObject\",\"inLanguage\":\"hu\",\"@id\":\"https:\/\/m-acryl.hu\/kad-kisokos\/#\/schema\/person\/image\/\",\"url\":\"https:\/\/secure.gravatar.com\/avatar\/0c204b742e4037a414beff290aada3b58a7839bb7d65d671f1680e8e30182f0c?s=96&d=mm&r=g\",\"contentUrl\":\"https:\/\/secure.gravatar.com\/avatar\/0c204b742e4037a414beff290aada3b58a7839bb7d65d671f1680e8e30182f0c?s=96&d=mm&r=g\",\"caption\":\"Madar\u00e1sz J\u00falia\"},\"url\":\"https:\/\/m-acryl.hu\/kad-kisokos\/author\/julia\/\"}]}<\/script>\n<!-- \/ Yoast SEO plugin. -->","yoast_head_json":{"title":"Claudia: a kagyl\u00f3form\u00e1j\u00fa, l\u00e1gy vonalvezet\u00e9s\u0171 aszimmetrikus akrilk\u00e1d - K\u00e1d kisokos","description":"Ismerje meg a Claudia k\u00e1dat, ami visszafogott sz\u00e9ps\u00e9g\u00e9vel \u00e9s praktikuss\u00e1g\u00e1val bef\u00e9szkeli mag\u00e1t az \u00d6n sz\u00edv\u00e9be is. Olvassa el a cikk\u00fcnket!","robots":{"index":"index","follow":"nofollow","max-snippet":"max-snippet:-1","max-image-preview":"max-image-preview:large","max-video-preview":"max-video-preview:-1"},"canonical":"https:\/\/m-acryl.hu\/kad-kisokos\/claudia-a-kagyloformaju-lagy-vonalvezetesu-aszimmetrikus-akrilkad\/","og_locale":"hu_HU","og_type":"article","og_title":"M-Acryl kiemelt ny\u00e1ri k\u00e1dkedvezm\u00e9nyekClaudia: a kagyl\u00f3form\u00e1j\u00fa, l\u00e1gy vonalvezet\u00e9s\u0171 aszimmetrikus akrilk\u00e1d","og_description":"Ismerje meg a Claudia k\u00e1dat, ami visszafogott sz\u00e9ps\u00e9g\u00e9vel \u00e9s praktikuss\u00e1g\u00e1val bef\u00e9szkeli mag\u00e1t az \u00d6n sz\u00edv\u00e9be is. Olvassa el a cikk\u00fcnket!","og_url":"https:\/\/m-acryl.hu\/kad-kisokos\/claudia-a-kagyloformaju-lagy-vonalvezetesu-aszimmetrikus-akrilkad\/","og_site_name":"K\u00e1d kisokos","article_published_time":"2024-06-18T08:16:41+00:00","article_modified_time":"2026-01-26T13:37:48+00:00","og_image":[{"width":1280,"height":640,"url":"https:\/\/m-acryl.hu\/kad-kisokos\/wp-content\/uploads\/2024\/06\/Claudia-aszimmetrikus-akril-kad.jpeg","type":"image\/jpeg"}],"author":"Madar\u00e1sz J\u00falia","twitter_card":"summary_large_image","twitter_title":"K\u00e1d kisokos","twitter_misc":{"Szerz\u0151:":"Madar\u00e1sz J\u00falia","Becs\u00fclt olvas\u00e1si id\u0151":"8 perc"},"schema":{"@context":"https:\/\/schema.org","@graph":[{"@type":"WebPage","@id":"https:\/\/m-acryl.hu\/kad-kisokos\/claudia-a-kagyloformaju-lagy-vonalvezetesu-aszimmetrikus-akrilkad\/","url":"https:\/\/m-acryl.hu\/kad-kisokos\/claudia-a-kagyloformaju-lagy-vonalvezetesu-aszimmetrikus-akrilkad\/","name":"Claudia: a kagyl\u00f3form\u00e1j\u00fa, l\u00e1gy vonalvezet\u00e9s\u0171 aszimmetrikus akrilk\u00e1d - K\u00e1d kisokos","isPartOf":{"@id":"https:\/\/m-acryl.hu\/kad-kisokos\/#website"},"primaryImageOfPage":{"@id":"https:\/\/m-acryl.hu\/kad-kisokos\/claudia-a-kagyloformaju-lagy-vonalvezetesu-aszimmetrikus-akrilkad\/#primaryimage"},"image":{"@id":"https:\/\/m-acryl.hu\/kad-kisokos\/claudia-a-kagyloformaju-lagy-vonalvezetesu-aszimmetrikus-akrilkad\/#primaryimage"},"thumbnailUrl":"https:\/\/m-acryl.hu\/kad-kisokos\/wp-content\/uploads\/2024\/06\/Claudia-aszimmetrikus-akril-kad.jpeg","datePublished":"2024-06-18T08:16:41+00:00","dateModified":"2026-01-26T13:37:48+00:00","author":{"@id":"https:\/\/m-acryl.hu\/kad-kisokos\/#\/schema\/person\/97de8d1c7a799dff979832f222a8832a"},"description":"Ismerje meg a Claudia k\u00e1dat, ami visszafogott sz\u00e9ps\u00e9g\u00e9vel \u00e9s praktikuss\u00e1g\u00e1val bef\u00e9szkeli mag\u00e1t az \u00d6n sz\u00edv\u00e9be is. Olvassa el a cikk\u00fcnket!","breadcrumb":{"@id":"https:\/\/m-acryl.hu\/kad-kisokos\/claudia-a-kagyloformaju-lagy-vonalvezetesu-aszimmetrikus-akrilkad\/#breadcrumb"},"inLanguage":"hu","potentialAction":[{"@type":"ReadAction","target":["https:\/\/m-acryl.hu\/kad-kisokos\/claudia-a-kagyloformaju-lagy-vonalvezetesu-aszimmetrikus-akrilkad\/"]}]},{"@type":"ImageObject","inLanguage":"hu","@id":"https:\/\/m-acryl.hu\/kad-kisokos\/claudia-a-kagyloformaju-lagy-vonalvezetesu-aszimmetrikus-akrilkad\/#primaryimage","url":"https:\/\/m-acryl.hu\/kad-kisokos\/wp-content\/uploads\/2024\/06\/Claudia-aszimmetrikus-akril-kad.jpeg","contentUrl":"https:\/\/m-acryl.hu\/kad-kisokos\/wp-content\/uploads\/2024\/06\/Claudia-aszimmetrikus-akril-kad.jpeg","width":1280,"height":640,"caption":"Claudia aszimmetrikus akril f\u00fcrd\u0151k\u00e1d bor\u00edt\u00f3k\u00e9p"},{"@type":"BreadcrumbList","@id":"https:\/\/m-acryl.hu\/kad-kisokos\/claudia-a-kagyloformaju-lagy-vonalvezetesu-aszimmetrikus-akrilkad\/#breadcrumb","itemListElement":[{"@type":"ListItem","position":1,"name":"Home","item":"https:\/\/m-acryl.hu\/kad-kisokos\/"},{"@type":"ListItem","position":2,"name":"Claudia: a kagyl\u00f3form\u00e1j\u00fa, l\u00e1gy vonalvezet\u00e9s\u0171 aszimmetrikus akrilk\u00e1d"}]},{"@type":"WebSite","@id":"https:\/\/m-acryl.hu\/kad-kisokos\/#website","url":"https:\/\/m-acryl.hu\/kad-kisokos\/","name":"K\u00e1d kisokos","description":"Az M-Acryl f\u00fcrd\u0151k\u00e1dakr\u00f3l k\u00f6z\u00e9rthet\u0151en","potentialAction":[{"@type":"SearchAction","target":{"@type":"EntryPoint","urlTemplate":"https:\/\/m-acryl.hu\/kad-kisokos\/?s={search_term_string}"},"query-input":{"@type":"PropertyValueSpecification","valueRequired":true,"valueName":"search_term_string"}}],"inLanguage":"hu"},{"@type":"Person","@id":"https:\/\/m-acryl.hu\/kad-kisokos\/#\/schema\/person\/97de8d1c7a799dff979832f222a8832a","name":"Madar\u00e1sz J\u00falia","image":{"@type":"ImageObject","inLanguage":"hu","@id":"https:\/\/m-acryl.hu\/kad-kisokos\/#\/schema\/person\/image\/","url":"https:\/\/secure.gravatar.com\/avatar\/0c204b742e4037a414beff290aada3b58a7839bb7d65d671f1680e8e30182f0c?s=96&d=mm&r=g","contentUrl":"https:\/\/secure.gravatar.com\/avatar\/0c204b742e4037a414beff290aada3b58a7839bb7d65d671f1680e8e30182f0c?s=96&d=mm&r=g","caption":"Madar\u00e1sz J\u00falia"},"url":"https:\/\/m-acryl.hu\/kad-kisokos\/author\/julia\/"}]}},"_links":{"self":[{"href":"https:\/\/m-acryl.hu\/kad-kisokos\/wp-json\/wp\/v2\/posts\/6184","targetHints":{"allow":["GET"]}}],"collection":[{"href":"https:\/\/m-acryl.hu\/kad-kisokos\/wp-json\/wp\/v2\/posts"}],"about":[{"href":"https:\/\/m-acryl.hu\/kad-kisokos\/wp-json\/wp\/v2\/types\/post"}],"author":[{"embeddable":true,"href":"https:\/\/m-acryl.hu\/kad-kisokos\/wp-json\/wp\/v2\/users\/6"}],"replies":[{"embeddable":true,"href":"https:\/\/m-acryl.hu\/kad-kisokos\/wp-json\/wp\/v2\/comments?post=6184"}],"version-history":[{"count":24,"href":"https:\/\/m-acryl.hu\/kad-kisokos\/wp-json\/wp\/v2\/posts\/6184\/revisions"}],"predecessor-version":[{"id":7372,"href":"https:\/\/m-acryl.hu\/kad-kisokos\/wp-json\/wp\/v2\/posts\/6184\/revisions\/7372"}],"wp:featuredmedia":[{"embeddable":true,"href":"https:\/\/m-acryl.hu\/kad-kisokos\/wp-json\/wp\/v2\/media\/6195"}],"wp:attachment":[{"href":"https:\/\/m-acryl.hu\/kad-kisokos\/wp-json\/wp\/v2\/media?parent=6184"}],"wp:term":[{"taxonomy":"category","embeddable":true,"href":"https:\/\/m-acryl.hu\/kad-kisokos\/wp-json\/wp\/v2\/categories?post=6184"},{"taxonomy":"post_tag","embeddable":true,"href":"https:\/\/m-acryl.hu\/kad-kisokos\/wp-json\/wp\/v2\/tags?post=6184"}],"curies":[{"name":"wp","href":"https:\/\/api.w.org\/{rel}","templated":true}]}}