{"id":5366,"date":"2023-02-02T09:37:53","date_gmt":"2023-02-02T09:37:53","guid":{"rendered":"https:\/\/m-acryl.hu\/kad-kisokos\/?p=5366"},"modified":"2023-12-14T12:34:04","modified_gmt":"2023-12-14T12:34:04","slug":"mit-jelent-pontosan-az-antibakterialis-felulet","status":"publish","type":"post","link":"https:\/\/m-acryl.hu\/kad-kisokos\/mit-jelent-pontosan-az-antibakterialis-felulet\/","title":{"rendered":"Mit jelent pontosan az \u201eantibakteri\u00e1lis fel\u00fclet\u201d? (Az M-Acryl \u201e\u00f6ntisztul\u00f3\u201d akrilja)"},"content":{"rendered":"<p>[et_pb_section fb_built=&#8221;1&#8243; _builder_version=&#8221;4.16&#8243; _module_preset=&#8221;default&#8221; global_colors_info=&#8221;{}&#8221;][et_pb_row _builder_version=&#8221;4.17.4&#8243; _module_preset=&#8221;default&#8221; width=&#8221;70%&#8221; custom_margin_tablet=&#8221;&#8221; custom_margin_phone=&#8221;0px||||false|false&#8221; custom_margin_last_edited=&#8221;on|phone&#8221; custom_padding=&#8221;0px||5%||false|false&#8221; global_colors_info=&#8221;{}&#8221;][et_pb_column type=&#8221;4_4&#8243; _builder_version=&#8221;4.16&#8243; _module_preset=&#8221;default&#8221; global_colors_info=&#8221;{}&#8221;][et_pb_text _builder_version=&#8221;4.17.4&#8243; _module_preset=&#8221;default&#8221; text_font_size=&#8221;16px&#8221; ul_font_size=&#8221;16px&#8221; ul_line_height=&#8221;1.7em&#8221; ol_font_size=&#8221;16px&#8221; ol_line_height=&#8221;1.7em&#8221; custom_padding=&#8221;||2px|||&#8221; global_colors_info=&#8221;{}&#8221;]<\/p>\n<p><span style=\"font-weight: 400;\">\u00d6n szeret olyat tudni, amit m\u00e1sok nem?<\/span><\/p>\n<p><span style=\"font-weight: 400;\">(A k\u00e9perny\u0151 el\u0151tt nyugodtan b\u00f3linthat egyet \u2013 senkinek nem mondom el, hogy igen.)<\/span><\/p>\n<p><span style=\"font-weight: 400;\">Olvasson tov\u00e1bb, mert megtudja, mit jelent az, hogy az M-Acryl k\u00e1dak szaniterakrilja <\/span><i><span style=\"font-weight: 400;\">antibakteri\u00e1lis<\/span><\/i><span style=\"font-weight: 400;\">.<\/span><\/p>\n<p>[\/et_pb_text][\/et_pb_column][\/et_pb_row][et_pb_row _builder_version=&#8221;4.17.4&#8243; _module_preset=&#8221;default&#8221; width=&#8221;70%&#8221; custom_margin_tablet=&#8221;&#8221; custom_margin_phone=&#8221;0px||||false|false&#8221; custom_margin_last_edited=&#8221;on|phone&#8221; custom_padding=&#8221;0px||5%||false|false&#8221; global_colors_info=&#8221;{}&#8221;][et_pb_column type=&#8221;4_4&#8243; _builder_version=&#8221;4.16&#8243; _module_preset=&#8221;default&#8221; global_colors_info=&#8221;{}&#8221;][et_pb_text _builder_version=&#8221;4.19.4&#8243; _module_preset=&#8221;default&#8221; global_colors_info=&#8221;{}&#8221;]<\/p>\n<h2><strong>\u201eTudom, mit jelent! Ezt:\u201d<\/strong><\/h2>\n<p>[\/et_pb_text][et_pb_text _builder_version=&#8221;4.19.4&#8243; _module_preset=&#8221;default&#8221; text_font_size=&#8221;16px&#8221; ul_font_size=&#8221;16px&#8221; ul_line_height=&#8221;1.7em&#8221; ol_font_size=&#8221;16px&#8221; ol_line_height=&#8221;1.7em&#8221; custom_padding=&#8221;||2px|||&#8221; global_colors_info=&#8221;{}&#8221;]<\/p>\n<p><span style=\"font-weight: 400;\">Antibakteri\u00e1lis fel\u00fclet az, amely <strong>akad\u00e1lyozza a bakt\u00e9riumok, v\u00edrusok, am\u0151b\u00e1k, gomb\u00e1k elszaporod\u00e1s\u00e1t, a megl\u00e9v\u0151ket elpuszt\u00edtja<\/strong>.<\/span><\/p>\n<p><span style=\"font-weight: 400;\">Rendben, de hogyan?<\/span><\/p>\n<p><span style=\"font-weight: 400;\">\u00c9s mi\u00e9rt fontos ez, amikor tiszt\u00edt\u00f3szerrel el\u00e9rhet\u0151 ugyanez?<\/span><\/p>\n<p><span style=\"font-weight: 400;\">El\u0151sz\u00f6r tegy\u00fck rendbe az antibakteri\u00e1lis sz\u00f3t. Mondhatn\u00e1nk fert\u0151tlen\u00edt\u00e9snek is, de nem mondjuk, mert nem teljesen az. Az \u201eelpuszt\u00edtom a mikroorganizmusokat\u201d 3 elt\u00e9r\u0151 mechanizmussal t\u00f6rt\u00e9nhet:<\/span><\/p>\n<ol>\n<li style=\"font-weight: 400;\" aria-level=\"1\"><span style=\"font-weight: 400;\">cs\u00edr\u00e1tlan\u00edt\u00e1s vagy n\u00f6veked\u00e9s megakad\u00e1lyoz\u00e1sa (teh\u00e1t ha a fel\u00fcletre ker\u00fcl egy gomba sp\u00f3r\u00e1ja, \u00e9rj\u00fck el, hogy ne legyen bel\u0151le pen\u00e9sz),<\/span><\/li>\n<li style=\"font-weight: 400;\" aria-level=\"1\"><span style=\"font-weight: 400;\">\u00f6l\u00e9s (essen sz\u00e9t a baci, legyen \u00e1rtalmatlan a v\u00edrus),<\/span><\/li>\n<li style=\"font-weight: 400;\" aria-level=\"1\"><span style=\"font-weight: 400;\">\u00fajrateleped\u00e9s megakad\u00e1lyoz\u00e1sa (a frissen tiszt\u00edtott fel\u00fcleten nehezebben tapadjon meg a bakt\u00e9riumhorda, maradjon tov\u00e1bb tiszta).<\/span><\/li>\n<\/ol>\n<p><span style=\"font-weight: 400;\">Az M-Acryl a 2-es \u00e9s a 3-as mechanizmust haszn\u00e1lja (mindj\u00e1rt r\u00e9szletezz\u00fck, hogyan), ez\u00e9rt mondjuk antibakteri\u00e1lisnak.<\/span><\/p>\n<p>[\/et_pb_text][et_pb_text _builder_version=&#8221;4.19.4&#8243; _module_preset=&#8221;default&#8221; text_font_size=&#8221;16px&#8221; ul_font_size=&#8221;16px&#8221; ul_line_height=&#8221;1.7em&#8221; ol_font_size=&#8221;16px&#8221; ol_line_height=&#8221;1.7em&#8221; custom_padding=&#8221;||2px|||&#8221; global_colors_info=&#8221;{}&#8221;]<\/p>\n<p><span style=\"font-weight: 400;\">Mondhatn\u00e1nk m\u00e1shogy?<\/span><\/p>\n<p><span style=\"font-weight: 400;\">Antibakteri\u00e1lisnak mondjuk a fel\u00fcletet (mert \u00edgy terjedt el), de val\u00f3j\u00e1ban <strong>mikroorganizmus-ellenes<\/strong> volna a pontos megnevez\u00e9s (mert nemcsak bakt\u00e9riumokat \u00f6l\u00fcnk, hanem minden egysejt\u0171t \u00e9s v\u00edrust). (Az angol szakirodalom \u00e1ltal\u00e1ban az <\/span><em><span style=\"font-weight: 400;\">antimicrobial<\/span><\/em><span style=\"font-weight: 400;\"> sz\u00f3t haszn\u00e1lja, amit ford\u00edthatunk <em>antimikrobi\u00e1lisnak<\/em>, amely cs\u00fanya, de legal\u00e1bb pontos.)<\/span><\/p>\n<p>[\/et_pb_text][\/et_pb_column][\/et_pb_row][et_pb_row _builder_version=&#8221;4.17.4&#8243; _module_preset=&#8221;default&#8221; width=&#8221;70%&#8221; custom_margin_tablet=&#8221;&#8221; custom_margin_phone=&#8221;0px||||false|false&#8221; custom_margin_last_edited=&#8221;on|phone&#8221; custom_padding=&#8221;0px||5%||false|false&#8221; global_colors_info=&#8221;{}&#8221;][et_pb_column type=&#8221;4_4&#8243; _builder_version=&#8221;4.16&#8243; _module_preset=&#8221;default&#8221; global_colors_info=&#8221;{}&#8221;][et_pb_text _builder_version=&#8221;4.19.4&#8243; _module_preset=&#8221;default&#8221; global_colors_info=&#8221;{}&#8221;]<\/p>\n<h2><strong>Molekul\u00e1s sz\u00f3val elkapott bakt\u00e9riumok \u00e9s a mikroszkopikus K\u0151m\u00edves Kelemenn\u00e9<\/strong><\/h2>\n<p>[\/et_pb_text][et_pb_text _builder_version=&#8221;4.19.4&#8243; _module_preset=&#8221;default&#8221; text_font_size=&#8221;16px&#8221; ul_font_size=&#8221;16px&#8221; ul_line_height=&#8221;1.7em&#8221; ol_font_size=&#8221;16px&#8221; ol_line_height=&#8221;1.7em&#8221; custom_padding=&#8221;||2px|||&#8221; global_colors_info=&#8221;{}&#8221;]<\/p>\n<p><span style=\"font-weight: 400;\">A \u201efert\u0151tlen\u00edt\u00e9s\u201d sz\u00f3r\u00f3l az jut esz\u00fcnkbe, hogy valami er\u0151s vegyszerrel v\u00e9gigmossuk az akrilfel\u00fcletet, amely \u00edgy a tiszt\u00edt\u00f3szer elillan\u00e1s\u00e1ig 99,999%-ban cs\u00edramentess\u00e9 v\u00e1lik, ut\u00e1na meg visszaszennyezi a leveg\u0151 pora, a p\u00e1racseppek, a kez\u00fcnk, a macsk\u00e1nk, a pfej-de-koszos vil\u00e1g.<\/span><\/p>\n<p><span style=\"font-weight: 400;\">Ez az <strong>akt\u00edv tiszt\u00edt\u00e1s<\/strong>, melynek helye van.\u00a0<\/span><\/p>\n<p>[\/et_pb_text][et_pb_image src=&#8221;https:\/\/m-acryl.hu\/kad-kisokos\/wp-content\/uploads\/2023\/02\/m-acryl_furdokadtakaritas.jpg&#8221; alt=&#8221;M-Acryl f\u00fcrd\u0151k\u00e1d takar\u00edt\u00e1s&#8221; title_text=&#8221;m-acryl_furdokadtakaritas&#8221; _builder_version=&#8221;4.19.4&#8243; _module_preset=&#8221;default&#8221; global_colors_info=&#8221;{}&#8221;][\/et_pb_image][et_pb_text _builder_version=&#8221;4.19.4&#8243; _module_preset=&#8221;default&#8221; text_font_size=&#8221;16px&#8221; ul_font_size=&#8221;16px&#8221; ul_line_height=&#8221;1.7em&#8221; ol_font_size=&#8221;16px&#8221; ol_line_height=&#8221;1.7em&#8221; custom_padding=&#8221;||2px|||&#8221; global_colors_info=&#8221;{}&#8221;]<\/p>\n<p><span style=\"font-weight: 400;\">De mi most arr\u00f3l az esetr\u0151l besz\u00e9lget\u00fcnk, amikor <strong>maga a fel\u00fclet antibakteri\u00e1lis<\/strong> an\u00e9lk\u00fcl, hogy hozz\u00e1 k\u00e9ne ny\u00falnunk. Ez fontos felhaszn\u00e1l\u00e1si ter\u00fclet p\u00e9ld\u00e1ul a m\u0171fogsorokn\u00e1l: milyen anyaggal vonjuk be a m\u0171fogak fel\u00fclet\u00e9t ahhoz, hogy tiszt\u00edt\u00e1s ut\u00e1n a lehet\u0151 legtov\u00e1bb tiszta maradjon? (Nem re\u00e1lis, hogy \u00f3r\u00e1nk\u00e9nt sz\u00e1jv\u00edzzel \u00f6bl\u00f6gess\u00fcnk \u00e9s a biofilmk\u00e9pz\u0151d\u00e9st akad\u00e1lyoz\u00f3 fogsor eg\u00e9szs\u00e9gesebb \u00e9s jobb min\u0151s\u00e9g\u0171, mint a k\u00f6nnyebben \u00f6sszebaciz\u00f3d\u00f3.)<\/span><\/p>\n<p>[\/et_pb_text][et_pb_text _builder_version=&#8221;4.19.4&#8243; _module_preset=&#8221;default&#8221; text_font_size=&#8221;16px&#8221; ul_font_size=&#8221;16px&#8221; ul_line_height=&#8221;1.7em&#8221; ol_font_size=&#8221;16px&#8221; ol_line_height=&#8221;1.7em&#8221; background_color=&#8221;rgba(215,243,247,0.41)&#8221; custom_margin=&#8221;||0px||false|false&#8221; custom_padding=&#8221;2%|2%|2%|2%|false|false&#8221; global_colors_info=&#8221;{}&#8221;]<\/p>\n<p><em><span style=\"font-weight: 400;\"><\/span><\/em><\/p>\n<p><em><span style=\"font-weight: 400;\">A megold\u00e1s \u201econtact biocide\u201d (nyersford\u00edtva: fert\u0151tlen\u00edt\u0151 fel\u00fclet) vagy \u201econtact-active polymer\u201d (fel\u00fcletakt\u00edv polimer). A fog\u00e1szati eszk\u00f6z\u00f6k antimikrobi\u00e1liss\u00e1 t\u00e9tel\u00e9t vizsg\u00e1lja <\/span><span style=\"text-decoration: underline; color: #00ccff;\"><strong><a href=\"https:\/\/www.ncbi.nlm.nih.gov\/pmc\/articles\/PMC3881852\/\" target=\"_blank\" rel=\"noopener\" style=\"color: #00ccff; text-decoration: underline;\">ez a kutat\u00e1s<\/a><\/strong><\/span><span style=\"font-weight: 400;\">. Ez egy felhaszn\u00e1l\u00e1si fel\u00fclet a sok k\u00f6z\u00fcl. V\u00edzt\u00e1rol\u00f3k (pl. rep\u00fcl\u0151g\u00e9pen), \u00e9lelmiszersz\u00e1ll\u00edt\u00e1s -\u00e9s t\u00e1rol\u00e1s, vend\u00e9gl\u00e1t\u00f3helyek \u00e9s sz\u00e1llodaipar is \u00f6r\u00f6mmel vesz minden kutat\u00e1st. A mikroba\u00f6l\u0151 fel\u00fclet nekik jobb min\u0151s\u00e9g\u0171 kiszolg\u00e1l\u00e1st, k\u00f6lts\u00e9gtakar\u00e9koss\u00e1got \u00e9s jobb (eg\u00e9szs\u00e9g\u00fcgyi) megfelel\u0151s\u00e9get jelent.<\/span><\/em><\/p>\n<p><em><span style=\"font-weight: 400;\">Magyar nyelven a Fogorvosi Szemle 2016-os <\/span><span style=\"text-decoration: underline; color: #00ccff;\"><strong><a href=\"https:\/\/ojs.mtak.hu\/index.php\/fogorv-szemle\/article\/download\/4957\/3898\" target=\"_blank\" rel=\"noopener\" style=\"color: #00ccff; text-decoration: underline;\">cikk\u00e9t<\/a><\/strong><\/span><span style=\"font-weight: 400;\"> aj\u00e1nlom \u00e1tfut\u00e1sra (Bakt\u00e9rium- \u00e9s gomba\u00f6l\u0151 polimerek a fog\u00e1szatban, kattint\u00e1s ut\u00e1n let\u00f6lt egy PDF-et \u2013 benne a cikkel), amely a lehets\u00e9ges felhaszn\u00e1l\u00e1si m\u00f3dokr\u00f3l \u00e9rtekezik.<\/span><\/em><\/p>\n<p>[\/et_pb_text][et_pb_text _builder_version=&#8221;4.19.4&#8243; _module_preset=&#8221;default&#8221; text_font_size=&#8221;16px&#8221; ul_font_size=&#8221;16px&#8221; ul_line_height=&#8221;1.7em&#8221; ol_font_size=&#8221;16px&#8221; ol_line_height=&#8221;1.7em&#8221; background_color=&#8221;rgba(215,243,247,0.41)&#8221; custom_margin=&#8221;||||false|false&#8221; custom_padding=&#8221;2%|2%|2%|2%|false|false&#8221; global_colors_info=&#8221;{}&#8221;]<\/p>\n<p>&nbsp;<\/p>\n<p><em><span style=\"font-weight: 400;\">\u00c9rdemes az angol \u201e<\/span><span style=\"text-decoration: underline; color: #00ccff;\"><strong><a href=\"https:\/\/en.wikipedia.org\/wiki\/Antimicrobial_polymer\" style=\"color: #00ccff; text-decoration: underline;\">antimicrobial polymer<\/a><\/strong><\/span><span style=\"font-weight: 400;\">\u201d Wikipedia-sz\u00f3cikket is \u00e1tfutni, ami \u00f6sszefoglalja, hogy \u00e1ltal\u00e1ban milyen hat\u00e1ssal \u00f6lik a polimerek az egysejt\u0171 k\u00f3rokoz\u00f3kat.<\/span><\/em><\/p>\n<p><em><span style=\"font-weight: 400;\">A \u201efel\u00fcletakt\u00edv polimer\u201d els\u0151dlegesen az elektrosztatikus, m\u00e1sodlagosan a hidrof\u00f3b \u00e9s a kel\u00e1that\u00e1st haszn\u00e1lja.<\/span><\/em><\/p>\n<ol>\n<li style=\"font-weight: 400;\" aria-level=\"1\"><em><span style=\"font-weight: 400;\">Elektrosztatikus: a polimer kationos t\u00f6lt\u00e9s\u0171 (+), m\u00edg a bakt\u00e9rium sejtfala anionos (-). \u00cdgy a polimer \u00e9s a sejtfal vonzza egym\u00e1st, az egysejt\u0171 sejtfala akkora er\u0151vel \u201ecsap\u00f3dik\u201d neki a polimernek, hogy a sejt sz\u00e9tesik, a bakt\u00e9rium elpusztul.<\/span><\/em><\/li>\n<li style=\"font-weight: 400;\" aria-level=\"1\"><em><span style=\"font-weight: 400;\">A hidrof\u00f3b hat\u00e1s ehhez hasonl\u00f3 olyan \u00e9rtelemben, hogy a sejtfal v\u00edzvonz\u00f3 r\u00e9sz\u00e9t (hidrofil) mag\u00e1hoz h\u00fazza, v\u00edztasz\u00edt\u00f3 r\u00e9sz\u00e9t (hidrof\u00f3b) pedig eltolja, \u00edgy a sejt \u201eelszakad\u201d.<\/span><\/em><\/li>\n<li style=\"font-weight: 400;\" aria-level=\"1\"><em><span style=\"font-weight: 400;\">A kel\u00e1that\u00e1s sor\u00e1n a polimer \u00f6sszekapcsol\u00f3dik egy er\u0151s k\u00f6tel\u00e9kbe a sejtfal molekul\u00e1ival, \u00edgy a k\u00f3rokoz\u00f3 elpusztul. Nem pontos, de \u00e9rz\u00e9kletes: mikroszkopikus szinten K\u0151m\u00edves Kelemenn\u00e9 tesz minden bakt\u00e9riumot, amelyek \u00edgy \u201ef\u00e9lig az akrilfalba\u201d \u00e9p\u00fclve elpusztulnak, darabjaikra esnek.<\/span><\/em><\/li>\n<\/ol>\n<p>[\/et_pb_text][et_pb_text _builder_version=&#8221;4.19.4&#8243; _module_preset=&#8221;default&#8221; text_font_size=&#8221;16px&#8221; ul_font_size=&#8221;16px&#8221; ul_line_height=&#8221;1.7em&#8221; ol_font_size=&#8221;16px&#8221; ol_line_height=&#8221;1.7em&#8221; custom_padding=&#8221;||2px|||&#8221; global_colors_info=&#8221;{}&#8221;]<\/p>\n<p><span style=\"font-weight: 400;\">Teh\u00e1t az akril minden bakt\u00e9riumnak, v\u00edrusnak, am\u0151b\u00e1nak, gombasp\u00f3r\u00e1nak azt d\u00fadolja, hogy <\/span><i><span style=\"font-weight: 400;\">\u201enem vagy itt j\u00f3 helyen, nem vagy val\u00f3 nekem\u201d.<\/span><\/i><span style=\"font-weight: 400;\"> Ami cseppel, porral vagy b\u00e1rhogyan fel\u00fclet\u00e9re \u00e9rkezik, azt felny\u00e1rsalja, sz\u00e9th\u00fazza, darabjaira szedi.<\/span><\/p>\n<p>[\/et_pb_text][\/et_pb_column][\/et_pb_row][et_pb_row _builder_version=&#8221;4.17.4&#8243; _module_preset=&#8221;default&#8221; width=&#8221;70%&#8221; custom_margin_tablet=&#8221;&#8221; custom_margin_phone=&#8221;0px||||false|false&#8221; custom_margin_last_edited=&#8221;on|phone&#8221; custom_padding=&#8221;0px||5%||false|false&#8221; global_colors_info=&#8221;{}&#8221;][et_pb_column type=&#8221;4_4&#8243; _builder_version=&#8221;4.16&#8243; _module_preset=&#8221;default&#8221; global_colors_info=&#8221;{}&#8221;][et_pb_image src=&#8221;https:\/\/m-acryl.hu\/kad-kisokos\/wp-content\/uploads\/2023\/02\/Macryl_akrilkad_antibakterialisfelulet.jpg&#8221; title_text=&#8221;Macryl_akrilkad_antibakterialisfelulet&#8221; _builder_version=&#8221;4.19.4&#8243; _module_preset=&#8221;default&#8221; global_colors_info=&#8221;{}&#8221;][\/et_pb_image][et_pb_text _builder_version=&#8221;4.19.4&#8243; _module_preset=&#8221;default&#8221; global_colors_info=&#8221;{}&#8221;]<\/p>\n<h2><strong>\u201eA b\u0151r\u00f6met nem fogja b\u00e1ntani?\u201d<\/strong><\/h2>\n<p>[\/et_pb_text][et_pb_text _builder_version=&#8221;4.19.4&#8243; _module_preset=&#8221;default&#8221; text_font_size=&#8221;16px&#8221; ul_font_size=&#8221;16px&#8221; ul_line_height=&#8221;1.7em&#8221; ol_font_size=&#8221;16px&#8221; ol_line_height=&#8221;1.7em&#8221; custom_padding=&#8221;||2px|||&#8221; global_colors_info=&#8221;{}&#8221;]<\/p>\n<p><strong>Nem.<\/strong><\/p>\n<p><span style=\"font-weight: 400;\">Szinte biztos, hogy \u00d6n f\u00fcrd\u00f6tt m\u00e1r antibakteri\u00e1lis fel\u00fclet\u0171 k\u00e1dban. (Ha M-Acryl-k\u00e1dja van otthon, akkor 100%.) Vagy \u00e9rt m\u00e1r hozz\u00e1 antibakteri\u00e1lis fel\u00fclethez (pl. bizonyos f\u00e9mkilincsek vagy \u2013 tudta? \u2013 mindegyik bronzszobor). Semmi baja nincs t\u0151le: nem pirosodik \u00e9s nem h\u00e1mlik a b\u0151re.<\/span><\/p>\n<p><span style=\"font-weight: 400;\">Ennek egyik oka az, hogy <strong>b\u0151r\u00fcnk fizikailag \u00e9s k\u00e9miailag is elt\u00e9r a k\u00f3rokoz\u00f3kt\u00f3l<\/strong> \u2013 \u00e9s vel\u00fck k\u00edv\u00e1nunk h\u00e1bor\u00fazni, nem az \u00d6n b\u0151r\u00e9vel.<\/span><\/p>\n<p><span style=\"font-weight: 400;\">M\u00e1sr\u00e9szt a gy\u00e1rt\u00f3kban (benn\u00fcnk), m\u00e9rn\u00f6k\u00f6kben \u00e9s k\u00e9mikusokban is f\u00f6lmer\u00fcl, hogy vajon b\u0151rbar\u00e1t-e ez a k\u00e1dterv. Ezt nem mi d\u00f6ntj\u00fck el, hanem t\u0151l\u00fcnk f\u00fcggetlen <strong>szak\u00e9rt\u0151i g\u00e1rda vizsg\u00e1l be minden k\u00e1dat,<\/strong> majd <strong>teljes\u00edtm\u00e9nynyilatkozatot<\/strong> adnak ki arr\u00f3l, hogy rendben van-e az akril, a <strong>vonatkoz\u00f3 szabv\u00e1nyoknak megfelel-e<\/strong>.<\/span><span style=\"font-weight: 400;\"><\/span><\/p>\n<p>[\/et_pb_text][et_pb_image src=&#8221;https:\/\/m-acryl.hu\/kad-kisokos\/wp-content\/uploads\/2023\/02\/sabinateljesitmenynyilatkozat.jpg&#8221; alt=&#8221;Sabina, Sabina pro teljes\u00edtm\u00e9nynyilatkozat&#8221; title_text=&#8221;sabinateljesitmenynyilatkozat&#8221; _builder_version=&#8221;4.19.4&#8243; _module_preset=&#8221;default&#8221; global_colors_info=&#8221;{}&#8221;][\/et_pb_image][et_pb_text _builder_version=&#8221;4.19.4&#8243; _module_preset=&#8221;default&#8221; text_font_size=&#8221;16px&#8221; ul_font_size=&#8221;16px&#8221; ul_line_height=&#8221;1.7em&#8221; ol_font_size=&#8221;16px&#8221; ol_line_height=&#8221;1.7em&#8221; custom_padding=&#8221;||2px|||&#8221; global_colors_info=&#8221;{}&#8221;]<\/p>\n<p>&nbsp;<\/p>\n<p><span style=\"text-decoration: underline; color: #00ccff;\"><strong><a href=\"https:\/\/m-acryl.hu\/letoltesek\" target=\"_blank\" rel=\"noopener\" style=\"color: #00ccff; text-decoration: underline;\">A let\u00f6lt\u00e9sekre<\/a><\/strong><\/span><span style=\"font-weight: 400;\"><span style=\"text-decoration: underline; color: #00ccff;\"><strong>\u00a0<\/strong><\/span>navig\u00e1lva r\u00e1kattint p\u00e9ld\u00e1ul a Sabina \u00e9s Sabina Slim teljes\u00edtm\u00e9nynyilatkozat\u00e1ra. (Ez a k\u00e1d az otthon\u00e1ban is j\u00f3l mutat, de ezt m\u00e1r <\/span><span style=\"font-weight: 400;\">a <span style=\"text-decoration: underline; color: #00ccff;\"><strong><a href=\"https:\/\/m-acryl.hu\/bemutatoterem\" target=\"_blank\" rel=\"noopener\" style=\"color: #00ccff; text-decoration: underline;\">bemutat\u00f3teremben<\/a><\/strong><\/span><\/span> <span style=\"font-weight: 400;\">besz\u00e9ln\u00e9m \u00e1t \u00d6nnel.)<\/span><\/p>\n<p><span style=\"font-weight: 400;\">Itt l\u00e1tja, hogy melyik szabv\u00e1ny vonatkozik az adott k\u00e1dra, illetve annak megfelel-e:<\/span><\/p>\n<p>[\/et_pb_text][et_pb_image src=&#8221;https:\/\/m-acryl.hu\/kad-kisokos\/wp-content\/uploads\/2023\/02\/antibakterialiskad_teljesitmenynyilatkozat_szabvany.png&#8221; alt=&#8221;F\u00fcrd\u0151k\u00e1d szabv\u00e1ny&#8221; title_text=&#8221;antibakterialiskad_teljesitmenynyilatkozat_szabvany&#8221; _builder_version=&#8221;4.19.4&#8243; _module_preset=&#8221;default&#8221; global_colors_info=&#8221;{}&#8221;][\/et_pb_image][et_pb_text _builder_version=&#8221;4.19.4&#8243; _module_preset=&#8221;default&#8221; text_font_size=&#8221;16px&#8221; ul_font_size=&#8221;16px&#8221; ul_line_height=&#8221;1.7em&#8221; ol_font_size=&#8221;16px&#8221; ol_line_height=&#8221;1.7em&#8221; custom_padding=&#8221;||2px|||&#8221; global_colors_info=&#8221;{}&#8221;]<\/p>\n<p><span style=\"font-weight: 400;\">Nem \u00e9ri meglepet\u00e9s, hogy az M-Acryl term\u00e9kei \u201ej\u00f3l vizsg\u00e1znak\u201d \u2013 de ez egy <strong>1996 \u00f3ta k\u00e1dakat k\u00e9sz\u00edt\u0151 c\u00e9g<\/strong>t\u0151l a minimum. (Megfelel\u0151s\u00e9g n\u00e9lk\u00fcl a k\u00e1dak forgalomba sem hozhat\u00f3k.)<\/span><\/p>\n<p>[\/et_pb_text][\/et_pb_column][\/et_pb_row][et_pb_row _builder_version=&#8221;4.17.4&#8243; _module_preset=&#8221;default&#8221; width=&#8221;70%&#8221; custom_margin_tablet=&#8221;&#8221; custom_margin_phone=&#8221;0px||||false|false&#8221; custom_margin_last_edited=&#8221;on|phone&#8221; custom_padding=&#8221;0px||5%||false|false&#8221; global_colors_info=&#8221;{}&#8221;][et_pb_column type=&#8221;4_4&#8243; _builder_version=&#8221;4.16&#8243; _module_preset=&#8221;default&#8221; global_colors_info=&#8221;{}&#8221;][et_pb_text _builder_version=&#8221;4.19.4&#8243; _module_preset=&#8221;default&#8221; global_colors_info=&#8221;{}&#8221;]<\/p>\n<h2><strong>Mi\u00e9rt j\u00f3, hogy az M-Acryl szaniterakriljai antibakteri\u00e1lisak?<\/strong><\/h2>\n<p>[\/et_pb_text][et_pb_text _builder_version=&#8221;4.19.4&#8243; _module_preset=&#8221;default&#8221; text_font_size=&#8221;16px&#8221; ul_font_size=&#8221;16px&#8221; ul_line_height=&#8221;1.7em&#8221; ol_font_size=&#8221;16px&#8221; ol_line_height=&#8221;1.7em&#8221; custom_padding=&#8221;||2px|||&#8221; global_colors_info=&#8221;{}&#8221;]<\/p>\n<p><span style=\"font-weight: 400;\">\u00d3, hol is kezdjem.<\/span><\/p>\n<p><span style=\"font-weight: 400;\">\u00c1tmentem egy bar\u00e1tom lak\u00e1savat\u00f3j\u00e1ra, ahol az \u00e9telek k\u00fcl\u00f6n cetlizve voltak, hogy melyikben milyen allerg\u00e9n tal\u00e1lhat\u00f3, mert szinte mindenki allergi\u00e1s valamire.<\/span><\/p>\n<p><span style=\"font-weight: 400;\">Ennek 2 f\u0151 oka van:<\/span><\/p>\n<ol>\n<li style=\"font-weight: 400;\" aria-level=\"1\"><span style=\"font-weight: 400;\">Jobban \u00e9rtj\u00fck a vegy\u00fcleteket, a biok\u00e9mi\u00e1t \u00e9s az allerg\u00e9neket. 40 \u00e9vvel ezel\u0151tt is l\u00e9tezett term\u00e9szetesen allergia, de az enyhe lefoly\u00e1sn\u00e1l csak azt \u00e9rezte valaki, hogy \u201ekicsit f\u00e1j a hasam\u201d. Ma m\u00e1r tudjuk, mit\u0151l.<\/span><\/li>\n<li style=\"font-weight: 400;\" aria-level=\"1\"><span style=\"font-weight: 400;\">Tele a vil\u00e1gunk mesters\u00e9ges vegy\u00fcletekkel. N\u00e9zze meg, hogy egy \u00e1tlagos k\u00e9sz\u00e9telben mennyi tart\u00f3s\u00edt\u00f3szer van. Gondoljon bele, hogy a m\u0171anyagb\u00f3l h\u00e1nyf\u00e9le molekula p\u00e1rolog ki, a ruh\u00e1ink fest\u00e9kanyaga birizg\u00e1lja a b\u0151r\u00fcnk, az ujjaim alatt kopog\u00f3 billenty\u0171zet m\u0171anyaga lehet, hogy 15 \u00e9v alatt egy k\u00e9mialabornyi vegy\u00fcletet sziv\u00e1rogtat a b\u0151r\u00f6mbe, orromba, szemembe. Sz\u00f3val nem csoda, hogy \u201emindenki mindenre\u201d allergi\u00e1s.<\/span><\/li>\n<\/ol>\n<p>[\/et_pb_text][\/et_pb_column][\/et_pb_row][et_pb_row _builder_version=&#8221;4.17.4&#8243; _module_preset=&#8221;default&#8221; width=&#8221;70%&#8221; custom_margin_tablet=&#8221;&#8221; custom_margin_phone=&#8221;0px||||false|false&#8221; custom_margin_last_edited=&#8221;on|phone&#8221; custom_padding=&#8221;0px||5%||false|false&#8221; global_colors_info=&#8221;{}&#8221;][et_pb_column type=&#8221;4_4&#8243; _builder_version=&#8221;4.16&#8243; _module_preset=&#8221;default&#8221; global_colors_info=&#8221;{}&#8221;][et_pb_text _builder_version=&#8221;4.19.4&#8243; _module_preset=&#8221;default&#8221; global_colors_info=&#8221;{}&#8221;]<\/p>\n<h2><strong>Mi k\u00f6ze ennek az antibakteri\u00e1lis k\u00e1dakhoz?<\/strong><\/h2>\n<p>[\/et_pb_text][et_pb_text _builder_version=&#8221;4.19.4&#8243; _module_preset=&#8221;default&#8221; text_font_size=&#8221;16px&#8221; ul_font_size=&#8221;16px&#8221; ul_line_height=&#8221;1.7em&#8221; ol_font_size=&#8221;16px&#8221; ol_line_height=&#8221;1.7em&#8221; custom_padding=&#8221;||2px|||&#8221; global_colors_info=&#8221;{}&#8221;]<\/p>\n<p><span style=\"font-weight: 400;\">Szeretn\u00e9nk a haszn\u00e1lt vegyszermennyis\u00e9get ott cs\u00f6kkenteni, ahol tudjuk.<\/span><\/p>\n<p><span style=\"font-weight: 400;\">Az <strong>antibakteri\u00e1lis k\u00e1dat ritk\u00e1bban kell takar\u00edtania, enyh\u00e9bb vegyszer is el\u00e9g, mert k\u00e1dja tiszt\u00e1bb marad, a fel\u00fclete folyamatosan fert\u0151tlen\u00edti mag\u00e1t.<\/strong> Nem vegyszerrel, hanem az el\u0151bb l\u00e1tott okos k\u00e9miai \u00e9s fizikai megold\u00e1sokkal.<\/span>\u00a0<\/p>\n<p>[\/et_pb_text][et_pb_image src=&#8221;https:\/\/m-acryl.hu\/kad-kisokos\/wp-content\/uploads\/2023\/02\/Macryl_antibakterielisfurdokadak_ikon.jpg&#8221; alt=&#8221;antibakteri\u00e1lis akril fel\u00fclet ikon&#8221; title_text=&#8221;Macryl_antibakterielisfurdokadak_ikon&#8221; align=&#8221;center&#8221; _builder_version=&#8221;4.19.5&#8243; _module_preset=&#8221;default&#8221; min_height=&#8221;233px&#8221; height=&#8221;100px&#8221; global_colors_info=&#8221;{}&#8221;][\/et_pb_image][et_pb_text _builder_version=&#8221;4.19.4&#8243; _module_preset=&#8221;default&#8221; text_font_size=&#8221;16px&#8221; ul_font_size=&#8221;16px&#8221; ul_line_height=&#8221;1.7em&#8221; ol_font_size=&#8221;16px&#8221; ol_line_height=&#8221;1.7em&#8221; custom_padding=&#8221;||2px|||&#8221; global_colors_info=&#8221;{}&#8221;]<\/p>\n<p><span style=\"font-weight: 400;\">N\u00e9zz\u00fcnk egy \u00e9letszer\u0171 p\u00e9ld\u00e1t: elutazik 2-3 h\u00e9tre \u00e9s a por a k\u00e1dj\u00e1ba telepszik. Ha antibakteri\u00e1lis M-Acryl k\u00e1dja van, akkor haza\u00e9rkez\u00e9s ut\u00e1n nagy lelki nyugalommal ki\u00f6bl\u00f6geti a port \u00e9s m\u00e1ris f\u00fcr\u00f6dhet\u0151 a k\u00e1d. Esz\u00e9be nem jutna vegyszerrel \u00e1tsik\u00e1lni \u2013 minek? Az antibakteri\u00e1lis fel\u00fclet folyamatosan fert\u0151tlen\u00edt.<\/span><\/p>\n<p><span style=\"font-weight: 400;\">Ebb\u0151l k\u00f6vetkezik, hogy ezek a k\u00e1dak <strong>kisebb \u00f6kol\u00f3giai terhel\u00e9st jelentenek<\/strong>. Minden tiszt\u00edt\u00f3szer terheli a vizeinket (mert a szennyv\u00edzzel kijutnak a term\u00e9szetbe). \u00cdgy a cs\u00f6kkent\u00e9s\u00fck elemi \u00e9rdek\u00fcnk.<\/span><\/p>\n<p><span style=\"font-weight: 400;\">\u00c9s a harmadik \u00e9rv az, hogy amikor be\u00fct egy vil\u00e1gm\u00e9ret\u0171 j\u00e1rv\u00e1ny \u00e9s mindenhol a (szabad szemnek l\u00e1thatatlan) v\u00edrusokt\u00f3l retteg\u00fcnk, akkor biztons\u00e1got jelent a k\u00e1dunk, hogy legal\u00e1bb a fel\u00fclete \u00f6li a k\u00f3rokoz\u00f3kat. Minden (v\u00edrus)fert\u0151z\u00e9shez egy bizonyos mennyis\u00e9g\u0171 v\u00edrusterhel\u00e9s kell (viral load), amivel az immunrendszer\u00fcnk m\u00e1r \u00e9pp nem tud megbirk\u00f3zni, ez\u00e9rt lebetegsz\u00fcnk. Az antibakteri\u00e1lis k\u00e1d ezt a v\u00edrusmennyis\u00e9get k\u00e9pes cs\u00f6kkenteni. Ez lehet a k\u00fcl\u00f6nbs\u00e9g a \u201eszeg\u00e9nyk\u00e9m n\u00e1th\u00e1s lett, de mi j\u00f3l vagyunk\u201d \u00e9s a \u201ed\u00f6grov\u00e1son a teljes csal\u00e1d\u201d k\u00f6z\u00f6tt.<\/span><\/p>\n<p>[\/et_pb_text][\/et_pb_column][\/et_pb_row][et_pb_row _builder_version=&#8221;4.17.4&#8243; _module_preset=&#8221;default&#8221; width=&#8221;70%&#8221; custom_margin_tablet=&#8221;&#8221; custom_margin_phone=&#8221;0px||||false|false&#8221; custom_margin_last_edited=&#8221;on|phone&#8221; custom_padding=&#8221;0px||5%||false|false&#8221; global_colors_info=&#8221;{}&#8221;][et_pb_column type=&#8221;4_4&#8243; _builder_version=&#8221;4.16&#8243; _module_preset=&#8221;default&#8221; global_colors_info=&#8221;{}&#8221;][et_pb_text _builder_version=&#8221;4.19.4&#8243; _module_preset=&#8221;default&#8221; global_colors_info=&#8221;{}&#8221;]<\/p>\n<h2><strong>V\u00e1lasszon egy antibakteri\u00e1lis fel\u00fclet\u0171 k\u00e1dat<\/strong><\/h2>\n<p>[\/et_pb_text][et_pb_text _builder_version=&#8221;4.19.5&#8243; _module_preset=&#8221;default&#8221; text_font_size=&#8221;16px&#8221; ul_font_size=&#8221;16px&#8221; ul_line_height=&#8221;1.7em&#8221; ol_font_size=&#8221;16px&#8221; ol_line_height=&#8221;1.7em&#8221; custom_padding=&#8221;||2px|||&#8221; global_colors_info=&#8221;{}&#8221;]<\/p>\n<p><span style=\"font-weight: 400;\">Az <strong>M-Acryl minden term\u00e9k\u00e9t olyan szaniterakrillal kapja, amely antibakteri\u00e1lis<\/strong>.<\/span><\/p>\n<p><span style=\"font-weight: 400;\">Lefogadom, hogy nem ez\u00e9rt fog a k\u00e1dakba szeretni, hanem a diz\u00e1jnjuk miatt. <\/span><span style=\"text-decoration: underline; color: #00ccff;\"><strong><a href=\"https:\/\/m-acryl.hu\/termekek\" target=\"_blank\" rel=\"noopener\" style=\"color: #00ccff; text-decoration: underline;\">N\u00e9zze \u00e1t a mindig frissen tartott k\u00edn\u00e1latunkat<\/a><\/strong><\/span><span style=\"font-weight: 400;\"> \u2013 \u00e9s ha k\u00e9rd\u00e9se van, <a href=\"mailto:%20bemutatoterem@metahungary.hu\">e-mailnyi<\/a> \u00e9s <a href=\"https:\/\/m-acryl.hu\/kapcsolat\" target=\"_blank\" rel=\"noopener\">telefonnyi<\/a> k\u00f6zels\u00e9gben vagyunk.<\/span><\/p>\n<p>[\/et_pb_text][et_pb_image src=&#8221;https:\/\/m-acryl.hu\/kad-kisokos\/wp-content\/uploads\/2023\/02\/m-acryl_katalogus_borito.jpeg&#8221; alt=&#8221;M-Acryl katal\u00f3gus bor\u00edt\u00f3&#8221; title_text=&#8221;m-acryl_katalogus_borito&#8221; url=&#8221;https:\/\/m-acryl.hu\/letoltes\/dokumentum\/212&#8243; url_new_window=&#8221;on&#8221; align=&#8221;center&#8221; _builder_version=&#8221;4.19.5&#8243; _module_preset=&#8221;default&#8221; min_height=&#8221;140px&#8221; height=&#8221;100px&#8221; custom_margin=&#8221;5%||5%||false|false&#8221; global_colors_info=&#8221;{}&#8221;][\/et_pb_image][et_pb_button button_url=&#8221;https:\/\/m-acryl.hu\/letoltes\/dokumentum\/212&#8243; url_new_window=&#8221;on&#8221; button_text=&#8221;T\u00f6ltse le a katal\u00f3gusunkat is&#8221; button_alignment=&#8221;center&#8221; _builder_version=&#8221;4.19.5&#8243; _module_preset=&#8221;default&#8221; custom_button=&#8221;on&#8221; button_text_color=&#8221;#FFFFFF&#8221; button_bg_color=&#8221;gcid-7bdd6664-54d9-4437-aed1-01a6ee23604c&#8221; button_border_color=&#8221;RGBA(255,255,255,0)&#8221; button_icon=&#8221;&#x22;||divi||400&#8243; button_icon_color=&#8221;#FFFFFF&#8221; button_on_hover=&#8221;off&#8221; global_colors_info=&#8221;{%22gcid-7bdd6664-54d9-4437-aed1-01a6ee23604c%22:%91%22button_bg_color%22%93}&#8221;][\/et_pb_button][\/et_pb_column][\/et_pb_row][\/et_pb_section][et_pb_section fb_built=&#8221;1&#8243; _builder_version=&#8221;4.16&#8243; background_color=&#8221;#f0f0f0&#8243; custom_margin=&#8221;||0px|||&#8221; custom_padding=&#8221;9px||1px|||&#8221; top_divider_height=&#8221;25px&#8221; hover_enabled=&#8221;0&#8243; border_width_all=&#8221;23px&#8221; border_color_all=&#8221;#e2e2e2&#8243; collapsed=&#8221;on&#8221; global_colors_info=&#8221;{}&#8221; sticky_enabled=&#8221;0&#8243; locked=&#8221;off&#8221;][et_pb_row _builder_version=&#8221;4.16&#8243; width=&#8221;70%&#8221; width_tablet=&#8221;&#8221; width_phone=&#8221;90%&#8221; width_last_edited=&#8221;on|phone&#8221; min_height=&#8221;636px&#8221; custom_margin=&#8221;40px|auto||auto||&#8221; global_colors_info=&#8221;{}&#8221;][et_pb_column type=&#8221;4_4&#8243; _builder_version=&#8221;4.16&#8243; global_colors_info=&#8221;{}&#8221;][et_pb_blurb use_icon=&#8221;on&#8221; font_icon=&#8221;&#xe010;||divi||400&#8243; icon_color=&#8221;#c5d300&#8243; image_icon_width=&#8221;108px&#8221; content_max_width=&#8221;687px&#8221; _builder_version=&#8221;4.16&#8243; header_level=&#8221;h2&#8243; body_text_color=&#8221;#424242&#8243; body_font_size=&#8221;17px&#8221; custom_margin=&#8221;|0px|0px|0px|false|false&#8221; custom_padding=&#8221;|0px||0px|false|false&#8221; icon_font_size=&#8221;108px&#8221; global_colors_info=&#8221;{}&#8221;][\/et_pb_blurb][et_pb_text _builder_version=&#8221;4.16&#8243; header_text_align=&#8221;center&#8221; custom_margin=&#8221;6px||6px||true|false&#8221; global_colors_info=&#8221;{}&#8221;]<\/p>\n<h2 style=\"text-align: center;\">Cikksorozatunk tov\u00e1bbi r\u00e9szei is v\u00e1rj\u00e1k \u00f6nt.<\/h2>\n<p>[\/et_pb_text][et_pb_text _builder_version=&#8221;4.16&#8243; text_text_color=&#8221;#FFFFFF&#8221; text_font_size=&#8221;17px&#8221; text_line_height=&#8221;1.6em&#8221; custom_padding=&#8221;||2px|||&#8221; global_colors_info=&#8221;{}&#8221;]<\/p>\n<p style=\"text-align: center;\"><span style=\"color: #333333;\">K\u00e9rje tov\u00e1bbi inspir\u00e1l\u00f3 \u00e9s szak\u00e9rt\u0151i cikkeinket a f\u00fcrd\u0151k\u00e1d t\u00e9m\u00e1ban. Adja meg e-mail c\u00edm\u00e9t, hogy tov\u00e1bbi hasznos tartalmakat k\u00fcldhess\u00fcnk \u00d6nnek.<br \/>\n<\/span><\/p>\n<p>[\/et_pb_text][et_pb_code _builder_version=&#8221;4.16&#8243; background_color=&#8221;rgba(0,0,0,0)&#8221; custom_padding=&#8221;||0px|||&#8221; animation_style=&#8221;fade&#8221; global_colors_info=&#8221;{}&#8221;]<\/p>\n<div id=\"mmform201115\" class=\"mmform\" style=\"position: relative; padding-bottom: 300px; height: 0; overflow: hidden; max-width: 100%;\"><\/div>\n<p><!-- [et_pb_line_break_holder] --><!-- [et_pb_line_break_holder] --><script type=\"text\/javascript\"><!-- [et_pb_line_break_holder] -->var uniqueId = 2011151587117327,listId = 104491,formId = 201115,iwidth=115,mmDomain='salesautopilot.s3.amazonaws.com',secondMMDomain='sw.marketingszoftverek.hu',spancont=false,secure=('https:' == document.location.protocol)?true:false;<!-- [et_pb_line_break_holder] --><\/script><!-- [et_pb_line_break_holder] --><script type=\"text\/javascript\" src=\"https:\/\/d1ursyhqs5x9h1.cloudfront.net\/sw\/scripts\/mm-embed-iframe-1.15.min.js\"><\/script>[\/et_pb_code][\/et_pb_column][\/et_pb_row][\/et_pb_section]<\/p>\n","protected":false},"excerpt":{"rendered":"<p>K\u00edv\u00e1ncsi, hogy mi\u00e9rt j\u00f3, \u00e9s mit jelent pontosan, hogy az M-Acryl k\u00e1dak szaniterakrilja antibakteri\u00e1lis fel\u00fclet\u0171ek? Olvasson tov\u00e1bb!<\/p>\n","protected":false},"author":6,"featured_media":5385,"comment_status":"closed","ping_status":"open","sticky":false,"template":"","format":"standard","meta":{"_et_pb_use_builder":"on","_et_pb_old_content":"","_et_gb_content_width":"","footnotes":""},"categories":[1],"tags":[165,166],"class_list":["post-5366","post","type-post","status-publish","format-standard","has-post-thumbnail","hentry","category-egyeb","tag-antibakterialis-akril-felulet","tag-szaniterakril","et-has-post-format-content","et_post_format-et-post-format-standard"],"yoast_head":"<!-- This site is optimized with the Yoast SEO plugin v26.6 - https:\/\/yoast.com\/wordpress\/plugins\/seo\/ -->\n<title>Mit jelent pontosan az \u201eantibakteri\u00e1lis fel\u00fclet\u201d? (Az M-Acryl \u201e\u00f6ntisztul\u00f3\u201d akrilja) - K\u00e1d kisokos<\/title>\n<meta name=\"description\" content=\"K\u00edv\u00e1ncsi, hogy mi\u00e9rt j\u00f3, \u00e9s mit jelent pontosan, hogy az M-Acryl k\u00e1dak szaniterakrilja antibakteri\u00e1lis fel\u00fclet\u0171ek? Olvasson tov\u00e1bb!\" \/>\n<meta name=\"robots\" content=\"index, nofollow, max-snippet:-1, max-image-preview:large, max-video-preview:-1\" \/>\n<link rel=\"canonical\" href=\"https:\/\/m-acryl.hu\/kad-kisokos\/mit-jelent-pontosan-az-antibakterialis-felulet\/\" \/>\n<meta property=\"og:locale\" content=\"hu_HU\" \/>\n<meta property=\"og:type\" content=\"article\" \/>\n<meta property=\"og:title\" content=\"Mit jelent pontosan az \u201eantibakteri\u00e1lis fel\u00fclet\u201d?\" \/>\n<meta property=\"og:description\" content=\"K\u00edv\u00e1ncsi, hogy mi\u00e9rt j\u00f3, \u00e9s mit jelent pontosan, hogy az M-Acryl k\u00e1dak szaniterakrilja antibakteri\u00e1lis fel\u00fclet\u0171ek? Olvasson tov\u00e1bb!\" \/>\n<meta property=\"og:url\" content=\"https:\/\/m-acryl.hu\/kad-kisokos\/mit-jelent-pontosan-az-antibakterialis-felulet\/\" \/>\n<meta property=\"og:site_name\" content=\"K\u00e1d kisokos\" \/>\n<meta property=\"article:published_time\" content=\"2023-02-02T09:37:53+00:00\" \/>\n<meta property=\"article:modified_time\" content=\"2023-12-14T12:34:04+00:00\" \/>\n<meta property=\"og:image\" content=\"https:\/\/m-acryl.hu\/kad-kisokos\/wp-content\/uploads\/2023\/02\/antibakterialisakrilkad_cover.jpg\" \/>\n\t<meta property=\"og:image:width\" content=\"990\" \/>\n\t<meta property=\"og:image:height\" content=\"675\" \/>\n\t<meta property=\"og:image:type\" content=\"image\/jpeg\" \/>\n<meta name=\"author\" content=\"Madar\u00e1sz J\u00falia\" \/>\n<meta name=\"twitter:card\" content=\"summary_large_image\" \/>\n<meta name=\"twitter:title\" content=\"K\u00e1d kisokos\" \/>\n<meta name=\"twitter:label1\" content=\"Szerz\u0151:\" \/>\n\t<meta name=\"twitter:data1\" content=\"Madar\u00e1sz J\u00falia\" \/>\n\t<meta name=\"twitter:label2\" content=\"Becs\u00fclt olvas\u00e1si id\u0151\" \/>\n\t<meta name=\"twitter:data2\" content=\"8 perc\" \/>\n<script type=\"application\/ld+json\" class=\"yoast-schema-graph\">{\"@context\":\"https:\/\/schema.org\",\"@graph\":[{\"@type\":\"WebPage\",\"@id\":\"https:\/\/m-acryl.hu\/kad-kisokos\/mit-jelent-pontosan-az-antibakterialis-felulet\/\",\"url\":\"https:\/\/m-acryl.hu\/kad-kisokos\/mit-jelent-pontosan-az-antibakterialis-felulet\/\",\"name\":\"Mit jelent pontosan az \u201eantibakteri\u00e1lis fel\u00fclet\u201d? (Az M-Acryl \u201e\u00f6ntisztul\u00f3\u201d akrilja) - K\u00e1d kisokos\",\"isPartOf\":{\"@id\":\"https:\/\/m-acryl.hu\/kad-kisokos\/#website\"},\"primaryImageOfPage\":{\"@id\":\"https:\/\/m-acryl.hu\/kad-kisokos\/mit-jelent-pontosan-az-antibakterialis-felulet\/#primaryimage\"},\"image\":{\"@id\":\"https:\/\/m-acryl.hu\/kad-kisokos\/mit-jelent-pontosan-az-antibakterialis-felulet\/#primaryimage\"},\"thumbnailUrl\":\"https:\/\/m-acryl.hu\/kad-kisokos\/wp-content\/uploads\/2023\/02\/antibakterialisakrilkad_cover.jpg\",\"datePublished\":\"2023-02-02T09:37:53+00:00\",\"dateModified\":\"2023-12-14T12:34:04+00:00\",\"author\":{\"@id\":\"https:\/\/m-acryl.hu\/kad-kisokos\/#\/schema\/person\/97de8d1c7a799dff979832f222a8832a\"},\"description\":\"K\u00edv\u00e1ncsi, hogy mi\u00e9rt j\u00f3, \u00e9s mit jelent pontosan, hogy az M-Acryl k\u00e1dak szaniterakrilja antibakteri\u00e1lis fel\u00fclet\u0171ek? Olvasson tov\u00e1bb!\",\"breadcrumb\":{\"@id\":\"https:\/\/m-acryl.hu\/kad-kisokos\/mit-jelent-pontosan-az-antibakterialis-felulet\/#breadcrumb\"},\"inLanguage\":\"hu\",\"potentialAction\":[{\"@type\":\"ReadAction\",\"target\":[\"https:\/\/m-acryl.hu\/kad-kisokos\/mit-jelent-pontosan-az-antibakterialis-felulet\/\"]}]},{\"@type\":\"ImageObject\",\"inLanguage\":\"hu\",\"@id\":\"https:\/\/m-acryl.hu\/kad-kisokos\/mit-jelent-pontosan-az-antibakterialis-felulet\/#primaryimage\",\"url\":\"https:\/\/m-acryl.hu\/kad-kisokos\/wp-content\/uploads\/2023\/02\/antibakterialisakrilkad_cover.jpg\",\"contentUrl\":\"https:\/\/m-acryl.hu\/kad-kisokos\/wp-content\/uploads\/2023\/02\/antibakterialisakrilkad_cover.jpg\",\"width\":990,\"height\":675,\"caption\":\"M-Acryl antibakteri\u00e1lis f\u00fcrd\u0151k\u00e1d fel\u00fclet\"},{\"@type\":\"BreadcrumbList\",\"@id\":\"https:\/\/m-acryl.hu\/kad-kisokos\/mit-jelent-pontosan-az-antibakterialis-felulet\/#breadcrumb\",\"itemListElement\":[{\"@type\":\"ListItem\",\"position\":1,\"name\":\"Home\",\"item\":\"https:\/\/m-acryl.hu\/kad-kisokos\/\"},{\"@type\":\"ListItem\",\"position\":2,\"name\":\"Mit jelent pontosan az \u201eantibakteri\u00e1lis fel\u00fclet\u201d? (Az M-Acryl \u201e\u00f6ntisztul\u00f3\u201d akrilja)\"}]},{\"@type\":\"WebSite\",\"@id\":\"https:\/\/m-acryl.hu\/kad-kisokos\/#website\",\"url\":\"https:\/\/m-acryl.hu\/kad-kisokos\/\",\"name\":\"K\u00e1d kisokos\",\"description\":\"Az M-Acryl f\u00fcrd\u0151k\u00e1dakr\u00f3l k\u00f6z\u00e9rthet\u0151en\",\"potentialAction\":[{\"@type\":\"SearchAction\",\"target\":{\"@type\":\"EntryPoint\",\"urlTemplate\":\"https:\/\/m-acryl.hu\/kad-kisokos\/?s={search_term_string}\"},\"query-input\":{\"@type\":\"PropertyValueSpecification\",\"valueRequired\":true,\"valueName\":\"search_term_string\"}}],\"inLanguage\":\"hu\"},{\"@type\":\"Person\",\"@id\":\"https:\/\/m-acryl.hu\/kad-kisokos\/#\/schema\/person\/97de8d1c7a799dff979832f222a8832a\",\"name\":\"Madar\u00e1sz J\u00falia\",\"image\":{\"@type\":\"ImageObject\",\"inLanguage\":\"hu\",\"@id\":\"https:\/\/m-acryl.hu\/kad-kisokos\/#\/schema\/person\/image\/\",\"url\":\"https:\/\/secure.gravatar.com\/avatar\/0c204b742e4037a414beff290aada3b58a7839bb7d65d671f1680e8e30182f0c?s=96&d=mm&r=g\",\"contentUrl\":\"https:\/\/secure.gravatar.com\/avatar\/0c204b742e4037a414beff290aada3b58a7839bb7d65d671f1680e8e30182f0c?s=96&d=mm&r=g\",\"caption\":\"Madar\u00e1sz J\u00falia\"},\"url\":\"https:\/\/m-acryl.hu\/kad-kisokos\/author\/julia\/\"}]}<\/script>\n<!-- \/ Yoast SEO plugin. -->","yoast_head_json":{"title":"Mit jelent pontosan az \u201eantibakteri\u00e1lis fel\u00fclet\u201d? (Az M-Acryl \u201e\u00f6ntisztul\u00f3\u201d akrilja) - K\u00e1d kisokos","description":"K\u00edv\u00e1ncsi, hogy mi\u00e9rt j\u00f3, \u00e9s mit jelent pontosan, hogy az M-Acryl k\u00e1dak szaniterakrilja antibakteri\u00e1lis fel\u00fclet\u0171ek? Olvasson tov\u00e1bb!","robots":{"index":"index","follow":"nofollow","max-snippet":"max-snippet:-1","max-image-preview":"max-image-preview:large","max-video-preview":"max-video-preview:-1"},"canonical":"https:\/\/m-acryl.hu\/kad-kisokos\/mit-jelent-pontosan-az-antibakterialis-felulet\/","og_locale":"hu_HU","og_type":"article","og_title":"Mit jelent pontosan az \u201eantibakteri\u00e1lis fel\u00fclet\u201d?","og_description":"K\u00edv\u00e1ncsi, hogy mi\u00e9rt j\u00f3, \u00e9s mit jelent pontosan, hogy az M-Acryl k\u00e1dak szaniterakrilja antibakteri\u00e1lis fel\u00fclet\u0171ek? Olvasson tov\u00e1bb!","og_url":"https:\/\/m-acryl.hu\/kad-kisokos\/mit-jelent-pontosan-az-antibakterialis-felulet\/","og_site_name":"K\u00e1d kisokos","article_published_time":"2023-02-02T09:37:53+00:00","article_modified_time":"2023-12-14T12:34:04+00:00","og_image":[{"width":990,"height":675,"url":"https:\/\/m-acryl.hu\/kad-kisokos\/wp-content\/uploads\/2023\/02\/antibakterialisakrilkad_cover.jpg","type":"image\/jpeg"}],"author":"Madar\u00e1sz J\u00falia","twitter_card":"summary_large_image","twitter_title":"K\u00e1d kisokos","twitter_misc":{"Szerz\u0151:":"Madar\u00e1sz J\u00falia","Becs\u00fclt olvas\u00e1si id\u0151":"8 perc"},"schema":{"@context":"https:\/\/schema.org","@graph":[{"@type":"WebPage","@id":"https:\/\/m-acryl.hu\/kad-kisokos\/mit-jelent-pontosan-az-antibakterialis-felulet\/","url":"https:\/\/m-acryl.hu\/kad-kisokos\/mit-jelent-pontosan-az-antibakterialis-felulet\/","name":"Mit jelent pontosan az \u201eantibakteri\u00e1lis fel\u00fclet\u201d? (Az M-Acryl \u201e\u00f6ntisztul\u00f3\u201d akrilja) - K\u00e1d kisokos","isPartOf":{"@id":"https:\/\/m-acryl.hu\/kad-kisokos\/#website"},"primaryImageOfPage":{"@id":"https:\/\/m-acryl.hu\/kad-kisokos\/mit-jelent-pontosan-az-antibakterialis-felulet\/#primaryimage"},"image":{"@id":"https:\/\/m-acryl.hu\/kad-kisokos\/mit-jelent-pontosan-az-antibakterialis-felulet\/#primaryimage"},"thumbnailUrl":"https:\/\/m-acryl.hu\/kad-kisokos\/wp-content\/uploads\/2023\/02\/antibakterialisakrilkad_cover.jpg","datePublished":"2023-02-02T09:37:53+00:00","dateModified":"2023-12-14T12:34:04+00:00","author":{"@id":"https:\/\/m-acryl.hu\/kad-kisokos\/#\/schema\/person\/97de8d1c7a799dff979832f222a8832a"},"description":"K\u00edv\u00e1ncsi, hogy mi\u00e9rt j\u00f3, \u00e9s mit jelent pontosan, hogy az M-Acryl k\u00e1dak szaniterakrilja antibakteri\u00e1lis fel\u00fclet\u0171ek? Olvasson tov\u00e1bb!","breadcrumb":{"@id":"https:\/\/m-acryl.hu\/kad-kisokos\/mit-jelent-pontosan-az-antibakterialis-felulet\/#breadcrumb"},"inLanguage":"hu","potentialAction":[{"@type":"ReadAction","target":["https:\/\/m-acryl.hu\/kad-kisokos\/mit-jelent-pontosan-az-antibakterialis-felulet\/"]}]},{"@type":"ImageObject","inLanguage":"hu","@id":"https:\/\/m-acryl.hu\/kad-kisokos\/mit-jelent-pontosan-az-antibakterialis-felulet\/#primaryimage","url":"https:\/\/m-acryl.hu\/kad-kisokos\/wp-content\/uploads\/2023\/02\/antibakterialisakrilkad_cover.jpg","contentUrl":"https:\/\/m-acryl.hu\/kad-kisokos\/wp-content\/uploads\/2023\/02\/antibakterialisakrilkad_cover.jpg","width":990,"height":675,"caption":"M-Acryl antibakteri\u00e1lis f\u00fcrd\u0151k\u00e1d fel\u00fclet"},{"@type":"BreadcrumbList","@id":"https:\/\/m-acryl.hu\/kad-kisokos\/mit-jelent-pontosan-az-antibakterialis-felulet\/#breadcrumb","itemListElement":[{"@type":"ListItem","position":1,"name":"Home","item":"https:\/\/m-acryl.hu\/kad-kisokos\/"},{"@type":"ListItem","position":2,"name":"Mit jelent pontosan az \u201eantibakteri\u00e1lis fel\u00fclet\u201d? (Az M-Acryl \u201e\u00f6ntisztul\u00f3\u201d akrilja)"}]},{"@type":"WebSite","@id":"https:\/\/m-acryl.hu\/kad-kisokos\/#website","url":"https:\/\/m-acryl.hu\/kad-kisokos\/","name":"K\u00e1d kisokos","description":"Az M-Acryl f\u00fcrd\u0151k\u00e1dakr\u00f3l k\u00f6z\u00e9rthet\u0151en","potentialAction":[{"@type":"SearchAction","target":{"@type":"EntryPoint","urlTemplate":"https:\/\/m-acryl.hu\/kad-kisokos\/?s={search_term_string}"},"query-input":{"@type":"PropertyValueSpecification","valueRequired":true,"valueName":"search_term_string"}}],"inLanguage":"hu"},{"@type":"Person","@id":"https:\/\/m-acryl.hu\/kad-kisokos\/#\/schema\/person\/97de8d1c7a799dff979832f222a8832a","name":"Madar\u00e1sz J\u00falia","image":{"@type":"ImageObject","inLanguage":"hu","@id":"https:\/\/m-acryl.hu\/kad-kisokos\/#\/schema\/person\/image\/","url":"https:\/\/secure.gravatar.com\/avatar\/0c204b742e4037a414beff290aada3b58a7839bb7d65d671f1680e8e30182f0c?s=96&d=mm&r=g","contentUrl":"https:\/\/secure.gravatar.com\/avatar\/0c204b742e4037a414beff290aada3b58a7839bb7d65d671f1680e8e30182f0c?s=96&d=mm&r=g","caption":"Madar\u00e1sz J\u00falia"},"url":"https:\/\/m-acryl.hu\/kad-kisokos\/author\/julia\/"}]}},"_links":{"self":[{"href":"https:\/\/m-acryl.hu\/kad-kisokos\/wp-json\/wp\/v2\/posts\/5366","targetHints":{"allow":["GET"]}}],"collection":[{"href":"https:\/\/m-acryl.hu\/kad-kisokos\/wp-json\/wp\/v2\/posts"}],"about":[{"href":"https:\/\/m-acryl.hu\/kad-kisokos\/wp-json\/wp\/v2\/types\/post"}],"author":[{"embeddable":true,"href":"https:\/\/m-acryl.hu\/kad-kisokos\/wp-json\/wp\/v2\/users\/6"}],"replies":[{"embeddable":true,"href":"https:\/\/m-acryl.hu\/kad-kisokos\/wp-json\/wp\/v2\/comments?post=5366"}],"version-history":[{"count":18,"href":"https:\/\/m-acryl.hu\/kad-kisokos\/wp-json\/wp\/v2\/posts\/5366\/revisions"}],"predecessor-version":[{"id":5830,"href":"https:\/\/m-acryl.hu\/kad-kisokos\/wp-json\/wp\/v2\/posts\/5366\/revisions\/5830"}],"wp:featuredmedia":[{"embeddable":true,"href":"https:\/\/m-acryl.hu\/kad-kisokos\/wp-json\/wp\/v2\/media\/5385"}],"wp:attachment":[{"href":"https:\/\/m-acryl.hu\/kad-kisokos\/wp-json\/wp\/v2\/media?parent=5366"}],"wp:term":[{"taxonomy":"category","embeddable":true,"href":"https:\/\/m-acryl.hu\/kad-kisokos\/wp-json\/wp\/v2\/categories?post=5366"},{"taxonomy":"post_tag","embeddable":true,"href":"https:\/\/m-acryl.hu\/kad-kisokos\/wp-json\/wp\/v2\/tags?post=5366"}],"curies":[{"name":"wp","href":"https:\/\/api.w.org\/{rel}","templated":true}]}}