{"id":4481,"date":"2021-11-26T07:35:10","date_gmt":"2021-11-26T07:35:10","guid":{"rendered":"https:\/\/m-acryl.hu\/kad-kisokos\/?p=4481"},"modified":"2025-04-22T08:53:35","modified_gmt":"2025-04-22T08:53:35","slug":"mindentasabinaproegyenesfurdokadakrol","status":"publish","type":"post","link":"https:\/\/m-acryl.hu\/kad-kisokos\/mindentasabinaproegyenesfurdokadakrol\/","title":{"rendered":"Mindent a Sabina Pro egyenes f\u00fcrd\u0151k\u00e1dr\u00f3l: K\u00e9nyelmes, st\u00edlusos, minimalista \u00e9s 2 szem\u00e9lyes"},"content":{"rendered":"<p>[et_pb_section fb_built=&#8221;1&#8243; _builder_version=&#8221;4.22.2&#8243; _module_preset=&#8221;default&#8221; custom_margin=&#8221;||0px||false|false&#8221; custom_padding=&#8221;||0px||false|false&#8221; global_colors_info=&#8221;{}&#8221;][et_pb_row _builder_version=&#8221;4.16&#8243; _module_preset=&#8221;default&#8221; width=&#8221;70%&#8221; global_colors_info=&#8221;{}&#8221;][et_pb_column type=&#8221;4_4&#8243; _builder_version=&#8221;4.16&#8243; _module_preset=&#8221;default&#8221; global_colors_info=&#8221;{}&#8221;][et_pb_text admin_label=&#8221;Sz\u00f6veg&#8221; _builder_version=&#8221;4.16&#8243; _module_preset=&#8221;default&#8221; text_font_size=&#8221;16px&#8221; global_colors_info=&#8221;{}&#8221;]<\/p>\n<p>Mindenki st\u00edlusos otthonra v\u00e1gyik, olyan berendez\u00e9ssel, ami szinte megsz\u00f3l\u00edtja a lak\u00f3it.<\/p>\n<p>A minimalista lakberendez\u00e9si cikkek nagyszer\u0171s\u00e9ge a letisztult formatervez\u00e9sben rejlik. A h\u00e9tk\u00f6znapi elegancia sikkje nem megy ki a divatb\u00f3l. Kellemes r\u00e1n\u00e9zni, legyen sz\u00f3 ak\u00e1r egy egyszer\u0171 haszn\u00e1lati t\u00e1rgyr\u00f3l, ak\u00e1r egy f\u00fcrd\u0151k\u00e1dr\u00f3l.<\/p>\n<p>A romantikus f\u00fcrd\u0151z\u00e9sekhez is kedvelt minimalista <span style=\"text-decoration: underline;\"><span style=\"color: #00ccff;\"><strong><a style=\"color: #00ccff; text-decoration: underline;\" href=\"https:\/\/m-acryl.hu\/termekek\/egyenes-kad\/sabina-pro-slim-egyenes-akril-kad\" target=\"_blank\" rel=\"noopener\">Sabina Pro Slim<\/a><\/strong><\/span><\/span> k\u00e1dunk\u00a0nem k\u00e9rkedik, m\u00e9gis elvar\u00e1zsol. Egyszerre hordozza mag\u00e1n a <strong>klasszikus \u00e9s modern<\/strong> <strong>st\u00edlusjegyek<\/strong>et, &#8211; a legapr\u00f3bb r\u00e9szletekig.<\/p>\n<p>[\/et_pb_text][\/et_pb_column][\/et_pb_row][et_pb_row _builder_version=&#8221;4.16&#8243; _module_preset=&#8221;default&#8221; width=&#8221;70%&#8221; global_colors_info=&#8221;{}&#8221;][et_pb_column type=&#8221;4_4&#8243; _builder_version=&#8221;4.16&#8243; _module_preset=&#8221;default&#8221; global_colors_info=&#8221;{}&#8221;][et_pb_text _builder_version=&#8221;4.22.2&#8243; _module_preset=&#8221;default&#8221; custom_margin=&#8221;5%||||false|false&#8221; global_colors_info=&#8221;{}&#8221;]<\/p>\n<h2><strong>Klasszikus, m\u00e9gis izgalmas<\/strong><\/h2>\n<p>[\/et_pb_text][et_pb_text _builder_version=&#8221;4.27.0&#8243; _module_preset=&#8221;default&#8221; text_font_size=&#8221;16px&#8221; global_colors_info=&#8221;{}&#8221;]<\/p>\n<p>Hossz\u00fa id\u0151n kereszt\u00fcl, ha f\u00fcrd\u0151k\u00e1dra gondoltunk egy egyenes k\u00e1d k\u00e9pe jelent meg lelki szemeink el\u0151tt. B\u00e1r ma m\u00e1r tucatnyi k\u00fcl\u00f6nleges forma k\u00f6z\u00fcl v\u00e1logathatunk, ugyanakkor az egyenes k\u00e1dak is renesz\u00e1nszukat \u00e9lik.<\/p>\n<p>A hagyom\u00e1nyosnak sem kell, unalmasnak lennie, &#8211; \u00e9s nem is az. A <strong>formabont\u00f3 r\u00e9szletek<\/strong>ben gazdag <span style=\"text-decoration: underline; color: #00ccff;\"><strong><a href=\"https:\/\/m-acryl.hu\/termekek\/egyenes-kad\/sabina-pro-slim-egyenes-akril-kad\" target=\"_blank\" rel=\"noopener\" style=\"color: #00ccff; text-decoration: underline;\">Sabina Pro Slim<\/a><\/strong><\/span> kir\u00e1lyn\u0151 az egyenes k\u00e1dak k\u00f6z\u00f6tt.<\/p>\n<p>[\/et_pb_text][et_pb_text _builder_version=&#8221;4.16&#8243; _module_preset=&#8221;default&#8221; custom_margin=&#8221;10%||3%||false|false&#8221; global_colors_info=&#8221;{}&#8221;]<\/p>\n<p style=\"text-align: center;\"><span style=\"text-decoration: underline; color: #00ccff;\"><a style=\"color: #00ccff;\" href=\"https:\/\/m-acryl.hu\/kad-kisokos\/otthoni-wellness-2-szemelyre-bemutatjuk-sabinat-az-m-acryl-2021-es-kiemelt-kedvencet\/\" target=\"_blank\" rel=\"noopener\"><em>Elolvasom mi a k\u00fcl\u00f6nbs\u00e9g a Sabina \u00e9s a Sabina Pro egyenes k\u00e1dak k\u00f6z\u00f6tt.<\/em><\/a><\/span><\/p>\n<p>[\/et_pb_text][et_pb_image src=&#8221;https:\/\/m-acryl.hu\/kad-kisokos\/wp-content\/uploads\/2024\/09\/m-acryl-evvegi-akcio-blogcikk-tartalom-kep-desktop-1250x482px-sabina-pro.jpg&#8221; alt=&#8221;Sabina Pro 2024 \u00e9v v\u00e9gi egyenes k\u00e1d akci\u00f3&#8221; title_text=&#8221;m-acryl-evvegi-akcio-blogcikk-tartalom-kep-desktop-1250x482px-sabina-pro&#8221; disabled_on=&#8221;on|on|on&#8221; _builder_version=&#8221;4.27.4&#8243; _module_preset=&#8221;default&#8221; custom_margin=&#8221;0px||0px||false|false&#8221; disabled=&#8221;on&#8221; global_colors_info=&#8221;{}&#8221;][\/et_pb_image][et_pb_text disabled_on=&#8221;on|on|on&#8221; _builder_version=&#8221;4.27.4&#8243; _module_preset=&#8221;default&#8221; background_color=&#8221;#000000&#8243; module_alignment=&#8221;center&#8221; custom_margin=&#8221;0px||3%||false|false&#8221; custom_padding=&#8221;1%||1%||false|false&#8221; disabled=&#8221;on&#8221; global_colors_info=&#8221;{}&#8221;]<\/p>\n<p style=\"text-align: center;\"><span style=\"color: #ffffff;\">V\u00e1s\u00e1rolja meg 2024. december 21-ig -15% kedvezm\u00e9nnyel<br \/>a <span style=\"text-decoration: underline;\"><strong><a href=\"https:\/\/m-acryl.hu\/termekek\/egyenes-kad\/sabina-pro-egyenes-akril-kad\" target=\"_blank\" rel=\"noopener\">Sabina Pro<\/a><\/strong><\/span> vagy a <span style=\"text-decoration: underline;\"><strong><a href=\"https:\/\/m-acryl.hu\/termekek\/egyenes-kad\/sabina-pro-slim-egyenes-akril-kad\" target=\"_blank\" rel=\"noopener\">Sabina Pro Slim<\/a><\/strong><\/span> egyenes k\u00e1dak b\u00e1rmelyik\u00e9t.<\/span><\/p>\n<p>[\/et_pb_text][\/et_pb_column][\/et_pb_row][et_pb_row _builder_version=&#8221;4.16&#8243; _module_preset=&#8221;default&#8221; global_colors_info=&#8221;{}&#8221;][et_pb_column type=&#8221;4_4&#8243; _builder_version=&#8221;4.16&#8243; _module_preset=&#8221;default&#8221; global_colors_info=&#8221;{}&#8221;][et_pb_image src=&#8221;https:\/\/m-acryl.hu\/kad-kisokos\/wp-content\/uploads\/2021\/10\/Sabina_e004.origRGB.0000_mod-1-scaled.jpg&#8221; alt=&#8221;Sabina Pro SLIM egyenes akril k\u00e1d term\u00e9kel\u0151ny\u00f6k&#8221; title_text=&#8221;Sabina Pro Slim f\u00fcrd\u0151k\u00e1d&#8221; _builder_version=&#8221;4.16&#8243; _module_preset=&#8221;default&#8221; custom_margin=&#8221;0px||0px||false|false&#8221; custom_padding=&#8221;0px||0px||false|false&#8221; global_colors_info=&#8221;{}&#8221;][\/et_pb_image][et_pb_image src=&#8221;https:\/\/m-acryl.hu\/kad-kisokos\/wp-content\/uploads\/2022\/02\/blogra_sabinapro.jpg&#8221; alt=&#8221;Sabina Pro SLIM egyenes akril k\u00e1d term\u00e9kel\u0151ny\u00f6k&#8221; title_text=&#8221;blogra_sabinapro&#8221; disabled_on=&#8221;on|off|off&#8221; _builder_version=&#8221;4.16&#8243; _module_preset=&#8221;default&#8221; global_colors_info=&#8221;{}&#8221;][\/et_pb_image][\/et_pb_column][\/et_pb_row][et_pb_row _builder_version=&#8221;4.16&#8243; _module_preset=&#8221;default&#8221; width=&#8221;70%&#8221; global_colors_info=&#8221;{}&#8221;][et_pb_column type=&#8221;4_4&#8243; _builder_version=&#8221;4.16&#8243; _module_preset=&#8221;default&#8221; global_colors_info=&#8221;{}&#8221;][et_pb_text _builder_version=&#8221;4.22.2&#8243; _module_preset=&#8221;default&#8221; custom_margin=&#8221;5%||||false|false&#8221; global_colors_info=&#8221;{}&#8221;]<\/p>\n<h2><strong>Eleg\u00e1ns \u00e9s k\u00e9nyelmes automata le- \u00e9s t\u00falfoly\u00f3<\/strong><\/h2>\n<p>[\/et_pb_text][et_pb_text _builder_version=&#8221;4.16&#8243; _module_preset=&#8221;default&#8221; text_font_size=&#8221;16px&#8221; global_colors_info=&#8221;{}&#8221;]<\/p>\n<p>A Sabina Pro v\u00e9djegye az <strong>egyedi, r\u00e9s kialak\u00edt\u00e1s\u00fa le- \u00e9s t\u00falfoly\u00f3<\/strong>, ami garant\u00e1lja, hogy f\u00fcrd\u0151k\u00e1dja m\u00e9g kifinomultabban simuljon f\u00fcrd\u0151szob\u00e1ja \u00f6sszk\u00e9p\u00e9be. A kiz\u00e1r\u00f3lag a Sabina Pro k\u00e1dakhoz el\u00e9rhet\u0151 <strong>mattfekete, f\u00e9nyesfeh\u00e9r, arany vagy kr\u00f3m sz\u00ednben<\/strong> v\u00e1laszthat\u00f3 t\u00falfoly\u00f3, garant\u00e1ltan egyediv\u00e9 teszi f\u00fcrd\u0151szob\u00e1j\u00e1t.<\/p>\n<p>[\/et_pb_text][\/et_pb_column][\/et_pb_row][et_pb_row disabled_on=&#8221;off|off|off&#8221; _builder_version=&#8221;4.16&#8243; _module_preset=&#8221;default&#8221; width=&#8221;70%&#8221; custom_margin=&#8221;||0px||false|false&#8221; custom_padding=&#8221;||0px||false|false&#8221; global_colors_info=&#8221;{}&#8221;][et_pb_column type=&#8221;4_4&#8243; _builder_version=&#8221;4.16&#8243; _module_preset=&#8221;default&#8221; global_colors_info=&#8221;{}&#8221;][et_pb_image src=&#8221;https:\/\/m-acryl.hu\/kad-kisokos\/wp-content\/uploads\/2022\/02\/leestulfolyo4szinben.jpg&#8221; alt=&#8221;sabina pro egyenes akril kad le es tulfolyo&#8221; title_text=&#8221;leestulfolyo4szinben&#8221; url=&#8221;https:\/\/m-acryl.hu\/termekek\/pro-click-clack-le&#8211;es-tulfolyo&#8221; url_new_window=&#8221;on&#8221; _builder_version=&#8221;4.16&#8243; _module_preset=&#8221;default&#8221; background_color=&#8221;#15b8ea&#8221; custom_margin=&#8221;0px||0px||false|false&#8221; custom_padding=&#8221;0px||1%||false|false&#8221; global_colors_info=&#8221;{}&#8221;][\/et_pb_image][et_pb_gallery gallery_ids=&#8221;4608,4609,4610&#8243; gallery_orderby=&#8221;rand&#8221; fullwidth=&#8221;on&#8221; _builder_version=&#8221;4.16&#8243; _module_preset=&#8221;default&#8221; global_colors_info=&#8221;{}&#8221;][\/et_pb_gallery][\/et_pb_column][\/et_pb_row][et_pb_row _builder_version=&#8221;4.16&#8243; _module_preset=&#8221;default&#8221; width=&#8221;70%&#8221; global_colors_info=&#8221;{}&#8221;][et_pb_column type=&#8221;4_4&#8243; _builder_version=&#8221;4.16&#8243; _module_preset=&#8221;default&#8221; global_colors_info=&#8221;{}&#8221;][et_pb_text _builder_version=&#8221;4.22.2&#8243; _module_preset=&#8221;default&#8221; custom_margin=&#8221;5%||||false|false&#8221; global_colors_info=&#8221;{}&#8221;]<\/p>\n<h2><strong>Trendi k\u00fcls\u0151<\/strong><\/h2>\n<p>[\/et_pb_text][et_pb_text _builder_version=&#8221;4.16&#8243; _module_preset=&#8221;default&#8221; text_font_size=&#8221;16px&#8221; global_colors_info=&#8221;{}&#8221;]<\/p>\n<p>Az M-Acryl slim k\u00e1dak mag\u00e1val ragad\u00f3an keskeny peremet kaptak, ami \u00f6nk\u00e9ntelen\u00fcl is mag\u00e1ra vonja a tekinteteket. Egy norm\u00e1l k\u00e1d pereme 4 cm magass\u00e1g\u00fa, ezzel szemben az M-Acryl slim k\u00e1dak 1,8 cm-es peremmel k\u00e9sz\u00fclnek. B\u00e1r 22 millim\u00e9ter elt\u00e9r\u00e9s nem t\u0171nik \u00f3ri\u00e1sinak, de a <strong>norm\u00e1l k\u00e1dperem fel\u00e9n\u00e9l is v\u00e9konyabb<\/strong>, kecses \u00e9s eleg\u00e1ns <strong>slim perem<\/strong> benyom\u00e1sa meghat\u00e1roz\u00f3 k\u00fcl\u00f6nbs\u00e9get jelent. Olyan gy\u00f6ny\u00f6r\u0171, hogy \u00e9l\u0151ben is l\u00e1tnia kell.<\/p>\n<p>[\/et_pb_text][\/et_pb_column][\/et_pb_row][et_pb_row _builder_version=&#8221;4.16&#8243; _module_preset=&#8221;default&#8221; width=&#8221;70%&#8221; global_colors_info=&#8221;{}&#8221;][et_pb_column type=&#8221;4_4&#8243; _builder_version=&#8221;4.16&#8243; _module_preset=&#8221;default&#8221; global_colors_info=&#8221;{}&#8221;][et_pb_image src=&#8221;https:\/\/m-acryl.hu\/kad-kisokos\/wp-content\/uploads\/2021\/11\/slim_perem_uj_feher.jpg&#8221; alt=&#8221;Sabina Pro Slim perem&#8221; title_text=&#8221;Sabina Pro Slim perem&#8221; _builder_version=&#8221;4.16&#8243; _module_preset=&#8221;default&#8221; background_enable_image=&#8221;off&#8221; parallax=&#8221;on&#8221; module_alignment=&#8221;center&#8221; custom_margin=&#8221;5%||||false|false&#8221; global_colors_info=&#8221;{}&#8221;][\/et_pb_image][et_pb_text _builder_version=&#8221;4.16&#8243; _module_preset=&#8221;default&#8221; custom_margin=&#8221;0px||0px||false|false&#8221; custom_padding=&#8221;0px||0px||false|false&#8221; global_colors_info=&#8221;{}&#8221;]<\/p>\n<p style=\"text-align: center;\"><em>Kecses \u00e9s eleg\u00e1ns SLIM k\u00e1dperem<\/em><\/p>\n<p>[\/et_pb_text][\/et_pb_column][\/et_pb_row][et_pb_row _builder_version=&#8221;4.16&#8243; _module_preset=&#8221;default&#8221; width=&#8221;70%&#8221; global_colors_info=&#8221;{}&#8221;][et_pb_column type=&#8221;4_4&#8243; _builder_version=&#8221;4.16&#8243; _module_preset=&#8221;default&#8221; global_colors_info=&#8221;{}&#8221;][et_pb_text _builder_version=&#8221;4.27.4&#8243; _module_preset=&#8221;default&#8221; custom_margin=&#8221;5%||||false|false&#8221; hover_enabled=&#8221;0&#8243; global_colors_info=&#8221;{}&#8221; sticky_enabled=&#8221;0&#8243;]<\/p>\n<h2><strong data-start=\"0\" data-end=\"35\" data-is-only-node=\"\">Matt feh\u00e9rben m\u00e9g letisztultabb<\/strong><\/h2>\n<p>[\/et_pb_text][et_pb_text _builder_version=&#8221;4.27.4&#8243; _module_preset=&#8221;default&#8221; text_font_size=&#8221;16px&#8221; hover_enabled=&#8221;0&#8243; global_colors_info=&#8221;{}&#8221; sticky_enabled=&#8221;0&#8243;]<\/p>\n<p>A <span style=\"text-decoration: underline;\"><strong><span style=\"color: #00ccff;\"><a href=\"https:\/\/m-acryl.hu\/termekek\/egyenes-kad\/sabina-pro-slim-matt-egyenes-akril-kad\" target=\"_blank\" rel=\"noopener\" style=\"color: #00ccff; text-decoration: underline;\">Sabina Pro Slim matt feh\u00e9r fel\u00fclettel<\/a> <\/span><\/strong><\/span>is el\u00e9rhet\u0151, ami finom, visszafogott\u00a0 eleganci\u00e1t k\u00f6lcs\u00f6n\u00f6z a f\u00fcrd\u0151szob\u00e1j\u00e1nak. A matt feh\u00e9r nem hivalkod\u00f3, m\u00e9gis karakteres v\u00e1laszt\u00e1s. A selymes tapint\u00e1s\u00fa, visszafogott fel\u00fclet harmonikusan illeszkedik a nyugodt, minimalista terekhez, \u00e9s k\u00fcl\u00f6n\u00f6sen j\u00f3l m\u0171k\u00f6dik skandin\u00e1v vagy japandi st\u00edlus\u00fa k\u00f6rnyezetben.<\/p>\n<p>[\/et_pb_text][\/et_pb_column][\/et_pb_row][et_pb_row _builder_version=&#8221;4.16&#8243; _module_preset=&#8221;default&#8221; width=&#8221;70%&#8221; global_colors_info=&#8221;{}&#8221;][et_pb_column type=&#8221;4_4&#8243; _builder_version=&#8221;4.16&#8243; _module_preset=&#8221;default&#8221; global_colors_info=&#8221;{}&#8221;][et_pb_gallery _builder_version=&#8221;4.27.4&#8243; _module_preset=&#8221;default&#8221; fullwidth=&#8221;on&#8221; hover_enabled=&#8221;0&#8243; sticky_enabled=&#8221;0&#8243; gallery_ids=&#8221;6901,6902,6903&#8243;][\/et_pb_gallery][et_pb_text _builder_version=&#8221;4.27.4&#8243; _module_preset=&#8221;default&#8221; custom_margin=&#8221;0px||0px||false|false&#8221; custom_padding=&#8221;0px||0px||false|false&#8221; hover_enabled=&#8221;0&#8243; global_colors_info=&#8221;{}&#8221; sticky_enabled=&#8221;0&#8243;]<\/p>\n<p style=\"text-align: center;\"><em>Letisztult \u00e9s eleg\u00e1ns: matt felsz\u00ednnel<\/em><\/p>\n<p>[\/et_pb_text][\/et_pb_column][\/et_pb_row][et_pb_row _builder_version=&#8221;4.16&#8243; _module_preset=&#8221;default&#8221; width=&#8221;70%&#8221; global_colors_info=&#8221;{}&#8221;][et_pb_column type=&#8221;4_4&#8243; _builder_version=&#8221;4.16&#8243; _module_preset=&#8221;default&#8221; global_colors_info=&#8221;{}&#8221;][et_pb_text _builder_version=&#8221;4.22.2&#8243; _module_preset=&#8221;default&#8221; custom_margin=&#8221;5%||||false|false&#8221; global_colors_info=&#8221;{}&#8221;]<\/p>\n<h2><strong>B\u00edrni fogja<\/strong><\/h2>\n<p>[\/et_pb_text][et_pb_text _builder_version=&#8221;4.16&#8243; _module_preset=&#8221;default&#8221; text_font_size=&#8221;16px&#8221; custom_padding=&#8221;||0px|||&#8221; global_colors_info=&#8221;{}&#8221;]Ne agg\u00f3djon, a sz\u00e9ps\u00e9g, nem ment a megb\u00edzhat\u00f3s\u00e1g k\u00e1r\u00e1ra. A diszkr\u00e9ten elk\u00e1pr\u00e1ztat\u00f3 Sabina Pro Slim a speci\u00e1lis <strong>extra er\u0151s\u00edt\u00e9s<\/strong>nek \u00e9s az <strong>integr\u00e1lt merev\u00edt\u00e9s<\/strong>nek k\u00f6sz\u00f6nhet\u0151en <strong>k\u00f6nny\u0171, m\u00e9gis strapab\u00edr\u00f3<\/strong>.[\/et_pb_text][\/et_pb_column][\/et_pb_row][et_pb_row _builder_version=&#8221;4.16&#8243; _module_preset=&#8221;default&#8221; width=&#8221;70%&#8221; custom_margin=&#8221;0px|0px|0px||false|false&#8221; custom_padding=&#8221;0px|0px|0px||false|false&#8221; border_color_all=&#8221;gcid-7bdd6664-54d9-4437-aed1-01a6ee23604c&#8221; global_colors_info=&#8221;{%22gcid-7bdd6664-54d9-4437-aed1-01a6ee23604c%22:%91%22border_color_all%22%93}&#8221;][et_pb_column type=&#8221;4_4&#8243; _builder_version=&#8221;4.16&#8243; _module_preset=&#8221;default&#8221; global_colors_info=&#8221;{}&#8221;][et_pb_image src=&#8221;https:\/\/m-acryl.hu\/kad-kisokos\/wp-content\/uploads\/2021\/11\/kadalj_mod2-scaled.jpg&#8221; alt=&#8221;Extra er\u0151s k\u00e1dalj&#8221; title_text=&#8221;Extra er\u0151s k\u00e1dalj&#8221; _builder_version=&#8221;4.16&#8243; _module_preset=&#8221;default&#8221; width=&#8221;99.6%&#8221; module_alignment=&#8221;right&#8221; custom_margin=&#8221;|0px|||false|false&#8221; custom_padding=&#8221;|0px|||false|false&#8221; global_colors_info=&#8221;{}&#8221;][\/et_pb_image][\/et_pb_column][\/et_pb_row][et_pb_row _builder_version=&#8221;4.16&#8243; _module_preset=&#8221;default&#8221; width=&#8221;70%&#8221; global_colors_info=&#8221;{}&#8221;][et_pb_column type=&#8221;4_4&#8243; _builder_version=&#8221;4.16&#8243; _module_preset=&#8221;default&#8221; global_colors_info=&#8221;{}&#8221;][et_pb_text _builder_version=&#8221;4.22.2&#8243; _module_preset=&#8221;default&#8221; custom_margin=&#8221;5%||||false|false&#8221; global_colors_info=&#8221;{}&#8221;]<\/p>\n<h2><strong>Biztos l\u00e1bakon \u00e1ll<\/strong><\/h2>\n<p>[\/et_pb_text][et_pb_text _builder_version=&#8221;4.16&#8243; _module_preset=&#8221;default&#8221; text_font_size=&#8221;16px&#8221; custom_padding=&#8221;||0px|||&#8221; global_colors_info=&#8221;{}&#8221;]Az M-Acryl f\u00fcrd\u0151k\u00e1dak a cs\u00facstechnol\u00f3gia \u00e9s a modern formatervez\u00e9s rom\u00e1nc\u00e1b\u00f3l sz\u00fcletnek. Mag\u00e1t\u00f3l \u00e9rtet\u0151d\u0151, hogy a min\u0151s\u00e9gi term\u00e9keket gy\u00e1rtunk, ez\u00e9rt minden r\u00e9szlet\u00e9ben a <strong>legjobb alapanyagok<\/strong>b\u00f3l k\u00e9sz\u00edtj\u00fck \u0151ket (legyen sz\u00f3 ak\u00e1r a k\u00e1dtestr\u0151l, ak\u00e1r a k\u00e1dl\u00e1br\u00f3l). M-Acryl k\u00e1dj\u00e1val \u00e9vtizedekre tervezhet.[\/et_pb_text][\/et_pb_column][\/et_pb_row][et_pb_row _builder_version=&#8221;4.16&#8243; _module_preset=&#8221;default&#8221; width=&#8221;100%&#8221; global_colors_info=&#8221;{}&#8221;][et_pb_column type=&#8221;4_4&#8243; _builder_version=&#8221;4.16&#8243; _module_preset=&#8221;default&#8221; global_colors_info=&#8221;{}&#8221;][et_pb_image src=&#8221;https:\/\/m-acryl.hu\/kad-kisokos\/wp-content\/uploads\/2021\/11\/ajandekkadlab_kisebbsz.jpg&#8221; alt=&#8221;ajandek kadlab&#8221; title_text=&#8221;ajandekkadlab_kisebbsz&#8221; _builder_version=&#8221;4.16&#8243; _module_preset=&#8221;default&#8221; width=&#8221;65%&#8221; module_alignment=&#8221;left&#8221; custom_margin=&#8221;|||0px|false|false&#8221; custom_padding=&#8221;|||0px|false|false&#8221; global_colors_info=&#8221;{}&#8221;][\/et_pb_image][et_pb_text _builder_version=&#8221;4.16&#8243; _module_preset=&#8221;default&#8221; width=&#8221;70%&#8221; module_alignment=&#8221;left&#8221; custom_margin=&#8221;0px||0px||false|false&#8221; custom_padding=&#8221;0px||0px||false|false&#8221; global_colors_info=&#8221;{}&#8221;]<\/p>\n<p style=\"text-align: center;\"><em>Az aj\u00e1nd\u00e9k k\u00e1dl\u00e1b haszn\u00e1lat\u00e1val k\u00f6nnyebb a be\u00e9p\u00edt\u00e9s,<br \/>egyszer\u0171 a v\u00edzszintez\u00e9s \u00e9s a magass\u00e1g \u00e1ll\u00edt\u00e1sa<\/em>.<\/p>\n<p>[\/et_pb_text][\/et_pb_column][\/et_pb_row][et_pb_row _builder_version=&#8221;4.16&#8243; _module_preset=&#8221;default&#8221; width=&#8221;70%&#8221; global_colors_info=&#8221;{}&#8221;][et_pb_column type=&#8221;4_4&#8243; _builder_version=&#8221;4.16&#8243; _module_preset=&#8221;default&#8221; global_colors_info=&#8221;{}&#8221;][et_pb_text _builder_version=&#8221;4.22.2&#8243; _module_preset=&#8221;default&#8221; custom_margin=&#8221;5%||||false|false&#8221; global_colors_info=&#8221;{}&#8221;]<\/p>\n<h2><strong>10 \u00e9v garancia<\/strong><\/h2>\n<p>[\/et_pb_text][et_pb_text _builder_version=&#8221;4.16&#8243; _module_preset=&#8221;default&#8221; text_font_size=&#8221;16px&#8221; custom_padding=&#8221;||0px|||&#8221; global_colors_info=&#8221;{}&#8221;]Biztosak vagyunk a Sabina Pro Slim kikezdhetetlens\u00e9g\u00e9ben, hogy \u00d6n is teljes m\u00e9rt\u00e9kben nyugodt lehessen, <span style=\"text-decoration: underline;\"><span style=\"color: #00ccff;\"><a style=\"color: #00ccff;\" href=\"https:\/\/m-acryl.hu\/garancia\" target=\"_blank\" rel=\"noopener\"><strong>10 \u00e9v garanci\u00e1val<\/strong><\/a><\/span><\/span> v\u00e1s\u00e1rolhatja meg.[\/et_pb_text][et_pb_image src=&#8221;https:\/\/m-acryl.hu\/kad-kisokos\/wp-content\/uploads\/2021\/10\/10evgaranciakek_kepre.png&#8221; alt=&#8221;10 \u00e9v garancia&#8221; title_text=&#8221;10evgaranciakek_kepre&#8221; url=&#8221;https:\/\/m-acryl.hu\/garancia&#8221; url_new_window=&#8221;on&#8221; align=&#8221;center&#8221; _builder_version=&#8221;4.16&#8243; _module_preset=&#8221;default&#8221; width=&#8221;35%&#8221; module_alignment=&#8221;center&#8221; custom_margin=&#8221;5%||5%||false|false&#8221; global_colors_info=&#8221;{}&#8221;][\/et_pb_image][\/et_pb_column][\/et_pb_row][et_pb_row _builder_version=&#8221;4.16&#8243; _module_preset=&#8221;default&#8221; width=&#8221;70%&#8221; global_colors_info=&#8221;{}&#8221;][et_pb_column type=&#8221;4_4&#8243; _builder_version=&#8221;4.16&#8243; _module_preset=&#8221;default&#8221; global_colors_info=&#8221;{}&#8221;][et_pb_text _builder_version=&#8221;4.22.2&#8243; _module_preset=&#8221;default&#8221; custom_margin=&#8221;5%||||false|false&#8221; global_colors_info=&#8221;{}&#8221;]<\/p>\n<h2><strong>100% igazi akril<\/strong><\/h2>\n<p>[\/et_pb_text][et_pb_text _builder_version=&#8221;4.16&#8243; _module_preset=&#8221;default&#8221; text_font_size=&#8221;16px&#8221; custom_padding=&#8221;||0px|||&#8221; global_colors_info=&#8221;{}&#8221;]A tiszta szaniter akril k\u00e1dak s\u00falyra k\u00f6nnyedek, \u00e1m ennek ellen\u00e9re szinte elny\u0171hetetlen\u00fcl<strong> tart\u00f3sak<\/strong>, \u00edgy nem kell azon aggodalmaskodnia, hogy k\u00e1dja sz\u00e9ps\u00e9g\u00e9t karcol\u00e1snyomok vagy elsz\u00ednez\u0151d\u00e9s \u00e1rny\u00e9kolja be. Emellett a szaniter k\u00e1dak <strong>kellemes tapint\u00e1s\u00fa<\/strong>ak, \u00e9s j\u00f3l tartj\u00e1k a h\u0151t, \u00edgy sok\u00e1ig \u00e9lvezheti a f\u00fcrd\u0151v\u00edz meleg\u00e9t.[\/et_pb_text][et_pb_image src=&#8221;https:\/\/m-acryl.hu\/kad-kisokos\/wp-content\/uploads\/2021\/11\/retusalt_kep.jpg&#8221; alt=&#8221;M-Acryl \u00e9lm\u00e9nyk\u00e9p&#8221; title_text=&#8221;M-Acryl \u00e9lm\u00e9nyk\u00e9p&#8221; _builder_version=&#8221;4.16&#8243; _module_preset=&#8221;default&#8221; global_colors_info=&#8221;{}&#8221;][\/et_pb_image][\/et_pb_column][\/et_pb_row][et_pb_row _builder_version=&#8221;4.16&#8243; _module_preset=&#8221;default&#8221; width=&#8221;70%&#8221; global_colors_info=&#8221;{}&#8221;][et_pb_column type=&#8221;4_4&#8243; _builder_version=&#8221;4.16&#8243; _module_preset=&#8221;default&#8221; global_colors_info=&#8221;{}&#8221;][et_pb_text _builder_version=&#8221;4.22.2&#8243; _module_preset=&#8221;default&#8221; custom_margin=&#8221;5%||||false|false&#8221; global_colors_info=&#8221;{}&#8221;]<\/p>\n<h2><strong>Antibakteri\u00e1lis fel\u00fclet<\/strong><\/h2>\n<p>[\/et_pb_text][et_pb_text _builder_version=&#8221;4.16&#8243; _module_preset=&#8221;default&#8221; text_font_size=&#8221;16px&#8221; custom_padding=&#8221;||0px|||&#8221; global_colors_info=&#8221;{}&#8221;]<\/p>\n<p class=\"p1\">Az M-Acryl k\u00e1dak <strong>antibakteri\u00e1lis fel\u00fclet<\/strong>tel k\u00e9sz\u00fclnek, melyek k\u00fcl\u00f6nlegess\u00e9ge, hogy <strong>g\u00e1tolja a gomb\u00e1k \u00e9s bakt\u00e9riumok \u00a0terjed\u00e9s\u00e9t<\/strong>. Ennek k\u00f6sz\u00f6nhet\u0151en k\u00f6nnyebben tiszt\u00e1n \u00e9s frissen tarthatja f\u00fcrd\u0151szob\u00e1j\u00e1t.<\/p>\n<p>[\/et_pb_text][\/et_pb_column][\/et_pb_row][et_pb_row _builder_version=&#8221;4.16&#8243; _module_preset=&#8221;default&#8221; width=&#8221;100%&#8221; custom_padding=&#8221;|0px||||&#8221; global_colors_info=&#8221;{}&#8221;][et_pb_column type=&#8221;4_4&#8243; _builder_version=&#8221;4.16&#8243; _module_preset=&#8221;default&#8221; global_colors_info=&#8221;{}&#8221;][et_pb_image src=&#8221;https:\/\/m-acryl.hu\/kad-kisokos\/wp-content\/uploads\/2021\/11\/ka\u0301dmetszetva\u0301gott_antibacis.jpg&#8221; alt=&#8221;Sabina Pro k\u00e1dmetszet&#8221; title_text=&#8221;Sabina Pro k\u00e1dmetszet&#8221; _builder_version=&#8221;4.16&#8243; _module_preset=&#8221;default&#8221; width=&#8221;100%&#8221; module_alignment=&#8221;left&#8221; custom_margin=&#8221;0px|||0px|false|false&#8221; custom_padding=&#8221;0px|||0px|false|false&#8221; global_colors_info=&#8221;{}&#8221;][\/et_pb_image][\/et_pb_column][\/et_pb_row][et_pb_row _builder_version=&#8221;4.16&#8243; _module_preset=&#8221;default&#8221; width=&#8221;80%&#8221; global_colors_info=&#8221;{}&#8221;][et_pb_column type=&#8221;4_4&#8243; _builder_version=&#8221;4.16&#8243; _module_preset=&#8221;default&#8221; global_colors_info=&#8221;{}&#8221;][et_pb_text _builder_version=&#8221;4.16&#8243; _module_preset=&#8221;default&#8221; max_width=&#8221;100%&#8221; module_alignment=&#8221;center&#8221; global_colors_info=&#8221;{}&#8221;]<\/p>\n<p style=\"text-align: center;\"><em>Az antibakteri\u00e1lis fel\u00fcletnek h\u00e1la f\u00fcrd\u00e9s el\u0151tt, <\/em><em>k\u00f6zben \u00e9s ut\u00e1na is biztons\u00e1gban tudhatja a csal\u00e1dj\u00e1t.<\/em><\/p>\n<p>[\/et_pb_text][\/et_pb_column][\/et_pb_row][et_pb_row _builder_version=&#8221;4.16&#8243; _module_preset=&#8221;default&#8221; width=&#8221;70%&#8221; custom_margin=&#8221;2%|auto|1px|auto|false|false&#8221; global_colors_info=&#8221;{}&#8221;][et_pb_column type=&#8221;4_4&#8243; _builder_version=&#8221;4.16&#8243; _module_preset=&#8221;default&#8221; global_colors_info=&#8221;{}&#8221;][et_pb_text _builder_version=&#8221;4.22.2&#8243; _module_preset=&#8221;default&#8221; custom_margin=&#8221;5%||||false|false&#8221; global_colors_info=&#8221;{}&#8221;]<\/p>\n<h2><strong>A Sabina Pro Slim k\u00e9t szem\u00e9lynek is pihentet\u0151<br \/><\/strong><\/h2>\n<p>[\/et_pb_text][et_pb_text _builder_version=&#8221;4.16&#8243; _module_preset=&#8221;default&#8221; text_font_size=&#8221;16px&#8221; custom_padding=&#8221;||0px|||&#8221; global_colors_info=&#8221;{}&#8221;]A meghitt, k\u00e9tszem\u00e9lyes f\u00fcrd\u0151z\u00e9seket is becsemp\u00e9szheti a h\u00e9tk\u00f6znapokba, hisz a <strong>k\u00f6z\u00e9plefoly\u00f3<\/strong>nak h\u00e1la se \u00d6nnek, se a p\u00e1rj\u00e1nak nem fog kellemetlens\u00e9get okozni, hogy a dug\u00f3 fel\u00f6li oldalra kell \u00fclnie.[\/et_pb_text][et_pb_image src=&#8221;https:\/\/m-acryl.hu\/kad-kisokos\/wp-content\/uploads\/2021\/10\/sabinaslim_romantikus.jpg&#8221; alt=&#8221;k\u00e9t szem\u00e9lyes sabina pro slim egyenes f\u00fcrd\u0151k\u00e1d&#8221; title_text=&#8221;k\u00e9t szem\u00e9lyes sabina pro slim egyenes f\u00fcrd\u0151k\u00e1d&#8221; _builder_version=&#8221;4.16&#8243; _module_preset=&#8221;default&#8221; global_colors_info=&#8221;{}&#8221;][\/et_pb_image][\/et_pb_column][\/et_pb_row][et_pb_row _builder_version=&#8221;4.16&#8243; _module_preset=&#8221;default&#8221; width=&#8221;70%&#8221; global_colors_info=&#8221;{}&#8221;][et_pb_column type=&#8221;4_4&#8243; _builder_version=&#8221;4.16&#8243; _module_preset=&#8221;default&#8221; global_colors_info=&#8221;{}&#8221;][et_pb_text _builder_version=&#8221;4.22.2&#8243; _module_preset=&#8221;default&#8221; custom_margin=&#8221;5%||||false|false&#8221; global_colors_info=&#8221;{}&#8221;]<\/p>\n<h2><strong>K\u00e9nyelmes kicsiknek \u00e9s nagyoknak<\/strong><\/h2>\n<p>[\/et_pb_text][et_pb_text _builder_version=&#8221;4.16&#8243; _module_preset=&#8221;default&#8221; text_font_size=&#8221;16px&#8221; custom_padding=&#8221;||0px|||&#8221; global_colors_info=&#8221;{}&#8221;]A f\u00fcrd\u0151k\u00e1d az a hely, ahol igaz\u00e1n kikapcsolhat, \u2013 ha az kell\u0151k\u00e9ppen k\u00e9nyelmes. Ehhez pedig az kell, hogy kell\u0151en sz\u00e9les k\u00e1dat v\u00e1lasszon, \u00e9s megfelel\u0151en ki tudja ny\u00fajt\u00f3ztatni mag\u00e1t. A Sabina Pro Slim k\u00e1d eset\u00e9ben <strong>h\u00e1romf\u00e9le m\u00e9ret<\/strong> k\u00f6z\u00fcl v\u00e1laszthatja ki azt, amelyik \u00d6nnek a legk\u00e9nyelmesebb.[\/et_pb_text][\/et_pb_column][\/et_pb_row][et_pb_row _builder_version=&#8221;4.16&#8243; _module_preset=&#8221;default&#8221; width=&#8221;70%&#8221; global_colors_info=&#8221;{}&#8221;][et_pb_column type=&#8221;4_4&#8243; _builder_version=&#8221;4.16&#8243; _module_preset=&#8221;default&#8221; global_colors_info=&#8221;{}&#8221;][et_pb_image src=&#8221;https:\/\/m-acryl.hu\/kad-kisokos\/wp-content\/uploads\/2021\/04\/sabina-pro-felulnezet-3.png&#8221; alt=&#8221;M-Acryl Sabina Pro egyenes akril k\u00e1d fel\u00fcln\u00e9zet&#8221; title_text=&#8221;sabina-pro-felulnezet&#8221; url=&#8221;https:\/\/m-acryl.hu\/termekek\/egyenes-kad\/sabina-pro-egyenes-akril-kad&#8221; url_new_window=&#8221;on&#8221; _builder_version=&#8221;4.16&#8243; _module_preset=&#8221;default&#8221; global_colors_info=&#8221;{}&#8221;][\/et_pb_image][et_pb_text _builder_version=&#8221;4.27.0&#8243; _module_preset=&#8221;default&#8221; text_text_color=&#8221;#00ccff&#8221; text_font_size=&#8221;16px&#8221; link_font=&#8221;||||on|||#00ccff|&#8221; link_text_color=&#8221;#00ccff&#8221; custom_margin=&#8221;||0px||false|false&#8221; global_colors_info=&#8221;{}&#8221;]<\/p>\n<p style=\"text-align: center;\"><strong><em><a href=\"https:\/\/m-acryl.hu\/termekek\/egyenes-kad\/sabina-pro-egyenes-akril-kad\" target=\"_blank\" rel=\"noopener\">Sabina Pro egyenes akril k\u00e1d<\/a><\/em><\/strong><\/p>\n<p>[\/et_pb_text][et_pb_text _builder_version=&#8221;4.16&#8243; _module_preset=&#8221;default&#8221; text_text_color=&#8221;#00ccff&#8221; text_font_size=&#8221;16px&#8221; link_font=&#8221;||||on|||#00ccff|&#8221; link_text_color=&#8221;#00ccff&#8221; background_color=&#8221;RGBA(0,0,0,0)&#8221; custom_margin=&#8221;0px||0px||false|false&#8221; custom_padding=&#8221;0px||0px||false|false&#8221; global_colors_info=&#8221;{}&#8221;]<\/p>\n<p style=\"text-align: center;\"><span style=\"color: #808080;\"><em>160&#215;75 cm, 170&#215;75 cm \u00e9s 180&#215;80 cm kivitelben<\/em><\/span><\/p>\n<p>[\/et_pb_text][et_pb_button button_url=&#8221;https:\/\/m-acryl.hu\/termekek\/egyenes-kad\/sabina-pro-slim-egyenes-akril-kad&#8221; url_new_window=&#8221;on&#8221; button_text=&#8221;\u00c9rdekel a Sabina Pro slim&#8221; button_alignment=&#8221;center&#8221; _builder_version=&#8221;4.16&#8243; _module_preset=&#8221;default&#8221; custom_button=&#8221;on&#8221; button_text_size=&#8221;18px&#8221; button_text_color=&#8221;#FFFFFF&#8221; button_bg_color=&#8221;gcid-7bdd6664-54d9-4437-aed1-01a6ee23604c&#8221; button_border_width=&#8221;0px&#8221; custom_margin=&#8221;5%|5%|2%|5%|false|false&#8221; global_colors_info=&#8221;{%22gcid-7bdd6664-54d9-4437-aed1-01a6ee23604c%22:%91%22button_bg_color%22%93}&#8221;][\/et_pb_button][\/et_pb_column][\/et_pb_row][et_pb_row _builder_version=&#8221;4.16&#8243; _module_preset=&#8221;default&#8221; width=&#8221;70%&#8221; global_colors_info=&#8221;{}&#8221;][et_pb_column type=&#8221;4_4&#8243; _builder_version=&#8221;4.16&#8243; _module_preset=&#8221;default&#8221; global_colors_info=&#8221;{}&#8221;][et_pb_text _builder_version=&#8221;4.22.2&#8243; _module_preset=&#8221;default&#8221; custom_margin=&#8221;5%||||false|false&#8221; global_colors_info=&#8221;{}&#8221;]<\/p>\n<h2><strong>Kieg\u00e9sz\u00edt\u0151kkel fokozhat\u00f3 a k\u00e9nyelem<\/strong><\/h2>\n<p>[\/et_pb_text][et_pb_text _builder_version=&#8221;4.16&#8243; _module_preset=&#8221;default&#8221; text_font_size=&#8221;16px&#8221; custom_padding=&#8221;||3%||false|false&#8221; global_colors_info=&#8221;{}&#8221;]A hossz\u00fa, stresszold\u00f3 forr\u00f3 f\u00fcrd\u0151z\u00e9seket kieg\u00e9sz\u00edt\u0151kkel teheti m\u00e9g kellemesebb\u00e9. V\u00e1laszthat p\u00e9ld\u00e1ul k\u00e1dja mell\u00e9 <span style=\"text-decoration: underline;\"><span style=\"color: #00ccff;\"><strong><a style=\"color: #00ccff; text-decoration: underline;\" href=\"https:\/\/m-acryl.hu\/kereses?search=fejp%C3%A1rna\" target=\"_blank\" rel=\"noopener\">levehet\u0151 fejp\u00e1rn\u00e1t<\/a><\/strong><\/span><\/span>.[\/et_pb_text][\/et_pb_column][\/et_pb_row][et_pb_row _builder_version=&#8221;4.16&#8243; _module_preset=&#8221;default&#8221; width=&#8221;70%&#8221; global_colors_info=&#8221;{}&#8221;][et_pb_column type=&#8221;4_4&#8243; _builder_version=&#8221;4.16&#8243; _module_preset=&#8221;default&#8221; global_colors_info=&#8221;{}&#8221;][et_pb_image src=&#8221;https:\/\/m-acryl.hu\/kad-kisokos\/wp-content\/uploads\/2021\/11\/Fejpa\u0301rna\u0301k_uj.jpg&#8221; alt=&#8221;Sabina Pro Slim fejp\u00e1rn\u00e1k&#8221; title_text=&#8221;Sabina Pro Slim fejp\u00e1rn\u00e1k&#8221; url=&#8221;https:\/\/m-acryl.hu\/kereses?search=fejp%C3%A1rna&#8221; url_new_window=&#8221;on&#8221; _builder_version=&#8221;4.16&#8243; _module_preset=&#8221;default&#8221; global_colors_info=&#8221;{}&#8221;][\/et_pb_image][et_pb_text _builder_version=&#8221;4.16&#8243; _module_preset=&#8221;default&#8221; width=&#8221;80%&#8221; module_alignment=&#8221;center&#8221; custom_margin=&#8221;0px||0px||false|false&#8221; custom_padding=&#8221;0px||0px||false|false&#8221; locked=&#8221;off&#8221; global_colors_info=&#8221;{}&#8221;]<\/p>\n<p style=\"text-align: center;\"><em>A t\u00f6k\u00e9letes forr\u00f3 f\u00fcrd\u0151h\u00f6z elengedhetetlen egy k\u00e9nyelmes fejp\u00e1rna!<\/em><\/p>\n<p>[\/et_pb_text][\/et_pb_column][\/et_pb_row][et_pb_row _builder_version=&#8221;4.16&#8243; _module_preset=&#8221;default&#8221; width=&#8221;70%&#8221; global_colors_info=&#8221;{}&#8221;][et_pb_column type=&#8221;4_4&#8243; _builder_version=&#8221;4.16&#8243; _module_preset=&#8221;default&#8221; global_colors_info=&#8221;{}&#8221;][et_pb_text _builder_version=&#8221;4.16&#8243; _module_preset=&#8221;default&#8221; text_font_size=&#8221;16px&#8221; custom_margin=&#8221;3%||||false|false&#8221; custom_padding=&#8221;3%||0px||false|false&#8221; global_colors_info=&#8221;{}&#8221;]<\/p>\n<p>K\u00e9nyeztetheti test\u00e9t \u00e9s lelk\u00e9t a <span style=\"text-decoration: underline; color: #00ccff;\"><strong><a style=\"color: #00ccff; text-decoration: underline;\" href=\"https:\/\/m-acryl.hu\/termekek\/szinterapia\/dupla-szinterapia\" target=\"_blank\" rel=\"noopener\">sz\u00ednter\u00e1pia<\/a><\/strong><\/span> egym\u00e1sba \u00fasz\u00f3 f\u00e9nyj\u00e1t\u00e9k\u00e1val. Az alapsz\u00ednekhez kevert sz\u00ednek k\u00f6z\u00fcl b\u00e1rmikor kiv\u00e1laszthatja. aszem\u00e9lyis\u00e9g\u00e9hez vagy a hangulat\u00e1hoz legjobban ill\u0151 sz\u00ednt.<\/p>\n<p>[\/et_pb_text][\/et_pb_column][\/et_pb_row][et_pb_row _builder_version=&#8221;4.16&#8243; _module_preset=&#8221;default&#8221; width=&#8221;70%&#8221; global_colors_info=&#8221;{}&#8221;][et_pb_column type=&#8221;4_4&#8243; _builder_version=&#8221;4.16&#8243; _module_preset=&#8221;default&#8221; global_colors_info=&#8221;{}&#8221;][et_pb_image src=&#8221;https:\/\/m-acryl.hu\/kad-kisokos\/wp-content\/uploads\/2021\/10\/szi\u0301ntera\u0301pia-1.jpg&#8221; alt=&#8221;M-Acryl sz\u00ednter\u00e1pia&#8221; title_text=&#8221;M-Acryl sz\u00ednter\u00e1pia&#8221; url=&#8221;https:\/\/m-acryl.hu\/termekek\/szinterapia\/dupla-szinterapia&#8221; url_new_window=&#8221;on&#8221; disabled_on=&#8221;on|off|off&#8221; _builder_version=&#8221;4.16&#8243; _module_preset=&#8221;default&#8221; global_colors_info=&#8221;{}&#8221;][\/et_pb_image][et_pb_image src=&#8221;https:\/\/m-acryl.hu\/kad-kisokos\/wp-content\/uploads\/2021\/10\/szinterapia-scaled.jpg&#8221; alt=&#8221;M-Acryl sz\u00ednter\u00e1pia&#8221; title_text=&#8221;M-Acryl sz\u00ednter\u00e1pia&#8221; disabled_on=&#8221;off|on|on&#8221; _builder_version=&#8221;4.16&#8243; _module_preset=&#8221;default&#8221; global_colors_info=&#8221;{}&#8221;][\/et_pb_image][\/et_pb_column][\/et_pb_row][et_pb_row _builder_version=&#8221;4.22.2&#8243; _module_preset=&#8221;default&#8221; width=&#8221;70%&#8221; global_colors_info=&#8221;{}&#8221;][et_pb_column type=&#8221;4_4&#8243; _builder_version=&#8221;4.16&#8243; _module_preset=&#8221;default&#8221; global_colors_info=&#8221;{}&#8221;][et_pb_text _builder_version=&#8221;4.22.2&#8243; _module_preset=&#8221;default&#8221; custom_margin=&#8221;5%||||false|false&#8221; global_colors_info=&#8221;{}&#8221;]<\/p>\n<h2><strong>V\u00e1laszt\u00e1s el\u0151tt \u00fclj\u00f6n bele a k\u00e1dba!<\/strong><\/h2>\n<p>[\/et_pb_text][et_pb_text _builder_version=&#8221;4.16&#8243; _module_preset=&#8221;default&#8221; text_font_size=&#8221;16px&#8221; custom_margin=&#8221;||5%||false|false&#8221; custom_padding=&#8221;||3%||false|false&#8221; global_colors_info=&#8221;{}&#8221;]<span style=\"text-decoration: underline; color: #00ccff;\"><strong><a style=\"color: #00ccff; text-decoration: underline;\" href=\"https:\/\/m-acryl.hu\/bemutatoterem\" target=\"_blank\" rel=\"noopener\">Bemutat\u00f3term\u00fcnkben<\/a><\/strong><\/span> szem\u00e9lyesen szak\u00e9rt\u0151kt\u0151l kaphat v\u00e1laszt felmer\u00fcl\u0151 k\u00e9rd\u00e9seire, f\u00fcrd\u0151k\u00e1djainkat pedig <strong>\u00e9l\u0151ben is kipr\u00f3b\u00e1lhatja<\/strong>; bele\u00fclhet \u00e9s k\u00f6zelr\u0151l is megn\u00e9zheti \u0151ket, \u00edgy <strong>biztosan nem \u00e9ri csal\u00f3d\u00e1s<\/strong> a v\u00e1laszt\u00e1st k\u00f6vet\u0151en.[\/et_pb_text][\/et_pb_column][\/et_pb_row][et_pb_row disabled_on=&#8221;on|on|on&#8221; _builder_version=&#8221;4.27.0&#8243; _module_preset=&#8221;default&#8221; custom_margin=&#8221;0px|auto|-16px|auto|false|false&#8221; custom_padding=&#8221;0px||0px||false|false&#8221; disabled=&#8221;on&#8221; global_colors_info=&#8221;{}&#8221;][et_pb_column type=&#8221;4_4&#8243; _builder_version=&#8221;4.16&#8243; _module_preset=&#8221;default&#8221; global_colors_info=&#8221;{}&#8221;][et_pb_image src=&#8221;https:\/\/m-acryl.hu\/kad-kisokos\/wp-content\/uploads\/2021\/10\/M-Acryl-Sabina-Pro-1200&#215;628-1.jpg&#8221; alt=&#8221;Sabina Pro egyenes akril f\u00fcrd\u0151k\u00e1d&#8221; title_text=&#8221;M-Acryl Sabina Pro 1200&#215;628&#8243; url=&#8221;https:\/\/m-acryl.hu\/kad-kisokos\/egyenes-akril-kad-kedvezmeny\/?utm_source=m-acryl.hu&#038;utm_medium=blokk&#8221; url_new_window=&#8221;on&#8221; disabled_on=&#8221;off|off|off&#8221; _builder_version=&#8221;4.24.0&#8243; _module_preset=&#8221;default&#8221; width=&#8221;80%&#8221; module_alignment=&#8221;center&#8221; custom_margin=&#8221;0px|0px|0px|0px|false|false&#8221; custom_padding=&#8221;0px|0px|0px|0px|false|false&#8221; global_colors_info=&#8221;{}&#8221;][\/et_pb_image][\/et_pb_column][\/et_pb_row][et_pb_row disabled_on=&#8221;on|on|on&#8221; _builder_version=&#8221;4.27.0&#8243; _module_preset=&#8221;default&#8221; background_color=&#8221;#bababa&#8221; width=&#8221;72%&#8221; custom_margin=&#8221;||0px||false|false&#8221; custom_padding=&#8221;5%||5%||false|false&#8221; disabled=&#8221;on&#8221; global_colors_info=&#8221;{}&#8221;][et_pb_column type=&#8221;4_4&#8243; _builder_version=&#8221;4.16&#8243; _module_preset=&#8221;default&#8221; global_colors_info=&#8221;{}&#8221;][et_pb_text admin_label=&#8221;Sz\u00f6veg&#8221; _builder_version=&#8221;4.16&#8243; _module_preset=&#8221;default&#8221; custom_margin=&#8221;1%|||2%|false|false&#8221; global_colors_info=&#8221;{}&#8221;]<\/p>\n<h1 style=\"text-align: center;\"><span style=\"color: #ffff00;\">m\u00e9g egy \u00e9rv a sabina Pro slim mellett<\/span><\/h1>\n<p>[\/et_pb_text][et_pb_text _builder_version=&#8221;4.24.0&#8243; _module_preset=&#8221;default&#8221; text_font_size=&#8221;16px&#8221; custom_margin=&#8221;|10%||10%|false|false&#8221; custom_margin_tablet=&#8221;|5%||5%|false|false&#8221; custom_margin_phone=&#8221;|5%||5%|false|false&#8221; custom_margin_last_edited=&#8221;on|tablet&#8221; global_colors_info=&#8221;{}&#8221;]<\/p>\n<p style=\"text-align: center;\"><span style=\"color: #000000;\">Az\u00e9rt is \u00e9rdemes a Sabina Pro Slim egyenes k\u00e1dat megrendelnie,<br \/>mert <strong>2024. febru\u00e1r 19. \u00e9s 2024. m\u00e1rcius 28. k\u00f6z\u00f6tt -15% kedvezm\u00e9nnyel <\/strong>v\u00e1s\u00e1rolhatja meg<strong>.<\/strong> Olvassa el <span style=\"text-decoration: underline; color: rgba(0, 0, 0, 0.5);\"><strong><a href=\"https:\/\/m-acryl.hu\/kad-kisokos\/egyenes-akril-kad-kedvezmeny\/?utm_source=m-acryl.hu&amp;utm_medium=blokk\" target=\"_blank\" rel=\"noopener\"><span style=\"color: #00ccff;\">\u00f6sszefoglal\u00f3 cikk\u00fcnket<\/span><\/a><\/strong>,<\/span> \u00e9s ismerje meg a kedvezm\u00e9ny pontos r\u00e9szleteit.<\/span><span style=\"color: #000000;\"><\/span><\/p>\n<p>[\/et_pb_text][et_pb_button button_url=&#8221;https:\/\/m-acryl.hu\/kad-kisokos\/egyenes-akril-kad-kedvezmeny\/?utm_source=m-acryl.hu&#038;utm_medium=blokk&#8221; url_new_window=&#8221;on&#8221; button_text=&#8221;Tov\u00e1bb a kedvezm\u00e9ny r\u00e9szleteihez&#8221; button_alignment=&#8221;center&#8221; disabled_on=&#8221;off|off|off&#8221; _builder_version=&#8221;4.24.0&#8243; _module_preset=&#8221;default&#8221; custom_button=&#8221;on&#8221; button_text_color=&#8221;#FFFFFF&#8221; button_bg_color=&#8221;gcid-7bdd6664-54d9-4437-aed1-01a6ee23604c&#8221; button_border_radius=&#8221;10px&#8221; button_font=&#8221;|600|||||||&#8221; button_icon=&#8221;&#x45;||divi||400&#8243; custom_margin=&#8221;4%|10%|2%|10%|false|false&#8221; locked=&#8221;off&#8221; global_colors_info=&#8221;{%22gcid-7bdd6664-54d9-4437-aed1-01a6ee23604c%22:%91%22button_bg_color%22%93}&#8221;][\/et_pb_button][\/et_pb_column][\/et_pb_row][\/et_pb_section][et_pb_section fb_built=&#8221;1&#8243; _builder_version=&#8221;4.16&#8243; background_color=&#8221;#f0f0f0&#8243; custom_margin=&#8221;||0px|||&#8221; custom_padding=&#8221;9px||1px|||&#8221; top_divider_height=&#8221;25px&#8221; border_width_all=&#8221;23px&#8221; border_color_all=&#8221;#e2e2e2&#8243; collapsed=&#8221;on&#8221; global_colors_info=&#8221;{}&#8221;][et_pb_row _builder_version=&#8221;4.16&#8243; width=&#8221;70%&#8221; width_tablet=&#8221;&#8221; width_phone=&#8221;90%&#8221; width_last_edited=&#8221;on|phone&#8221; min_height=&#8221;636px&#8221; custom_margin=&#8221;40px|auto||auto||&#8221; global_colors_info=&#8221;{}&#8221;][et_pb_column type=&#8221;4_4&#8243; _builder_version=&#8221;4.16&#8243; global_colors_info=&#8221;{}&#8221;][et_pb_blurb use_icon=&#8221;on&#8221; font_icon=&#8221;&#xe010;||divi||400&#8243; icon_color=&#8221;#c5d300&#8243; image_icon_width=&#8221;108px&#8221; content_max_width=&#8221;687px&#8221; _builder_version=&#8221;4.16&#8243; header_level=&#8221;h2&#8243; body_text_color=&#8221;#424242&#8243; body_font_size=&#8221;17px&#8221; custom_margin=&#8221;|0px|0px|0px|false|false&#8221; custom_padding=&#8221;|0px||0px|false|false&#8221; icon_font_size=&#8221;108px&#8221; global_colors_info=&#8221;{}&#8221;][\/et_pb_blurb][et_pb_text _builder_version=&#8221;4.16&#8243; header_text_align=&#8221;center&#8221; custom_margin=&#8221;6px||6px||true|false&#8221; global_colors_info=&#8221;{}&#8221;]<\/p>\n<h2 style=\"text-align: center;\">Cikksorozatunk tov\u00e1bbi r\u00e9szei is v\u00e1rj\u00e1k \u00f6nt.<\/h2>\n<p>[\/et_pb_text][et_pb_text _builder_version=&#8221;4.16&#8243; text_text_color=&#8221;#FFFFFF&#8221; text_font_size=&#8221;17px&#8221; text_line_height=&#8221;1.6em&#8221; custom_padding=&#8221;||2px|||&#8221; global_colors_info=&#8221;{}&#8221;]<\/p>\n<p style=\"text-align: center;\"><span style=\"color: #333333;\">K\u00e9rje tov\u00e1bbi inspir\u00e1l\u00f3 \u00e9s szak\u00e9rt\u0151i cikkeinket a f\u00fcrd\u0151k\u00e1d t\u00e9m\u00e1ban. Adja meg e-mail c\u00edm\u00e9t, hogy tov\u00e1bbi hasznos tartalmakat k\u00fcldhess\u00fcnk \u00d6nnek.<br \/>\n<\/span><\/p>\n<p>[\/et_pb_text][et_pb_code _builder_version=&#8221;4.16&#8243; background_color=&#8221;rgba(0,0,0,0)&#8221; custom_padding=&#8221;||0px|||&#8221; animation_style=&#8221;fade&#8221; global_colors_info=&#8221;{}&#8221;]<\/p>\n<div id=\"mmform201115\" class=\"mmform\" style=\"position: relative; padding-bottom: 300px; height: 0; overflow: hidden; max-width: 100%;\"><\/div>\n<p><!-- [et_pb_line_break_holder] --><!-- [et_pb_line_break_holder] --><script type=\"text\/javascript\"><!-- [et_pb_line_break_holder] -->var uniqueId = 2011151587117327,listId = 104491,formId = 201115,iwidth=115,mmDomain='salesautopilot.s3.amazonaws.com',secondMMDomain='sw.marketingszoftverek.hu',spancont=false,secure=('https:' == document.location.protocol)?true:false;<!-- [et_pb_line_break_holder] --><\/script><!-- [et_pb_line_break_holder] --><script type=\"text\/javascript\" src=\"https:\/\/d1ursyhqs5x9h1.cloudfront.net\/sw\/scripts\/mm-embed-iframe-1.15.min.js\"><\/script>[\/et_pb_code][\/et_pb_column][\/et_pb_row][\/et_pb_section]<\/p>\n","protected":false},"excerpt":{"rendered":"<p>A hagyom\u00e1nyosnak sem kell, unalmasnak lennie, \u2013 \u00e9s nem is az. A formabont\u00f3 r\u00e9szletekben gazdag Sabina Pro Slim kir\u00e1lyn\u0151 az egyenes k\u00e1dak k\u00f6z\u00f6tt.<\/p>\n","protected":false},"author":6,"featured_media":4540,"comment_status":"open","ping_status":"open","sticky":false,"template":"","format":"standard","meta":{"_et_pb_use_builder":"on","_et_pb_old_content":"","_et_gb_content_width":"","footnotes":""},"categories":[1],"tags":[17,73,33,74,72,83,84,28],"class_list":["post-4481","post","type-post","status-publish","format-standard","has-post-thumbnail","hentry","category-egyeb","tag-akril-kad","tag-akrilkad","tag-egyenes-kad","tag-minimalista-furdokad","tag-sabina-pro-akril-kad","tag-sabina-pro-egyenes-akril-kad","tag-sabina-pro-furdokad","tag-tropusi-fa-elolap","et-has-post-format-content","et_post_format-et-post-format-standard"],"yoast_head":"<!-- This site is optimized with the Yoast SEO plugin v26.6 - https:\/\/yoast.com\/wordpress\/plugins\/seo\/ -->\n<title>Mindent a Sabina Pro egyenes f\u00fcrd\u0151k\u00e1dr\u00f3l: K\u00e9nyelmes, st\u00edlusos, minimalista \u00e9s 2 szem\u00e9lyes - K\u00e1d kisokos<\/title>\n<meta name=\"description\" content=\"A hagyom\u00e1nyosnak sem kell, unalmasnak lennie, \u2013 \u00e9s nem is az. A formabont\u00f3 r\u00e9szletekben gazdag Sabina Pro Slim kir\u00e1lyn\u0151 az egyenes k\u00e1dak k\u00f6z\u00f6tt.\" \/>\n<meta name=\"robots\" content=\"index, follow, max-snippet:-1, max-image-preview:large, max-video-preview:-1\" \/>\n<link rel=\"canonical\" href=\"https:\/\/m-acryl.hu\/kad-kisokos\/mindentasabinaproegyenesfurdokadakrol\/\" \/>\n<meta property=\"og:locale\" content=\"hu_HU\" \/>\n<meta property=\"og:type\" content=\"article\" \/>\n<meta property=\"og:title\" content=\"Tal\u00e1n a legizgalmasabb k\u00e9tszem\u00e9lyes k\u00e1dak: a Sabina k\u00e9nyelmes, eleg\u00e1ns \u00e9s akci\u00f3s\" \/>\n<meta property=\"og:description\" content=\"K\u00e9tszem\u00e9lyes k\u00e1d, ami komfortos, form\u00e1j\u00e1ban izgalmas, eleg\u00e1ns \u00e9s m\u00e9g k\u00e9nyelmes, ez az M-Acryl Sabina akril f\u00fcrd\u0151k\u00e1d.\" \/>\n<meta property=\"og:url\" content=\"https:\/\/m-acryl.hu\/kad-kisokos\/mindentasabinaproegyenesfurdokadakrol\/\" \/>\n<meta property=\"og:site_name\" content=\"K\u00e1d kisokos\" \/>\n<meta property=\"article:published_time\" content=\"2021-11-26T07:35:10+00:00\" \/>\n<meta property=\"article:modified_time\" content=\"2025-04-22T08:53:35+00:00\" \/>\n<meta property=\"og:image\" content=\"https:\/\/m-acryl.hu\/kad-kisokos\/wp-content\/uploads\/2021\/08\/sabina_pro_enterior_tulfolyoval.jpg\" \/>\n\t<meta property=\"og:image:width\" content=\"2500\" \/>\n\t<meta property=\"og:image:height\" content=\"1564\" \/>\n\t<meta property=\"og:image:type\" content=\"image\/jpeg\" \/>\n<meta name=\"author\" content=\"Madar\u00e1sz J\u00falia\" \/>\n<meta name=\"twitter:card\" content=\"summary_large_image\" \/>\n<meta name=\"twitter:label1\" content=\"Szerz\u0151:\" \/>\n\t<meta name=\"twitter:data1\" content=\"Madar\u00e1sz J\u00falia\" \/>\n\t<meta name=\"twitter:label2\" content=\"Becs\u00fclt olvas\u00e1si id\u0151\" \/>\n\t<meta name=\"twitter:data2\" content=\"4 perc\" \/>\n<script type=\"application\/ld+json\" class=\"yoast-schema-graph\">{\"@context\":\"https:\/\/schema.org\",\"@graph\":[{\"@type\":\"WebPage\",\"@id\":\"https:\/\/m-acryl.hu\/kad-kisokos\/mindentasabinaproegyenesfurdokadakrol\/\",\"url\":\"https:\/\/m-acryl.hu\/kad-kisokos\/mindentasabinaproegyenesfurdokadakrol\/\",\"name\":\"Mindent a Sabina Pro egyenes f\u00fcrd\u0151k\u00e1dr\u00f3l: K\u00e9nyelmes, st\u00edlusos, minimalista \u00e9s 2 szem\u00e9lyes - K\u00e1d kisokos\",\"isPartOf\":{\"@id\":\"https:\/\/m-acryl.hu\/kad-kisokos\/#website\"},\"primaryImageOfPage\":{\"@id\":\"https:\/\/m-acryl.hu\/kad-kisokos\/mindentasabinaproegyenesfurdokadakrol\/#primaryimage\"},\"image\":{\"@id\":\"https:\/\/m-acryl.hu\/kad-kisokos\/mindentasabinaproegyenesfurdokadakrol\/#primaryimage\"},\"thumbnailUrl\":\"https:\/\/m-acryl.hu\/kad-kisokos\/wp-content\/uploads\/2021\/10\/SabinaProSLIM_5-scaled.jpg\",\"datePublished\":\"2021-11-26T07:35:10+00:00\",\"dateModified\":\"2025-04-22T08:53:35+00:00\",\"author\":{\"@id\":\"https:\/\/m-acryl.hu\/kad-kisokos\/#\/schema\/person\/97de8d1c7a799dff979832f222a8832a\"},\"description\":\"A hagyom\u00e1nyosnak sem kell, unalmasnak lennie, \u2013 \u00e9s nem is az. A formabont\u00f3 r\u00e9szletekben gazdag Sabina Pro Slim kir\u00e1lyn\u0151 az egyenes k\u00e1dak k\u00f6z\u00f6tt.\",\"breadcrumb\":{\"@id\":\"https:\/\/m-acryl.hu\/kad-kisokos\/mindentasabinaproegyenesfurdokadakrol\/#breadcrumb\"},\"inLanguage\":\"hu\",\"potentialAction\":[{\"@type\":\"ReadAction\",\"target\":[\"https:\/\/m-acryl.hu\/kad-kisokos\/mindentasabinaproegyenesfurdokadakrol\/\"]}]},{\"@type\":\"ImageObject\",\"inLanguage\":\"hu\",\"@id\":\"https:\/\/m-acryl.hu\/kad-kisokos\/mindentasabinaproegyenesfurdokadakrol\/#primaryimage\",\"url\":\"https:\/\/m-acryl.hu\/kad-kisokos\/wp-content\/uploads\/2021\/10\/SabinaProSLIM_5-scaled.jpg\",\"contentUrl\":\"https:\/\/m-acryl.hu\/kad-kisokos\/wp-content\/uploads\/2021\/10\/SabinaProSLIM_5-scaled.jpg\",\"width\":2560,\"height\":1280,\"caption\":\"Sabina Pro SLIM\"},{\"@type\":\"BreadcrumbList\",\"@id\":\"https:\/\/m-acryl.hu\/kad-kisokos\/mindentasabinaproegyenesfurdokadakrol\/#breadcrumb\",\"itemListElement\":[{\"@type\":\"ListItem\",\"position\":1,\"name\":\"Home\",\"item\":\"https:\/\/m-acryl.hu\/kad-kisokos\/\"},{\"@type\":\"ListItem\",\"position\":2,\"name\":\"Mindent a Sabina Pro egyenes f\u00fcrd\u0151k\u00e1dr\u00f3l: K\u00e9nyelmes, st\u00edlusos, minimalista \u00e9s 2 szem\u00e9lyes\"}]},{\"@type\":\"WebSite\",\"@id\":\"https:\/\/m-acryl.hu\/kad-kisokos\/#website\",\"url\":\"https:\/\/m-acryl.hu\/kad-kisokos\/\",\"name\":\"K\u00e1d kisokos\",\"description\":\"Az M-Acryl f\u00fcrd\u0151k\u00e1dakr\u00f3l k\u00f6z\u00e9rthet\u0151en\",\"potentialAction\":[{\"@type\":\"SearchAction\",\"target\":{\"@type\":\"EntryPoint\",\"urlTemplate\":\"https:\/\/m-acryl.hu\/kad-kisokos\/?s={search_term_string}\"},\"query-input\":{\"@type\":\"PropertyValueSpecification\",\"valueRequired\":true,\"valueName\":\"search_term_string\"}}],\"inLanguage\":\"hu\"},{\"@type\":\"Person\",\"@id\":\"https:\/\/m-acryl.hu\/kad-kisokos\/#\/schema\/person\/97de8d1c7a799dff979832f222a8832a\",\"name\":\"Madar\u00e1sz J\u00falia\",\"image\":{\"@type\":\"ImageObject\",\"inLanguage\":\"hu\",\"@id\":\"https:\/\/m-acryl.hu\/kad-kisokos\/#\/schema\/person\/image\/\",\"url\":\"https:\/\/secure.gravatar.com\/avatar\/0c204b742e4037a414beff290aada3b58a7839bb7d65d671f1680e8e30182f0c?s=96&d=mm&r=g\",\"contentUrl\":\"https:\/\/secure.gravatar.com\/avatar\/0c204b742e4037a414beff290aada3b58a7839bb7d65d671f1680e8e30182f0c?s=96&d=mm&r=g\",\"caption\":\"Madar\u00e1sz J\u00falia\"},\"url\":\"https:\/\/m-acryl.hu\/kad-kisokos\/author\/julia\/\"}]}<\/script>\n<!-- \/ Yoast SEO plugin. -->","yoast_head_json":{"title":"Mindent a Sabina Pro egyenes f\u00fcrd\u0151k\u00e1dr\u00f3l: K\u00e9nyelmes, st\u00edlusos, minimalista \u00e9s 2 szem\u00e9lyes - K\u00e1d kisokos","description":"A hagyom\u00e1nyosnak sem kell, unalmasnak lennie, \u2013 \u00e9s nem is az. A formabont\u00f3 r\u00e9szletekben gazdag Sabina Pro Slim kir\u00e1lyn\u0151 az egyenes k\u00e1dak k\u00f6z\u00f6tt.","robots":{"index":"index","follow":"follow","max-snippet":"max-snippet:-1","max-image-preview":"max-image-preview:large","max-video-preview":"max-video-preview:-1"},"canonical":"https:\/\/m-acryl.hu\/kad-kisokos\/mindentasabinaproegyenesfurdokadakrol\/","og_locale":"hu_HU","og_type":"article","og_title":"Tal\u00e1n a legizgalmasabb k\u00e9tszem\u00e9lyes k\u00e1dak: a Sabina k\u00e9nyelmes, eleg\u00e1ns \u00e9s akci\u00f3s","og_description":"K\u00e9tszem\u00e9lyes k\u00e1d, ami komfortos, form\u00e1j\u00e1ban izgalmas, eleg\u00e1ns \u00e9s m\u00e9g k\u00e9nyelmes, ez az M-Acryl Sabina akril f\u00fcrd\u0151k\u00e1d.","og_url":"https:\/\/m-acryl.hu\/kad-kisokos\/mindentasabinaproegyenesfurdokadakrol\/","og_site_name":"K\u00e1d kisokos","article_published_time":"2021-11-26T07:35:10+00:00","article_modified_time":"2025-04-22T08:53:35+00:00","og_image":[{"width":2500,"height":1564,"url":"https:\/\/m-acryl.hu\/kad-kisokos\/wp-content\/uploads\/2021\/08\/sabina_pro_enterior_tulfolyoval.jpg","type":"image\/jpeg"}],"author":"Madar\u00e1sz J\u00falia","twitter_card":"summary_large_image","twitter_misc":{"Szerz\u0151:":"Madar\u00e1sz J\u00falia","Becs\u00fclt olvas\u00e1si id\u0151":"4 perc"},"schema":{"@context":"https:\/\/schema.org","@graph":[{"@type":"WebPage","@id":"https:\/\/m-acryl.hu\/kad-kisokos\/mindentasabinaproegyenesfurdokadakrol\/","url":"https:\/\/m-acryl.hu\/kad-kisokos\/mindentasabinaproegyenesfurdokadakrol\/","name":"Mindent a Sabina Pro egyenes f\u00fcrd\u0151k\u00e1dr\u00f3l: K\u00e9nyelmes, st\u00edlusos, minimalista \u00e9s 2 szem\u00e9lyes - K\u00e1d kisokos","isPartOf":{"@id":"https:\/\/m-acryl.hu\/kad-kisokos\/#website"},"primaryImageOfPage":{"@id":"https:\/\/m-acryl.hu\/kad-kisokos\/mindentasabinaproegyenesfurdokadakrol\/#primaryimage"},"image":{"@id":"https:\/\/m-acryl.hu\/kad-kisokos\/mindentasabinaproegyenesfurdokadakrol\/#primaryimage"},"thumbnailUrl":"https:\/\/m-acryl.hu\/kad-kisokos\/wp-content\/uploads\/2021\/10\/SabinaProSLIM_5-scaled.jpg","datePublished":"2021-11-26T07:35:10+00:00","dateModified":"2025-04-22T08:53:35+00:00","author":{"@id":"https:\/\/m-acryl.hu\/kad-kisokos\/#\/schema\/person\/97de8d1c7a799dff979832f222a8832a"},"description":"A hagyom\u00e1nyosnak sem kell, unalmasnak lennie, \u2013 \u00e9s nem is az. A formabont\u00f3 r\u00e9szletekben gazdag Sabina Pro Slim kir\u00e1lyn\u0151 az egyenes k\u00e1dak k\u00f6z\u00f6tt.","breadcrumb":{"@id":"https:\/\/m-acryl.hu\/kad-kisokos\/mindentasabinaproegyenesfurdokadakrol\/#breadcrumb"},"inLanguage":"hu","potentialAction":[{"@type":"ReadAction","target":["https:\/\/m-acryl.hu\/kad-kisokos\/mindentasabinaproegyenesfurdokadakrol\/"]}]},{"@type":"ImageObject","inLanguage":"hu","@id":"https:\/\/m-acryl.hu\/kad-kisokos\/mindentasabinaproegyenesfurdokadakrol\/#primaryimage","url":"https:\/\/m-acryl.hu\/kad-kisokos\/wp-content\/uploads\/2021\/10\/SabinaProSLIM_5-scaled.jpg","contentUrl":"https:\/\/m-acryl.hu\/kad-kisokos\/wp-content\/uploads\/2021\/10\/SabinaProSLIM_5-scaled.jpg","width":2560,"height":1280,"caption":"Sabina Pro SLIM"},{"@type":"BreadcrumbList","@id":"https:\/\/m-acryl.hu\/kad-kisokos\/mindentasabinaproegyenesfurdokadakrol\/#breadcrumb","itemListElement":[{"@type":"ListItem","position":1,"name":"Home","item":"https:\/\/m-acryl.hu\/kad-kisokos\/"},{"@type":"ListItem","position":2,"name":"Mindent a Sabina Pro egyenes f\u00fcrd\u0151k\u00e1dr\u00f3l: K\u00e9nyelmes, st\u00edlusos, minimalista \u00e9s 2 szem\u00e9lyes"}]},{"@type":"WebSite","@id":"https:\/\/m-acryl.hu\/kad-kisokos\/#website","url":"https:\/\/m-acryl.hu\/kad-kisokos\/","name":"K\u00e1d kisokos","description":"Az M-Acryl f\u00fcrd\u0151k\u00e1dakr\u00f3l k\u00f6z\u00e9rthet\u0151en","potentialAction":[{"@type":"SearchAction","target":{"@type":"EntryPoint","urlTemplate":"https:\/\/m-acryl.hu\/kad-kisokos\/?s={search_term_string}"},"query-input":{"@type":"PropertyValueSpecification","valueRequired":true,"valueName":"search_term_string"}}],"inLanguage":"hu"},{"@type":"Person","@id":"https:\/\/m-acryl.hu\/kad-kisokos\/#\/schema\/person\/97de8d1c7a799dff979832f222a8832a","name":"Madar\u00e1sz J\u00falia","image":{"@type":"ImageObject","inLanguage":"hu","@id":"https:\/\/m-acryl.hu\/kad-kisokos\/#\/schema\/person\/image\/","url":"https:\/\/secure.gravatar.com\/avatar\/0c204b742e4037a414beff290aada3b58a7839bb7d65d671f1680e8e30182f0c?s=96&d=mm&r=g","contentUrl":"https:\/\/secure.gravatar.com\/avatar\/0c204b742e4037a414beff290aada3b58a7839bb7d65d671f1680e8e30182f0c?s=96&d=mm&r=g","caption":"Madar\u00e1sz J\u00falia"},"url":"https:\/\/m-acryl.hu\/kad-kisokos\/author\/julia\/"}]}},"_links":{"self":[{"href":"https:\/\/m-acryl.hu\/kad-kisokos\/wp-json\/wp\/v2\/posts\/4481","targetHints":{"allow":["GET"]}}],"collection":[{"href":"https:\/\/m-acryl.hu\/kad-kisokos\/wp-json\/wp\/v2\/posts"}],"about":[{"href":"https:\/\/m-acryl.hu\/kad-kisokos\/wp-json\/wp\/v2\/types\/post"}],"author":[{"embeddable":true,"href":"https:\/\/m-acryl.hu\/kad-kisokos\/wp-json\/wp\/v2\/users\/6"}],"replies":[{"embeddable":true,"href":"https:\/\/m-acryl.hu\/kad-kisokos\/wp-json\/wp\/v2\/comments?post=4481"}],"version-history":[{"count":68,"href":"https:\/\/m-acryl.hu\/kad-kisokos\/wp-json\/wp\/v2\/posts\/4481\/revisions"}],"predecessor-version":[{"id":6904,"href":"https:\/\/m-acryl.hu\/kad-kisokos\/wp-json\/wp\/v2\/posts\/4481\/revisions\/6904"}],"wp:featuredmedia":[{"embeddable":true,"href":"https:\/\/m-acryl.hu\/kad-kisokos\/wp-json\/wp\/v2\/media\/4540"}],"wp:attachment":[{"href":"https:\/\/m-acryl.hu\/kad-kisokos\/wp-json\/wp\/v2\/media?parent=4481"}],"wp:term":[{"taxonomy":"category","embeddable":true,"href":"https:\/\/m-acryl.hu\/kad-kisokos\/wp-json\/wp\/v2\/categories?post=4481"},{"taxonomy":"post_tag","embeddable":true,"href":"https:\/\/m-acryl.hu\/kad-kisokos\/wp-json\/wp\/v2\/tags?post=4481"}],"curies":[{"name":"wp","href":"https:\/\/api.w.org\/{rel}","templated":true}]}}