{"id":4153,"date":"2021-05-20T06:05:49","date_gmt":"2021-05-20T06:05:49","guid":{"rendered":"https:\/\/m-acryl.hu\/kad-kisokos\/?p=4153"},"modified":"2026-03-19T12:33:01","modified_gmt":"2026-03-19T12:33:01","slug":"csodakad-biztonsagos-kenyelmes-viztakarekos-az-eco-egyenes-furdokad","status":"publish","type":"post","link":"https:\/\/m-acryl.hu\/kad-kisokos\/csodakad-biztonsagos-kenyelmes-viztakarekos-az-eco-egyenes-furdokad\/","title":{"rendered":"Csodak\u00e1d: biztons\u00e1gos, k\u00e9nyelmes, v\u00edztakar\u00e9kos &#8211; Az Eco egyenes f\u00fcrd\u0151k\u00e1d"},"content":{"rendered":"<p>[et_pb_section fb_built=&#8221;1&#8243; _builder_version=&#8221;4.16&#8243; _module_preset=&#8221;default&#8221; global_colors_info=&#8221;{}&#8221;][et_pb_row _builder_version=&#8221;4.16&#8243; width=&#8221;70%&#8221; width_tablet=&#8221;&#8221; width_phone=&#8221;90%&#8221; width_last_edited=&#8221;on|phone&#8221; global_colors_info=&#8221;{}&#8221;][et_pb_column type=&#8221;4_4&#8243; _builder_version=&#8221;4.16&#8243; global_colors_info=&#8221;{}&#8221;][et_pb_text _builder_version=&#8221;4.16&#8243; text_font_size=&#8221;16px&#8221; global_colors_info=&#8221;{}&#8221;]<\/p>\n<div aria-hidden=\"true\" class=\"wp-block-spacer\" style=\"text-align: justify;\"><\/div>\n<p style=\"text-align: left;\"><span style=\"font-weight: 400;\">\u201eIdeje, hogy az otthonotok legyen \u00e9rtetek \u00e9s ne ti az otthonotok\u00e9rt.\u201d<\/span><\/p>\n<p>[\/et_pb_text][et_pb_text _builder_version=&#8221;4.16&#8243; text_font_size=&#8221;16px&#8221; link_font=&#8221;|600|||on|||#00CCFF|&#8221; link_text_color=&#8221;gcid-7bdd6664-54d9-4437-aed1-01a6ee23604c&#8221; link_font_size=&#8221;17px&#8221; link_line_height=&#8221;1.7em&#8221; ul_font_size=&#8221;17px&#8221; ul_line_height=&#8221;1.7em&#8221; ol_font_size=&#8221;17px&#8221; ol_line_height=&#8221;1.7em&#8221; custom_margin=&#8221;1px|||||&#8221; global_colors_info=&#8221;{%22gcid-7bdd6664-54d9-4437-aed1-01a6ee23604c%22:%91%22link_text_color%22%93}&#8221;]<\/p>\n<div aria-hidden=\"true\" class=\"wp-block-spacer\">\n<p><span style=\"font-weight: 400;\">Ezzel a fel\u00fct\u00e9ssel est\u00fcnk neki n\u00e9h\u00e1ny h\u00f3napja a sz\u00fcleim k\u00f6vetkez\u0151 20 \u2013 de rem\u00e9lem, ink\u00e1bb 30 \u2013 \u00e9vben haszn\u00e1lni tervezett f\u00fcrd\u0151szob\u00e1j\u00e1nak. A hacac\u00e1r\u00e9 ideg\u0151rl\u0151 pontj\u00e1nak gondoltuk a k\u00e1d kiv\u00e1laszt\u00e1s\u00e1t \u00e9s beszerel\u00e9s\u00e9t, de legnagyobb meglepet\u00e9s\u00fcnkre ezzel olyan k\u00f6nnyed\u00e9n ment minden, ahogy forr\u00f3 k\u00e9s siklik a vajon \u00e1t.<\/span><\/p>\n<p><span style=\"font-weight: 400;\">A k\u00e1dpr\u00f3b\u00e1n\u00e1l \u00fagy \u00e9rezt\u00e9k, hogy az \u00e1tlagosn\u00e1l alacsonyabb bel\u00e9p\u0151j\u0171 <a href=\"https:\/\/m-acryl.hu\/termekek\/egyenes-kad\/eco-egyenes-akril-kad\" target=\"_blank\" rel=\"noopener\">Eco<\/a>-t nekik tervezt\u00e9k \u2013 a t\u00edpust a gy\u00e1rt\u00f3 els\u0151sorban a kisgyermekes csal\u00e1doknak \u00e9s azoknak aj\u00e1nlja j\u00f3 sz\u00edvvel, akik neh\u00e9zkesen mozognak, de a szabads\u00e1gukat \u00e9s m\u00e9lt\u00f3s\u00e1gukat meg\u0151rizve akarnak f\u00fcr\u00f6dni.<\/span><\/p>\n<\/div>\n<p>[\/et_pb_text][\/et_pb_column][\/et_pb_row][et_pb_row disabled_on=&#8221;on|on|on&#8221; _builder_version=&#8221;4.16&#8243; background_color=&#8221;gcid-48871c06-ea4d-41f3-b209-b4c1a90368fe&#8221; background_enable_color=&#8221;off&#8221; width=&#8221;70%&#8221; width_tablet=&#8221;&#8221; width_phone=&#8221;90%&#8221; width_last_edited=&#8221;on|phone&#8221; custom_margin=&#8221;||||false|false&#8221; disabled=&#8221;on&#8221; global_colors_info=&#8221;{%22gcid-48871c06-ea4d-41f3-b209-b4c1a90368fe%22:%91%22background_color%22%93}&#8221;][et_pb_column type=&#8221;4_4&#8243; _builder_version=&#8221;4.16&#8243; global_colors_info=&#8221;{}&#8221;][et_pb_image src=&#8221;https:\/\/m-acryl.hu\/kad-kisokos\/wp-content\/uploads\/2021\/03\/M-Acryl-ECO-kedvezmeny-1200&#215;628-1.jpg&#8221; alt=&#8221;M-Acryl ECO f\u00fcrd\u0151k\u00e1d kedvezm\u00e9ny&#8221; title_text=&#8221;M-Acryl ECO kedvezm\u00e9ny 1200&#215;628&#8243; url=&#8221;https:\/\/m-acryl.hu\/kad-kisokos\/kiemelt-egyenes-furdokad-akcio-15-kedvezmeny-eco-sabina-sabina-pro-furdokadakra\/&#8221; url_new_window=&#8221;on&#8221; _builder_version=&#8221;4.16&#8243; _module_preset=&#8221;default&#8221; custom_margin=&#8221;||||false|false&#8221; global_colors_info=&#8221;{}&#8221;][\/et_pb_image][et_pb_text _builder_version=&#8221;4.16&#8243; text_font_size=&#8221;16px&#8221; link_text_color=&#8221;#0C71C3&#8243; link_font_size=&#8221;17px&#8221; link_line_height=&#8221;1.7em&#8221; ul_font_size=&#8221;17px&#8221; ul_line_height=&#8221;1.7em&#8221; ol_font_size=&#8221;17px&#8221; ol_line_height=&#8221;1.7em&#8221; background_color=&#8221;gcid-9c2d6eb8-3530-44b6-a406-0c8d7217e7bd&#8221; module_alignment=&#8221;center&#8221; height_tablet=&#8221;&#8221; height_phone=&#8221;&#8221; height_last_edited=&#8221;on|desktop&#8221; custom_margin=&#8221;-19px||||false|false&#8221; custom_padding=&#8221;3%|3%|3%|3%|false|false&#8221; global_colors_info=&#8221;{%22gcid-48871c06-ea4d-41f3-b209-b4c1a90368fe%22:%91%93,%22gcid-9c2d6eb8-3530-44b6-a406-0c8d7217e7bd%22:%91%22background_color%22%93}&#8221;]<\/p>\n<div aria-hidden=\"true\" class=\"wp-block-spacer\">\n<p><i><span style=\"font-weight: 400;\">A modellt egy\u00e9bk\u00e9nt az a t\u00f6bb tucat vev\u0151 h\u00edvta \u00e9letre, akik olyan k\u00e1d ut\u00e1n \u00e9rdekl\u0151dtek, amelynek \u201enem olyan magas a bel\u00e9p\u0151je\u201d. \u00c9rthet\u0151, hogy pillanatok alatt a legkeresettebb t\u00edpusok k\u00f6z\u00e9 l\u00e9pett, \u00e9s val\u00f3sz\u00edn\u0171leg a k\u00f6vetkez\u0151 hetekben m\u00e9g t\u00f6bb f\u00fcrd\u0151szob\u00e1ba v\u00e1lasztj\u00e1k, mert most <span style=\"color: #ff0000;\"><strong>meghosszabb\u00edtva j\u00falius 31-ig<\/strong><\/span> <strong><a href=\"https:\/\/m-acryl.hu\/kad-kisokos\/kiemelt-egyenes-furdokad-akcio-15-kedvezmeny-eco-sabina-sabina-pro-furdokadakra\/\" target=\"_blank\" rel=\"noopener\">-15% kedvezm\u00e9nnyel lehet hazavinni<\/a><\/strong>.<\/span><\/i><\/p>\n<\/div>\n<p>[\/et_pb_text][\/et_pb_column][\/et_pb_row][et_pb_row _builder_version=&#8221;4.16&#8243; width=&#8221;70%&#8221; width_tablet=&#8221;&#8221; width_phone=&#8221;90%&#8221; width_last_edited=&#8221;on|phone&#8221; custom_margin=&#8221;5%||||false|false&#8221; global_colors_info=&#8221;{}&#8221;][et_pb_column type=&#8221;4_4&#8243; _builder_version=&#8221;4.16&#8243; global_colors_info=&#8221;{}&#8221;][et_pb_text _builder_version=&#8221;4.16&#8243; global_colors_info=&#8221;{}&#8221;]<\/p>\n<h2 class=\"has-text-color\"><strong>\u201eEzekkel az \u00edz\u00fcletekkel lassan a k\u00e1dba l\u00e9p\u00e9s is extr\u00e9msport\u201d<\/strong><\/h2>\n<p><strong><\/strong><\/p>\n<p>[\/et_pb_text][\/et_pb_column][\/et_pb_row][et_pb_row _builder_version=&#8221;4.16&#8243; width=&#8221;70%&#8221; width_tablet=&#8221;&#8221; width_phone=&#8221;90%&#8221; width_last_edited=&#8221;on|phone&#8221; global_colors_info=&#8221;{}&#8221;][et_pb_column type=&#8221;4_4&#8243; _builder_version=&#8221;4.16&#8243; global_colors_info=&#8221;{}&#8221;][et_pb_text _builder_version=&#8221;4.16&#8243; text_font_size=&#8221;16px&#8221; link_text_color=&#8221;#0C71C3&#8243; link_font_size=&#8221;17px&#8221; link_line_height=&#8221;1.7em&#8221; ul_font_size=&#8221;17px&#8221; ul_line_height=&#8221;1.7em&#8221; ol_font_size=&#8221;17px&#8221; ol_line_height=&#8221;1.7em&#8221; custom_margin=&#8221;1px|||||&#8221; global_colors_info=&#8221;{}&#8221;]<\/p>\n<div aria-hidden=\"true\" class=\"wp-block-spacer\">\n<p><span style=\"font-weight: 400;\">Mondta a hatodik X-et elhagy\u00f3, a l\u00e9pcs\u0151n egyre \u00f3vatosabban k\u00f6zleked\u0151 \u00e9desap\u00e1m, miel\u0151tt neki\u00e1lltunk bontani a r\u00e9gi f\u00fcrd\u0151szob\u00e1jukat. Er\u0151s jellem, ez\u00e9rt nem hagyja, hogy a napr\u00f3l napra kop\u00f3 \u00edz\u00fcletei ir\u00e1ny\u00edts\u00e1k a mindennapjait, \u00e9s a megszokott rutinj\u00e1n maximum lass\u00edtani hajland\u00f3.<\/span><\/p>\n<\/div>\n<p>[\/et_pb_text][et_pb_text _builder_version=&#8221;4.16&#8243; text_font_size=&#8221;16px&#8221; link_text_color=&#8221;#0C71C3&#8243; link_font_size=&#8221;17px&#8221; link_line_height=&#8221;1.7em&#8221; ul_font_size=&#8221;17px&#8221; ul_line_height=&#8221;1.7em&#8221; ol_font_size=&#8221;17px&#8221; ol_line_height=&#8221;1.7em&#8221; custom_margin=&#8221;1px|||||&#8221; global_colors_info=&#8221;{}&#8221;]<\/p>\n<div aria-hidden=\"true\" class=\"wp-block-spacer\">\n<p><span style=\"font-weight: 400;\">Biztosra veszem, hogy sok hasonl\u00f3 hozz\u00e1\u00e1ll\u00e1s\u00fa ember \u00e1ll ezekben a pillanatokban is f\u00fcrd\u0151szoba-fel\u00faj\u00edt\u00e1s el\u0151tt \u2013 tal\u00e1n \u00d6n, vagy a sz\u00fclei is \u00e9ppen a tervez\u00e9si vagy kivitelez\u00e9si f\u00e1zisban vannak.<\/span><\/p>\n<\/div>\n<p>[\/et_pb_text][et_pb_text _builder_version=&#8221;4.16&#8243; text_font_size=&#8221;16px&#8221; link_text_color=&#8221;#0C71C3&#8243; link_font_size=&#8221;17px&#8221; link_line_height=&#8221;1.7em&#8221; ul_font_size=&#8221;17px&#8221; ul_line_height=&#8221;1.7em&#8221; ol_font_size=&#8221;17px&#8221; ol_line_height=&#8221;1.7em&#8221; custom_margin=&#8221;1px|||||&#8221; global_colors_info=&#8221;{}&#8221;]<\/p>\n<div aria-hidden=\"true\" class=\"wp-block-spacer\">\n<p><span style=\"font-weight: 400;\">\u00c9desany\u00e1m\u00e9k h\u00e1z\u00e1ban egy f\u00fcrd\u0151szoba van, ahova a csal\u00e1di ig\u00e9nyekre figyelve 15-20 \u00e9ve k\u00e1dat \u00e9p\u00edtettek be, hogy gyerekk\u00e9nt habos f\u00fcrd\u0151t venni, \u00e9s tusolni is tudjunk. Meg kell hagyni, sz\u00e9p kort szolg\u00e1lt a k\u00e1d, de p\u00e1r \u00e9ve \u00e9rett a csere ideje.<\/span><\/p>\n<\/div>\n<p>[\/et_pb_text][et_pb_text _builder_version=&#8221;4.16&#8243; text_font_size=&#8221;16px&#8221; link_text_color=&#8221;#0C71C3&#8243; link_font_size=&#8221;17px&#8221; link_line_height=&#8221;1.7em&#8221; ul_font_size=&#8221;17px&#8221; ul_line_height=&#8221;1.7em&#8221; ol_font_size=&#8221;17px&#8221; ol_line_height=&#8221;1.7em&#8221; custom_margin=&#8221;1px|||||&#8221; global_colors_info=&#8221;{}&#8221;]<\/p>\n<div aria-hidden=\"true\" class=\"wp-block-spacer\">\n<p><span style=\"font-weight: 400;\">Sokakhoz hasonl\u00f3an a k\u00e1d vagy zuhanyz\u00f3 k\u00e9rd\u00e9se n\u00e1luk is kardin\u00e1lis k\u00e9rd\u00e9s volt, ami a megszok\u00e1s miatt hamar eld\u0151lt: a sz\u00fcleim ragaszkodtak a k\u00e1dhoz. K\u00f6t\u00f6zk\u00f6d\u00e9s n\u00e9lk\u00fcl elfogadtam a d\u00f6nt\u00e9s\u00fcket, mert tudom, mennyire szeretnek ellazulni egy h\u0171v\u00f6s, hossz\u00fa munkanap, vagy egy kertben t\u00f6lt\u00f6tt d\u00e9lut\u00e1n v\u00e9g\u00e9n a v\u00edzben.<\/span><\/p>\n<\/div>\n<p>[\/et_pb_text][et_pb_text _builder_version=&#8221;4.16&#8243; text_font_size=&#8221;16px&#8221; link_text_color=&#8221;#0C71C3&#8243; link_font_size=&#8221;17px&#8221; link_line_height=&#8221;1.7em&#8221; ul_font_size=&#8221;17px&#8221; ul_line_height=&#8221;1.7em&#8221; ol_font_size=&#8221;17px&#8221; ol_line_height=&#8221;1.7em&#8221; custom_margin=&#8221;1px|||||&#8221; global_colors_info=&#8221;{}&#8221;]<\/p>\n<div aria-hidden=\"true\" class=\"wp-block-spacer\">\n<p><span style=\"font-weight: 400;\">Egyet k\u00e9rtem: <\/span><strong>olyan k\u00e1dat keress\u00fcnk, amelybe k\u00f6nnyen tudnak ki-, \u00e9s besz\u00e1llni, teh\u00e1t egyed\u00fcl is biztons\u00e1gos k\u00e9nyelemben tudj\u00e1k haszn\u00e1lni. Ez az elv\u00e1r\u00e1s gyorsan eld\u00f6nt\u00f6tte, hogy a szok\u00e1sosn\u00e1l 6 cm-rel alacsonyabb bel\u00e9p\u0151magass\u00e1g\u00fa Eco k\u00e1dat k\u00e9rj\u00fck, amely v\u00edztakar\u00e9koss\u00e1g szempontj\u00e1b\u00f3l is adu\u00e1sz<\/strong><span style=\"font-weight: 400;\">, mert 150 l-es v\u00e1ltozatban is el\u00e9rhet\u0151.<\/span><\/p>\n<p><span style=\"font-weight: 400;\">(Ut\u00f3bbi miatt a sz\u00e1llod\u00e1k is el\u0151szeretettel rendelik.)<\/span><\/p>\n<\/div>\n<p>[\/et_pb_text][\/et_pb_column][\/et_pb_row][et_pb_row _builder_version=&#8221;4.16&#8243; width=&#8221;70%&#8221; width_tablet=&#8221;&#8221; width_phone=&#8221;90%&#8221; width_last_edited=&#8221;on|phone&#8221; custom_margin=&#8221;5%||||false|false&#8221; global_colors_info=&#8221;{}&#8221;][et_pb_column type=&#8221;4_4&#8243; _builder_version=&#8221;4.16&#8243; global_colors_info=&#8221;{}&#8221;][et_pb_text _builder_version=&#8221;4.16&#8243; global_colors_info=&#8221;{}&#8221;]<\/p>\n<h2>\u201eTetszik az alapfelszerelts\u00e9g, de mit lehet m\u00e9g kihozni bel\u0151le?\u201d<\/h2>\n<p><strong><\/strong><\/p>\n<p>[\/et_pb_text][\/et_pb_column][\/et_pb_row][et_pb_row _builder_version=&#8221;4.16&#8243; width=&#8221;70%&#8221; width_tablet=&#8221;&#8221; width_phone=&#8221;90%&#8221; width_last_edited=&#8221;on|phone&#8221; global_colors_info=&#8221;{}&#8221;][et_pb_column type=&#8221;4_4&#8243; _builder_version=&#8221;4.16&#8243; global_colors_info=&#8221;{}&#8221;][et_pb_text _builder_version=&#8221;4.16&#8243; text_font_size=&#8221;16px&#8221; link_text_color=&#8221;#0C71C3&#8243; link_font_size=&#8221;17px&#8221; link_line_height=&#8221;1.7em&#8221; ul_font_size=&#8221;17px&#8221; ul_line_height=&#8221;1.7em&#8221; ol_font_size=&#8221;17px&#8221; ol_line_height=&#8221;1.7em&#8221; custom_margin=&#8221;1px|||||&#8221; global_colors_info=&#8221;{}&#8221;]<\/p>\n<div aria-hidden=\"true\" class=\"wp-block-spacer\">\n<p><span style=\"font-weight: 400;\">A sz\u00fcleim els\u0151 \u00e9rint\u00e9sre beleszerettek az akrilba. El\u0151sz\u00f6r kicsit meglep\u0151dtek <\/span><strong>az anyag komfortos szobah\u0151m\u00e9rs\u00e9klet\u00e9n<\/strong><span style=\"font-weight: 400;\">, mert hozz\u00e1szoktak, hogy f\u00fcrd\u00e9s el\u0151tt forr\u00f3 vizet engednek a k\u00e1dba, majd j\u00f3 10 percet v\u00e1rnak, miel\u0151tt bele\u00fclnek, hogy \u00e1tmelegedjen a k\u00e1d. (Az \u00e9lm\u00e9ny \u00d6nnek is biztosan ismer\u0151s, ha volt szerencs\u00e9je a \u201980-as, \u201990-es \u00e9vek j\u00e9ghideg k\u00e1djaihoz.)<\/span><\/p>\n<p><strong>Az akril m\u00e1sik el\u0151nye, hogy g\u00e1tolja a gomb\u00e1k, bakt\u00e9riumok megtapad\u00e1s\u00e1t, ez\u00e9rt az unok\u00e1kat is teljes lelki nyugalommal engedik pancsolni, a massz\u00edv term\u00e9kre v\u00e1llalt 10 \u00e9ves garancia miatt pedig m\u00e1r az ismer\u0151s\u00f6knek, szomsz\u00e9doknak is aj\u00e1nlj\u00e1k a m\u00e1rk\u00e1t.<\/strong><\/p>\n<\/div>\n<p>[\/et_pb_text][et_pb_image src=&#8221;https:\/\/m-acryl.hu\/kad-kisokos\/wp-content\/uploads\/2020\/08\/148-1726.jpg&#8221; alt=&#8221;M-Acryl Eco f\u00fcrd\u0151k\u00e1d&#8221; title_text=&#8221;148-1726&#8243; _builder_version=&#8221;4.16&#8243; _module_preset=&#8221;default&#8221; global_colors_info=&#8221;{}&#8221;][\/et_pb_image][et_pb_text _builder_version=&#8221;4.16&#8243; text_font_size=&#8221;16px&#8221; link_text_color=&#8221;#0C71C3&#8243; link_font_size=&#8221;17px&#8221; link_line_height=&#8221;1.7em&#8221; ul_font_size=&#8221;17px&#8221; ul_line_height=&#8221;1.7em&#8221; ol_font_size=&#8221;17px&#8221; ol_line_height=&#8221;1.7em&#8221; custom_margin=&#8221;1px|||||&#8221; global_colors_info=&#8221;{}&#8221;]<\/p>\n<div aria-hidden=\"true\" class=\"wp-block-spacer\">\n<p>&nbsp;<\/p>\n<p><strong>Az Eco-hoz aj\u00e1nd\u00e9kba kaptuk a k\u00e1dl\u00e1bat \u00e9s a peremr\u00f6gz\u00edt\u0151t<\/strong><span style=\"font-weight: 400;\">, de alaposan \u00e1tb\u00f6ng\u00e9szt\u00fck a kieg\u00e9sz\u00edt\u0151k list\u00e1j\u00e1t is. Az el\u0151-, \u00e9s oldallap k\u00e9rd\u00e9s n\u00e9lk\u00fcl ment a \u201ekos\u00e1rba\u201d \u2013 j\u00f3 tudni, hogy a bel\u00e9p\u0151magass\u00e1g el\u0151lap n\u00e9lk\u00fcl ak\u00e1r tov\u00e1bbi 3 cm-rel, azaz 51 cm-re cs\u00f6kkenthet\u0151.<\/span><\/p>\n<\/div>\n<p>[\/et_pb_text][et_pb_button button_url=&#8221;https:\/\/m-acryl.hu\/termekek\/egyenes-kad\/eco-egyenes-akril-kad&#8221; url_new_window=&#8221;on&#8221; button_text=&#8221;Megn\u00e9zem az Eco k\u00e1d m\u00e9retv\u00e1laszt\u00e9k\u00e1t&#8221; button_alignment=&#8221;center&#8221; _builder_version=&#8221;4.16&#8243; _module_preset=&#8221;default&#8221; custom_button=&#8221;on&#8221; button_text_size=&#8221;20px&#8221; button_text_color=&#8221;#FFFFFF&#8221; button_bg_color=&#8221;gcid-7bdd6664-54d9-4437-aed1-01a6ee23604c&#8221; button_border_width=&#8221;0px&#8221; button_border_color=&#8221;gcid-e7e5526b-c764-46dc-98a2-72368b011fb3&#8243; button_border_radius=&#8221;10px&#8221; button_font=&#8221;|600|||||||&#8221; button_icon=&#8221;&#x3d;||divi||400&#8243; custom_margin=&#8221;5%||5%||false|false&#8221; box_shadow_style=&#8221;preset2&#8243; global_colors_info=&#8221;{%22gcid-e7e5526b-c764-46dc-98a2-72368b011fb3%22:%91%22button_border_color%22%93,%22gcid-7bdd6664-54d9-4437-aed1-01a6ee23604c%22:%91%22button_bg_color%22%93}&#8221;][\/et_pb_button][\/et_pb_column][\/et_pb_row][et_pb_row disabled_on=&#8221;on|on|on&#8221; _builder_version=&#8221;4.27.0&#8243; width=&#8221;70%&#8221; width_tablet=&#8221;&#8221; width_phone=&#8221;90%&#8221; width_last_edited=&#8221;on|phone&#8221; custom_margin=&#8221;38px|auto||auto||&#8221; disabled=&#8221;on&#8221; locked=&#8221;off&#8221; global_colors_info=&#8221;{}&#8221;][et_pb_column type=&#8221;4_4&#8243; _builder_version=&#8221;4.16&#8243; global_colors_info=&#8221;{}&#8221;][et_pb_image src=&#8221;https:\/\/m-acryl.hu\/kad-kisokos\/wp-content\/uploads\/2024\/08\/m-acryl-nyari-akcio-meghosszabbitva-homeinfo-welcome-banner-desktop-web.jpg&#8221; alt=&#8221;2024 M-Acryl meghosszabb\u00edtott ny\u00e1ri akci\u00f3&#8221; title_text=&#8221;m-acryl-nyari-akcio-meghosszabbitva-homeinfo-welcome-banner-desktop-web&#8221; url=&#8221;https:\/\/m-acryl.hu\/kad-kisokos\/2024-nyari-m-acryl-kadkedvezmenyek\/?utm_source=m-acryl.hu&#038;utm_medium=blogcikk-banner&#038;utm_campaign=24-031&#8243; url_new_window=&#8221;on&#8221; _builder_version=&#8221;4.27.0&#8243; _module_preset=&#8221;default&#8221; custom_margin=&#8221;||0px||false|false&#8221; custom_padding=&#8221;||0px||false|false&#8221; global_colors_info=&#8221;{}&#8221;][\/et_pb_image][et_pb_text _builder_version=&#8221;4.27.0&#8243; text_font_size=&#8221;16px&#8221; background_color=&#8221;#ff00b2&#8243; custom_margin=&#8221;0px||0px||false|false&#8221; custom_padding=&#8221;1%|1%|1%|1%|false|false&#8221; global_colors_info=&#8221;{}&#8221;]<\/p>\n<p style=\"text-align: left;\"><span style=\"color: #ffffff;\"><span style=\"text-decoration: underline;\"><strong><a href=\"https:\/\/m-acryl.hu\/kad-kisokos\/2024-nyari-m-acryl-kadkedvezmenyek\/?utm_source=m-acryl.hu&amp;utm_medium=blogcikk-banner&amp;utm_campaign=24-031\" target=\"_blank\" rel=\"noopener\" style=\"color: #ffffff; text-decoration: underline;\">N\u00e9zze meg meghosszabb\u00edtott ny\u00e1ri akci\u00f3nk r\u00e9szleteit<\/a>,<\/strong><\/span>\u00a0 \u00e9s v\u00e1s\u00e1rolja meg a prom\u00f3ci\u00f3ban szerepl\u0151 kedvezm\u00e9nyes k\u00e1dakat <strong>2024. szeptember 30-ig!<\/strong><\/span><\/p>\n<p>[\/et_pb_text][\/et_pb_column][\/et_pb_row][et_pb_row _builder_version=&#8221;4.16&#8243; module_alignment=&#8221;center&#8221; custom_margin=&#8221;5%|auto|10%|auto|false|false&#8221; custom_padding=&#8221;||3px|||&#8221; global_colors_info=&#8221;{}&#8221;][et_pb_column type=&#8221;4_4&#8243; _builder_version=&#8221;4.16&#8243; global_colors_info=&#8221;{}&#8221;][et_pb_image src=&#8221;https:\/\/m-acryl.hu\/kad-kisokos\/wp-content\/uploads\/2020\/08\/148-5716.jpg&#8221; alt=&#8221;Eco egyenes akril k\u00e1d&#8221; title_text=&#8221;Eco-egyenes-akril-kad&#8221; url=&#8221;https:\/\/m-acryl.hu\/termekek\/egyenes-kad\/eco-egyenes-akril-kad&#8221; url_new_window=&#8221;on&#8221; align=&#8221;center&#8221; _builder_version=&#8221;4.27.5&#8243; custom_margin=&#8221;||17px|||&#8221; hover_enabled=&#8221;0&#8243; global_colors_info=&#8221;{}&#8221; sticky_enabled=&#8221;0&#8243;][\/et_pb_image][et_pb_text _builder_version=&#8221;4.16&#8243; text_font_size=&#8221;16px&#8221; width=&#8221;70%&#8221; width_tablet=&#8221;&#8221; width_phone=&#8221;90%&#8221; width_last_edited=&#8221;on|phone&#8221; module_alignment=&#8221;center&#8221; custom_margin=&#8221;1px|||||&#8221; global_colors_info=&#8221;{}&#8221;]<\/p>\n<div aria-hidden=\"true\" class=\"wp-block-spacer\">\n<p style=\"text-align: center;\"><span style=\"text-decoration: underline;\"><span style=\"color: #00ccff; text-decoration: underline;\"><strong><em><a href=\"https:\/\/m-acryl.hu\/termekek\/egyenes-kad\/eco-egyenes-akril-kad\" target=\"_blank\" rel=\"noopener noreferrer\" aria-label=\"Linea aszimetrikus akril k\u00e1d (\u00faj f\u00fcl\u00f6n nyitja meg)\" style=\"color: #00ccff; text-decoration: underline;\">Eco egyenes akril k\u00e1d<\/a><\/em><\/strong><\/span><\/span><\/p>\n<\/div>\n<p>[\/et_pb_text][\/et_pb_column][\/et_pb_row][et_pb_row _builder_version=&#8221;4.16&#8243; width=&#8221;70%&#8221; width_tablet=&#8221;&#8221; width_phone=&#8221;90%&#8221; width_last_edited=&#8221;on|phone&#8221; global_colors_info=&#8221;{}&#8221;][et_pb_column type=&#8221;4_4&#8243; _builder_version=&#8221;4.16&#8243; global_colors_info=&#8221;{}&#8221;][et_pb_text _builder_version=&#8221;4.16&#8243; text_font_size=&#8221;16px&#8221; link_text_color=&#8221;#0C71C3&#8243; link_font_size=&#8221;17px&#8221; link_line_height=&#8221;1.7em&#8221; ul_font_size=&#8221;17px&#8221; ul_line_height=&#8221;1.7em&#8221; ol_font_size=&#8221;17px&#8221; ol_line_height=&#8221;1.7em&#8221; custom_margin=&#8221;1px|||||&#8221; global_colors_info=&#8221;{}&#8221;]<\/p>\n<div aria-hidden=\"true\" class=\"wp-block-spacer\">\n<p><span style=\"font-weight: 400;\">A sz\u00fcleim egyszer\u0171 \u00edzl\u00e9se mell\u00e9 a klasszikus \u201eA\u201d t\u00edpus passzolt, de a mer\u00e9szebbek mindenk\u00e9ppen n\u00e9zzenek sz\u00e9t a tr\u00f3pusi fa el\u0151lapok k\u00f6z\u00f6tt.<\/span><\/p>\n<\/div>\n<p>[\/et_pb_text][et_pb_text _builder_version=&#8221;4.27.4&#8243; text_font_size=&#8221;16px&#8221; link_text_color=&#8221;#0C71C3&#8243; link_font_size=&#8221;17px&#8221; link_line_height=&#8221;1.7em&#8221; ul_font_size=&#8221;17px&#8221; ul_line_height=&#8221;1.7em&#8221; ol_font_size=&#8221;17px&#8221; ol_line_height=&#8221;1.7em&#8221; custom_margin=&#8221;1px|||||&#8221; global_colors_info=&#8221;{}&#8221;]<\/p>\n<div aria-hidden=\"true\" class=\"wp-block-spacer\">\n<p><em><span style=\"font-weight: 400;\">A saj\u00e1t otthonomba antik feh\u00e9ret vagy nat\u00farat v\u00e1lasztan\u00e9k az egyszer\u0171 p\u00e1ros\u00edthat\u00f3s\u00e1g miatt, de van t\u00f6lgy, di\u00f3 antracit \u00e9s fekete sz\u00ednben is.<\/span><\/em><\/p>\n<\/div>\n<p>[\/et_pb_text][\/et_pb_column][\/et_pb_row][et_pb_row _builder_version=&#8221;4.16&#8243; module_alignment=&#8221;center&#8221; custom_margin=&#8221;5%|auto|10%|auto|false|false&#8221; custom_padding=&#8221;||3px|||&#8221; global_colors_info=&#8221;{}&#8221;][et_pb_column type=&#8221;4_4&#8243; _builder_version=&#8221;4.16&#8243; global_colors_info=&#8221;{}&#8221;][et_pb_image src=&#8221;https:\/\/m-acryl.hu\/kad-kisokos\/wp-content\/uploads\/2025\/03\/tropusi-faelolapok-2025-1.png&#8221; alt=&#8221;Tr\u00f3pusi fa el\u0151lap sz\u00ednek&#8221; title_text=&#8221;tropusi faelolapok 2025 (1)&#8221; url=&#8221;https:\/\/m-acryl.hu\/termekek\/tropusi-fa-elolap-egyenes-kadakhoz-tobbfele-szinben&#8221; url_new_window=&#8221;on&#8221; align=&#8221;center&#8221; _builder_version=&#8221;4.27.4&#8243; custom_margin=&#8221;||17px|||&#8221; global_colors_info=&#8221;{}&#8221;][\/et_pb_image][et_pb_text _builder_version=&#8221;4.16&#8243; text_font_size=&#8221;16px&#8221; width=&#8221;70%&#8221; width_tablet=&#8221;&#8221; width_phone=&#8221;90%&#8221; width_last_edited=&#8221;on|phone&#8221; module_alignment=&#8221;center&#8221; custom_margin=&#8221;1px|||||&#8221; global_colors_info=&#8221;{}&#8221;]<\/p>\n<div aria-hidden=\"true\" class=\"wp-block-spacer\">\n<p style=\"text-align: center;\"><a href=\"https:\/\/m-acryl.hu\/termekek\/tropusi-fa-elolap-egyenes-kadakhoz-tobbfele-szinben\" target=\"_blank\" rel=\"noopener\"><strong><em><span style=\"color: #00ccff;\"><u>Tr\u00f3pusi fa el\u0151lapok t\u00f6bbf\u00e9le sz\u00ednben<\/u><\/span><\/em><\/strong><\/a><\/p>\n<\/div>\n<p>[\/et_pb_text][\/et_pb_column][\/et_pb_row][et_pb_row _builder_version=&#8221;4.16&#8243; width=&#8221;70%&#8221; width_tablet=&#8221;&#8221; width_phone=&#8221;90%&#8221; width_last_edited=&#8221;on|phone&#8221; custom_margin=&#8221;5%||||false|false&#8221; global_colors_info=&#8221;{}&#8221;][et_pb_column type=&#8221;4_4&#8243; _builder_version=&#8221;4.16&#8243; global_colors_info=&#8221;{}&#8221;][et_pb_text _builder_version=&#8221;4.16&#8243; global_colors_info=&#8221;{}&#8221;]<\/p>\n<h2>Lehet, hogy jobban fogja szeretni, mint a kedvenc hintasz\u00e9k\u00e9t<\/h2>\n<p><strong><\/strong><\/p>\n<p>[\/et_pb_text][\/et_pb_column][\/et_pb_row][et_pb_row _builder_version=&#8221;4.16&#8243; width=&#8221;70%&#8221; width_tablet=&#8221;&#8221; width_phone=&#8221;90%&#8221; width_last_edited=&#8221;on|phone&#8221; global_colors_info=&#8221;{}&#8221;][et_pb_column type=&#8221;4_4&#8243; _builder_version=&#8221;4.16&#8243; global_colors_info=&#8221;{}&#8221;][et_pb_text _builder_version=&#8221;4.16&#8243; text_font_size=&#8221;16px&#8221; link_font=&#8221;|600|||on|||#00CCFF|&#8221; link_text_color=&#8221;gcid-7bdd6664-54d9-4437-aed1-01a6ee23604c&#8221; link_font_size=&#8221;17px&#8221; link_line_height=&#8221;1.7em&#8221; ul_font_size=&#8221;17px&#8221; ul_line_height=&#8221;1.7em&#8221; ol_font_size=&#8221;17px&#8221; ol_line_height=&#8221;1.7em&#8221; custom_margin=&#8221;1px|||||&#8221; global_colors_info=&#8221;{%22gcid-7bdd6664-54d9-4437-aed1-01a6ee23604c%22:%91%22link_text_color%22%93}&#8221;]<\/p>\n<div aria-hidden=\"true\" class=\"wp-block-spacer\">\n<p><span style=\"font-weight: 400;\">\u00c9desap\u00e1m \u00e9vekkel ezel\u0151tt vett egy hintasz\u00e9ket. \u00c1ltal\u00e1ban ebben \u00fcl, amikor besz\u00e9lget\u00fcnk, \u00e9s ha tehetn\u00e9, akkor eg\u00e9sz nap fel sem \u00e1llna bel\u0151le, de a jelek szerint az \u00faj k\u00e1d levehet\u0151 fejp\u00e1rn\u00e1val er\u0151s riv\u00e1lisa lesz a b\u00fatordarabnak.<\/span><\/p>\n<p><span style=\"font-weight: 400;\">Fejp\u00e1rn\u00e1k k\u00f6z\u00fcl a fekete <a href=\"https:\/\/m-acryl.hu\/termekek\/fejparnak\/corner-fejparna\" target=\"_blank\" rel=\"noopener\">Corner<\/a> lett a befut\u00f3, mert a h\u00f3feh\u00e9r k\u00e1ddal gy\u00f6ny\u00f6r\u0171 kontrasztot ad \u2013 de persze megn\u00e9zt\u00e9k a feh\u00e9r, az antracit \u00e1rnyalatot \u00e9s, a <a href=\"https:\/\/m-acryl.hu\/termekek\/soft-fejparna\" target=\"_blank\" rel=\"noopener\">k\u00e9k Soft<\/a> v\u00e1ltozatot is.<\/span><\/p>\n<\/div>\n<p>[\/et_pb_text][\/et_pb_column][\/et_pb_row][et_pb_row _builder_version=&#8221;4.16&#8243; module_alignment=&#8221;center&#8221; custom_margin=&#8221;5%|auto|10%|auto|false|false&#8221; custom_padding=&#8221;||3px|||&#8221; global_colors_info=&#8221;{}&#8221;][et_pb_column type=&#8221;4_4&#8243; _builder_version=&#8221;4.16&#8243; global_colors_info=&#8221;{}&#8221;][et_pb_gallery gallery_ids=&#8221;1384,1404,1348,1349,1347,4089&#8243; fullwidth=&#8221;on&#8221; _builder_version=&#8221;4.16&#8243; _module_preset=&#8221;default&#8221; caption_text_align=&#8221;center&#8221; pagination_text_align=&#8221;center&#8221; text_orientation=&#8221;center&#8221; module_alignment=&#8221;center&#8221; custom_margin=&#8221;||20px||false|false&#8221; custom_margin_tablet=&#8221;||18px||false|false&#8221; custom_margin_phone=&#8221;||12px||false|false&#8221; custom_margin_last_edited=&#8221;on|phone&#8221; global_colors_info=&#8221;{}&#8221;][\/et_pb_gallery][et_pb_text _builder_version=&#8221;4.16&#8243; _module_preset=&#8221;default&#8221; text_font_size=&#8221;17px&#8221; text_font_size_tablet=&#8221;&#8221; text_font_size_phone=&#8221;14px&#8221; text_font_size_last_edited=&#8221;on|phone&#8221; global_colors_info=&#8221;{}&#8221;]<\/p>\n<p style=\"text-align: center;\"><em>Tekintse meg a r\u00e9szletfot\u00f3kat \u2013 Kattintson a k\u00e9pre<\/em><\/p>\n<p>[\/et_pb_text][\/et_pb_column][\/et_pb_row][et_pb_row _builder_version=&#8221;4.16&#8243; width=&#8221;70%&#8221; width_tablet=&#8221;&#8221; width_phone=&#8221;90%&#8221; width_last_edited=&#8221;on|phone&#8221; custom_margin=&#8221;5%||||false|false&#8221; global_colors_info=&#8221;{}&#8221;][et_pb_column type=&#8221;4_4&#8243; _builder_version=&#8221;4.16&#8243; global_colors_info=&#8221;{}&#8221;][et_pb_text _builder_version=&#8221;4.16&#8243; global_colors_info=&#8221;{}&#8221;]<\/p>\n<h2>A r\u00e1ad\u00e1s, amivel csak kevesen \u00e9lnek<\/h2>\n<p><strong><\/strong><\/p>\n<p>[\/et_pb_text][\/et_pb_column][\/et_pb_row][et_pb_row _builder_version=&#8221;4.16&#8243; width=&#8221;70%&#8221; width_tablet=&#8221;&#8221; width_phone=&#8221;90%&#8221; width_last_edited=&#8221;on|phone&#8221; global_colors_info=&#8221;{}&#8221;][et_pb_column type=&#8221;4_4&#8243; _builder_version=&#8221;4.16&#8243; global_colors_info=&#8221;{}&#8221;][et_pb_text _builder_version=&#8221;4.16&#8243; text_font_size=&#8221;16px&#8221; link_font=&#8221;||||on|||#00CCFF|&#8221; link_text_color=&#8221;gcid-7bdd6664-54d9-4437-aed1-01a6ee23604c&#8221; link_font_size=&#8221;17px&#8221; link_line_height=&#8221;1.7em&#8221; ul_font_size=&#8221;17px&#8221; ul_line_height=&#8221;1.7em&#8221; ol_font_size=&#8221;17px&#8221; ol_line_height=&#8221;1.7em&#8221; custom_margin=&#8221;1px|||||&#8221; global_colors_info=&#8221;{%22gcid-7bdd6664-54d9-4437-aed1-01a6ee23604c%22:%91%22link_text_color%22%93}&#8221;]<\/p>\n<div aria-hidden=\"true\" class=\"wp-block-spacer\">\n<p><span style=\"font-weight: 400;\">B\u00e1r az M-Acryl egyik legegyszer\u0171bb k\u00e1dj\u00e1r\u00f3l besz\u00e9l\u00fcnk, ehhez is k\u00e9rhet\u0151 <\/span><strong>az elm\u00falt \u00e9vek \u00fcdv\u00f6sk\u00e9je, <a href=\"https:\/\/m-acryl.hu\/szinterapia\" target=\"_blank\" rel=\"noopener\">a sz\u00ednter\u00e1pia<\/a>, amely a f\u00fcrd\u00e9st hangulatter\u00e1pi\u00e1val k\u00f6ti \u00f6ssze<\/strong><span style=\"font-weight: 400;\">. A n\u00e9gy alapsz\u00ednen k\u00edv\u00fcl automatikus f\u00e9nyj\u00e1t\u00e9kot is tud a rendszer, a k\u00e1dperemre helyezett vez\u00e9rl\u00e9s k\u00e9zre \u00e1ll, \u00e9s k\u00e9nyelmes.<\/span><\/p>\n<\/div>\n<p>[\/et_pb_text][\/et_pb_column][\/et_pb_row][et_pb_row _builder_version=&#8221;4.16&#8243; module_alignment=&#8221;center&#8221; custom_margin=&#8221;5%|auto|10%|auto|false|false&#8221; custom_padding=&#8221;||3px|||&#8221; global_colors_info=&#8221;{}&#8221;][et_pb_column type=&#8221;4_4&#8243; _builder_version=&#8221;4.16&#8243; global_colors_info=&#8221;{}&#8221;][et_pb_image src=&#8221;https:\/\/m-acryl.hu\/kad-kisokos\/wp-content\/uploads\/2020\/02\/3283713.jpg&#8221; alt=&#8221;Sz\u00ednter\u00e1pia&#8221; title_text=&#8221;Sz\u00ednter\u00e1pia&#8221; url=&#8221;https:\/\/m-acryl.hu\/termekek\/tropusi-fa-elolap-egyenes-kadakhoz-tobbfele-szinben&#8221; url_new_window=&#8221;on&#8221; align=&#8221;center&#8221; _builder_version=&#8221;4.16&#8243; custom_margin=&#8221;||17px|||&#8221; global_colors_info=&#8221;{}&#8221;][\/et_pb_image][et_pb_text _builder_version=&#8221;4.16&#8243; text_font_size=&#8221;16px&#8221; width=&#8221;70%&#8221; width_tablet=&#8221;&#8221; width_phone=&#8221;90%&#8221; width_last_edited=&#8221;on|phone&#8221; module_alignment=&#8221;center&#8221; custom_margin=&#8221;1px|||||&#8221; global_colors_info=&#8221;{}&#8221;]<\/p>\n<div aria-hidden=\"true\" class=\"wp-block-spacer\">\n<p style=\"text-align: center;\"><em><strong><a href=\"https:\/\/m-acryl.hu\/szinterapia\" target=\"_blank\" rel=\"noopener\"><span style=\"color: #00ccff;\">M-Acryl sz\u00ednter\u00e9pia<\/span><\/a><\/strong><\/em><\/p>\n<\/div>\n<p>[\/et_pb_text][\/et_pb_column][\/et_pb_row][et_pb_row _builder_version=&#8221;4.16&#8243; width=&#8221;70%&#8221; width_tablet=&#8221;&#8221; width_phone=&#8221;90%&#8221; width_last_edited=&#8221;on|phone&#8221; global_colors_info=&#8221;{}&#8221;][et_pb_column type=&#8221;4_4&#8243; _builder_version=&#8221;4.16&#8243; global_colors_info=&#8221;{}&#8221;][et_pb_text _builder_version=&#8221;4.16&#8243; text_font_size=&#8221;16px&#8221; link_text_color=&#8221;#0C71C3&#8243; link_font_size=&#8221;17px&#8221; link_line_height=&#8221;1.7em&#8221; ul_font_size=&#8221;17px&#8221; ul_line_height=&#8221;1.7em&#8221; ol_font_size=&#8221;17px&#8221; ol_line_height=&#8221;1.7em&#8221; custom_margin=&#8221;1px|||||&#8221; global_colors_info=&#8221;{}&#8221;]<\/p>\n<div aria-hidden=\"true\" class=\"wp-block-spacer\">\n<p><em><span style=\"font-weight: 400;\">Egy\u00e9bk\u00e9nt nem v\u00e9letlen, hogy a wellnesshotelek jakuzzijaiban a pezsg\u00e9st \u00f6sszek\u00f6tik a hangulatjav\u00edt\u00f3 sz\u00ednter\u00e1pi\u00e1val. A meleg t\u00f3nusok \u2013 s\u00e1rga, narancs, piros \u2013 \u00e9l\u00e9nk\u00edtenek, teh\u00e1t egy ilyen f\u00fcrd\u0151 felpezsd\u00edt, energiz\u00e1l, a hideg sz\u00ednek \u2013 z\u00f6ld, k\u00e9k \u00e1rnyalatok \u2013 pedig nyugodt \u00e9jszak\u00e1t hozhatnak.<\/span><\/em><\/p>\n<\/div>\n<p>[\/et_pb_text][\/et_pb_column][\/et_pb_row][et_pb_row _builder_version=&#8221;4.16&#8243; width=&#8221;70%&#8221; width_tablet=&#8221;&#8221; width_phone=&#8221;90%&#8221; width_last_edited=&#8221;on|phone&#8221; custom_margin=&#8221;5%||||false|false&#8221; global_colors_info=&#8221;{}&#8221;][et_pb_column type=&#8221;4_4&#8243; _builder_version=&#8221;4.16&#8243; global_colors_info=&#8221;{}&#8221;][et_pb_text _builder_version=&#8221;4.16&#8243; global_colors_info=&#8221;{}&#8221;]<\/p>\n<h2>A megker\u00fclhetetlen 2 perc szakm\u00e1z\u00e1s<\/h2>\n<p>[\/et_pb_text][\/et_pb_column][\/et_pb_row][et_pb_row _builder_version=&#8221;4.16&#8243; width=&#8221;70%&#8221; width_tablet=&#8221;&#8221; width_phone=&#8221;90%&#8221; width_last_edited=&#8221;on|phone&#8221; global_colors_info=&#8221;{}&#8221;][et_pb_column type=&#8221;4_4&#8243; _builder_version=&#8221;4.16&#8243; global_colors_info=&#8221;{}&#8221;][et_pb_text _builder_version=&#8221;4.16&#8243; text_font_size=&#8221;16px&#8221; link_text_color=&#8221;#0C71C3&#8243; link_font_size=&#8221;17px&#8221; link_line_height=&#8221;1.7em&#8221; ul_font_size=&#8221;17px&#8221; ul_line_height=&#8221;1.7em&#8221; ol_font_size=&#8221;17px&#8221; ol_line_height=&#8221;1.7em&#8221; custom_margin=&#8221;1px|||||&#8221; global_colors_info=&#8221;{}&#8221;]<\/p>\n<div aria-hidden=\"true\" class=\"wp-block-spacer\">\n<p><strong>Megtanultam, hogy v\u00e1s\u00e1rl\u00f3i \u00e9lm\u00e9ny szempontj\u00e1b\u00f3l nem a legizgalmasabb, felhaszn\u00e1l\u00f3k\u00e9nt viszont ann\u00e1l l\u00e9nyegesebb t\u00e9ma, mert a szinte l\u00e1thatatlan r\u00e9szletek rengeteget tesznek hozz\u00e1 a mindennapi haszn\u00e1lathoz \u2013 vagy vesznek el bel\u0151le.<\/strong><\/p>\n<\/div>\n<p>[\/et_pb_text][et_pb_text _builder_version=&#8221;4.16&#8243; text_font_size=&#8221;16px&#8221; link_font=&#8221;||||on|||#00CCFF|&#8221; link_text_color=&#8221;gcid-7bdd6664-54d9-4437-aed1-01a6ee23604c&#8221; link_font_size=&#8221;17px&#8221; link_line_height=&#8221;1.7em&#8221; ul_font_size=&#8221;17px&#8221; ul_line_height=&#8221;1.7em&#8221; ol_font_size=&#8221;17px&#8221; ol_line_height=&#8221;1.7em&#8221; custom_margin=&#8221;1px|||||&#8221; global_colors_info=&#8221;{%22gcid-7bdd6664-54d9-4437-aed1-01a6ee23604c%22:%91%22link_text_color%22%93}&#8221;]<\/p>\n<div aria-hidden=\"true\" class=\"wp-block-spacer\">\n<p><span style=\"font-weight: 400;\">Ilyen r\u00e9szletek k\u00f6z\u00e9 tartozik az <a href=\"https:\/\/m-acryl.hu\/termekek\/egyenes-kad\/eco-egyenes-akril-kad\" target=\"_blank\" rel=\"noopener\">Eco<\/a>-n\u00e1l a <a href=\"https:\/\/m-acryl.hu\/termekek\/normal-automata-le--es-tulfolyo-szifonnal-60-cm\" target=\"_blank\" rel=\"noopener\">le-, \u00e9s t\u00falfoly\u00f3<\/a>, amely norm\u00e1l verzi\u00f3ban kontrasztos <a href=\"https:\/\/m-acryl.hu\/termekek\/normal-automata-le--es-tulfolyo-szifonnal-60-cm-fekete-szinben\" target=\"_blank\" rel=\"noopener\">fekete sz\u00ednben is el\u00e9rhet\u0151<\/a>, ezen fel\u00fcl m\u00e1r van <a href=\"https:\/\/m-acryl.hu\/termekek\/click-clack-automata-le--es-tulfolyo-60-cm\" target=\"_blank\" rel=\"noopener\">Click-Clack<\/a> v\u00e1ltozat, amivel egy gombnyom\u00e1s leengedni a vizet. <\/span><em><span style=\"font-weight: 400;\">Ezeket is \u00e9rdemes szem\u00e9lyesen megn\u00e9zni, kipr\u00f3b\u00e1lni, mert \u00edzl\u00e9s dolga. A sz\u00fcleimnek el\u00e9g volt a norm\u00e1l v\u00e1ltozat feket\u00e9ben, az \u00e9n sz\u00edvem a Click-Clack fel\u00e9 h\u00fazott.<\/span><\/em><\/p>\n<\/div>\n<p>[\/et_pb_text][\/et_pb_column][\/et_pb_row][et_pb_row column_structure=&#8221;1_3,1_3,1_3&#8243; _builder_version=&#8221;4.16&#8243; module_alignment=&#8221;center&#8221; custom_margin=&#8221;5%|auto|10%|auto|false|false&#8221; custom_padding=&#8221;||3px|||&#8221; global_colors_info=&#8221;{}&#8221;][et_pb_column type=&#8221;1_3&#8243; _builder_version=&#8221;4.16&#8243; global_colors_info=&#8221;{}&#8221;][et_pb_image src=&#8221;https:\/\/m-acryl.hu\/kad-kisokos\/wp-content\/uploads\/2021\/05\/Normal-automata-le-es-tulfolyo-szifonnal.jpg&#8221; alt=&#8221;Norm\u00e1l le-\u00e9s t\u00falfoly\u00f3 szifonnal&#8221; title_text=&#8221;Norm\u00e1l automata le- \u00e9s t\u00falfoly\u00f3 szifonnal&#8221; url=&#8221;https:\/\/m-acryl.hu\/termekek\/normal-automata-le&#8211;es-tulfolyo-szifonnal-60-cm&#8221; url_new_window=&#8221;on&#8221; align=&#8221;center&#8221; _builder_version=&#8221;4.16&#8243; custom_margin=&#8221;||17px|||&#8221; global_colors_info=&#8221;{}&#8221;][\/et_pb_image][et_pb_text _builder_version=&#8221;4.16&#8243; text_font_size=&#8221;16px&#8221; link_text_color=&#8221;#00ccff&#8221; width=&#8221;70%&#8221; width_tablet=&#8221;&#8221; width_phone=&#8221;90%&#8221; width_last_edited=&#8221;on|phone&#8221; module_alignment=&#8221;center&#8221; custom_margin=&#8221;1px|||||&#8221; global_colors_info=&#8221;{}&#8221;]<\/p>\n<div aria-hidden=\"true\" class=\"wp-block-spacer\">\n<p style=\"text-align: center;\"><em><strong><a href=\"https:\/\/m-acryl.hu\/termekek\/normal-automata-le--es-tulfolyo-szifonnal-60-cm\" target=\"_blank\" rel=\"noopener\">Norm\u00e1l automata le- \u00e9s t\u00falfoly\u00f3 szifonnal (60 cm)<\/a><\/strong><\/em><\/p>\n<\/div>\n<p>[\/et_pb_text][\/et_pb_column][et_pb_column type=&#8221;1_3&#8243; _builder_version=&#8221;4.16&#8243; global_colors_info=&#8221;{}&#8221;][et_pb_image src=&#8221;https:\/\/m-acryl.hu\/kad-kisokos\/wp-content\/uploads\/2021\/05\/Fekete-Normal-automata-le-es-tulfolyo-szifonnal.jpg&#8221; alt=&#8221;Norm\u00e1l le-\u00e9s t\u00falfoly\u00f3 szifonnal&#8221; title_text=&#8221;Fekete Norm\u00e1l automata le- \u00e9s t\u00falfoly\u00f3 szifonnal&#8221; url=&#8221;https:\/\/m-acryl.hu\/termekek\/normal-automata-le&#8211;es-tulfolyo-szifonnal-60-cm-fekete-szinben&#8221; url_new_window=&#8221;on&#8221; align=&#8221;center&#8221; _builder_version=&#8221;4.16&#8243; custom_margin=&#8221;||17px|||&#8221; global_colors_info=&#8221;{}&#8221;][\/et_pb_image][et_pb_text _builder_version=&#8221;4.16&#8243; text_font_size=&#8221;16px&#8221; link_text_color=&#8221;gcid-7bdd6664-54d9-4437-aed1-01a6ee23604c&#8221; width=&#8221;70%&#8221; width_tablet=&#8221;&#8221; width_phone=&#8221;90%&#8221; width_last_edited=&#8221;on|phone&#8221; module_alignment=&#8221;center&#8221; custom_margin=&#8221;1px|||||&#8221; global_colors_info=&#8221;{%22gcid-7bdd6664-54d9-4437-aed1-01a6ee23604c%22:%91%22link_text_color%22%93}&#8221;]<\/p>\n<div aria-hidden=\"true\" class=\"wp-block-spacer\">\n<p class=\"detials-title\" style=\"text-align: center;\"><strong><a href=\"https:\/\/m-acryl.hu\/termekek\/normal-automata-le--es-tulfolyo-szifonnal-60-cm-fekete-szinben\" target=\"_blank\" rel=\"noopener\"><em>Norm\u00e1l automata le- \u00e9s t\u00falfoly\u00f3 szifonnal (60 cm) fekete sz\u00ednben<\/em><\/a><\/strong><\/p>\n<\/div>\n<p>[\/et_pb_text][\/et_pb_column][et_pb_column type=&#8221;1_3&#8243; _builder_version=&#8221;4.16&#8243; global_colors_info=&#8221;{}&#8221;][et_pb_image src=&#8221;https:\/\/m-acryl.hu\/kad-kisokos\/wp-content\/uploads\/2021\/05\/Aucomata-le-es-tulfolyo-Click-Clack.jpg&#8221; alt=&#8221;Norm\u00e1l le-\u00e9s t\u00falfoly\u00f3 szifonnal&#8221; title_text=&#8221;Aucomata le \u00e9s t\u00falfoly\u00f3 Click-Clack&#8221; url=&#8221;https:\/\/m-acryl.hu\/termekek\/click-clack-automata-le&#8211;es-tulfolyo-60-cm&#8221; url_new_window=&#8221;on&#8221; align=&#8221;center&#8221; _builder_version=&#8221;4.16&#8243; custom_margin=&#8221;||17px|||&#8221; global_colors_info=&#8221;{}&#8221;][\/et_pb_image][et_pb_text _builder_version=&#8221;4.16&#8243; text_font_size=&#8221;16px&#8221; link_text_color=&#8221;gcid-7bdd6664-54d9-4437-aed1-01a6ee23604c&#8221; width=&#8221;70%&#8221; width_tablet=&#8221;&#8221; width_phone=&#8221;90%&#8221; width_last_edited=&#8221;on|phone&#8221; module_alignment=&#8221;center&#8221; custom_margin=&#8221;1px|||||&#8221; global_colors_info=&#8221;{%22gcid-7bdd6664-54d9-4437-aed1-01a6ee23604c%22:%91%22link_text_color%22%93}&#8221;]<\/p>\n<div aria-hidden=\"true\" class=\"wp-block-spacer\">\n<p class=\"detials-title\" style=\"text-align: center;\"><strong><em><a href=\"https:\/\/m-acryl.hu\/termekek\/click-clack-automata-le--es-tulfolyo-60-cm\" target=\"_blank\" rel=\"noopener\">Click-Clack automata le- \u00e9s t\u00falfoly\u00f3 (60 cm)<\/a><\/em><\/strong><\/p>\n<\/div>\n<p>[\/et_pb_text][\/et_pb_column][\/et_pb_row][et_pb_row _builder_version=&#8221;4.16&#8243; width=&#8221;70%&#8221; width_tablet=&#8221;&#8221; width_phone=&#8221;90%&#8221; width_last_edited=&#8221;on|phone&#8221; global_colors_info=&#8221;{}&#8221;][et_pb_column type=&#8221;4_4&#8243; _builder_version=&#8221;4.16&#8243; global_colors_info=&#8221;{}&#8221;][et_pb_text _builder_version=&#8221;4.16&#8243; text_font_size=&#8221;16px&#8221; link_font=&#8221;||||on|||#00CCFF|&#8221; link_text_color=&#8221;gcid-7bdd6664-54d9-4437-aed1-01a6ee23604c&#8221; link_font_size=&#8221;17px&#8221; link_line_height=&#8221;1.7em&#8221; ul_font_size=&#8221;17px&#8221; ul_line_height=&#8221;1.7em&#8221; ol_font_size=&#8221;17px&#8221; ol_line_height=&#8221;1.7em&#8221; custom_margin=&#8221;1px|||||&#8221; global_colors_info=&#8221;{%22gcid-7bdd6664-54d9-4437-aed1-01a6ee23604c%22:%91%22link_text_color%22%93}&#8221;]<\/p>\n<div aria-hidden=\"true\" class=\"wp-block-spacer\">\n<p><strong>Meg\u00e9ri beruh\u00e1zni egy <span style=\"text-decoration: underline;\"><a href=\"https:\/\/m-acryl.hu\/kadparavan\" target=\"_blank\" rel=\"noopener\">k\u00e1dparav\u00e1nra<\/a><\/span>, mert \u00edgy nem kell \u00e1lland\u00f3an a kicsap\u00f3d\u00f3 vizet t\u00f6r\u00f6lgetni.<\/strong><\/p>\n<\/div>\n<p>[\/et_pb_text][et_pb_text _builder_version=&#8221;4.16&#8243; text_font_size=&#8221;16px&#8221; link_text_color=&#8221;#0C71C3&#8243; link_font_size=&#8221;17px&#8221; link_line_height=&#8221;1.7em&#8221; ul_font_size=&#8221;17px&#8221; ul_line_height=&#8221;1.7em&#8221; ol_font_size=&#8221;17px&#8221; ol_line_height=&#8221;1.7em&#8221; custom_margin=&#8221;1px|||||&#8221; global_colors_info=&#8221;{}&#8221;]<\/p>\n<div aria-hidden=\"true\" class=\"wp-block-spacer\">\n<p><span style=\"font-weight: 400;\">A k\u00e1dat b\u00e1rmikor zuhanyz\u00f3v\u00e1 alak\u00edthatjuk. Ez k\u00fcl\u00f6n\u00f6sen j\u00f3l j\u00f6n azokban az otthonokban, ahol nincs el\u00e9g hely egy k\u00e1dnak \u00e9s egy tusol\u00f3nak is, de a lak\u00f3i egyform\u00e1n szeretnek zuhanyozni, \u00e9s elmer\u00fclni egy k\u00e1d forr\u00f3 v\u00edzben.<\/span><\/p>\n<p><span style=\"font-weight: 400;\">R\u00f6vid\u00edti a d\u00f6nt\u00e9si folyamatot, ha els\u0151 k\u00f6rben az ajt\u00f3 t\u00edpus\u00e1t v\u00e1lasztjuk ki \u2013 a gazdag reperto\u00e1rban fix, ny\u00edl\u00f3-, tol\u00f3ajt\u00f3kat, \u00e9s ezek kombin\u00e1ci\u00f3it tal\u00e1ljuk.<\/span><\/p>\n<\/div>\n<p>[\/et_pb_text][\/et_pb_column][\/et_pb_row][et_pb_row disabled_on=&#8221;on|on|on&#8221; _builder_version=&#8221;4.27.0&#8243; width=&#8221;70%&#8221; width_tablet=&#8221;&#8221; width_phone=&#8221;90%&#8221; width_last_edited=&#8221;on|phone&#8221; custom_margin=&#8221;38px|auto||auto||&#8221; disabled=&#8221;on&#8221; locked=&#8221;off&#8221; global_colors_info=&#8221;{}&#8221;][et_pb_column type=&#8221;4_4&#8243; _builder_version=&#8221;4.16&#8243; global_colors_info=&#8221;{}&#8221;][et_pb_image src=&#8221;https:\/\/m-acryl.hu\/kad-kisokos\/wp-content\/uploads\/2024\/08\/m-acryl-nyari-akcio-meghosszabbitva-homeinfo-welcome-banner-desktop-web.jpg&#8221; alt=&#8221;2024 M-Acryl meghosszabb\u00edtott ny\u00e1ri akci\u00f3&#8221; title_text=&#8221;m-acryl-nyari-akcio-meghosszabbitva-homeinfo-welcome-banner-desktop-web&#8221; url=&#8221;https:\/\/m-acryl.hu\/kad-kisokos\/2024-nyari-m-acryl-kadkedvezmenyek\/?utm_source=m-acryl.hu&#038;utm_medium=blogcikk-banner&#038;utm_campaign=24-031&#8243; url_new_window=&#8221;on&#8221; _builder_version=&#8221;4.27.0&#8243; _module_preset=&#8221;default&#8221; custom_margin=&#8221;||0px||false|false&#8221; custom_padding=&#8221;||0px||false|false&#8221; global_colors_info=&#8221;{}&#8221;][\/et_pb_image][et_pb_text _builder_version=&#8221;4.27.0&#8243; text_font_size=&#8221;16px&#8221; background_color=&#8221;#ff00b2&#8243; custom_margin=&#8221;0px||0px||false|false&#8221; custom_padding=&#8221;1%|1%|1%|1%|false|false&#8221; global_colors_info=&#8221;{}&#8221;]<\/p>\n<p style=\"text-align: left;\"><span style=\"color: #ffffff;\"><span style=\"text-decoration: underline;\"><strong><a href=\"https:\/\/m-acryl.hu\/kad-kisokos\/2024-nyari-m-acryl-kadkedvezmenyek\/?utm_source=m-acryl.hu&amp;utm_medium=blogcikk-banner&amp;utm_campaign=24-031\" target=\"_blank\" rel=\"noopener\" style=\"color: #ffffff; text-decoration: underline;\">N\u00e9zze meg meghosszabb\u00edtott ny\u00e1ri akci\u00f3nk r\u00e9szleteit<\/a>,<\/strong><\/span>\u00a0 \u00e9s v\u00e1s\u00e1rolja meg a prom\u00f3ci\u00f3ban szerepl\u0151 kedvezm\u00e9nyes k\u00e1dakat <strong>2024. szeptember 30-ig!<\/strong><\/span><\/p>\n<p>[\/et_pb_text][\/et_pb_column][\/et_pb_row][et_pb_row _builder_version=&#8221;4.16&#8243; module_alignment=&#8221;center&#8221; custom_margin=&#8221;5%|auto|10%|auto|false|false&#8221; custom_padding=&#8221;||3px|||&#8221; global_colors_info=&#8221;{}&#8221;][et_pb_column type=&#8221;4_4&#8243; _builder_version=&#8221;4.16&#8243; global_colors_info=&#8221;{}&#8221;][et_pb_gallery gallery_ids=&#8221;389,374,1301,3708,309&#8243; fullwidth=&#8221;on&#8221; _builder_version=&#8221;4.16&#8243; _module_preset=&#8221;default&#8221; caption_text_align=&#8221;center&#8221; pagination_text_align=&#8221;center&#8221; text_orientation=&#8221;center&#8221; module_alignment=&#8221;center&#8221; custom_margin=&#8221;||20px||false|false&#8221; custom_margin_tablet=&#8221;||18px||false|false&#8221; custom_margin_phone=&#8221;||12px||false|false&#8221; custom_margin_last_edited=&#8221;on|phone&#8221; global_colors_info=&#8221;{}&#8221;][\/et_pb_gallery][et_pb_text _builder_version=&#8221;4.16&#8243; _module_preset=&#8221;default&#8221; text_font_size=&#8221;17px&#8221; text_font_size_tablet=&#8221;&#8221; text_font_size_phone=&#8221;14px&#8221; text_font_size_last_edited=&#8221;on|phone&#8221; global_colors_info=&#8221;{}&#8221;]<\/p>\n<p style=\"text-align: center;\"><em>Tekintse meg a r\u00e9szletfot\u00f3kat \u2013 Kattintson a k\u00e9pre<\/em><\/p>\n<p>[\/et_pb_text][\/et_pb_column][\/et_pb_row][et_pb_row _builder_version=&#8221;4.16&#8243; width=&#8221;70%&#8221; width_tablet=&#8221;&#8221; width_phone=&#8221;90%&#8221; width_last_edited=&#8221;on|phone&#8221; global_colors_info=&#8221;{}&#8221;][et_pb_column type=&#8221;4_4&#8243; _builder_version=&#8221;4.16&#8243; global_colors_info=&#8221;{}&#8221;][et_pb_text _builder_version=&#8221;4.16&#8243; text_font_size=&#8221;16px&#8221; link_text_color=&#8221;#0C71C3&#8243; link_font_size=&#8221;17px&#8221; link_line_height=&#8221;1.7em&#8221; ul_font_size=&#8221;17px&#8221; ul_line_height=&#8221;1.7em&#8221; ol_font_size=&#8221;17px&#8221; ol_line_height=&#8221;1.7em&#8221; custom_margin=&#8221;1px|||||&#8221; global_colors_info=&#8221;{}&#8221;]<\/p>\n<div aria-hidden=\"true\" class=\"wp-block-spacer\">\n<p><span style=\"font-weight: 400;\">Szinte mindegyik k\u00e1dparav\u00e1n Easy Clean bevonat\u00fa, teh\u00e1t k\u00f6nnyen takar\u00edthat\u00f3, \u00e9s a leperg\u0151 v\u00edz miatt szinte teljesen megakad\u00e1lyozza a v\u00edzk\u0151lerak\u00f3d\u00e1st, ezen k\u00edv\u00fcl biztons\u00e1gi \u00fcvegb\u0151l k\u00e9sz\u00fclnek, \u00edgy az ezredik haszn\u00e1latn\u00e1l is ugyan\u00fagy helyt\u00e1llnak, mint az els\u0151 alkalommal.<\/span><\/p>\n<\/div>\n<p>[\/et_pb_text][et_pb_button button_url=&#8221;https:\/\/m-acryl.hu\/kad-kisokos\/ismerje-meg-az-elegans-kadparavanok-vilagat\/&#8221; url_new_window=&#8221;on&#8221; button_text=&#8221;B\u0151vebben olvasok a k\u00e1dparav\u00e1nokr\u00f3l&#8221; button_alignment=&#8221;center&#8221; _builder_version=&#8221;4.16&#8243; _module_preset=&#8221;default&#8221; custom_button=&#8221;on&#8221; button_text_size=&#8221;20px&#8221; button_text_color=&#8221;#FFFFFF&#8221; button_bg_color=&#8221;gcid-7bdd6664-54d9-4437-aed1-01a6ee23604c&#8221; button_border_width=&#8221;0px&#8221; button_border_color=&#8221;gcid-e7e5526b-c764-46dc-98a2-72368b011fb3&#8243; button_border_radius=&#8221;10px&#8221; button_font=&#8221;|600|||||||&#8221; button_icon=&#8221;&#x3d;||divi||400&#8243; custom_margin=&#8221;5%||5%||false|false&#8221; box_shadow_style=&#8221;preset2&#8243; global_colors_info=&#8221;{%22gcid-e7e5526b-c764-46dc-98a2-72368b011fb3%22:%91%22button_border_color%22%93,%22gcid-7bdd6664-54d9-4437-aed1-01a6ee23604c%22:%91%22button_bg_color%22%93}&#8221;][\/et_pb_button][\/et_pb_column][\/et_pb_row][et_pb_row disabled_on=&#8221;on|on|on&#8221; _builder_version=&#8221;4.16&#8243; width=&#8221;70%&#8221; width_tablet=&#8221;&#8221; width_phone=&#8221;90%&#8221; width_last_edited=&#8221;on|phone&#8221; custom_margin=&#8221;5%||||false|false&#8221; disabled=&#8221;on&#8221; global_colors_info=&#8221;{}&#8221;][et_pb_column type=&#8221;4_4&#8243; _builder_version=&#8221;4.16&#8243; global_colors_info=&#8221;{}&#8221;][et_pb_text _builder_version=&#8221;4.16&#8243; global_colors_info=&#8221;{}&#8221;]<\/p>\n<h2>Fontos hat\u00e1rid\u0151: j\u00falius 31-ig -15% kedvezm\u00e9ny minden Eco k\u00e1dra<\/h2>\n<p>[\/et_pb_text][et_pb_text _builder_version=&#8221;4.16&#8243; text_font_size=&#8221;16px&#8221; link_font=&#8221;||||on|||#00CCFF|&#8221; link_text_color=&#8221;gcid-7bdd6664-54d9-4437-aed1-01a6ee23604c&#8221; link_font_size=&#8221;17px&#8221; link_line_height=&#8221;1.7em&#8221; ul_font_size=&#8221;17px&#8221; ul_line_height=&#8221;1.7em&#8221; ol_font_size=&#8221;17px&#8221; ol_line_height=&#8221;1.7em&#8221; custom_margin=&#8221;1px|||||&#8221; global_colors_info=&#8221;{%22gcid-7bdd6664-54d9-4437-aed1-01a6ee23604c%22:%91%22link_text_color%22%93}&#8221;]<\/p>\n<div aria-hidden=\"true\" class=\"wp-block-spacer\">\n<p><span style=\"font-weight: 400;\">Az M-Acryl egyik legjobban v\u00e1rt sz\u00e9ri\u00e1ja pillanatok alatt belopta mag\u00e1t az id\u0151sebb koroszt\u00e1ly, a csal\u00e1dok \u00e9s a sz\u00e1ll\u00e1stulajdonosok sz\u00edv\u00e9be.<\/span><\/p>\n<p><span style=\"font-weight: 400;\">A gy\u00e1rt\u00f3k a mostani akci\u00f3val egyr\u00e9szt a bizalmat k\u00f6sz\u00f6nik meg, m\u00e1sr\u00e9szt ezzel szeretn\u00e9k min\u00e9l t\u00f6bb embernek megadni a korl\u00e1tok n\u00e9lk\u00fcli otthoni f\u00fcrd\u0151z\u00e9s \u00e9lm\u00e9ny\u00e9t.<\/span><\/p>\n<p><span style=\"font-weight: 400;\">Meglehet\u0151sen nagy \u00e9rdekl\u0151d\u00e9sre sz\u00e1m\u00edtanak, ez\u00e9rt azt javaslom, hogy min\u00e9l hamarabb l\u00e1togasson el a d\u00edj- \u00e9s k\u00f6telezetts\u00e9gmentes k\u00e1dpr\u00f3b\u00e1ra, vagy keresse fel az \u00d6nh\u00f6z legk\u00f6zelebbi viszontelad\u00f3t.<\/span><\/p>\n<p><span style=\"font-weight: 400;\">E-mailen (<\/span><a href=\"mailto:bemutatoterem@metahungary.hu\"><span style=\"font-weight: 400;\">bemutatoterem@metahungary.hu<\/span><\/a><span style=\"font-weight: 400;\">)<\/span><span style=\"font-weight: 400;\"> \u00e9s telefonon (+36 1 280 25 27) is el\u00e9rhet\u0151k, seg\u00edt\u0151k\u00e9szek \u00e9s el\u0151z\u00e9kenyek.<\/span><\/p>\n<\/div>\n<p>[\/et_pb_text][et_pb_button button_url=&#8221;https:\/\/m-acryl.hu\/kad-kisokos\/probalja-ki-a-kadat\/&#8221; url_new_window=&#8221;on&#8221; button_text=&#8221;Pr\u00f3b\u00e1lja ki a k\u00e1dat!&#8221; button_alignment=&#8221;center&#8221; _builder_version=&#8221;4.16&#8243; _module_preset=&#8221;default&#8221; custom_button=&#8221;on&#8221; button_text_color=&#8221;#FFFFFF&#8221; button_bg_color=&#8221;gcid-e7e5526b-c764-46dc-98a2-72368b011fb3&#8243; button_border_color=&#8221;gcid-e7e5526b-c764-46dc-98a2-72368b011fb3&#8243; button_border_radius=&#8221;10px&#8221; button_font=&#8221;|600|||||||&#8221; button_icon=&#8221;&#x3d;||divi||400&#8243; custom_margin=&#8221;5%||||false|false&#8221; box_shadow_style=&#8221;preset2&#8243; global_colors_info=&#8221;{%22gcid-9c2d6eb8-3530-44b6-a406-0c8d7217e7bd%22:%91%93,%22gcid-e7e5526b-c764-46dc-98a2-72368b011fb3%22:%91%22button_bg_color%22,%22button_border_color%22%93}&#8221;][\/et_pb_button][\/et_pb_column][\/et_pb_row][\/et_pb_section][et_pb_section fb_built=&#8221;1&#8243; _builder_version=&#8221;4.16&#8243; background_color=&#8221;#f0f0f0&#8243; custom_margin=&#8221;||0px|||&#8221; custom_padding=&#8221;9px||1px|||&#8221; top_divider_height=&#8221;25px&#8221; border_width_all=&#8221;23px&#8221; border_color_all=&#8221;#e2e2e2&#8243; collapsed=&#8221;on&#8221; global_colors_info=&#8221;{}&#8221;][et_pb_row _builder_version=&#8221;4.16&#8243; width=&#8221;70%&#8221; width_tablet=&#8221;&#8221; width_phone=&#8221;90%&#8221; width_last_edited=&#8221;on|phone&#8221; min_height=&#8221;636px&#8221; custom_margin=&#8221;40px|auto||auto||&#8221; global_colors_info=&#8221;{}&#8221;][et_pb_column type=&#8221;4_4&#8243; _builder_version=&#8221;4.16&#8243; global_colors_info=&#8221;{}&#8221;][et_pb_blurb use_icon=&#8221;on&#8221; font_icon=&#8221;&#xe010;||divi||400&#8243; icon_color=&#8221;#c5d300&#8243; image_icon_width=&#8221;108px&#8221; content_max_width=&#8221;687px&#8221; _builder_version=&#8221;4.16&#8243; header_level=&#8221;h2&#8243; body_text_color=&#8221;#424242&#8243; body_font_size=&#8221;17px&#8221; custom_margin=&#8221;|0px|0px|0px|false|false&#8221; custom_padding=&#8221;|0px||0px|false|false&#8221; icon_font_size=&#8221;108px&#8221; global_colors_info=&#8221;{}&#8221;][\/et_pb_blurb][et_pb_text _builder_version=&#8221;4.16&#8243; header_text_align=&#8221;center&#8221; custom_margin=&#8221;6px||6px||true|false&#8221; global_colors_info=&#8221;{}&#8221;]<\/p>\n<h2 style=\"text-align: center;\">Cikksorozatunk tov\u00e1bbi r\u00e9szei is v\u00e1rj\u00e1k \u00f6nt.<\/h2>\n<p>[\/et_pb_text][et_pb_text _builder_version=&#8221;4.16&#8243; text_text_color=&#8221;#FFFFFF&#8221; text_font_size=&#8221;17px&#8221; text_line_height=&#8221;1.6em&#8221; custom_padding=&#8221;||2px|||&#8221; global_colors_info=&#8221;{}&#8221;]<\/p>\n<p style=\"text-align: center;\"><span style=\"color: #333333;\">K\u00e9rje tov\u00e1bbi inspir\u00e1l\u00f3 \u00e9s szak\u00e9rt\u0151i cikkeinket a f\u00fcrd\u0151k\u00e1d t\u00e9m\u00e1ban. Adja meg e-mail c\u00edm\u00e9t, hogy tov\u00e1bbi hasznos tartalmakat k\u00fcldhess\u00fcnk \u00d6nnek.<br \/> <\/span><\/p>\n<p>[\/et_pb_text][et_pb_code _builder_version=&#8221;4.16&#8243; background_color=&#8221;rgba(0,0,0,0)&#8221; custom_padding=&#8221;||0px|||&#8221; animation_style=&#8221;fade&#8221; global_colors_info=&#8221;{}&#8221;]<\/p>\n<div id=\"mmform201115\" class=\"mmform\" style=\"position:relative;padding-bottom:300px;height:0;overflow:hidden;max-width:100%;\"><\/div>\n<p><!-- [et_pb_line_break_holder] --><script type=\"text\/javascript\"><!-- [et_pb_line_break_holder] -->var uniqueId = 2011151587117327,listId = 104491,formId = 201115,iwidth=115,mmDomain='salesautopilot.s3.amazonaws.com',secondMMDomain='sw.marketingszoftverek.hu',spancont=false,secure=('https:' == document.location.protocol)?true:false;<!-- [et_pb_line_break_holder] --><\/script><!-- [et_pb_line_break_holder] --><script type=\"text\/javascript\" src=\"https:\/\/d1ursyhqs5x9h1.cloudfront.net\/sw\/scripts\/mm-embed-iframe-1.15.min.js\"><\/script>[\/et_pb_code][\/et_pb_column][\/et_pb_row][\/et_pb_section]<\/p>\n","protected":false},"excerpt":{"rendered":"<p>Az \u00e1tlagosn\u00e1l alacsonyabb bel\u00e9p\u0151j\u0171 Eco k\u00e1d, els\u0151sorban a kisgyermekes csal\u00e1doknak \u00e9s azoknak aj\u00e1nlva, akik neh\u00e9zkesen mozognak, de a szabads\u00e1gukat \u00e9s m\u00e9lt\u00f3s\u00e1gukat meg\u0151rizve akarnak f\u00fcr\u00f6dni.<\/p>\n","protected":false},"author":3,"featured_media":4186,"comment_status":"closed","ping_status":"open","sticky":false,"template":"","format":"standard","meta":{"_et_pb_use_builder":"on","_et_pb_old_content":"","_et_gb_content_width":"","footnotes":""},"categories":[1],"tags":[73,24,76,33,142,141,75],"class_list":["post-4153","post","type-post","status-publish","format-standard","has-post-thumbnail","hentry","category-egyeb","tag-akrilkad","tag-alacsony-belepomagassagu-furdokad","tag-eco-kad","tag-egyenes-kad","tag-furdokad-idoseknek","tag-furdokad-kisgyermekeseknek","tag-m-acryl","et-has-post-format-content","et_post_format-et-post-format-standard"],"yoast_head":"<!-- This site is optimized with the Yoast SEO plugin v26.6 - https:\/\/yoast.com\/wordpress\/plugins\/seo\/ -->\n<title>Csodak\u00e1d: biztons\u00e1gos, k\u00e9nyelmes, v\u00edztakar\u00e9kos - Az Eco egyenes f\u00fcrd\u0151k\u00e1d - K\u00e1d kisokos<\/title>\n<meta name=\"description\" content=\"Biztons\u00e1gos, k\u00e9nyelmes \u00e9s v\u00edztakar\u00e9kos f\u00fcrd\u0151k\u00e1d, ez az M-Acryl ECO. A mind\u00f6ssze 54 cm magas bel\u00e9p\u0151magass\u00e1g\u00e1val igen k\u00f6zkedvelt. Ismerje meg!\" \/>\n<meta name=\"robots\" content=\"index, follow, max-snippet:-1, max-image-preview:large, max-video-preview:-1\" \/>\n<link rel=\"canonical\" href=\"https:\/\/m-acryl.hu\/kad-kisokos\/csodakad-biztonsagos-kenyelmes-viztakarekos-az-eco-egyenes-furdokad\/\" \/>\n<meta property=\"og:locale\" content=\"hu_HU\" \/>\n<meta property=\"og:type\" content=\"article\" \/>\n<meta property=\"og:title\" content=\"Csodak\u00e1d: biztons\u00e1gos, k\u00e9nyelmes, v\u00edztakar\u00e9kos - Az Eco egyenes f\u00fcrd\u0151k\u00e1d\" \/>\n<meta property=\"og:description\" content=\"Biztons\u00e1gos, k\u00e9nyelmes \u00e9s v\u00edztakar\u00e9kos f\u00fcrd\u0151k\u00e1d, ez az M-Acryl ECO. A mind\u00f6ssze 54 cm magas bel\u00e9p\u0151magass\u00e1g\u00e1val igen k\u00f6zkedvelt. Ismerje meg!\" \/>\n<meta property=\"og:url\" content=\"https:\/\/m-acryl.hu\/kad-kisokos\/csodakad-biztonsagos-kenyelmes-viztakarekos-az-eco-egyenes-furdokad\/\" \/>\n<meta property=\"og:site_name\" content=\"K\u00e1d kisokos\" \/>\n<meta property=\"article:published_time\" content=\"2021-05-20T06:05:49+00:00\" \/>\n<meta property=\"article:modified_time\" content=\"2026-03-19T12:33:01+00:00\" \/>\n<meta property=\"og:image\" content=\"https:\/\/m-acryl.hu\/kad-kisokos\/wp-content\/uploads\/2021\/05\/M-Acryl-Eco-kad-blog-fejlec-1055x640-1.jpg\" \/>\n\t<meta property=\"og:image:width\" content=\"1055\" \/>\n\t<meta property=\"og:image:height\" content=\"640\" \/>\n\t<meta property=\"og:image:type\" content=\"image\/jpeg\" \/>\n<meta name=\"author\" content=\"Sulcz Kalman\" \/>\n<meta name=\"twitter:card\" content=\"summary_large_image\" \/>\n<meta name=\"twitter:label1\" content=\"Szerz\u0151:\" \/>\n\t<meta name=\"twitter:data1\" content=\"Sulcz Kalman\" \/>\n\t<meta name=\"twitter:label2\" content=\"Becs\u00fclt olvas\u00e1si id\u0151\" \/>\n\t<meta name=\"twitter:data2\" content=\"27 perc\" \/>\n<script type=\"application\/ld+json\" class=\"yoast-schema-graph\">{\"@context\":\"https:\/\/schema.org\",\"@graph\":[{\"@type\":\"WebPage\",\"@id\":\"https:\/\/m-acryl.hu\/kad-kisokos\/csodakad-biztonsagos-kenyelmes-viztakarekos-az-eco-egyenes-furdokad\/\",\"url\":\"https:\/\/m-acryl.hu\/kad-kisokos\/csodakad-biztonsagos-kenyelmes-viztakarekos-az-eco-egyenes-furdokad\/\",\"name\":\"Csodak\u00e1d: biztons\u00e1gos, k\u00e9nyelmes, v\u00edztakar\u00e9kos - Az Eco egyenes f\u00fcrd\u0151k\u00e1d - K\u00e1d kisokos\",\"isPartOf\":{\"@id\":\"https:\/\/m-acryl.hu\/kad-kisokos\/#website\"},\"primaryImageOfPage\":{\"@id\":\"https:\/\/m-acryl.hu\/kad-kisokos\/csodakad-biztonsagos-kenyelmes-viztakarekos-az-eco-egyenes-furdokad\/#primaryimage\"},\"image\":{\"@id\":\"https:\/\/m-acryl.hu\/kad-kisokos\/csodakad-biztonsagos-kenyelmes-viztakarekos-az-eco-egyenes-furdokad\/#primaryimage\"},\"thumbnailUrl\":\"https:\/\/m-acryl.hu\/kad-kisokos\/wp-content\/uploads\/2021\/05\/M-Acryl-Eco-kad-blog-fejlec-1055x640-1.jpg\",\"datePublished\":\"2021-05-20T06:05:49+00:00\",\"dateModified\":\"2026-03-19T12:33:01+00:00\",\"author\":{\"@id\":\"https:\/\/m-acryl.hu\/kad-kisokos\/#\/schema\/person\/ba8f6d9c4a4e4a4d4f24dc6ae87c5239\"},\"description\":\"Biztons\u00e1gos, k\u00e9nyelmes \u00e9s v\u00edztakar\u00e9kos f\u00fcrd\u0151k\u00e1d, ez az M-Acryl ECO. A mind\u00f6ssze 54 cm magas bel\u00e9p\u0151magass\u00e1g\u00e1val igen k\u00f6zkedvelt. Ismerje meg!\",\"breadcrumb\":{\"@id\":\"https:\/\/m-acryl.hu\/kad-kisokos\/csodakad-biztonsagos-kenyelmes-viztakarekos-az-eco-egyenes-furdokad\/#breadcrumb\"},\"inLanguage\":\"hu\",\"potentialAction\":[{\"@type\":\"ReadAction\",\"target\":[\"https:\/\/m-acryl.hu\/kad-kisokos\/csodakad-biztonsagos-kenyelmes-viztakarekos-az-eco-egyenes-furdokad\/\"]}]},{\"@type\":\"ImageObject\",\"inLanguage\":\"hu\",\"@id\":\"https:\/\/m-acryl.hu\/kad-kisokos\/csodakad-biztonsagos-kenyelmes-viztakarekos-az-eco-egyenes-furdokad\/#primaryimage\",\"url\":\"https:\/\/m-acryl.hu\/kad-kisokos\/wp-content\/uploads\/2021\/05\/M-Acryl-Eco-kad-blog-fejlec-1055x640-1.jpg\",\"contentUrl\":\"https:\/\/m-acryl.hu\/kad-kisokos\/wp-content\/uploads\/2021\/05\/M-Acryl-Eco-kad-blog-fejlec-1055x640-1.jpg\",\"width\":1055,\"height\":640,\"caption\":\"M-Acryl Eco k\u00e1d\"},{\"@type\":\"BreadcrumbList\",\"@id\":\"https:\/\/m-acryl.hu\/kad-kisokos\/csodakad-biztonsagos-kenyelmes-viztakarekos-az-eco-egyenes-furdokad\/#breadcrumb\",\"itemListElement\":[{\"@type\":\"ListItem\",\"position\":1,\"name\":\"Home\",\"item\":\"https:\/\/m-acryl.hu\/kad-kisokos\/\"},{\"@type\":\"ListItem\",\"position\":2,\"name\":\"Csodak\u00e1d: biztons\u00e1gos, k\u00e9nyelmes, v\u00edztakar\u00e9kos &#8211; Az Eco egyenes f\u00fcrd\u0151k\u00e1d\"}]},{\"@type\":\"WebSite\",\"@id\":\"https:\/\/m-acryl.hu\/kad-kisokos\/#website\",\"url\":\"https:\/\/m-acryl.hu\/kad-kisokos\/\",\"name\":\"K\u00e1d kisokos\",\"description\":\"Az M-Acryl f\u00fcrd\u0151k\u00e1dakr\u00f3l k\u00f6z\u00e9rthet\u0151en\",\"potentialAction\":[{\"@type\":\"SearchAction\",\"target\":{\"@type\":\"EntryPoint\",\"urlTemplate\":\"https:\/\/m-acryl.hu\/kad-kisokos\/?s={search_term_string}\"},\"query-input\":{\"@type\":\"PropertyValueSpecification\",\"valueRequired\":true,\"valueName\":\"search_term_string\"}}],\"inLanguage\":\"hu\"},{\"@type\":\"Person\",\"@id\":\"https:\/\/m-acryl.hu\/kad-kisokos\/#\/schema\/person\/ba8f6d9c4a4e4a4d4f24dc6ae87c5239\",\"name\":\"Sulcz Kalman\",\"image\":{\"@type\":\"ImageObject\",\"inLanguage\":\"hu\",\"@id\":\"https:\/\/m-acryl.hu\/kad-kisokos\/#\/schema\/person\/image\/\",\"url\":\"https:\/\/secure.gravatar.com\/avatar\/cb0911eb534071c078fc99cd9eef972863a0be5de7bc7ff622c0b217a33a7220?s=96&d=mm&r=g\",\"contentUrl\":\"https:\/\/secure.gravatar.com\/avatar\/cb0911eb534071c078fc99cd9eef972863a0be5de7bc7ff622c0b217a33a7220?s=96&d=mm&r=g\",\"caption\":\"Sulcz Kalman\"},\"url\":\"https:\/\/m-acryl.hu\/kad-kisokos\/author\/kalman\/\"}]}<\/script>\n<!-- \/ Yoast SEO plugin. -->","yoast_head_json":{"title":"Csodak\u00e1d: biztons\u00e1gos, k\u00e9nyelmes, v\u00edztakar\u00e9kos - Az Eco egyenes f\u00fcrd\u0151k\u00e1d - K\u00e1d kisokos","description":"Biztons\u00e1gos, k\u00e9nyelmes \u00e9s v\u00edztakar\u00e9kos f\u00fcrd\u0151k\u00e1d, ez az M-Acryl ECO. A mind\u00f6ssze 54 cm magas bel\u00e9p\u0151magass\u00e1g\u00e1val igen k\u00f6zkedvelt. Ismerje meg!","robots":{"index":"index","follow":"follow","max-snippet":"max-snippet:-1","max-image-preview":"max-image-preview:large","max-video-preview":"max-video-preview:-1"},"canonical":"https:\/\/m-acryl.hu\/kad-kisokos\/csodakad-biztonsagos-kenyelmes-viztakarekos-az-eco-egyenes-furdokad\/","og_locale":"hu_HU","og_type":"article","og_title":"Csodak\u00e1d: biztons\u00e1gos, k\u00e9nyelmes, v\u00edztakar\u00e9kos - Az Eco egyenes f\u00fcrd\u0151k\u00e1d","og_description":"Biztons\u00e1gos, k\u00e9nyelmes \u00e9s v\u00edztakar\u00e9kos f\u00fcrd\u0151k\u00e1d, ez az M-Acryl ECO. A mind\u00f6ssze 54 cm magas bel\u00e9p\u0151magass\u00e1g\u00e1val igen k\u00f6zkedvelt. Ismerje meg!","og_url":"https:\/\/m-acryl.hu\/kad-kisokos\/csodakad-biztonsagos-kenyelmes-viztakarekos-az-eco-egyenes-furdokad\/","og_site_name":"K\u00e1d kisokos","article_published_time":"2021-05-20T06:05:49+00:00","article_modified_time":"2026-03-19T12:33:01+00:00","og_image":[{"width":1055,"height":640,"url":"https:\/\/m-acryl.hu\/kad-kisokos\/wp-content\/uploads\/2021\/05\/M-Acryl-Eco-kad-blog-fejlec-1055x640-1.jpg","type":"image\/jpeg"}],"author":"Sulcz Kalman","twitter_card":"summary_large_image","twitter_misc":{"Szerz\u0151:":"Sulcz Kalman","Becs\u00fclt olvas\u00e1si id\u0151":"27 perc"},"schema":{"@context":"https:\/\/schema.org","@graph":[{"@type":"WebPage","@id":"https:\/\/m-acryl.hu\/kad-kisokos\/csodakad-biztonsagos-kenyelmes-viztakarekos-az-eco-egyenes-furdokad\/","url":"https:\/\/m-acryl.hu\/kad-kisokos\/csodakad-biztonsagos-kenyelmes-viztakarekos-az-eco-egyenes-furdokad\/","name":"Csodak\u00e1d: biztons\u00e1gos, k\u00e9nyelmes, v\u00edztakar\u00e9kos - Az Eco egyenes f\u00fcrd\u0151k\u00e1d - K\u00e1d kisokos","isPartOf":{"@id":"https:\/\/m-acryl.hu\/kad-kisokos\/#website"},"primaryImageOfPage":{"@id":"https:\/\/m-acryl.hu\/kad-kisokos\/csodakad-biztonsagos-kenyelmes-viztakarekos-az-eco-egyenes-furdokad\/#primaryimage"},"image":{"@id":"https:\/\/m-acryl.hu\/kad-kisokos\/csodakad-biztonsagos-kenyelmes-viztakarekos-az-eco-egyenes-furdokad\/#primaryimage"},"thumbnailUrl":"https:\/\/m-acryl.hu\/kad-kisokos\/wp-content\/uploads\/2021\/05\/M-Acryl-Eco-kad-blog-fejlec-1055x640-1.jpg","datePublished":"2021-05-20T06:05:49+00:00","dateModified":"2026-03-19T12:33:01+00:00","author":{"@id":"https:\/\/m-acryl.hu\/kad-kisokos\/#\/schema\/person\/ba8f6d9c4a4e4a4d4f24dc6ae87c5239"},"description":"Biztons\u00e1gos, k\u00e9nyelmes \u00e9s v\u00edztakar\u00e9kos f\u00fcrd\u0151k\u00e1d, ez az M-Acryl ECO. A mind\u00f6ssze 54 cm magas bel\u00e9p\u0151magass\u00e1g\u00e1val igen k\u00f6zkedvelt. Ismerje meg!","breadcrumb":{"@id":"https:\/\/m-acryl.hu\/kad-kisokos\/csodakad-biztonsagos-kenyelmes-viztakarekos-az-eco-egyenes-furdokad\/#breadcrumb"},"inLanguage":"hu","potentialAction":[{"@type":"ReadAction","target":["https:\/\/m-acryl.hu\/kad-kisokos\/csodakad-biztonsagos-kenyelmes-viztakarekos-az-eco-egyenes-furdokad\/"]}]},{"@type":"ImageObject","inLanguage":"hu","@id":"https:\/\/m-acryl.hu\/kad-kisokos\/csodakad-biztonsagos-kenyelmes-viztakarekos-az-eco-egyenes-furdokad\/#primaryimage","url":"https:\/\/m-acryl.hu\/kad-kisokos\/wp-content\/uploads\/2021\/05\/M-Acryl-Eco-kad-blog-fejlec-1055x640-1.jpg","contentUrl":"https:\/\/m-acryl.hu\/kad-kisokos\/wp-content\/uploads\/2021\/05\/M-Acryl-Eco-kad-blog-fejlec-1055x640-1.jpg","width":1055,"height":640,"caption":"M-Acryl Eco k\u00e1d"},{"@type":"BreadcrumbList","@id":"https:\/\/m-acryl.hu\/kad-kisokos\/csodakad-biztonsagos-kenyelmes-viztakarekos-az-eco-egyenes-furdokad\/#breadcrumb","itemListElement":[{"@type":"ListItem","position":1,"name":"Home","item":"https:\/\/m-acryl.hu\/kad-kisokos\/"},{"@type":"ListItem","position":2,"name":"Csodak\u00e1d: biztons\u00e1gos, k\u00e9nyelmes, v\u00edztakar\u00e9kos &#8211; Az Eco egyenes f\u00fcrd\u0151k\u00e1d"}]},{"@type":"WebSite","@id":"https:\/\/m-acryl.hu\/kad-kisokos\/#website","url":"https:\/\/m-acryl.hu\/kad-kisokos\/","name":"K\u00e1d kisokos","description":"Az M-Acryl f\u00fcrd\u0151k\u00e1dakr\u00f3l k\u00f6z\u00e9rthet\u0151en","potentialAction":[{"@type":"SearchAction","target":{"@type":"EntryPoint","urlTemplate":"https:\/\/m-acryl.hu\/kad-kisokos\/?s={search_term_string}"},"query-input":{"@type":"PropertyValueSpecification","valueRequired":true,"valueName":"search_term_string"}}],"inLanguage":"hu"},{"@type":"Person","@id":"https:\/\/m-acryl.hu\/kad-kisokos\/#\/schema\/person\/ba8f6d9c4a4e4a4d4f24dc6ae87c5239","name":"Sulcz Kalman","image":{"@type":"ImageObject","inLanguage":"hu","@id":"https:\/\/m-acryl.hu\/kad-kisokos\/#\/schema\/person\/image\/","url":"https:\/\/secure.gravatar.com\/avatar\/cb0911eb534071c078fc99cd9eef972863a0be5de7bc7ff622c0b217a33a7220?s=96&d=mm&r=g","contentUrl":"https:\/\/secure.gravatar.com\/avatar\/cb0911eb534071c078fc99cd9eef972863a0be5de7bc7ff622c0b217a33a7220?s=96&d=mm&r=g","caption":"Sulcz Kalman"},"url":"https:\/\/m-acryl.hu\/kad-kisokos\/author\/kalman\/"}]}},"_links":{"self":[{"href":"https:\/\/m-acryl.hu\/kad-kisokos\/wp-json\/wp\/v2\/posts\/4153","targetHints":{"allow":["GET"]}}],"collection":[{"href":"https:\/\/m-acryl.hu\/kad-kisokos\/wp-json\/wp\/v2\/posts"}],"about":[{"href":"https:\/\/m-acryl.hu\/kad-kisokos\/wp-json\/wp\/v2\/types\/post"}],"author":[{"embeddable":true,"href":"https:\/\/m-acryl.hu\/kad-kisokos\/wp-json\/wp\/v2\/users\/3"}],"replies":[{"embeddable":true,"href":"https:\/\/m-acryl.hu\/kad-kisokos\/wp-json\/wp\/v2\/comments?post=4153"}],"version-history":[{"count":37,"href":"https:\/\/m-acryl.hu\/kad-kisokos\/wp-json\/wp\/v2\/posts\/4153\/revisions"}],"predecessor-version":[{"id":7402,"href":"https:\/\/m-acryl.hu\/kad-kisokos\/wp-json\/wp\/v2\/posts\/4153\/revisions\/7402"}],"wp:featuredmedia":[{"embeddable":true,"href":"https:\/\/m-acryl.hu\/kad-kisokos\/wp-json\/wp\/v2\/media\/4186"}],"wp:attachment":[{"href":"https:\/\/m-acryl.hu\/kad-kisokos\/wp-json\/wp\/v2\/media?parent=4153"}],"wp:term":[{"taxonomy":"category","embeddable":true,"href":"https:\/\/m-acryl.hu\/kad-kisokos\/wp-json\/wp\/v2\/categories?post=4153"},{"taxonomy":"post_tag","embeddable":true,"href":"https:\/\/m-acryl.hu\/kad-kisokos\/wp-json\/wp\/v2\/tags?post=4153"}],"curies":[{"name":"wp","href":"https:\/\/api.w.org\/{rel}","templated":true}]}}