{"id":3460,"date":"2020-12-23T11:22:00","date_gmt":"2020-12-23T11:22:00","guid":{"rendered":"https:\/\/m-acryl.hu\/kad-kisokos\/?p=3460"},"modified":"2026-04-24T12:31:26","modified_gmt":"2026-04-24T12:31:26","slug":"mindent-a-kad-tipusokrol-egyenes-sarok-aszimmetrikus-szabadon-allo-kulonleges","status":"publish","type":"post","link":"https:\/\/m-acryl.hu\/kad-kisokos\/mindent-a-kad-tipusokrol-egyenes-sarok-aszimmetrikus-szabadon-allo-kulonleges\/","title":{"rendered":"Mindent a k\u00e1dt\u00edpusokr\u00f3l: egyenes, sarok, aszimmetrikus, szabadon \u00e1ll\u00f3, k\u00fcl\u00f6nleges"},"content":{"rendered":"<p>[et_pb_section fb_built=&#8221;1&#8243; _builder_version=&#8221;4.16&#8243; _module_preset=&#8221;default&#8221; global_colors_info=&#8221;{}&#8221;][et_pb_row _builder_version=&#8221;4.16&#8243; width=&#8221;70%&#8221; width_tablet=&#8221;&#8221; width_phone=&#8221;90%&#8221; width_last_edited=&#8221;on|phone&#8221; global_colors_info=&#8221;{}&#8221;][et_pb_column type=&#8221;4_4&#8243; _builder_version=&#8221;4.16&#8243; global_colors_info=&#8221;{}&#8221;][et_pb_text _builder_version=&#8221;4.16&#8243; text_font_size=&#8221;16px&#8221; custom_margin=&#8221;1px|||||&#8221; global_colors_info=&#8221;{}&#8221;]<\/p>\n<div class=\"wp-block-spacer\" aria-hidden=\"true\">\n<p style=\"text-align: left;\">Hossz\u00fa id\u0151n kereszt\u00fcl azt gondoltuk, hogy egy k\u00e1d egyenes \u00e9s k\u00e9sz. Azt\u00e1n be\u00e9rkeztek haz\u00e1nkba is a k\u00fcl\u00f6nf\u00e9le tov\u00e1bbfejlesztett \u00e9s \u201emegbolond\u00edtott\u201d k\u00e1dfazonok, \u00e9s eg\u00e9szen h\u00e1tt\u00e9rbe tolt\u00e1k a legalapvet\u0151bb k\u00e1d form\u00e1t, amely uralta a piacot \u00e9vsz\u00e1zadokon \u00e1t: az <span style=\"text-decoration: underline;\"><span style=\"color: #00ccff;\"><a style=\"color: #00ccff;\" href=\"https:\/\/m-acryl.hu\/egyenes-kad\" target=\"_blank\" rel=\"noopener noreferrer\"><strong>egyenes k\u00e1dat.<\/strong><\/a><\/span><\/span><\/p>\n<\/div>\n<p>[\/et_pb_text][\/et_pb_column][\/et_pb_row][et_pb_row _builder_version=&#8221;4.16&#8243; width=&#8221;100%&#8221; custom_margin=&#8221;|auto|39px|auto||&#8221; custom_padding=&#8221;40px||3px|||&#8221; global_colors_info=&#8221;{}&#8221;][et_pb_column type=&#8221;4_4&#8243; _builder_version=&#8221;4.16&#8243; global_colors_info=&#8221;{}&#8221;][et_pb_image src=&#8221;https:\/\/m-acryl.hu\/kad-kisokos\/wp-content\/uploads\/2020\/02\/Mia-web.jpg&#8221; alt=&#8221;M-Acryl Mia Slim egyenes k\u00e1d&#8221; title_text=&#8221;M-Acryl Mia Slim egyenes k\u00e1d&#8221; align=&#8221;center&#8221; _builder_version=&#8221;4.16&#8243; custom_margin=&#8221;||17px|||&#8221; global_colors_info=&#8221;{}&#8221;][\/et_pb_image][et_pb_text _builder_version=&#8221;4.16&#8243; text_font_size=&#8221;16px&#8221; width=&#8221;70%&#8221; width_tablet=&#8221;&#8221; width_phone=&#8221;90%&#8221; width_last_edited=&#8221;on|phone&#8221; module_alignment=&#8221;center&#8221; custom_margin=&#8221;1px|||||&#8221; global_colors_info=&#8221;{}&#8221;]<\/p>\n<div class=\"wp-block-spacer\" aria-hidden=\"true\">\n<p style=\"text-align: center;\"><span style=\"text-decoration: underline;\"><span style=\"color: #00ccff; text-decoration: underline;\"><strong><em><a style=\"color: #00ccff; text-decoration: underline;\" href=\"https:\/\/m-acryl.hu\/termekek\/egyenes-kad\/sandra-egyenes-akril-kad\" target=\"_blank\" rel=\"noopener noreferrer\" aria-label=\"Linea aszimetrikus akril k\u00e1d (\u00faj f\u00fcl\u00f6n nyitja meg)\">Sandra egyenes akril k\u00e1d<\/a><\/em><\/strong><\/span><\/span><\/p>\n<\/div>\n<p>[\/et_pb_text][\/et_pb_column][\/et_pb_row][et_pb_row _builder_version=&#8221;4.16&#8243; width=&#8221;70%&#8221; width_tablet=&#8221;&#8221; width_phone=&#8221;90%&#8221; width_last_edited=&#8221;on|phone&#8221; global_colors_info=&#8221;{}&#8221;][et_pb_column type=&#8221;4_4&#8243; _builder_version=&#8221;4.16&#8243; global_colors_info=&#8221;{}&#8221;][et_pb_text _builder_version=&#8221;4.16&#8243; text_font_size=&#8221;16px&#8221; custom_margin=&#8221;1px|||||&#8221; global_colors_info=&#8221;{}&#8221;]<\/p>\n<div class=\"wp-block-spacer\" aria-hidden=\"true\">\n<p style=\"text-align: left;\">Napjainkban az <strong>egyenes k\u00e1dak<\/strong> rendk\u00edv\u00fcli v\u00e1ltozatoss\u00e1got mutatnak, f\u0151leg a kor\u00e1bbi id\u0151szakokhoz k\u00e9pest, de ez nem felt\u00e9tlen\u00fcl l\u00e1tszik els\u0151 pillant\u00e1sra. Az <strong>egyenes k\u00e1dak<\/strong> nem csak arr\u00f3l kapt\u00e1k a nev\u00fcket, hogy a k\u00e1dtest egyenes <em>(vagyis nem kanyarodik, nem sz\u00e9lesedik, nem h\u00e1romsz\u00f6g alap\u00fa stb.)<\/em>,<strong> hanem arr\u00f3l, hogy k\u00fcls\u0151 hat\u00e1rol\u00f3 vonalaik egyenesek, megk\u00f6nny\u00edtve ezzel a be\u00e9p\u00edt\u00e9st, biztos\u00edtva a stabilit\u00e1st.<\/strong><\/p>\n<p style=\"text-align: left;\">Tulajdonk\u00e9ppen a t\u00e9glalap alak\u00fa k\u00e1dakat h\u00edvjuk <b>egyenes k\u00e1dnak<\/b>. Az <b>egyenes k\u00e1dak<\/b> el\u0151nye, ami a h\u00e1tr\u00e1nya is, hogy hosszanti helyet foglalnak el a fal ment\u00e9n. \u00cdgy a f\u00fcrd\u0151szoba ter\u00e9b\u0151l nem k\u00e9rnek nagy darabot, de a falfel\u00fcletb\u0151l sokat elvesznek, ami g\u00e1tolhatja a t\u00f6bbi f\u00fcrd\u0151szobab\u00fator elhelyez\u00e9s\u00e9t.<\/p>\n<\/div>\n<p>[\/et_pb_text][\/et_pb_column][\/et_pb_row][et_pb_row disabled_on=&#8221;on|on|on&#8221; _builder_version=&#8221;4.27.0&#8243; width=&#8221;70%&#8221; width_tablet=&#8221;&#8221; width_phone=&#8221;90%&#8221; width_last_edited=&#8221;on|phone&#8221; custom_margin=&#8221;38px|auto||auto||&#8221; disabled=&#8221;on&#8221; locked=&#8221;off&#8221; global_colors_info=&#8221;{}&#8221;][et_pb_column type=&#8221;4_4&#8243; _builder_version=&#8221;4.16&#8243; global_colors_info=&#8221;{}&#8221;][et_pb_image src=&#8221;https:\/\/m-acryl.hu\/kad-kisokos\/wp-content\/uploads\/2024\/08\/m-acryl-nyari-akcio-meghosszabbitva-homeinfo-welcome-banner-desktop-web.jpg&#8221; alt=&#8221;2024 M-Acryl meghosszabb\u00edtott ny\u00e1ri akci\u00f3&#8221; title_text=&#8221;m-acryl-nyari-akcio-meghosszabbitva-homeinfo-welcome-banner-desktop-web&#8221; url=&#8221;https:\/\/m-acryl.hu\/kad-kisokos\/2024-nyari-m-acryl-kadkedvezmenyek\/?utm_source=m-acryl.hu&#038;utm_medium=blogcikk-banner&#038;utm_campaign=24-031&#8243; url_new_window=&#8221;on&#8221; _builder_version=&#8221;4.27.0&#8243; _module_preset=&#8221;default&#8221; custom_margin=&#8221;||0px||false|false&#8221; custom_padding=&#8221;||0px||false|false&#8221; global_colors_info=&#8221;{}&#8221;][\/et_pb_image][et_pb_text _builder_version=&#8221;4.27.0&#8243; text_font_size=&#8221;16px&#8221; background_color=&#8221;#ff00b2&#8243; custom_margin=&#8221;0px||0px||false|false&#8221; custom_padding=&#8221;1%|1%|1%|1%|false|false&#8221; global_colors_info=&#8221;{}&#8221;]<\/p>\n<p style=\"text-align: left;\"><span style=\"color: #ffffff;\"><span style=\"text-decoration: underline;\"><strong><a href=\"https:\/\/m-acryl.hu\/kad-kisokos\/2024-nyari-m-acryl-kadkedvezmenyek\/?utm_source=m-acryl.hu&amp;utm_medium=blogcikk-banner&amp;utm_campaign=24-031\" target=\"_blank\" rel=\"noopener\" style=\"color: #ffffff; text-decoration: underline;\">N\u00e9zze meg meghosszabb\u00edtott ny\u00e1ri akci\u00f3nk r\u00e9szleteit<\/a>,<\/strong><\/span>\u00a0 \u00e9s v\u00e1s\u00e1rolja meg a prom\u00f3ci\u00f3ban szerepl\u0151 kedvezm\u00e9nyes k\u00e1dakat <strong>2024. szeptember 30-ig!<\/strong><\/span><\/p>\n<p>[\/et_pb_text][\/et_pb_column][\/et_pb_row][et_pb_row _builder_version=&#8221;4.16&#8243; width=&#8221;100%&#8221; custom_margin=&#8221;|auto|39px|auto||&#8221; custom_padding=&#8221;40px||3px|||&#8221; global_colors_info=&#8221;{}&#8221;][et_pb_column type=&#8221;4_4&#8243; _builder_version=&#8221;4.16&#8243; global_colors_info=&#8221;{}&#8221;][et_pb_image src=&#8221;https:\/\/m-acryl.hu\/kad-kisokos\/wp-content\/uploads\/2020\/04\/Viva-egyenes-akril-k\u00e1d.jpg&#8221; alt=&#8221;M-Acryl Mia Slim egyenes k\u00e1d&#8221; title_text=&#8221;Viva egyenes akril k\u00e1d&#8221; align=&#8221;center&#8221; _builder_version=&#8221;4.16&#8243; custom_margin=&#8221;||17px|||&#8221; global_colors_info=&#8221;{}&#8221;][\/et_pb_image][et_pb_text _builder_version=&#8221;4.16&#8243; text_font_size=&#8221;16px&#8221; width=&#8221;70%&#8221; width_tablet=&#8221;&#8221; width_phone=&#8221;90%&#8221; width_last_edited=&#8221;on|phone&#8221; module_alignment=&#8221;center&#8221; custom_margin=&#8221;1px|||||&#8221; global_colors_info=&#8221;{}&#8221;]<\/p>\n<div class=\"wp-block-spacer\" aria-hidden=\"true\">\n<p style=\"text-align: center;\"><span style=\"text-decoration: underline;\"><span style=\"color: #00ccff; text-decoration: underline;\"><strong><em><a style=\"color: #00ccff; text-decoration: underline;\" href=\"https:\/\/m-acryl.hu\/termekek\/viva-egyenes-akril-kad\" target=\"_blank\" rel=\"noopener noreferrer\" aria-label=\"Linea aszimetrikus akril k\u00e1d (\u00faj f\u00fcl\u00f6n nyitja meg)\">Viva egyenes akril k\u00e1d<\/a><\/em><\/strong><\/span><\/span><\/p>\n<\/div>\n<p>[\/et_pb_text][\/et_pb_column][\/et_pb_row][et_pb_row _builder_version=&#8221;4.16&#8243; width=&#8221;70%&#8221; width_tablet=&#8221;&#8221; width_phone=&#8221;90%&#8221; width_last_edited=&#8221;on|phone&#8221; global_colors_info=&#8221;{}&#8221;][et_pb_column type=&#8221;4_4&#8243; _builder_version=&#8221;4.16&#8243; global_colors_info=&#8221;{}&#8221;][et_pb_text _builder_version=&#8221;4.16&#8243; text_font_size=&#8221;16px&#8221; custom_margin=&#8221;1px|||||&#8221; global_colors_info=&#8221;{}&#8221;]<\/p>\n<div class=\"wp-block-spacer\" aria-hidden=\"true\">\n<p style=\"text-align: left;\">Nagy belter\u0171 f\u00fcrd\u0151szob\u00e1ban term\u00e9szetesen ez nem h\u00e1tr\u00e1ny, \u00e9s \u00edgy szabadon \u00e9lvezhetj\u00fck annak az el\u0151ny\u00e9t, hogy az <span style=\"text-decoration: underline; color: #00ccff;\"><strong><a style=\"color: #00ccff; text-decoration: underline;\" href=\"https:\/\/m-acryl.hu\/egyenes-kad\" target=\"_blank\" rel=\"noopener noreferrer\">egyenes k\u00e1dakban<\/a><\/strong><\/span> van legjobban lehet\u0151s\u00e9g a test\u00fcnk kiny\u00fajt\u00f3ztat\u00e1s\u00e1ra, hiszen \u00e1ltal\u00e1ban <strong>ezek kaphat\u00f3ak a legnagyobb hossz\u00fas\u00e1gokban.<\/strong><\/p>\n<p style=\"text-align: left;\">A k\u00e1d belsej\u00e9nek form\u00e1j\u00e1t a k\u00fclsej\u00e9re jellemz\u0151 szigor (der\u00e9ksz\u00f6gek, egyenes oldalfalak) nem hat\u00e1rozza meg. Emiatt lehets\u00e9ges, hogy az egyenes k\u00e1dak elk\u00e9pzelhet\u0151ek sz\u00f6gletes, medenceszer\u0171, pisk\u00f3ta alak\u00fa, ergonomikus, \u00edves, egyik oldalon \u00edves m\u00e1sikon egyenes stb. bels\u0151 kialak\u00edt\u00e1ssal, \u00e9s ezeken a f\u0151 kateg\u00f3ri\u00e1kon bel\u00fcl is sz\u00e9les a v\u00e1laszt\u00e9k.<\/p>\n<p style=\"text-align: left;\">Az ergonomikus kialak\u00edt\u00e1s\u00fa t\u00edpusokn\u00e1l h\u00e1tt\u00e1masz, fejt\u00e1masz, kartart\u00f3 is\u00a0kialak\u00edt\u00e1sra ker\u00fclt a k\u00e1d anyag\u00e1b\u00f3l, ami az\u00e9rt j\u00f3, mert az <b>egyenes k\u00e1dba<\/b> engedett v\u00edzt\u0151l <strong>ezek is felmelegszenek, nem kellemetlen hozz\u00e1juk \u00e9rni.<\/strong><\/p>\n<\/div>\n<p>[\/et_pb_text][\/et_pb_column][\/et_pb_row][et_pb_row _builder_version=&#8221;4.16&#8243; width=&#8221;100%&#8221; custom_margin=&#8221;|auto|-19px|auto||&#8221; custom_padding=&#8221;40px||3px|||&#8221; global_colors_info=&#8221;{}&#8221;][et_pb_column type=&#8221;4_4&#8243; _builder_version=&#8221;4.16&#8243; global_colors_info=&#8221;{}&#8221;][et_pb_image src=&#8221;https:\/\/m-acryl.hu\/kad-kisokos\/wp-content\/uploads\/2020\/08\/148-5716.jpg&#8221; alt=&#8221;Linea aszimmetrikus akril k\u00e1d&#8221; title_text=&#8221;148-5716&#8243; align=&#8221;center&#8221; _builder_version=&#8221;4.16&#8243; custom_margin=&#8221;||17px|||&#8221; global_colors_info=&#8221;{}&#8221;][\/et_pb_image][et_pb_text _builder_version=&#8221;4.16&#8243; text_font_size=&#8221;16px&#8221; width=&#8221;70%&#8221; width_tablet=&#8221;&#8221; width_phone=&#8221;90%&#8221; width_last_edited=&#8221;on|phone&#8221; module_alignment=&#8221;center&#8221; custom_margin=&#8221;1px|||||&#8221; global_colors_info=&#8221;{}&#8221;]<\/p>\n<div class=\"wp-block-spacer\" aria-hidden=\"true\">\n<p style=\"text-align: center;\"><span style=\"text-decoration: underline;\"><span style=\"color: #00ccff; text-decoration: underline;\"><strong><em><a style=\"color: #00ccff; text-decoration: underline;\" href=\"https:\/\/m-acryl.hu\/termekek\/egyenes-kad\/eco-egyenes-akril-kad\" target=\"_blank\" rel=\"noopener noreferrer\" aria-label=\"Linea aszimetrikus akril k\u00e1d (\u00faj f\u00fcl\u00f6n nyitja meg)\">Eco egyenes akril k\u00e1d<\/a><\/em><\/strong><\/span><\/span><\/p>\n<\/div>\n<p>[\/et_pb_text][et_pb_image src=&#8221;https:\/\/m-acryl.hu\/kad-kisokos\/wp-content\/uploads\/2020\/08\/148-1726.jpg&#8221; alt=&#8221;Linea aszimmetrikus akril k\u00e1d fel\u00fcln\u00e9zet&#8221; title_text=&#8221;148-1726&#8243; align=&#8221;center&#8221; _builder_version=&#8221;4.16&#8243; width=&#8221;70%&#8221; width_tablet=&#8221;&#8221; width_phone=&#8221;90%&#8221; width_last_edited=&#8221;on|phone&#8221; global_colors_info=&#8221;{}&#8221;][\/et_pb_image][et_pb_divider color=&#8221;#a8a8a8&#8243; divider_weight=&#8221;4px&#8221; _builder_version=&#8221;4.16&#8243; width=&#8221;16%&#8221; module_alignment=&#8221;center&#8221; custom_margin=&#8221;55px||55px||true|false&#8221; global_colors_info=&#8221;{}&#8221;][\/et_pb_divider][\/et_pb_column][\/et_pb_row][et_pb_row _builder_version=&#8221;4.16&#8243; width=&#8221;100%&#8221; custom_margin=&#8221;|auto|-19px|auto||&#8221; custom_padding=&#8221;40px||3px|||&#8221; global_colors_info=&#8221;{}&#8221;][et_pb_column type=&#8221;4_4&#8243; _builder_version=&#8221;4.16&#8243; global_colors_info=&#8221;{}&#8221;][et_pb_image src=&#8221;https:\/\/m-acryl.hu\/kad-kisokos\/wp-content\/uploads\/2020\/02\/noe-akril-kaaad.jpg&#8221; alt=&#8221;M-Acryl No\u00e9 egyenes f\u00fcrd\u0151k\u00e1d&#8221; title_text=&#8221;M-Acryl No\u00e9 egyenes f\u00fcrd\u0151k\u00e1d&#8221; align=&#8221;center&#8221; _builder_version=&#8221;4.16&#8243; custom_margin=&#8221;||17px|||&#8221; global_colors_info=&#8221;{}&#8221;][\/et_pb_image][et_pb_text _builder_version=&#8221;4.16&#8243; text_font_size=&#8221;16px&#8221; width=&#8221;70%&#8221; width_tablet=&#8221;&#8221; width_phone=&#8221;90%&#8221; width_last_edited=&#8221;on|phone&#8221; module_alignment=&#8221;center&#8221; custom_margin=&#8221;1px|||||&#8221; global_colors_info=&#8221;{}&#8221;]<\/p>\n<div class=\"wp-block-spacer\" aria-hidden=\"true\">\n<p style=\"text-align: center;\"><span style=\"text-decoration: underline;\"><span style=\"color: #00ccff; text-decoration: underline;\"><strong><em><a style=\"color: #00ccff; text-decoration: underline;\" href=\"https:\/\/m-acryl.hu\/termekek\/noe-egyenes-akril-kad\" target=\"_blank\" rel=\"noopener noreferrer\" aria-label=\"Linea aszimetrikus akril k\u00e1d (\u00faj f\u00fcl\u00f6n nyitja meg)\">No\u00e9 egyenes akril k\u00e1d<\/a><\/em><\/strong><\/span><\/span><\/p>\n<\/div>\n<p>[\/et_pb_text][et_pb_image src=&#8221;https:\/\/m-acryl.hu\/kad-kisokos\/wp-content\/uploads\/2020\/02\/Lecke-GFXNoe-akril-kad.jpg&#8221; alt=&#8221;M-Acryl No\u00e9 egyenes akril f\u00fcrd\u0151k\u00e1d&#8221; title_text=&#8221;M-Acryl No\u00e9 egyenes akril f\u00fcrd\u0151k\u00e1d&#8221; align=&#8221;center&#8221; _builder_version=&#8221;4.16&#8243; width=&#8221;70%&#8221; width_tablet=&#8221;&#8221; width_phone=&#8221;90%&#8221; width_last_edited=&#8221;on|phone&#8221; global_colors_info=&#8221;{}&#8221;][\/et_pb_image][et_pb_divider color=&#8221;#a8a8a8&#8243; divider_weight=&#8221;4px&#8221; _builder_version=&#8221;4.16&#8243; width=&#8221;16%&#8221; module_alignment=&#8221;center&#8221; custom_margin=&#8221;55px||55px||true|false&#8221; global_colors_info=&#8221;{}&#8221;][\/et_pb_divider][\/et_pb_column][\/et_pb_row][et_pb_row _builder_version=&#8221;4.16&#8243; width=&#8221;100%&#8221; custom_margin=&#8221;|auto|-19px|auto||&#8221; custom_padding=&#8221;40px||3px|||&#8221; global_colors_info=&#8221;{}&#8221;][et_pb_column type=&#8221;4_4&#8243; _builder_version=&#8221;4.16&#8243; global_colors_info=&#8221;{}&#8221;][et_pb_image src=&#8221;https:\/\/m-acryl.hu\/kad-kisokos\/wp-content\/uploads\/2020\/08\/59-7707.jpg&#8221; alt=&#8221;M-Acryl No\u00e9 egyenes f\u00fcrd\u0151k\u00e1d&#8221; title_text=&#8221;59-7707&#8243; align=&#8221;center&#8221; _builder_version=&#8221;4.16&#8243; custom_margin=&#8221;||17px|||&#8221; global_colors_info=&#8221;{}&#8221;][\/et_pb_image][et_pb_text _builder_version=&#8221;4.16&#8243; text_font_size=&#8221;16px&#8221; width=&#8221;70%&#8221; width_tablet=&#8221;&#8221; width_phone=&#8221;90%&#8221; width_last_edited=&#8221;on|phone&#8221; module_alignment=&#8221;center&#8221; custom_margin=&#8221;1px|||||&#8221; global_colors_info=&#8221;{}&#8221;]<\/p>\n<div class=\"wp-block-spacer\" aria-hidden=\"true\">\n<p style=\"text-align: center;\"><span style=\"text-decoration: underline;\"><span style=\"color: #00ccff; text-decoration: underline;\"><strong><em><a style=\"color: #00ccff; text-decoration: underline;\" href=\"https:\/\/m-acryl.hu\/termekek\/fresh-egyenes-akril-kad\" target=\"_blank\" rel=\"noopener noreferrer\" aria-label=\"Linea aszimetrikus akril k\u00e1d (\u00faj f\u00fcl\u00f6n nyitja meg)\">Fresh egyenes akril k\u00e1d<\/a><\/em><\/strong><\/span><\/span><\/p>\n<\/div>\n<p>[\/et_pb_text][et_pb_image src=&#8221;https:\/\/m-acryl.hu\/kad-kisokos\/wp-content\/uploads\/2020\/08\/59-7543.jpg&#8221; alt=&#8221;M-Acryl No\u00e9 egyenes akril f\u00fcrd\u0151k\u00e1d&#8221; title_text=&#8221;59-7543&#8243; align=&#8221;center&#8221; _builder_version=&#8221;4.16&#8243; width=&#8221;70%&#8221; width_tablet=&#8221;&#8221; width_phone=&#8221;90%&#8221; width_last_edited=&#8221;on|phone&#8221; global_colors_info=&#8221;{}&#8221;][\/et_pb_image][et_pb_divider color=&#8221;#a8a8a8&#8243; divider_weight=&#8221;4px&#8221; _builder_version=&#8221;4.16&#8243; width=&#8221;16%&#8221; module_alignment=&#8221;center&#8221; custom_margin=&#8221;55px||55px||true|false&#8221; global_colors_info=&#8221;{}&#8221;][\/et_pb_divider][\/et_pb_column][\/et_pb_row][et_pb_row _builder_version=&#8221;4.16&#8243; width=&#8221;100%&#8221; custom_margin=&#8221;|auto|-19px|auto||&#8221; custom_padding=&#8221;40px||3px|||&#8221; global_colors_info=&#8221;{}&#8221;][et_pb_column type=&#8221;4_4&#8243; _builder_version=&#8221;4.16&#8243; global_colors_info=&#8221;{}&#8221;][et_pb_image src=&#8221;https:\/\/m-acryl.hu\/kad-kisokos\/wp-content\/uploads\/2020\/08\/61-5410.jpg&#8221; alt=&#8221;M-Acryl No\u00e9 egyenes f\u00fcrd\u0151k\u00e1d&#8221; title_text=&#8221;61-5410&#8243; align=&#8221;center&#8221; _builder_version=&#8221;4.16&#8243; custom_margin=&#8221;||17px|||&#8221; global_colors_info=&#8221;{}&#8221;][\/et_pb_image][et_pb_text _builder_version=&#8221;4.16&#8243; text_font_size=&#8221;16px&#8221; width=&#8221;70%&#8221; width_tablet=&#8221;&#8221; width_phone=&#8221;90%&#8221; width_last_edited=&#8221;on|phone&#8221; module_alignment=&#8221;center&#8221; custom_margin=&#8221;1px|||||&#8221; global_colors_info=&#8221;{}&#8221;]<\/p>\n<div class=\"wp-block-spacer\" aria-hidden=\"true\">\n<p style=\"text-align: center;\"><span style=\"text-decoration: underline;\"><span style=\"color: #00ccff; text-decoration: underline;\"><strong><em><a style=\"color: #00ccff; text-decoration: underline;\" href=\"https:\/\/m-acryl.hu\/termekek\/nora-egyenes-akril-kad\" target=\"_blank\" rel=\"noopener noreferrer\" aria-label=\"Linea aszimetrikus akril k\u00e1d (\u00faj f\u00fcl\u00f6n nyitja meg)\">Nora egyenes akril k\u00e1d<\/a><\/em><\/strong><\/span><\/span><\/p>\n<\/div>\n<p>[\/et_pb_text][et_pb_image src=&#8221;https:\/\/m-acryl.hu\/kad-kisokos\/wp-content\/uploads\/2020\/08\/61-5046.jpg&#8221; alt=&#8221;M-Acryl No\u00e9 egyenes akril f\u00fcrd\u0151k\u00e1d&#8221; title_text=&#8221;61-5046&#8243; align=&#8221;center&#8221; _builder_version=&#8221;4.16&#8243; width=&#8221;70%&#8221; width_tablet=&#8221;&#8221; width_phone=&#8221;90%&#8221; width_last_edited=&#8221;on|phone&#8221; global_colors_info=&#8221;{}&#8221;][\/et_pb_image][et_pb_button button_url=&#8221;https:\/\/m-acryl.hu\/kad-kisokos\/modern-egyszeruseg-praktikussaggal-vegyitve-ismerje-meg-az-egyenes-kadak-lenyugozo-vilagat\/&#8221; url_new_window=&#8221;on&#8221; button_text=&#8221;B\u0151vebben az egyenes k\u00e1dakr\u00f3l&#8221; button_alignment=&#8221;center&#8221; _builder_version=&#8221;4.16&#8243; _module_preset=&#8221;default&#8221; custom_button=&#8221;on&#8221; button_text_color=&#8221;#FFFFFF&#8221; button_bg_color=&#8221;gcid-7bdd6664-54d9-4437-aed1-01a6ee23604c&#8221; custom_margin=&#8221;5%|25%||25%|false|false&#8221; global_colors_info=&#8221;{%22gcid-7bdd6664-54d9-4437-aed1-01a6ee23604c%22:%91%22button_bg_color%22%93}&#8221;][\/et_pb_button][et_pb_divider color=&#8221;#a8a8a8&#8243; divider_weight=&#8221;4px&#8221; _builder_version=&#8221;4.16&#8243; width=&#8221;16%&#8221; module_alignment=&#8221;center&#8221; custom_margin=&#8221;55px||55px||true|false&#8221; global_colors_info=&#8221;{}&#8221;][\/et_pb_divider][\/et_pb_column][\/et_pb_row][et_pb_row _builder_version=&#8221;4.16&#8243; width=&#8221;70%&#8221; width_tablet=&#8221;&#8221; width_phone=&#8221;90%&#8221; width_last_edited=&#8221;on|phone&#8221; min_height=&#8221;204px&#8221; global_colors_info=&#8221;{}&#8221;][et_pb_column type=&#8221;4_4&#8243; _builder_version=&#8221;4.16&#8243; global_colors_info=&#8221;{}&#8221;][et_pb_text _builder_version=&#8221;4.16&#8243; text_font_size=&#8221;16px&#8221; custom_margin=&#8221;1px|||||&#8221; global_colors_info=&#8221;{}&#8221;]<\/p>\n<div class=\"wp-block-spacer\" aria-hidden=\"true\">\n<h2 style=\"text-align: left;\">Aszimmetrikus elegancia<\/h2>\n<p style=\"text-align: left;\">Az <strong><span style=\"text-decoration: underline; color: #00ccff;\"><a style=\"color: #00ccff; text-decoration: underline;\" href=\"https:\/\/m-acryl.hu\/aszimmetrikus-kad\" target=\"_blank\" rel=\"noopener noreferrer\">aszimmetrikus k\u00e1dak<\/a><\/span><\/strong> tervez\u00e9s\u00e9nek alapvet\u0151 c\u00e9lja az volt, hogy azokban f\u00fcrd\u0151szob\u00e1kban, ahol nagyon speci\u00e1lis alak\u00fa-m\u00e9ret\u0171 hely jut csak a k\u00e1dnak, ott se kelljen lemondani a f\u00fcrd\u0151z\u00e9s \u00e9lvezet\u00e9r\u0151l. Az aszimmetrikus k\u00e1dakban a k\u00e1d k\u00f6z\u00e9ps\u0151 felez\u0151vonala nem mer\u0151leges a sarok felez\u0151j\u00e9re, hanem egy kiss\u00e9 el van cs\u00fasztatva, <strong>ennek k\u00f6vetkezt\u00e9ben a k\u00fcls\u0151 oldalak egyike hosszabb, a m\u00e1sik pedig r\u00f6videbb lett.<\/strong><\/p>\n<\/div>\n<p>[\/et_pb_text][\/et_pb_column][\/et_pb_row][et_pb_row _builder_version=&#8221;4.16&#8243; width=&#8221;100%&#8221; custom_margin=&#8221;|auto|1px|auto||&#8221; custom_padding=&#8221;40px||3px|||&#8221; global_colors_info=&#8221;{}&#8221;][et_pb_column type=&#8221;4_4&#8243; _builder_version=&#8221;4.16&#8243; global_colors_info=&#8221;{}&#8221;][et_pb_image src=&#8221;https:\/\/m-acryl.hu\/kad-kisokos\/wp-content\/uploads\/2020\/04\/Minima.jpg&#8221; alt=&#8221;Linea aszimmetrikus akril k\u00e1d&#8221; title_text=&#8221;Minima&#8221; align=&#8221;center&#8221; _builder_version=&#8221;4.16&#8243; custom_margin=&#8221;||17px|||&#8221; global_colors_info=&#8221;{}&#8221;][\/et_pb_image][et_pb_text _builder_version=&#8221;4.16&#8243; text_font_size=&#8221;16px&#8221; width=&#8221;70%&#8221; width_tablet=&#8221;&#8221; width_phone=&#8221;90%&#8221; width_last_edited=&#8221;on|phone&#8221; module_alignment=&#8221;center&#8221; custom_margin=&#8221;1px|||||&#8221; global_colors_info=&#8221;{}&#8221;]<\/p>\n<div class=\"wp-block-spacer\" aria-hidden=\"true\">\n<p style=\"text-align: center;\"><span style=\"text-decoration: underline;\"><span style=\"color: #00ccff; text-decoration: underline;\"><strong><em><a style=\"color: #00ccff; text-decoration: underline;\" href=\"https:\/\/m-acryl.hu\/termekek\/minima-aszimmetrikus-akril-kad\" target=\"_blank\" rel=\"noopener noreferrer\" aria-label=\"Linea aszimetrikus akril k\u00e1d (\u00faj f\u00fcl\u00f6n nyitja meg)\">Minima aszimmetrikus akril k\u00e1d<\/a><\/em><\/strong><\/span><\/span><\/p>\n<\/div>\n<p>[\/et_pb_text][et_pb_image src=&#8221;https:\/\/m-acryl.hu\/kad-kisokos\/wp-content\/uploads\/2020\/04\/Minima-fel\u00fcln\u00e9zet.jpg&#8221; alt=&#8221;Linea aszimmetrikus akril k\u00e1d fel\u00fcln\u00e9zet&#8221; title_text=&#8221;Minima fel\u00fcln\u00e9zet&#8221; align=&#8221;center&#8221; _builder_version=&#8221;4.16&#8243; width=&#8221;70%&#8221; width_tablet=&#8221;&#8221; width_phone=&#8221;90%&#8221; width_last_edited=&#8221;on|phone&#8221; global_colors_info=&#8221;{}&#8221;][\/et_pb_image][\/et_pb_column][\/et_pb_row][et_pb_row _builder_version=&#8221;4.16&#8243; width=&#8221;70%&#8221; width_tablet=&#8221;&#8221; width_phone=&#8221;90%&#8221; width_last_edited=&#8221;on|phone&#8221; min_height=&#8221;204px&#8221; custom_margin=&#8221;41px|auto|40px|auto||&#8221; custom_padding=&#8221;22px|||||&#8221; global_colors_info=&#8221;{}&#8221;][et_pb_column type=&#8221;4_4&#8243; _builder_version=&#8221;4.16&#8243; global_colors_info=&#8221;{}&#8221;][et_pb_text _builder_version=&#8221;4.16&#8243; text_font_size=&#8221;16px&#8221; custom_margin=&#8221;1px|||||&#8221; global_colors_info=&#8221;{}&#8221;]Az <span style=\"text-decoration: underline; color: #00ccff;\"><strong><a style=\"color: #00ccff; text-decoration: underline;\" href=\"https:\/\/m-acryl.hu\/aszimmetrikus-kad\" target=\"_blank\" rel=\"noopener noreferrer\">aszimmetrikus k\u00e1dak<\/a><\/strong><\/span> egyes\u00edtik a sarokk\u00e1dak \u00e9s az egyenes k\u00e1dak el\u0151nyeit \u00e9s m\u00e9g r\u00e1tesznek egy lap\u00e1ttal. N\u00e9zz\u00fck meg hogyan! Az aszimmetrikus k\u00e1dak eset\u00e9ben a k\u00e1d s\u00edkj\u00e1nak elcs\u00fasztat\u00e1sa miatt ugyanakkora sz\u00e9less\u00e9gen kiss\u00e9 nagyobb bels\u0151 hosszal rendelkez\u0151 k\u00e1d f\u00e9r el \u00fagy, hogy a m\u00e1sik ir\u00e1nyba nem ny\u00fajtja meg nagyon az aszimmetrikus k\u00e1d hossz\u00e1t. Emellett a bels\u0151 kialak\u00edt\u00e1s is komfortosabb, sz\u00e9lesebb, s\u0151t sok esetben ergonomikus <em>(vagyis az emberi test \u00e1ltal kijel\u00f6lt form\u00e1t k\u00f6vet\u0151, emiatt k\u00fcl\u00f6n\u00f6sen k\u00e9nyelmes)<\/em> lett.<br \/>\n[\/et_pb_text][\/et_pb_column][\/et_pb_row][et_pb_row _builder_version=&#8221;4.16&#8243; width=&#8221;100%&#8221; custom_margin=&#8221;|auto|-19px|auto||&#8221; custom_padding=&#8221;||3px|||&#8221; global_colors_info=&#8221;{}&#8221;][et_pb_column type=&#8221;4_4&#8243; _builder_version=&#8221;4.16&#8243; global_colors_info=&#8221;{}&#8221;][et_pb_image src=&#8221;https:\/\/m-acryl.hu\/kad-kisokos\/wp-content\/uploads\/2023\/09\/m-acryl-venus-aszimmetrikus-kad-scaled.jpg&#8221; alt=&#8221;Venus aszimmetrikus k\u00e1d&#8221; title_text=&#8221;m-acryl-venus-aszimmetrikus-kad&#8221; url=&#8221;https:\/\/m-acryl.hu\/termekek\/aszimmetrikus-kad\/venus-aszimmetrikus-akril-kad&#8221; url_new_window=&#8221;on&#8221; align=&#8221;center&#8221; _builder_version=&#8221;4.22.2&#8243; custom_margin=&#8221;||17px|||&#8221; global_colors_info=&#8221;{}&#8221;][\/et_pb_image][et_pb_text _builder_version=&#8221;4.22.2&#8243; text_font_size=&#8221;16px&#8221; width=&#8221;70%&#8221; width_tablet=&#8221;&#8221; width_phone=&#8221;90%&#8221; width_last_edited=&#8221;on|phone&#8221; module_alignment=&#8221;center&#8221; custom_margin=&#8221;1px|||||&#8221; global_colors_info=&#8221;{}&#8221;]<\/p>\n<div class=\"wp-block-spacer\" aria-hidden=\"true\">\n<p style=\"text-align: center;\"><span style=\"text-decoration: underline;\"><span style=\"color: #00ccff; text-decoration: underline;\"><strong><em><a style=\"color: #00ccff; text-decoration: underline;\" href=\"https:\/\/m-acryl.hu\/termekek\/aszimmetrikus-kad\/venus-aszimmetrikus-akril-kad\" target=\"_blank\" rel=\"noopener noreferrer\" aria-label=\"Linea aszimetrikus akril k\u00e1d (\u00faj f\u00fcl\u00f6n nyitja meg)\">Venus aszimmetrikus akril k\u00e1d<\/a><\/em><\/strong><\/span><\/span><\/p>\n<\/div>\n<p>[\/et_pb_text][et_pb_image src=&#8221;https:\/\/m-acryl.hu\/kad-kisokos\/wp-content\/uploads\/2020\/04\/Praktika-felulnezeti-k\u00e9p.jpg&#8221; alt=&#8221;Linea aszimmetrikus akril k\u00e1d fel\u00fcln\u00e9zet&#8221; title_text=&#8221;Praktika felulnezeti k\u00e9p&#8221; url=&#8221;https:\/\/m-acryl.hu\/termekek\/aszimmetrikus-kad\/venus-aszimmetrikus-akril-kad&#8221; url_new_window=&#8221;on&#8221; align=&#8221;center&#8221; _builder_version=&#8221;4.22.2&#8243; width=&#8221;70%&#8221; width_tablet=&#8221;&#8221; width_phone=&#8221;90%&#8221; width_last_edited=&#8221;on|phone&#8221; global_colors_info=&#8221;{}&#8221;][\/et_pb_image][\/et_pb_column][\/et_pb_row][et_pb_row _builder_version=&#8221;4.16&#8243; width=&#8221;70%&#8221; width_tablet=&#8221;&#8221; width_phone=&#8221;90%&#8221; width_last_edited=&#8221;on|phone&#8221; min_height=&#8221;204px&#8221; custom_margin=&#8221;41px|auto|40px|auto||&#8221; custom_padding=&#8221;22px|||||&#8221; global_colors_info=&#8221;{}&#8221;][et_pb_column type=&#8221;4_4&#8243; _builder_version=&#8221;4.16&#8243; global_colors_info=&#8221;{}&#8221;][et_pb_text _builder_version=&#8221;4.22.2&#8243; text_font_size=&#8221;16px&#8221; custom_margin=&#8221;1px|||||&#8221; global_colors_info=&#8221;{}&#8221;]<\/p>\n<p>Az aszimmetrikus k\u00e1dakban is <strong>tal\u00e1lhatunk a sarok fel\u0151li r\u00e9szen ki\u00fcl\u0151t,<\/strong> ahol le\u00fclve \u00e1ztathatjuk a l\u00e1bunkat a k\u00e1dban, ha nincs kedv\u00fcnk elmer\u00fclni a v\u00edzben. Itt helyezkedhet\u00fcnk el akkor is, ha szappanozzuk vagy \u00e9pp le\u00f6bl\u00edtj\u00fck magunkat, <strong>de optim\u00e1lis lehet pakol\u00f3 fel\u00fcletnek is,<\/strong> amennyiben magasabb kialak\u00edt\u00e1s\u00fa. Az aszimmetrikus k\u00e1dak \u00fcl\u0151ke kialak\u00edt\u00e1sa lehet fal fel\u0151li, vagy \u00fagynevezett ford\u00edtott \u00fcl\u00e9spoz\u00edci\u00f3s is. A ford\u00edtott \u00fcl\u00e9spoz\u00edci\u00f3 l\u00e9nyege, hogy a sarok fel\u0151li r\u00e9szen egy zuhanyz\u00f3t\u00e9r szer\u0171 r\u00e9sz van kialak\u00edtva \u00e9s egy <strong><a href=\"https:\/\/m-acryl.hu\/kadparavan\" target=\"_blank\" rel=\"noopener noreferrer\"><span style=\"text-decoration: underline; color: #00ccff;\">k\u00e1dparav\u00e1nnal<\/span><\/a> m\u00e1ris zuhanyz\u00f3v\u00e1 alak\u00edtottuk a k\u00e1dunkat.<\/strong><\/p>\n<p>[\/et_pb_text][et_pb_button button_url=&#8221;https:\/\/m-acryl.hu\/kad-kisokos\/kettos-elmeny-az-aszimmetrikus-kadban\/&#8221; url_new_window=&#8221;on&#8221; button_text=&#8221;K\u00e1d, ami zuhanykabin is?&#8221; button_alignment=&#8221;center&#8221; _builder_version=&#8221;4.22.2&#8243; _module_preset=&#8221;default&#8221; custom_button=&#8221;on&#8221; button_text_color=&#8221;#FFFFFF&#8221; button_bg_color=&#8221;gcid-7bdd6664-54d9-4437-aed1-01a6ee23604c&#8221; custom_margin=&#8221;5%|25%||25%|false|false&#8221; global_colors_info=&#8221;{%22gcid-7bdd6664-54d9-4437-aed1-01a6ee23604c%22:%91%22button_bg_color%22%93}&#8221;][\/et_pb_button][\/et_pb_column][\/et_pb_row][et_pb_row _builder_version=&#8221;4.16&#8243; width=&#8221;100%&#8221; custom_margin=&#8221;|auto|-19px|auto||&#8221; custom_padding=&#8221;||3px|||&#8221; global_colors_info=&#8221;{}&#8221;][et_pb_column type=&#8221;4_4&#8243; _builder_version=&#8221;4.16&#8243; global_colors_info=&#8221;{}&#8221;][et_pb_image src=&#8221;https:\/\/m-acryl.hu\/kad-kisokos\/wp-content\/uploads\/2020\/02\/Azalia-kad.jpg&#8221; alt=&#8221;Azalia-kad&#8221; title_text=&#8221;Azalia-kad&#8221; align=&#8221;center&#8221; _builder_version=&#8221;4.16&#8243; custom_margin=&#8221;||17px|||&#8221; global_colors_info=&#8221;{}&#8221;][\/et_pb_image][et_pb_text _builder_version=&#8221;4.16&#8243; text_font_size=&#8221;16px&#8221; width=&#8221;70%&#8221; width_tablet=&#8221;&#8221; width_phone=&#8221;90%&#8221; width_last_edited=&#8221;on|phone&#8221; module_alignment=&#8221;center&#8221; custom_margin=&#8221;1px|||||&#8221; global_colors_info=&#8221;{}&#8221;]<\/p>\n<div class=\"wp-block-spacer\" aria-hidden=\"true\">\n<p style=\"text-align: center;\"><span style=\"text-decoration: underline;\"><span style=\"color: #00ccff; text-decoration: underline;\"><strong><em><a style=\"color: #00ccff; text-decoration: underline;\" href=\"https:\/\/m-acryl.hu\/termekek\/azalia-aszimmetrikus-akril-kad\" target=\"_blank\" rel=\"noopener noreferrer\" aria-label=\"Linea aszimetrikus akril k\u00e1d (\u00faj f\u00fcl\u00f6n nyitja meg)\">Azalia aszimmetrikus akril k\u00e1d<\/a><\/em><\/strong><\/span><\/span><\/p>\n<\/div>\n<p>[\/et_pb_text][et_pb_image src=&#8221;https:\/\/m-acryl.hu\/kad-kisokos\/wp-content\/uploads\/2020\/02\/Lecke-GFCArtboard-1-copy.jpg&#8221; alt=&#8221;Azalia-kad&#8221; title_text=&#8221;Azalia-kad&#8221; align=&#8221;center&#8221; _builder_version=&#8221;4.16&#8243; width=&#8221;70%&#8221; width_tablet=&#8221;&#8221; width_phone=&#8221;90%&#8221; width_last_edited=&#8221;on|phone&#8221; global_colors_info=&#8221;{}&#8221;][\/et_pb_image][\/et_pb_column][\/et_pb_row][et_pb_row _builder_version=&#8221;4.16&#8243; width=&#8221;70%&#8221; width_tablet=&#8221;&#8221; width_phone=&#8221;90%&#8221; width_last_edited=&#8221;on|phone&#8221; min_height=&#8221;204px&#8221; custom_margin=&#8221;81px|auto|40px|auto||&#8221; custom_padding=&#8221;22px|||||&#8221; global_colors_info=&#8221;{}&#8221;][et_pb_column type=&#8221;4_4&#8243; _builder_version=&#8221;4.16&#8243; global_colors_info=&#8221;{}&#8221;][et_pb_text _builder_version=&#8221;4.16&#8243; text_font_size=&#8221;16px&#8221; custom_margin=&#8221;1px|||||&#8221; global_colors_info=&#8221;{}&#8221;]Az <a href=\"https:\/\/m-acryl.hu\/aszimmetrikus-kad\" target=\"_blank\" rel=\"noopener noreferrer\"><span style=\"text-decoration: underline;\"><span style=\"color: #00ccff; text-decoration: underline;\"><strong>aszimmetrikus<\/strong> <\/span><strong><span style=\"color: #00ccff; text-decoration: underline;\">k\u00e1dak<\/span><\/strong><\/span><\/a> t\u00f6bbf\u00e9l\u00e9k lehetnek abb\u00f3l a szempontb\u00f3l is, hogy hol tal\u00e1lhatjuk a lefoly\u00f3t, a t\u00falfoly\u00f3t illetve hova szerelhet\u0151 a k\u00e1dt\u00f6lt\u0151 csaptelep. Az aszimmetrikus k\u00e1d lehet jobbos vagy balos kialak\u00edt\u00e1s\u00fa, att\u00f3l f\u00fcgg\u0151en, hogyha szemben \u00e1llunk vele, akkor a r\u00f6videbb oldala a jobb, vagy a bal k\u00e9z fel\u00e9 esik. Amennyiben a jobb k\u00e9z fel\u00e9, akkor jobbos, amennyiben balk\u00e9z fel\u00e9 esik, akkor balos k\u00e1dr\u00f3l besz\u00e9l\u00fcnk.<br \/>\n[\/et_pb_text][\/et_pb_column][\/et_pb_row][et_pb_row _builder_version=&#8221;4.16&#8243; width=&#8221;100%&#8221; custom_margin=&#8221;|auto|-19px|auto||&#8221; custom_padding=&#8221;||3px|||&#8221; global_colors_info=&#8221;{}&#8221;][et_pb_column type=&#8221;4_4&#8243; _builder_version=&#8221;4.16&#8243; global_colors_info=&#8221;{}&#8221;][et_pb_image src=&#8221;https:\/\/m-acryl.hu\/kad-kisokos\/wp-content\/uploads\/2020\/02\/Liza_enterio\u030br.jpg&#8221; alt=&#8221;M-Acryl Liza aszimmetrikus k\u00e1d&#8221; title_text=&#8221;M-Acryl Liza aszimmetrikus k\u00e1d&#8221; align=&#8221;center&#8221; _builder_version=&#8221;4.16&#8243; custom_margin=&#8221;||17px|||&#8221; global_colors_info=&#8221;{}&#8221;][\/et_pb_image][et_pb_text _builder_version=&#8221;4.16&#8243; text_font_size=&#8221;16px&#8221; width=&#8221;70%&#8221; width_tablet=&#8221;&#8221; width_phone=&#8221;90%&#8221; width_last_edited=&#8221;on|phone&#8221; module_alignment=&#8221;center&#8221; custom_margin=&#8221;1px|||||&#8221; global_colors_info=&#8221;{}&#8221;]<\/p>\n<div class=\"wp-block-spacer\" aria-hidden=\"true\">\n<p style=\"text-align: center;\"><span style=\"text-decoration: underline;\"><span style=\"color: #00ccff; text-decoration: underline;\"><strong><em><a style=\"color: #00ccff; text-decoration: underline;\" href=\"https:\/\/m-acryl.hu\/termekek\/liza-aszimmetrikus-akril-kad\" target=\"_blank\" rel=\"noopener noreferrer\" aria-label=\"Linea aszimetrikus akril k\u00e1d (\u00faj f\u00fcl\u00f6n nyitja meg)\">Liza aszimmetrikus akril k\u00e1d<\/a><\/em><\/strong><\/span><\/span><\/p>\n<\/div>\n<p>[\/et_pb_text][et_pb_image src=&#8221;https:\/\/m-acryl.hu\/kad-kisokos\/wp-content\/uploads\/2020\/08\/67-9888.jpg&#8221; alt=&#8221;Linea aszimmetrikus akril k\u00e1d fel\u00fcln\u00e9zet&#8221; title_text=&#8221;67-9888&#8243; align=&#8221;center&#8221; _builder_version=&#8221;4.16&#8243; width=&#8221;70%&#8221; width_tablet=&#8221;&#8221; width_phone=&#8221;90%&#8221; width_last_edited=&#8221;on|phone&#8221; global_colors_info=&#8221;{}&#8221;][\/et_pb_image][et_pb_divider color=&#8221;#a8a8a8&#8243; divider_weight=&#8221;4px&#8221; _builder_version=&#8221;4.16&#8243; width=&#8221;16%&#8221; module_alignment=&#8221;center&#8221; custom_margin=&#8221;55px||55px||true|false&#8221; global_colors_info=&#8221;{}&#8221;][\/et_pb_divider][\/et_pb_column][\/et_pb_row][et_pb_row _builder_version=&#8221;4.16&#8243; width=&#8221;100%&#8221; custom_margin=&#8221;|auto|-19px|auto||&#8221; custom_padding=&#8221;||3px|||&#8221; global_colors_info=&#8221;{}&#8221;][et_pb_column type=&#8221;4_4&#8243; _builder_version=&#8221;4.16&#8243; global_colors_info=&#8221;{}&#8221;][et_pb_image src=&#8221;https:\/\/m-acryl.hu\/kad-kisokos\/wp-content\/uploads\/2020\/02\/Claudia.jpg&#8221; alt=&#8221;M-Acryl Claudia aszimmetrikus k\u00e1d&#8221; title_text=&#8221;M-Acryl Claudia aszimmetrikus k\u00e1d&#8221; align=&#8221;center&#8221; _builder_version=&#8221;4.16&#8243; custom_margin=&#8221;||17px|||&#8221; global_colors_info=&#8221;{}&#8221;][\/et_pb_image][et_pb_text _builder_version=&#8221;4.16&#8243; text_font_size=&#8221;16px&#8221; width=&#8221;70%&#8221; width_tablet=&#8221;&#8221; width_phone=&#8221;90%&#8221; width_last_edited=&#8221;on|phone&#8221; module_alignment=&#8221;center&#8221; custom_margin=&#8221;1px|||||&#8221; global_colors_info=&#8221;{}&#8221;]<\/p>\n<div class=\"wp-block-spacer\" aria-hidden=\"true\">\n<p style=\"text-align: center;\"><span style=\"text-decoration: underline;\"><span style=\"color: #00ccff; text-decoration: underline;\"><strong><em><a style=\"color: #00ccff; text-decoration: underline;\" href=\"https:\/\/m-acryl.hu\/termekek\/claudia-aszimmetrikus-akril-kad\" target=\"_blank\" rel=\"noopener noreferrer\" aria-label=\"Linea aszimetrikus akril k\u00e1d (\u00faj f\u00fcl\u00f6n nyitja meg)\">Claudia aszimmetrikus akril k\u00e1d<\/a><\/em><\/strong><\/span><\/span><\/p>\n<\/div>\n<p>[\/et_pb_text][et_pb_image src=&#8221;https:\/\/m-acryl.hu\/kad-kisokos\/wp-content\/uploads\/2020\/08\/150-6315.jpg&#8221; alt=&#8221;Linea aszimmetrikus akril k\u00e1d fel\u00fcln\u00e9zet&#8221; title_text=&#8221;150-6315&#8243; align=&#8221;center&#8221; _builder_version=&#8221;4.16&#8243; width=&#8221;70%&#8221; width_tablet=&#8221;&#8221; width_phone=&#8221;90%&#8221; width_last_edited=&#8221;on|phone&#8221; global_colors_info=&#8221;{}&#8221;][\/et_pb_image][\/et_pb_column][\/et_pb_row][et_pb_row _builder_version=&#8221;4.16&#8243; width=&#8221;70%&#8221; width_tablet=&#8221;&#8221; width_phone=&#8221;90%&#8221; width_last_edited=&#8221;on|phone&#8221; min_height=&#8221;204px&#8221; custom_margin=&#8221;41px|auto|40px|auto||&#8221; custom_padding=&#8221;22px|||||&#8221; global_colors_info=&#8221;{}&#8221;][et_pb_column type=&#8221;4_4&#8243; _builder_version=&#8221;4.16&#8243; global_colors_info=&#8221;{}&#8221;][et_pb_text _builder_version=&#8221;4.16&#8243; text_font_size=&#8221;16px&#8221; custom_margin=&#8221;1px|||||&#8221; global_colors_info=&#8221;{}&#8221;]Az aszimmetrikus k\u00e1dak t\u00f6bbf\u00e9l\u00e9k lehetnek abb\u00f3l a szempontb\u00f3l is, hogy hol tal\u00e1lhatjuk a lefoly\u00f3t, a t\u00falfoly\u00f3t illetve hova szerelhet\u0151 a k\u00e1dt\u00f6lt\u0151 csaptelep. Az aszimmetrikus k\u00e1d lehet jobbos vagy balos kialak\u00edt\u00e1s\u00fa, att\u00f3l f\u00fcgg\u0151en, hogyha szemben \u00e1llunk vele, akkor a r\u00f6videbb oldala a jobb, vagy a bal k\u00e9z fel\u00e9 esik. Amennyiben a jobb k\u00e9z fel\u00e9, akkor jobbos, amennyiben balk\u00e9z fel\u00e9 esik, akkor balos k\u00e1dr\u00f3l besz\u00e9l\u00fcnk.<br \/>\n[\/et_pb_text][\/et_pb_column][\/et_pb_row][et_pb_row _builder_version=&#8221;4.16&#8243; width=&#8221;70%&#8221; width_tablet=&#8221;&#8221; width_phone=&#8221;90%&#8221; width_last_edited=&#8221;on|phone&#8221; min_height=&#8221;204px&#8221; custom_margin=&#8221;39px|auto|39px|auto|false|&#8221; global_colors_info=&#8221;{}&#8221;][et_pb_column type=&#8221;4_4&#8243; _builder_version=&#8221;4.16&#8243; global_colors_info=&#8221;{}&#8221;][et_pb_text _builder_version=&#8221;4.16&#8243; text_font_size=&#8221;16px&#8221; custom_margin=&#8221;1px|||||&#8221; global_colors_info=&#8221;{}&#8221;]<\/p>\n<div class=\"wp-block-spacer\" aria-hidden=\"true\">\n<h2 style=\"text-align: left;\"><b>A luxus az apr\u00f3s\u00e1gokban rejlik: sarokk\u00e1d<\/b><\/h2>\n<p style=\"text-align: left;\">A f\u00fcrd\u0151k\u00e1d-t\u00e9m\u00e1ban j\u00e1ratlanok sz\u00e1m\u00e1ra a sarokk\u00e1d a rongyr\u00e1z\u00e1s netov\u00e1bbja, hiszen az \u00e1ltal\u00e1nos v\u00e9leked\u00e9s az, hogy borzaszt\u00f3 dr\u00e1ga \u00e9s \u00f3ri\u00e1si hely kell az elhelyez\u00e9s\u00e9hez. <strong>Mindk\u00e9t v\u00e9lem\u00e9nyt azonnal c\u00e1folni tudjuk,<\/strong> hiszen a <span style=\"text-decoration: underline;\"><span style=\"color: #00ccff; text-decoration: underline;\"><strong><a style=\"color: #00ccff; text-decoration: underline;\" href=\"https:\/\/m-acryl.hu\/sarokkad\" target=\"_blank\" rel=\"noopener noreferrer\">sarokk\u00e1dak k\u00edn\u00e1lata<\/a><\/strong><\/span><\/span> igen sz\u00e9les, ezek k\u00f6z\u00fcl a k\u00fcl\u00f6nleges param\u00e9terekkel rendelkez\u0151k (exkluz\u00edv alapanyag, massz\u00e1zsrendszer, speci\u00e1lis diz\u00e1jn stb.) lehetnek dr\u00e1g\u00e1bbak, de az alapdarabok nem j\u00e1rnak kiemelked\u0151 k\u00f6lts\u00e9gekkel a t\u00f6bbi k\u00e1dt\u00edpushoz k\u00e9pest.<\/p>\n<p style=\"text-align: left;\"><strong>A <span style=\"text-decoration: underline;\"><span style=\"color: #00ccff;\"><a style=\"color: #00ccff; text-decoration: underline;\" href=\"https:\/\/m-acryl.hu\/sarokkad\" target=\"_blank\" rel=\"noopener noreferrer\">sarokk\u00e1d<\/a><\/span><\/span><\/strong><strong> nem foglal nagyobb helyet mint egy egyenes k\u00e1d,<\/strong> s\u0151t el\u0151fordulhat olyan eset, hogy egy apr\u00f3cska vagy s\u0171r\u0171n berendezett f\u00fcrd\u0151szob\u00e1ba csak ez a t\u00edpus f\u00e9r el. Ahogy a neve is mutatja, a sarokban a helye, \u00edgy a falak ment\u00e9n a kiterjed\u00e9se 120 \u00e9s 150 cm k\u00f6z\u00f6tt v\u00e1ltozik. <strong>\u00cdves alakja miatt praktikus t\u00e9rkit\u00f6lt\u00e9st tesz lehet\u0151v\u00e9.<\/strong><\/p>\n<\/div>\n<p>[\/et_pb_text][\/et_pb_column][\/et_pb_row][et_pb_row _builder_version=&#8221;4.16&#8243; width=&#8221;100%&#8221; custom_margin=&#8221;|auto|-19px|auto||&#8221; custom_padding=&#8221;||3px|||&#8221; global_colors_info=&#8221;{}&#8221;][et_pb_column type=&#8221;4_4&#8243; _builder_version=&#8221;4.16&#8243; global_colors_info=&#8221;{}&#8221;][et_pb_image src=&#8221;https:\/\/m-acryl.hu\/kad-kisokos\/wp-content\/uploads\/2020\/08\/177-8248.jpg&#8221; alt=&#8221;Linea aszimmetrikus akril k\u00e1d&#8221; title_text=&#8221;177-8248&#8243; align=&#8221;center&#8221; _builder_version=&#8221;4.16&#8243; custom_margin=&#8221;||17px|||&#8221; global_colors_info=&#8221;{}&#8221;][\/et_pb_image][et_pb_text _builder_version=&#8221;4.16&#8243; text_font_size=&#8221;16px&#8221; width=&#8221;70%&#8221; width_tablet=&#8221;&#8221; width_phone=&#8221;90%&#8221; width_last_edited=&#8221;on|phone&#8221; module_alignment=&#8221;center&#8221; custom_margin=&#8221;1px|||||&#8221; global_colors_info=&#8221;{}&#8221;]<\/p>\n<div class=\"wp-block-spacer\" aria-hidden=\"true\">\n<p style=\"text-align: center;\"><span style=\"text-decoration: underline;\"><span style=\"color: #00ccff; text-decoration: underline;\"><strong><em><a style=\"color: #00ccff; text-decoration: underline;\" href=\"https:\/\/m-acryl.hu\/termekek\/aura-akril-sarokkad\" target=\"_blank\" rel=\"noopener noreferrer\" aria-label=\"Linea aszimetrikus akril k\u00e1d (\u00faj f\u00fcl\u00f6n nyitja meg)\">Aura akril sarokk\u00e1d<\/a><\/em><\/strong><\/span><\/span><\/p>\n<\/div>\n<p>[\/et_pb_text][et_pb_image src=&#8221;https:\/\/m-acryl.hu\/kad-kisokos\/wp-content\/uploads\/2020\/04\/Aura-fel\u00fcln\u00e9zeti.jpg&#8221; alt=&#8221;Linea aszimmetrikus akril k\u00e1d fel\u00fcln\u00e9zet&#8221; title_text=&#8221;Aura fel\u00fcln\u00e9zeti&#8221; align=&#8221;center&#8221; _builder_version=&#8221;4.16&#8243; width=&#8221;70%&#8221; width_tablet=&#8221;&#8221; width_phone=&#8221;90%&#8221; width_last_edited=&#8221;on|phone&#8221; global_colors_info=&#8221;{}&#8221;][\/et_pb_image][et_pb_divider color=&#8221;#a8a8a8&#8243; divider_weight=&#8221;4px&#8221; _builder_version=&#8221;4.16&#8243; width=&#8221;16%&#8221; module_alignment=&#8221;center&#8221; custom_margin=&#8221;55px||55px||true|false&#8221; global_colors_info=&#8221;{}&#8221;][\/et_pb_divider][\/et_pb_column][\/et_pb_row][et_pb_row _builder_version=&#8221;4.16&#8243; width=&#8221;70%&#8221; width_tablet=&#8221;&#8221; width_phone=&#8221;90%&#8221; width_last_edited=&#8221;on|phone&#8221; min_height=&#8221;204px&#8221; custom_margin=&#8221;39px|auto|39px|auto|false|&#8221; global_colors_info=&#8221;{}&#8221;][et_pb_column type=&#8221;4_4&#8243; _builder_version=&#8221;4.16&#8243; global_colors_info=&#8221;{}&#8221;][et_pb_text _builder_version=&#8221;4.16&#8243; text_font_size=&#8221;16px&#8221; custom_margin=&#8221;1px|||||&#8221; global_colors_info=&#8221;{}&#8221;]<\/p>\n<div class=\"wp-block-spacer\" aria-hidden=\"true\">\n<p style=\"text-align: left;\">Ugyanakkor a picike alapter\u00fcleten t\u00e1gas \u00e9s k\u00e9nyelmes kialak\u00edt\u00e1ssal b\u00edr\u00f3 sarokk\u00e1dak sz\u00e1mos olyan apr\u00f3 el\u0151nnyel j\u00e1rnak, amelyeket igaz\u00e1n csak egy sarokk\u00e1d-tulajdonos ismerhet \u00e9s \u00e9rt\u00e9kelhet. A sarokk\u00e1d bels\u0151, t\u00e1gas kialak\u00edt\u00e1sa sokf\u00e9le k\u00e9nyelmes f\u00fcrd\u00e9si poz\u00edci\u00f3 felv\u00e9tel\u00e9t teszi lehet\u0151v\u00e9, \u00edgy egy viszonylag r\u00f6videbb <strong>bels\u0151 k\u00e1dhossz (100-120 cm) is t\u00f6k\u00e9letesen el\u00e9g m\u00e9g egy magasabb embernek is.<\/strong><\/p>\n<p style=\"text-align: left;\">S\u0151t, a viszonylag nagyobb sarokk\u00e1d <strong>m\u00e1r k\u00e9t ember sz\u00e1m\u00e1ra is komfortos k\u00f6z\u00f6s f\u00fcrd\u0151z\u00e9st tesz lehet\u0151v\u00e9<\/strong>. Szinte minden sarokk\u00e1dnak r\u00e9sze egy bels\u0151 \u00fcl\u0151ke, amelyre szappanoz\u00e1s vagy tusol\u00e1s k\u00f6zben helyet foglalhatunk. A sarokk\u00e1d sz\u00e9les \u00e9s \u00edves \u00fcl\u0151k\u00e9i lehetnek magas kialak\u00edt\u00e1s\u00faak \u00e9s k\u00e9sz\u00fclnek alacsonyra tervezett \u00fcl\u0151k\u00e9k is, amik a v\u00edzszint alatt helyezkednek el.<\/p>\n<\/div>\n<p>[\/et_pb_text][\/et_pb_column][\/et_pb_row][et_pb_row _builder_version=&#8221;4.16&#8243; width=&#8221;100%&#8221; custom_margin=&#8221;|auto|-19px|auto||&#8221; custom_padding=&#8221;||3px|||&#8221; global_colors_info=&#8221;{}&#8221;][et_pb_column type=&#8221;4_4&#8243; _builder_version=&#8221;4.16&#8243; global_colors_info=&#8221;{}&#8221;][et_pb_image src=&#8221;https:\/\/m-acryl.hu\/kad-kisokos\/wp-content\/uploads\/2020\/08\/94-4842.jpg&#8221; alt=&#8221;Linea aszimmetrikus akril k\u00e1d&#8221; title_text=&#8221;94-4842&#8243; align=&#8221;center&#8221; _builder_version=&#8221;4.16&#8243; custom_margin=&#8221;||17px|||&#8221; global_colors_info=&#8221;{}&#8221;][\/et_pb_image][et_pb_text _builder_version=&#8221;4.16&#8243; text_font_size=&#8221;16px&#8221; width=&#8221;70%&#8221; width_tablet=&#8221;&#8221; width_phone=&#8221;90%&#8221; width_last_edited=&#8221;on|phone&#8221; module_alignment=&#8221;center&#8221; custom_margin=&#8221;1px|||||&#8221; global_colors_info=&#8221;{}&#8221;]<\/p>\n<div class=\"wp-block-spacer\" aria-hidden=\"true\">\n<p style=\"text-align: center;\"><span style=\"text-decoration: underline;\"><span style=\"color: #00ccff; text-decoration: underline;\"><strong><em><a style=\"color: #00ccff; text-decoration: underline;\" href=\"https:\/\/m-acryl.hu\/termekek\/samanta-akril-sarokkad\" target=\"_blank\" rel=\"noopener noreferrer\" aria-label=\"Linea aszimetrikus akril k\u00e1d (\u00faj f\u00fcl\u00f6n nyitja meg)\">Samanta akril sarokk\u00e1d<\/a><\/em><\/strong><\/span><\/span><\/p>\n<\/div>\n<p>[\/et_pb_text][et_pb_image src=&#8221;https:\/\/m-acryl.hu\/kad-kisokos\/wp-content\/uploads\/2020\/08\/94-3498.jpg&#8221; alt=&#8221;Linea aszimmetrikus akril k\u00e1d fel\u00fcln\u00e9zet&#8221; title_text=&#8221;94-3498&#8243; align=&#8221;center&#8221; _builder_version=&#8221;4.16&#8243; width=&#8221;70%&#8221; width_tablet=&#8221;&#8221; width_phone=&#8221;90%&#8221; width_last_edited=&#8221;on|phone&#8221; global_colors_info=&#8221;{}&#8221;][\/et_pb_image][et_pb_divider color=&#8221;#a8a8a8&#8243; divider_weight=&#8221;4px&#8221; _builder_version=&#8221;4.16&#8243; width=&#8221;16%&#8221; module_alignment=&#8221;center&#8221; custom_margin=&#8221;55px||55px||true|false&#8221; global_colors_info=&#8221;{}&#8221;][\/et_pb_divider][\/et_pb_column][\/et_pb_row][et_pb_row _builder_version=&#8221;4.16&#8243; width=&#8221;100%&#8221; custom_margin=&#8221;|auto|-19px|auto||&#8221; custom_padding=&#8221;||3px|||&#8221; global_colors_info=&#8221;{}&#8221;][et_pb_column type=&#8221;4_4&#8243; _builder_version=&#8221;4.16&#8243; global_colors_info=&#8221;{}&#8221;][et_pb_image src=&#8221;https:\/\/m-acryl.hu\/kad-kisokos\/wp-content\/uploads\/2020\/02\/Rita_enterio\u030br.jpg&#8221; alt=&#8221;M-Acryl Rita sarokk\u00e1d&#8221; title_text=&#8221;M-Acryl Rita sarokk\u00e1d&#8221; align=&#8221;center&#8221; _builder_version=&#8221;4.16&#8243; custom_margin=&#8221;||17px|||&#8221; global_colors_info=&#8221;{}&#8221;][\/et_pb_image][et_pb_text _builder_version=&#8221;4.16&#8243; text_font_size=&#8221;16px&#8221; width=&#8221;70%&#8221; width_tablet=&#8221;&#8221; width_phone=&#8221;90%&#8221; width_last_edited=&#8221;on|phone&#8221; module_alignment=&#8221;center&#8221; custom_margin=&#8221;1px|||||&#8221; global_colors_info=&#8221;{}&#8221;]<\/p>\n<div class=\"wp-block-spacer\" aria-hidden=\"true\">\n<p style=\"text-align: center;\"><span style=\"text-decoration: underline;\"><span style=\"color: #00ccff; text-decoration: underline;\"><strong><em><a style=\"color: #00ccff; text-decoration: underline;\" href=\"https:\/\/m-acryl.hu\/termekek\/rita-akril-sarokkad\" target=\"_blank\" rel=\"noopener noreferrer\" aria-label=\"Linea aszimetrikus akril k\u00e1d (\u00faj f\u00fcl\u00f6n nyitja meg)\">Rita akril sarokk\u00e1d<\/a><\/em><\/strong><\/span><\/span><\/p>\n<\/div>\n<p>[\/et_pb_text][et_pb_image src=&#8221;https:\/\/m-acryl.hu\/kad-kisokos\/wp-content\/uploads\/2020\/08\/71-1606-1.jpg&#8221; alt=&#8221;Linea aszimmetrikus akril k\u00e1d fel\u00fcln\u00e9zet&#8221; title_text=&#8221;71-1606&#8243; align=&#8221;center&#8221; _builder_version=&#8221;4.16&#8243; width=&#8221;70%&#8221; width_tablet=&#8221;&#8221; width_phone=&#8221;90%&#8221; width_last_edited=&#8221;on|phone&#8221; global_colors_info=&#8221;{}&#8221;][\/et_pb_image][et_pb_divider color=&#8221;#a8a8a8&#8243; divider_weight=&#8221;4px&#8221; _builder_version=&#8221;4.16&#8243; width=&#8221;16%&#8221; module_alignment=&#8221;center&#8221; custom_margin=&#8221;55px||40px||false|false&#8221; global_colors_info=&#8221;{}&#8221;][\/et_pb_divider][\/et_pb_column][\/et_pb_row][\/et_pb_section][et_pb_section fb_built=&#8221;1&#8243; _builder_version=&#8221;4.16&#8243; _module_preset=&#8221;default&#8221; custom_padding=&#8221;0px|||||&#8221; global_colors_info=&#8221;{}&#8221;][et_pb_row _builder_version=&#8221;4.16&#8243; width=&#8221;70%&#8221; width_tablet=&#8221;&#8221; width_phone=&#8221;90%&#8221; width_last_edited=&#8221;on|phone&#8221; min_height=&#8221;204px&#8221; custom_margin=&#8221;1px|auto|39px|auto|false|&#8221; global_colors_info=&#8221;{}&#8221;][et_pb_column type=&#8221;4_4&#8243; _builder_version=&#8221;4.16&#8243; global_colors_info=&#8221;{}&#8221;][et_pb_text _builder_version=&#8221;4.27.4&#8243; text_font_size=&#8221;16px&#8221; custom_margin=&#8221;1px|||||&#8221; global_colors_info=&#8221;{}&#8221;]<\/p>\n<div class=\"wp-block-spacer\" aria-hidden=\"true\">\n<h2 style=\"text-align: left;\"><b>Szabadon \u00e1ll\u00f3 k\u00e1dak<\/b><\/h2>\n<p style=\"text-align: left;\">A <span style=\"text-decoration: underline;\"><span style=\"color: #00ccff; text-decoration: underline;\"><strong><a style=\"color: #00ccff; text-decoration: underline;\" href=\"https:\/\/m-acryl.hu\/szabadon-allo-kad\" target=\"_blank\" rel=\"noopener noreferrer\">szabadon \u00e1ll\u00f3 k\u00e1dak<\/a><\/strong><\/span><\/span> napjaink nagy \u00fajj\u00e1sz\u00fcletett klasszikusai. A r\u00e9gi korokban, amikor m\u00e9g nem ismert\u00e9k a falba \u00e9p\u00edt\u00e9s technol\u00f3gi\u00e1j\u00e1t, akkor alkalmaztak ilyen, \u00f6n\u00e1ll\u00f3 l\u00e1bakon t\u00e1maszkod\u00f3 k\u00e1dt\u00edpusokat, amelyek a sz\u00e1zadel\u0151n \u00f6nt\u00f6tt vasb\u00f3l k\u00e9sz\u00fcltek.<\/p>\n<p style=\"text-align: left;\">Napjainkban az <strong>alapanyagok innov\u00e1ci\u00f3ja (akril, m\u0171m\u00e1rv\u00e1ny stb.)<\/strong> lehet\u0151v\u00e9 tette, hogy a lemezk\u00e1dak mellett megjelenjenek m\u00e1s formavil\u00e1g\u00fa <span style=\"text-decoration: underline; color: #00ccff;\"><a href=\"https:\/\/m-acryl.hu\/szabadon-allo-kad\" target=\"_blank\" rel=\"noopener\" style=\"color: #00ccff; text-decoration: underline;\">szabadon \u00e1ll\u00f3 k\u00e1dak<\/a><\/span> is, amelyek vastagabb (vagy \u00e9ppen v\u00e1ltoz\u00f3 vastags\u00e1g\u00fa) fallal, \u00e1mde l\u00e1bak n\u00e9lk\u00fcl k\u00e9peznek \u00f6n\u00e1ll\u00f3 \u00e9s jellegzetes vonalat a szabadon \u00e1ll\u00f3 k\u00e1dak k\u00f6z\u00f6tt.<\/p>\n<\/div>\n<p>[\/et_pb_text][\/et_pb_column][\/et_pb_row][et_pb_row _builder_version=&#8221;4.16&#8243; width=&#8221;100%&#8221; custom_margin=&#8221;|auto|-19px|auto||&#8221; custom_padding=&#8221;||3px|||&#8221; global_colors_info=&#8221;{}&#8221;][et_pb_column type=&#8221;4_4&#8243; _builder_version=&#8221;4.16&#8243; global_colors_info=&#8221;{}&#8221;][et_pb_image src=&#8221;https:\/\/m-acryl.hu\/kad-kisokos\/wp-content\/uploads\/2022\/03\/paradise.jpeg&#8221; alt=&#8221;M-Acryl Paradise szabadon \u00e1ll\u00f3 k\u00e1d&#8221; title_text=&#8221;paradise&#8221; align=&#8221;center&#8221; _builder_version=&#8221;4.16&#8243; custom_margin=&#8221;||17px|||&#8221; global_colors_info=&#8221;{}&#8221;][\/et_pb_image][et_pb_text _builder_version=&#8221;4.16&#8243; text_font_size=&#8221;16px&#8221; width=&#8221;70%&#8221; width_tablet=&#8221;&#8221; width_phone=&#8221;90%&#8221; width_last_edited=&#8221;on|phone&#8221; module_alignment=&#8221;center&#8221; custom_margin=&#8221;1px|||||&#8221; global_colors_info=&#8221;{}&#8221;]<\/p>\n<div class=\"wp-block-spacer\" aria-hidden=\"true\">\n<p style=\"text-align: center;\"><span style=\"text-decoration: underline;\"><span style=\"color: #00ccff; text-decoration: underline;\"><strong><em><a style=\"color: #00ccff; text-decoration: underline;\" href=\"https:\/\/m-acryl.hu\/termekek\/szabadon-allo-kad\/paradise-szabadon-allo-akril-kad\" target=\"_blank\" rel=\"noopener noreferrer\" aria-label=\"Linea aszimetrikus akril k\u00e1d (\u00faj f\u00fcl\u00f6n nyitja meg)\">Paradise szabadon \u00e1ll\u00f3 akril k\u00e1d<\/a><\/em><\/strong><\/span><\/span><\/p>\n<\/div>\n<p>[\/et_pb_text][et_pb_image src=&#8221;https:\/\/m-acryl.hu\/kad-kisokos\/wp-content\/uploads\/2020\/07\/Frame-9-3.jpg&#8221; alt=&#8221;Linea aszimmetrikus akril k\u00e1d fel\u00fcln\u00e9zet&#8221; title_text=&#8221;Frame 9 (3)&#8221; align=&#8221;center&#8221; _builder_version=&#8221;4.16&#8243; width=&#8221;70%&#8221; width_tablet=&#8221;&#8221; width_phone=&#8221;90%&#8221; width_last_edited=&#8221;on|phone&#8221; global_colors_info=&#8221;{}&#8221;][\/et_pb_image][et_pb_divider color=&#8221;#a8a8a8&#8243; divider_weight=&#8221;4px&#8221; _builder_version=&#8221;4.16&#8243; width=&#8221;16%&#8221; module_alignment=&#8221;center&#8221; custom_margin=&#8221;55px||55px||true|false&#8221; global_colors_info=&#8221;{}&#8221;][\/et_pb_divider][\/et_pb_column][\/et_pb_row][et_pb_row _builder_version=&#8221;4.16&#8243; width=&#8221;70%&#8221; width_tablet=&#8221;&#8221; width_phone=&#8221;90%&#8221; width_last_edited=&#8221;on|phone&#8221; min_height=&#8221;204px&#8221; custom_margin=&#8221;1px|auto|39px|auto|false|&#8221; global_colors_info=&#8221;{}&#8221;][et_pb_column type=&#8221;4_4&#8243; _builder_version=&#8221;4.16&#8243; global_colors_info=&#8221;{}&#8221;][et_pb_text _builder_version=&#8221;4.27.4&#8243; text_font_size=&#8221;16px&#8221; custom_margin=&#8221;1px|||||&#8221; global_colors_info=&#8221;{}&#8221;]<\/p>\n<div class=\"wp-block-spacer\" aria-hidden=\"true\">\n<p style=\"text-align: left;\">A <span style=\"text-decoration: underline; color: #00ccff;\"><a href=\"https:\/\/m-acryl.hu\/szabadon-allo-kad\" target=\"_blank\" rel=\"noopener\" style=\"color: #00ccff; text-decoration: underline;\">szabadon \u00e1ll\u00f3 k\u00e1d<\/a><\/span> renesz\u00e1nsza annak k\u00f6sz\u00f6nhet\u0151, hogy nem sz\u00fcks\u00e9ges ezeket a t\u00edpusokat a fal mell\u00e9 \u00e1ll\u00edtani, be\u00e9p\u00edteni, \u00edgy ak\u00e1r ablak el\u0151tt vagy egy nagyobb t\u00e9r k\u00f6zep\u00e9n is helyet kaphatnak. A szabadon \u00e1ll\u00f3 k\u00e1dakhoz \u00e1ll\u00f3 k\u00e1dt\u00f6lt\u0151 csaptelepek illenek, amelyeket k\u00f6zvetlen\u00fcl a f\u00fcrd\u0151szoba padl\u00f3j\u00e1ban tal\u00e1lhat\u00f3 csatlakoz\u00f3ba illesztenek a szakemberek.<\/p>\n<\/div>\n<p>[\/et_pb_text][\/et_pb_column][\/et_pb_row][et_pb_row _builder_version=&#8221;4.16&#8243; width=&#8221;100%&#8221; custom_margin=&#8221;51px|auto|38px|auto|false|false&#8221; custom_padding=&#8221;||3px|||&#8221; global_colors_info=&#8221;{}&#8221;][et_pb_column type=&#8221;4_4&#8243; _builder_version=&#8221;4.16&#8243; global_colors_info=&#8221;{}&#8221;][et_pb_image src=&#8221;https:\/\/m-acryl.hu\/kad-kisokos\/wp-content\/uploads\/2020\/07\/Frame-9-4.jpg&#8221; alt=&#8221;Linea aszimmetrikus akril k\u00e1d fel\u00fcln\u00e9zet&#8221; title_text=&#8221;Frame 9 (4)&#8221; align=&#8221;center&#8221; _builder_version=&#8221;4.16&#8243; width=&#8221;70%&#8221; width_tablet=&#8221;&#8221; width_phone=&#8221;90%&#8221; width_last_edited=&#8221;on|phone&#8221; global_colors_info=&#8221;{}&#8221;][\/et_pb_image][et_pb_text _builder_version=&#8221;4.16&#8243; text_font_size=&#8221;16px&#8221; width=&#8221;70%&#8221; width_tablet=&#8221;&#8221; width_phone=&#8221;90%&#8221; width_last_edited=&#8221;on|phone&#8221; module_alignment=&#8221;center&#8221; custom_margin=&#8221;1px|||||&#8221; global_colors_info=&#8221;{}&#8221;]<\/p>\n<div class=\"wp-block-spacer\" aria-hidden=\"true\">\n<p style=\"text-align: center;\"><span style=\"text-decoration: underline;\"><span style=\"color: #00ccff; text-decoration: underline;\"><strong><em><a style=\"color: #00ccff; text-decoration: underline;\" href=\"https:\/\/m-acryl.hu\/termekek\/csaptelepek\/hill-allo-csaptelep\" target=\"_blank\" rel=\"noopener noreferrer\" aria-label=\"Linea aszimetrikus akril k\u00e1d (\u00faj f\u00fcl\u00f6n nyitja meg)\">Hill \u00e1ll\u00f3 csaptelep<\/a><\/em><\/strong><\/span><\/span><\/p>\n<\/div>\n<p>[\/et_pb_text][\/et_pb_column][\/et_pb_row][et_pb_row _builder_version=&#8221;4.16&#8243; width=&#8221;70%&#8221; width_tablet=&#8221;&#8221; width_phone=&#8221;90%&#8221; width_last_edited=&#8221;on|phone&#8221; min_height=&#8221;204px&#8221; custom_margin=&#8221;1px|auto|0px|auto|false|&#8221; custom_padding=&#8221;42px|||||&#8221; global_colors_info=&#8221;{}&#8221;][et_pb_column type=&#8221;4_4&#8243; _builder_version=&#8221;4.16&#8243; global_colors_info=&#8221;{}&#8221;][et_pb_text _builder_version=&#8221;4.16&#8243; text_font_size=&#8221;16px&#8221; custom_margin=&#8221;1px|||||&#8221; global_colors_info=&#8221;{}&#8221;]<\/p>\n<div class=\"wp-block-spacer\" aria-hidden=\"true\">\n<p style=\"text-align: left;\">A <a href=\"https:\/\/m-acryl.hu\/szabadon-allo-kad\" target=\"_blank\" rel=\"noopener noreferrer\"><span style=\"text-decoration: underline; color: #00ccff;\"><strong>szabadon \u00e1ll\u00f3 k\u00e1d<\/strong><\/span><\/a> ha akarjuk l\u00e9gies, ha akarjuk stramm, ha akarjuk \u00edvesen lend\u00fcletes, ha akarjuk, letisztultan sz\u00f6gletes. A mai kor technol\u00f3gi\u00e1j\u00e1nak k\u00f6sz\u00f6nhet\u0151en<strong> att\u00f3l sem kell tartanunk, hogy a v\u00edz t\u00fals\u00e1gosan hamar kih\u0171lne<\/strong> a <b>szabadon \u00e1ll\u00f3 k\u00e1dunkban<\/b> (a kifejezetten vastag fal\u00fa t\u00edpusokn\u00e1l pedig ez fel sem mer\u00fcl).<\/p>\n<\/div>\n<p>[\/et_pb_text][\/et_pb_column][\/et_pb_row][et_pb_row disabled_on=&#8221;on|on|on&#8221; _builder_version=&#8221;4.24.0&#8243; width=&#8221;100%&#8221; custom_margin=&#8221;|auto|-19px|auto||&#8221; custom_padding=&#8221;||3px|||&#8221; disabled=&#8221;on&#8221; global_colors_info=&#8221;{}&#8221;][et_pb_column type=&#8221;4_4&#8243; _builder_version=&#8221;4.16&#8243; global_colors_info=&#8221;{}&#8221;][et_pb_image src=&#8221;https:\/\/m-acryl.hu\/kad-kisokos\/wp-content\/uploads\/2022\/03\/victory.jpeg&#8221; alt=&#8221;M-Acryl Victory szabadon \u00e1ll\u00f3 k\u00e1d&#8221; title_text=&#8221;victory&#8221; align=&#8221;center&#8221; _builder_version=&#8221;4.16&#8243; custom_margin=&#8221;||17px|||&#8221; global_colors_info=&#8221;{}&#8221;][\/et_pb_image][et_pb_text _builder_version=&#8221;4.16&#8243; text_font_size=&#8221;16px&#8221; width=&#8221;70%&#8221; width_tablet=&#8221;&#8221; width_phone=&#8221;90%&#8221; width_last_edited=&#8221;on|phone&#8221; module_alignment=&#8221;center&#8221; custom_margin=&#8221;1px||40px|||&#8221; global_colors_info=&#8221;{}&#8221;]<\/p>\n<div class=\"wp-block-spacer\" aria-hidden=\"true\">\n<p style=\"text-align: center;\"><span style=\"text-decoration: underline;\"><span style=\"color: #00ccff; text-decoration: underline;\"><strong><em><a style=\"color: #00ccff; text-decoration: underline;\" href=\"https:\/\/m-acryl.hu\/termekek\/szabadon-allo-kad\/victory-szabadon-allo-akril-kad\" target=\"_blank\" rel=\"noopener noreferrer\" aria-label=\"Linea aszimetrikus akril k\u00e1d (\u00faj f\u00fcl\u00f6n nyitja meg)\">Victory szabadon \u00e1ll\u00f3 akril k\u00e1d<\/a><\/em><\/strong><\/span><\/span><\/p>\n<\/div>\n<p>[\/et_pb_text][et_pb_image src=&#8221;https:\/\/m-acryl.hu\/kad-kisokos\/wp-content\/uploads\/2020\/07\/Frame-9-1.jpg&#8221; alt=&#8221;Linea aszimmetrikus akril k\u00e1d fel\u00fcln\u00e9zet&#8221; title_text=&#8221;Frame 9 (1)&#8221; align=&#8221;center&#8221; _builder_version=&#8221;4.16&#8243; width=&#8221;70%&#8221; width_tablet=&#8221;&#8221; width_phone=&#8221;90%&#8221; width_last_edited=&#8221;on|phone&#8221; global_colors_info=&#8221;{}&#8221;][\/et_pb_image][et_pb_divider color=&#8221;#a8a8a8&#8243; divider_weight=&#8221;4px&#8221; _builder_version=&#8221;4.16&#8243; width=&#8221;16%&#8221; module_alignment=&#8221;center&#8221; custom_margin=&#8221;55px||55px||true|false&#8221; global_colors_info=&#8221;{}&#8221;][\/et_pb_divider][\/et_pb_column][\/et_pb_row][et_pb_row disabled_on=&#8221;on|on|on&#8221; _builder_version=&#8221;4.24.0&#8243; width=&#8221;100%&#8221; custom_margin=&#8221;|auto|-19px|auto||&#8221; custom_padding=&#8221;||3px|||&#8221; disabled=&#8221;on&#8221; global_colors_info=&#8221;{}&#8221;][et_pb_column type=&#8221;4_4&#8243; _builder_version=&#8221;4.16&#8243; global_colors_info=&#8221;{}&#8221;][et_pb_image src=&#8221;https:\/\/m-acryl.hu\/kad-kisokos\/wp-content\/uploads\/2021\/08\/Belle-enterio\u030brke\u0301p-M-Acryl-1-scaled.jpg&#8221; alt=&#8221;M-Acryl Belle szabadon \u00e1ll\u00f3 k\u00e1d&#8221; title_text=&#8221;Belle enterio\u030brke\u0301p M-Acryl (1)&#8221; align=&#8221;center&#8221; _builder_version=&#8221;4.16&#8243; custom_margin=&#8221;||17px|||&#8221; global_colors_info=&#8221;{}&#8221;][\/et_pb_image][et_pb_text _builder_version=&#8221;4.16&#8243; text_font_size=&#8221;16px&#8221; width=&#8221;70%&#8221; width_tablet=&#8221;&#8221; width_phone=&#8221;90%&#8221; width_last_edited=&#8221;on|phone&#8221; module_alignment=&#8221;center&#8221; custom_margin=&#8221;1px||40px|||&#8221; global_colors_info=&#8221;{}&#8221;]<\/p>\n<div class=\"wp-block-spacer\" aria-hidden=\"true\">\n<p style=\"text-align: center;\"><span style=\"text-decoration: underline;\"><span style=\"color: #00ccff; text-decoration: underline;\"><strong><em><a style=\"color: #00ccff; text-decoration: underline;\" href=\"https:\/\/m-acryl.hu\/termekek\/szabadon-allo-kad\/belle-szabadon-allo-akril-kad\" target=\"_blank\" rel=\"noopener noreferrer\" aria-label=\"Linea aszimetrikus akril k\u00e1d (\u00faj f\u00fcl\u00f6n nyitja meg)\">Belle szabadon \u00e1ll\u00f3 akril k\u00e1d<\/a><\/em><\/strong><\/span><\/span><\/p>\n<\/div>\n<p>[\/et_pb_text][et_pb_image src=&#8221;https:\/\/m-acryl.hu\/kad-kisokos\/wp-content\/uploads\/2020\/07\/Frame-9-2.jpg&#8221; alt=&#8221;Linea aszimmetrikus akril k\u00e1d fel\u00fcln\u00e9zet&#8221; title_text=&#8221;Frame 9 (2)&#8221; align=&#8221;center&#8221; _builder_version=&#8221;4.16&#8243; width=&#8221;70%&#8221; width_tablet=&#8221;&#8221; width_phone=&#8221;90%&#8221; width_last_edited=&#8221;on|phone&#8221; global_colors_info=&#8221;{}&#8221;][\/et_pb_image][et_pb_divider color=&#8221;#a8a8a8&#8243; divider_weight=&#8221;4px&#8221; _builder_version=&#8221;4.16&#8243; width=&#8221;16%&#8221; module_alignment=&#8221;center&#8221; custom_margin=&#8221;55px||55px||true|false&#8221; global_colors_info=&#8221;{}&#8221;][\/et_pb_divider][\/et_pb_column][\/et_pb_row][et_pb_row _builder_version=&#8221;4.16&#8243; width=&#8221;70%&#8221; width_tablet=&#8221;&#8221; width_phone=&#8221;90%&#8221; width_last_edited=&#8221;on|phone&#8221; min_height=&#8221;204px&#8221; custom_margin=&#8221;1px|auto|0px|auto|false|&#8221; custom_padding=&#8221;42px|||||&#8221; global_colors_info=&#8221;{}&#8221;][et_pb_column type=&#8221;4_4&#8243; _builder_version=&#8221;4.16&#8243; global_colors_info=&#8221;{}&#8221;][et_pb_text _builder_version=&#8221;4.16&#8243; text_font_size=&#8221;16px&#8221; custom_margin=&#8221;1px|||||&#8221; global_colors_info=&#8221;{}&#8221;]<\/p>\n<div class=\"wp-block-spacer\" aria-hidden=\"true\">\n<h2 style=\"text-align: left;\">K\u00fcl\u00f6nleges k\u00e1dak<\/h2>\n<p style=\"text-align: left;\">Nagy ter\u0171 f\u00fcrd\u0151szob\u00e1kba, f\u00fcrd\u0151z\u00e9st kedvel\u0151knek, \u00e9s k\u00f6z\u00f6s f\u00fcrd\u0151z\u00e9shez aj\u00e1nljuk. A <a href=\"https:\/\/m-acryl.hu\/kulonleges-kad\" target=\"_blank\" rel=\"noopener noreferrer\"><span style=\"text-decoration: underline;\"><span style=\"color: #00ccff; text-decoration: underline;\"><strong>k\u00fcl\u00f6nleges k\u00e1dakat<\/strong><\/span><\/span><\/a> t\u00f6k\u00e9letesen alkalmasak a k\u00e9nyelmes k\u00f6z\u00f6s f\u00fcrd\u0151z\u00e9shez: Mindenki m\u00e1s\u00e9rt kedveli a k\u00f6z\u00f6s k\u00e1df\u00fcrd\u0151t. A gyertyaf\u00e9nyes, romantikus habf\u00fcrd\u0151 a p\u00e1rok v\u00e1gyott kikapcsol\u00f3d\u00e1sa, m\u00edg a kisgyerekes csal\u00e1dokban a mindennapi f\u00fcrdet\u00e9st k\u00f6nny\u00edti meg a sz\u00fcl\u0151k sz\u00e1m\u00e1ra, ha a hasonl\u00f3 kor\u00fa lurk\u00f3k vagy az ikrek egy\u00fctt lubickolhatnak.<\/p>\n<\/div>\n<p>[\/et_pb_text][\/et_pb_column][\/et_pb_row][et_pb_row _builder_version=&#8221;4.16&#8243; width=&#8221;100%&#8221; custom_margin=&#8221;|auto|-19px|auto||&#8221; custom_padding=&#8221;40px||3px|||&#8221; global_colors_info=&#8221;{}&#8221;][et_pb_column type=&#8221;4_4&#8243; _builder_version=&#8221;4.16&#8243; global_colors_info=&#8221;{}&#8221;][et_pb_image src=&#8221;https:\/\/m-acryl.hu\/kad-kisokos\/wp-content\/uploads\/2020\/04\/Oval.jpg&#8221; alt=&#8221;M-Acryl Belle szabadon \u00e1ll\u00f3 k\u00e1d&#8221; title_text=&#8221;Oval&#8221; align=&#8221;center&#8221; _builder_version=&#8221;4.16&#8243; custom_margin=&#8221;||17px|||&#8221; global_colors_info=&#8221;{}&#8221;][\/et_pb_image][et_pb_text _builder_version=&#8221;4.16&#8243; text_font_size=&#8221;16px&#8221; width=&#8221;70%&#8221; width_tablet=&#8221;&#8221; width_phone=&#8221;90%&#8221; width_last_edited=&#8221;on|phone&#8221; module_alignment=&#8221;center&#8221; custom_margin=&#8221;1px||40px|||&#8221; global_colors_info=&#8221;{}&#8221;]<\/p>\n<div class=\"wp-block-spacer\" aria-hidden=\"true\">\n<p style=\"text-align: center;\"><span style=\"text-decoration: underline;\"><span style=\"color: #00ccff; text-decoration: underline;\"><strong><em><a style=\"color: #00ccff; text-decoration: underline;\" href=\"https:\/\/m-acryl.hu\/termekek\/oval-kulonleges-akril-kad\" target=\"_blank\" rel=\"noopener noreferrer\" aria-label=\"Linea aszimetrikus akril k\u00e1d (\u00faj f\u00fcl\u00f6n nyitja meg)\">Oval k\u00fcl\u00f6nleges akril k\u00e1d<\/a><\/em><\/strong><\/span><\/span><\/p>\n<\/div>\n<p>[\/et_pb_text][et_pb_image src=&#8221;https:\/\/m-acryl.hu\/kad-kisokos\/wp-content\/uploads\/2020\/04\/Oval-fel\u00fcln\u00e9zeti.jpg&#8221; alt=&#8221;Linea aszimmetrikus akril k\u00e1d fel\u00fcln\u00e9zet&#8221; title_text=&#8221;Oval fel\u00fcln\u00e9zeti&#8221; align=&#8221;center&#8221; _builder_version=&#8221;4.16&#8243; width=&#8221;70%&#8221; width_tablet=&#8221;&#8221; width_phone=&#8221;90%&#8221; width_last_edited=&#8221;on|phone&#8221; global_colors_info=&#8221;{}&#8221;][\/et_pb_image][et_pb_divider color=&#8221;#a8a8a8&#8243; divider_weight=&#8221;4px&#8221; _builder_version=&#8221;4.16&#8243; width=&#8221;16%&#8221; module_alignment=&#8221;center&#8221; custom_margin=&#8221;55px||55px||true|false&#8221; global_colors_info=&#8221;{}&#8221;][\/et_pb_divider][\/et_pb_column][\/et_pb_row][et_pb_row _builder_version=&#8221;4.16&#8243; width=&#8221;100%&#8221; custom_margin=&#8221;|auto|-19px|auto||&#8221; custom_padding=&#8221;40px||3px|||&#8221; global_colors_info=&#8221;{}&#8221;][et_pb_column type=&#8221;4_4&#8243; _builder_version=&#8221;4.16&#8243; global_colors_info=&#8221;{}&#8221;][et_pb_image src=&#8221;https:\/\/m-acryl.hu\/kad-kisokos\/wp-content\/uploads\/2020\/02\/He\u0301ra.jpg&#8221; alt=&#8221;M-Acryl H\u00e9ra k\u00fcl\u00f6nleges k\u00e1d ajt\u00f3val&#8221; title_text=&#8221;M-Acryl H\u00e9ra k\u00fcl\u00f6nleges k\u00e1d ajt\u00f3val&#8221; align=&#8221;center&#8221; _builder_version=&#8221;4.16&#8243; custom_margin=&#8221;||17px|||&#8221; global_colors_info=&#8221;{}&#8221;][\/et_pb_image][et_pb_text _builder_version=&#8221;4.16&#8243; text_font_size=&#8221;16px&#8221; width=&#8221;70%&#8221; width_tablet=&#8221;&#8221; width_phone=&#8221;90%&#8221; width_last_edited=&#8221;on|phone&#8221; module_alignment=&#8221;center&#8221; custom_margin=&#8221;1px||40px|||&#8221; global_colors_info=&#8221;{}&#8221;]<\/p>\n<div class=\"wp-block-spacer\" aria-hidden=\"true\">\n<p style=\"text-align: center;\"><span style=\"text-decoration: underline;\"><span style=\"color: #00ccff; text-decoration: underline;\"><strong><em><a style=\"color: #00ccff; text-decoration: underline;\" href=\"https:\/\/m-acryl.hu\/termekek\/kulonleges-kad\/hera-akadalymentesitett-besetalos-akril-kad\" target=\"_blank\" rel=\"noopener noreferrer\" aria-label=\"Linea aszimetrikus akril k\u00e1d (\u00faj f\u00fcl\u00f6n nyitja meg)\">H\u00e9ra akad\u00e1lymentes\u00edtett bes\u00e9t\u00e1l\u00f3s akril k\u00e1d<\/a><\/em><\/strong><\/span><\/span><\/p>\n<\/div>\n<p>[\/et_pb_text][et_pb_image src=&#8221;https:\/\/m-acryl.hu\/kad-kisokos\/wp-content\/uploads\/2020\/07\/image-18.jpg&#8221; alt=&#8221;Linea aszimmetrikus akril k\u00e1d fel\u00fcln\u00e9zet&#8221; title_text=&#8221;image 18&#8243; align=&#8221;center&#8221; _builder_version=&#8221;4.16&#8243; width=&#8221;70%&#8221; width_tablet=&#8221;&#8221; width_phone=&#8221;90%&#8221; width_last_edited=&#8221;on|phone&#8221; global_colors_info=&#8221;{}&#8221;][\/et_pb_image][et_pb_button button_url=&#8221;https:\/\/m-acryl.hu\/kad-kisokos\/ne-mondjon-le-a-furdes-elmenyerol-valasszon-inkabb-akadalymentes-kadat\/&#8221; url_new_window=&#8221;on&#8221; button_text=&#8221;B\u0151vebb inform\u00e1ci\u00f3k a H\u00e9ra akad\u00e1lymentes f\u00fcrd\u0151k\u00e1dr\u00f3l&#8221; button_alignment=&#8221;center&#8221; _builder_version=&#8221;4.16&#8243; _module_preset=&#8221;default&#8221; custom_button=&#8221;on&#8221; button_text_color=&#8221;#FFFFFF&#8221; button_bg_color=&#8221;gcid-7bdd6664-54d9-4437-aed1-01a6ee23604c&#8221; custom_margin=&#8221;5%|25%||25%|false|false&#8221; global_colors_info=&#8221;{%22gcid-7bdd6664-54d9-4437-aed1-01a6ee23604c%22:%91%22button_bg_color%22%93}&#8221;][\/et_pb_button][et_pb_divider color=&#8221;#a8a8a8&#8243; divider_weight=&#8221;4px&#8221; _builder_version=&#8221;4.16&#8243; width=&#8221;16%&#8221; module_alignment=&#8221;center&#8221; custom_margin=&#8221;55px||55px||true|false&#8221; global_colors_info=&#8221;{}&#8221;][\/et_pb_divider][\/et_pb_column][\/et_pb_row][et_pb_row _builder_version=&#8221;4.16&#8243; width=&#8221;100%&#8221; custom_margin=&#8221;|auto|-19px|auto||&#8221; custom_padding=&#8221;40px||3px|||&#8221; global_colors_info=&#8221;{}&#8221;][et_pb_column type=&#8221;4_4&#8243; _builder_version=&#8221;4.16&#8243; global_colors_info=&#8221;{}&#8221;][et_pb_image src=&#8221;https:\/\/m-acryl.hu\/kad-kisokos\/wp-content\/uploads\/2020\/02\/grande.jpg&#8221; alt=&#8221;M-Acryl Grande k\u00fcl\u00f6nleges f\u00fcrd\u0151k\u00e1d&#8221; title_text=&#8221;M-Acryl Grande k\u00fcl\u00f6nleges f\u00fcrd\u0151k\u00e1d&#8221; align=&#8221;center&#8221; _builder_version=&#8221;4.16&#8243; custom_margin=&#8221;||17px|||&#8221; global_colors_info=&#8221;{}&#8221;][\/et_pb_image][et_pb_text _builder_version=&#8221;4.16&#8243; text_font_size=&#8221;16px&#8221; width=&#8221;70%&#8221; width_tablet=&#8221;&#8221; width_phone=&#8221;90%&#8221; width_last_edited=&#8221;on|phone&#8221; module_alignment=&#8221;center&#8221; custom_margin=&#8221;1px||40px|||&#8221; global_colors_info=&#8221;{}&#8221;]<\/p>\n<div class=\"wp-block-spacer\" aria-hidden=\"true\">\n<p style=\"text-align: center;\"><span style=\"text-decoration: underline;\"><span style=\"color: #00ccff; text-decoration: underline;\"><strong><em><a style=\"color: #00ccff; text-decoration: underline;\" href=\"https:\/\/m-acryl.hu\/termekek\/grande-kulonleges-akril-kad\" target=\"_blank\" rel=\"noopener noreferrer\" aria-label=\"Linea aszimetrikus akril k\u00e1d (\u00faj f\u00fcl\u00f6n nyitja meg)\">Grande k\u00fcl\u00f6nleges akril k\u00e1d<\/a><\/em><\/strong><\/span><\/span><\/p>\n<\/div>\n<p>[\/et_pb_text][et_pb_image src=&#8221;https:\/\/m-acryl.hu\/kad-kisokos\/wp-content\/uploads\/2020\/02\/Lecke-GFXGrande-akril-ka\u0301d.jpg&#8221; alt=&#8221;M-Acryl Grande k\u00fcl\u00f6nleges akril f\u00fcrd\u0151k\u00e1d&#8221; title_text=&#8221;M-Acryl Grande k\u00fcl\u00f6nleges akril f\u00fcrd\u0151k\u00e1d&#8221; align=&#8221;center&#8221; _builder_version=&#8221;4.16&#8243; width=&#8221;70%&#8221; width_tablet=&#8221;&#8221; width_phone=&#8221;90%&#8221; width_last_edited=&#8221;on|phone&#8221; global_colors_info=&#8221;{}&#8221;][\/et_pb_image][et_pb_divider color=&#8221;#a8a8a8&#8243; divider_weight=&#8221;4px&#8221; _builder_version=&#8221;4.16&#8243; width=&#8221;16%&#8221; module_alignment=&#8221;center&#8221; custom_margin=&#8221;55px||55px||true|false&#8221; global_colors_info=&#8221;{}&#8221;][\/et_pb_divider][\/et_pb_column][\/et_pb_row][et_pb_row _builder_version=&#8221;4.16&#8243; width=&#8221;100%&#8221; custom_margin=&#8221;|auto|-19px|auto||&#8221; custom_padding=&#8221;40px||3px|||&#8221; global_colors_info=&#8221;{}&#8221;][et_pb_column type=&#8221;4_4&#8243; _builder_version=&#8221;4.16&#8243; global_colors_info=&#8221;{}&#8221;][et_pb_image src=&#8221;https:\/\/m-acryl.hu\/kad-kisokos\/wp-content\/uploads\/2020\/02\/Trinity_enterio\u030br.jpg&#8221; alt=&#8221;M-Acryl Trinity k\u00fcl\u00f6nleges k\u00e1d&#8221; title_text=&#8221;M-Acryl Trinity k\u00fcl\u00f6nleges k\u00e1d&#8221; align=&#8221;center&#8221; _builder_version=&#8221;4.16&#8243; custom_margin=&#8221;||17px|||&#8221; global_colors_info=&#8221;{}&#8221;][\/et_pb_image][et_pb_text _builder_version=&#8221;4.16&#8243; text_font_size=&#8221;16px&#8221; width=&#8221;70%&#8221; width_tablet=&#8221;&#8221; width_phone=&#8221;90%&#8221; width_last_edited=&#8221;on|phone&#8221; module_alignment=&#8221;center&#8221; custom_margin=&#8221;1px||40px|||&#8221; global_colors_info=&#8221;{}&#8221;]<\/p>\n<div class=\"wp-block-spacer\" aria-hidden=\"true\">\n<p style=\"text-align: center;\"><span style=\"text-decoration: underline;\"><span style=\"color: #00ccff; text-decoration: underline;\"><strong><em><a style=\"color: #00ccff; text-decoration: underline;\" href=\"https:\/\/m-acryl.hu\/termekek\/trinity-kulonleges-akril-kad\" target=\"_blank\" rel=\"noopener noreferrer\" aria-label=\"Linea aszimetrikus akril k\u00e1d (\u00faj f\u00fcl\u00f6n nyitja meg)\">Trinity k\u00fcl\u00f6nleges akril k\u00e1d<\/a><\/em><\/strong><\/span><\/span><\/p>\n<\/div>\n<p>[\/et_pb_text][et_pb_image src=&#8221;https:\/\/m-acryl.hu\/kad-kisokos\/wp-content\/uploads\/2020\/08\/83-9720.jpg&#8221; alt=&#8221;M-Acryl Grande k\u00fcl\u00f6nleges akril f\u00fcrd\u0151k\u00e1d&#8221; title_text=&#8221;83-9720&#8243; align=&#8221;center&#8221; _builder_version=&#8221;4.16&#8243; width=&#8221;70%&#8221; width_tablet=&#8221;&#8221; width_phone=&#8221;90%&#8221; width_last_edited=&#8221;on|phone&#8221; global_colors_info=&#8221;{}&#8221;][\/et_pb_image][et_pb_divider color=&#8221;#a8a8a8&#8243; divider_weight=&#8221;4px&#8221; _builder_version=&#8221;4.16&#8243; width=&#8221;16%&#8221; module_alignment=&#8221;center&#8221; custom_margin=&#8221;55px||55px||true|false&#8221; global_colors_info=&#8221;{}&#8221;][\/et_pb_divider][\/et_pb_column][\/et_pb_row][\/et_pb_section][et_pb_section fb_built=&#8221;1&#8243; _builder_version=&#8221;4.3.2&#8243; background_color=&#8221;#f0f0f0&#8243; custom_margin=&#8221;||0px|||&#8221; custom_padding=&#8221;9px||1px|||&#8221; top_divider_height=&#8221;25px&#8221; border_width_all=&#8221;23px&#8221; border_color_all=&#8221;#e2e2e2&#8243; global_module=&#8221;1048&#8243; collapsed=&#8221;on&#8221; global_colors_info=&#8221;{}&#8221;][et_pb_row _builder_version=&#8221;4.16&#8243; width=&#8221;70%&#8221; width_tablet=&#8221;&#8221; width_phone=&#8221;90%&#8221; width_last_edited=&#8221;on|phone&#8221; min_height=&#8221;636px&#8221; custom_margin=&#8221;40px|auto||auto||&#8221; global_colors_info=&#8221;{}&#8221;][et_pb_column type=&#8221;4_4&#8243; _builder_version=&#8221;4.16&#8243; global_colors_info=&#8221;{}&#8221;][et_pb_blurb use_icon=&#8221;on&#8221; font_icon=&#8221;&#xe010;||divi||400&#8243; icon_color=&#8221;#c5d300&#8243; image_icon_width=&#8221;108px&#8221; content_max_width=&#8221;687px&#8221; _builder_version=&#8221;4.16&#8243; header_level=&#8221;h2&#8243; body_text_color=&#8221;#424242&#8243; body_font_size=&#8221;17px&#8221; custom_margin=&#8221;|0px|0px|0px|false|false&#8221; custom_padding=&#8221;|0px||0px|false|false&#8221; icon_font_size=&#8221;108px&#8221; global_colors_info=&#8221;{}&#8221;][\/et_pb_blurb][et_pb_text _builder_version=&#8221;4.16&#8243; header_text_align=&#8221;center&#8221; custom_margin=&#8221;6px||6px||true|false&#8221; global_colors_info=&#8221;{}&#8221;]<\/p>\n<h2 style=\"text-align: center;\">Cikksorozatunk tov\u00e1bbi r\u00e9szei is v\u00e1rj\u00e1k \u00f6nt.<\/h2>\n<p>[\/et_pb_text][et_pb_text _builder_version=&#8221;4.16&#8243; text_text_color=&#8221;#FFFFFF&#8221; text_font_size=&#8221;17px&#8221; text_line_height=&#8221;1.6em&#8221; custom_padding=&#8221;||2px|||&#8221; global_colors_info=&#8221;{}&#8221;]<\/p>\n<p style=\"text-align: center;\"><span style=\"color: #333333;\">K\u00e9rje tov\u00e1bbi inspir\u00e1l\u00f3 \u00e9s szak\u00e9rt\u0151i cikkeinket a f\u00fcrd\u0151k\u00e1d t\u00e9m\u00e1ban. Adja meg e-mail c\u00edm\u00e9t, hogy tov\u00e1bbi hasznos tartalmakat k\u00fcldhess\u00fcnk \u00d6nnek.<br \/> <\/span><\/p>\n<p>[\/et_pb_text][et_pb_code _builder_version=&#8221;4.16&#8243; background_color=&#8221;rgba(0,0,0,0)&#8221; custom_padding=&#8221;||0px|||&#8221; animation_style=&#8221;fade&#8221; global_colors_info=&#8221;{}&#8221;]<\/p>\n<div id=\"mmform201115\" class=\"mmform\" style=\"position:relative;padding-bottom:300px;height:0;overflow:hidden;max-width:100%;\"><\/div>\n<p><!-- [et_pb_line_break_holder] --><script type=\"text\/javascript\"><!-- [et_pb_line_break_holder] -->var uniqueId = 2011151587117327,listId = 104491,formId = 201115,iwidth=115,mmDomain='salesautopilot.s3.amazonaws.com',secondMMDomain='sw.marketingszoftverek.hu',spancont=false,secure=('https:' == document.location.protocol)?true:false;<!-- [et_pb_line_break_holder] --><\/script><!-- [et_pb_line_break_holder] --><script type=\"text\/javascript\" src=\"https:\/\/d1ursyhqs5x9h1.cloudfront.net\/sw\/scripts\/mm-embed-iframe-1.15.min.js\"><\/script>[\/et_pb_code][\/et_pb_column][\/et_pb_row][\/et_pb_section]<\/p>\n","protected":false},"excerpt":{"rendered":"<p>Hossz\u00fa id\u0151n kereszt\u00fcl azt gondoltuk, hogy egy k\u00e1d egyenes \u00e9s k\u00e9sz. Azt\u00e1n be\u00e9rkeztek haz\u00e1nkba is a k\u00fcl\u00f6nf\u00e9le tov\u00e1bbfejlesztett \u00e9s \u201emegbolond\u00edtott\u201d k\u00e1dfazonok, \u00e9s eg\u00e9szen h\u00e1tt\u00e9rbe tolt\u00e1k a legalapvet\u0151bb k\u00e1dform\u00e1t, amely uralta a piacot \u00e9vsz\u00e1zadokon \u00e1t.<\/p>\n","protected":false},"author":1,"featured_media":3389,"comment_status":"open","ping_status":"open","sticky":false,"template":"","format":"standard","meta":{"_et_pb_use_builder":"on","_et_pb_old_content":"","_et_gb_content_width":"","footnotes":""},"categories":[1],"tags":[53,93,33,52,51,92,94,85,91,44],"class_list":["post-3460","post","type-post","status-publish","format-standard","has-post-thumbnail","hentry","category-egyeb","tag-akril-furdokad","tag-aszimmetrikus-furdokad","tag-egyenes-kad","tag-furdokad","tag-kad","tag-kadtipus","tag-kulonleges-kad","tag-m-acryl-furdokad","tag-m-acryl-kad","tag-sarokkad","et-has-post-format-content","et_post_format-et-post-format-standard"],"yoast_head":"<!-- This site is optimized with the Yoast SEO plugin v26.6 - https:\/\/yoast.com\/wordpress\/plugins\/seo\/ -->\n<title>Mindent a k\u00e1dt\u00edpusokr\u00f3l: egyenes, sarok, aszimmetrikus, szabadon \u00e1ll\u00f3, k\u00fcl\u00f6nleges - K\u00e1d kisokos<\/title>\n<meta name=\"description\" content=\"Hossz\u00fa id\u0151n kereszt\u00fcl azt gondoltuk, hogy egy k\u00e1d egyenes \u00e9s k\u00e9sz. Azt\u00e1n be\u00e9rkeztek haz\u00e1nkba is a k\u00fcl\u00f6nf\u00e9le tov\u00e1bbfejlesztett \u00e9s \u201emegbolond\u00edtott\u201d k\u00e1dt\u00edpusok, \u00e9s eg\u00e9szen h\u00e1tt\u00e9rbe tolt\u00e1k a legalapvet\u0151bb k\u00e1dform\u00e1t az egyenes k\u00e1dat.\" \/>\n<meta name=\"robots\" content=\"index, follow, max-snippet:-1, max-image-preview:large, max-video-preview:-1\" \/>\n<link rel=\"canonical\" href=\"https:\/\/m-acryl.hu\/kad-kisokos\/mindent-a-kad-tipusokrol-egyenes-sarok-aszimmetrikus-szabadon-allo-kulonleges\/\" \/>\n<meta property=\"og:locale\" content=\"hu_HU\" \/>\n<meta property=\"og:type\" content=\"article\" \/>\n<meta property=\"og:title\" content=\"Mindent a k\u00e1dt\u00edpusokr\u00f3l\" \/>\n<meta property=\"og:description\" content=\"Hossz\u00fa id\u0151n kereszt\u00fcl azt gondoltuk, hogy egy k\u00e1d egyenes \u00e9s k\u00e9sz. Azt\u00e1n be\u00e9rkeztek haz\u00e1nkba is a k\u00fcl\u00f6nf\u00e9le tov\u00e1bbfejlesztett \u00e9s \u201emegbolond\u00edtott\u201d k\u00e1dt\u00edpusok, \u00e9s eg\u00e9szen h\u00e1tt\u00e9rbe tolt\u00e1k a legalapvet\u0151bb k\u00e1dform\u00e1t az egyenes k\u00e1dat.\" \/>\n<meta property=\"og:url\" content=\"https:\/\/m-acryl.hu\/kad-kisokos\/mindent-a-kad-tipusokrol-egyenes-sarok-aszimmetrikus-szabadon-allo-kulonleges\/\" \/>\n<meta property=\"og:site_name\" content=\"K\u00e1d kisokos\" \/>\n<meta property=\"article:published_time\" content=\"2020-12-23T11:22:00+00:00\" \/>\n<meta property=\"article:modified_time\" content=\"2026-04-24T12:31:26+00:00\" \/>\n<meta property=\"og:image\" content=\"https:\/\/m-acryl.hu\/kad-kisokos\/wp-content\/uploads\/2020\/08\/61-5410.jpg\" \/>\n\t<meta property=\"og:image:width\" content=\"990\" \/>\n\t<meta property=\"og:image:height\" content=\"675\" \/>\n\t<meta property=\"og:image:type\" content=\"image\/jpeg\" \/>\n<meta name=\"author\" content=\"metahungary\" \/>\n<meta name=\"twitter:card\" content=\"summary_large_image\" \/>\n<meta name=\"twitter:label1\" content=\"Szerz\u0151:\" \/>\n\t<meta name=\"twitter:data1\" content=\"metahungary\" \/>\n\t<meta name=\"twitter:label2\" content=\"Becs\u00fclt olvas\u00e1si id\u0151\" \/>\n\t<meta name=\"twitter:data2\" content=\"11 perc\" \/>\n<script type=\"application\/ld+json\" class=\"yoast-schema-graph\">{\"@context\":\"https:\/\/schema.org\",\"@graph\":[{\"@type\":\"WebPage\",\"@id\":\"https:\/\/m-acryl.hu\/kad-kisokos\/mindent-a-kad-tipusokrol-egyenes-sarok-aszimmetrikus-szabadon-allo-kulonleges\/\",\"url\":\"https:\/\/m-acryl.hu\/kad-kisokos\/mindent-a-kad-tipusokrol-egyenes-sarok-aszimmetrikus-szabadon-allo-kulonleges\/\",\"name\":\"Mindent a k\u00e1dt\u00edpusokr\u00f3l: egyenes, sarok, aszimmetrikus, szabadon \u00e1ll\u00f3, k\u00fcl\u00f6nleges - K\u00e1d kisokos\",\"isPartOf\":{\"@id\":\"https:\/\/m-acryl.hu\/kad-kisokos\/#website\"},\"primaryImageOfPage\":{\"@id\":\"https:\/\/m-acryl.hu\/kad-kisokos\/mindent-a-kad-tipusokrol-egyenes-sarok-aszimmetrikus-szabadon-allo-kulonleges\/#primaryimage\"},\"image\":{\"@id\":\"https:\/\/m-acryl.hu\/kad-kisokos\/mindent-a-kad-tipusokrol-egyenes-sarok-aszimmetrikus-szabadon-allo-kulonleges\/#primaryimage\"},\"thumbnailUrl\":\"https:\/\/m-acryl.hu\/kad-kisokos\/wp-content\/uploads\/2020\/08\/61-5410.jpg\",\"datePublished\":\"2020-12-23T11:22:00+00:00\",\"dateModified\":\"2026-04-24T12:31:26+00:00\",\"author\":{\"@id\":\"https:\/\/m-acryl.hu\/kad-kisokos\/#\/schema\/person\/17544c545a9b450c6aade5e58b0e1700\"},\"description\":\"Hossz\u00fa id\u0151n kereszt\u00fcl azt gondoltuk, hogy egy k\u00e1d egyenes \u00e9s k\u00e9sz. Azt\u00e1n be\u00e9rkeztek haz\u00e1nkba is a k\u00fcl\u00f6nf\u00e9le tov\u00e1bbfejlesztett \u00e9s \u201emegbolond\u00edtott\u201d k\u00e1dt\u00edpusok, \u00e9s eg\u00e9szen h\u00e1tt\u00e9rbe tolt\u00e1k a legalapvet\u0151bb k\u00e1dform\u00e1t az egyenes k\u00e1dat.\",\"breadcrumb\":{\"@id\":\"https:\/\/m-acryl.hu\/kad-kisokos\/mindent-a-kad-tipusokrol-egyenes-sarok-aszimmetrikus-szabadon-allo-kulonleges\/#breadcrumb\"},\"inLanguage\":\"hu\",\"potentialAction\":[{\"@type\":\"ReadAction\",\"target\":[\"https:\/\/m-acryl.hu\/kad-kisokos\/mindent-a-kad-tipusokrol-egyenes-sarok-aszimmetrikus-szabadon-allo-kulonleges\/\"]}]},{\"@type\":\"ImageObject\",\"inLanguage\":\"hu\",\"@id\":\"https:\/\/m-acryl.hu\/kad-kisokos\/mindent-a-kad-tipusokrol-egyenes-sarok-aszimmetrikus-szabadon-allo-kulonleges\/#primaryimage\",\"url\":\"https:\/\/m-acryl.hu\/kad-kisokos\/wp-content\/uploads\/2020\/08\/61-5410.jpg\",\"contentUrl\":\"https:\/\/m-acryl.hu\/kad-kisokos\/wp-content\/uploads\/2020\/08\/61-5410.jpg\",\"width\":990,\"height\":675,\"caption\":\"Nora egyenes akril k\u00e1d\"},{\"@type\":\"BreadcrumbList\",\"@id\":\"https:\/\/m-acryl.hu\/kad-kisokos\/mindent-a-kad-tipusokrol-egyenes-sarok-aszimmetrikus-szabadon-allo-kulonleges\/#breadcrumb\",\"itemListElement\":[{\"@type\":\"ListItem\",\"position\":1,\"name\":\"Home\",\"item\":\"https:\/\/m-acryl.hu\/kad-kisokos\/\"},{\"@type\":\"ListItem\",\"position\":2,\"name\":\"Mindent a k\u00e1dt\u00edpusokr\u00f3l: egyenes, sarok, aszimmetrikus, szabadon \u00e1ll\u00f3, k\u00fcl\u00f6nleges\"}]},{\"@type\":\"WebSite\",\"@id\":\"https:\/\/m-acryl.hu\/kad-kisokos\/#website\",\"url\":\"https:\/\/m-acryl.hu\/kad-kisokos\/\",\"name\":\"K\u00e1d kisokos\",\"description\":\"Az M-Acryl f\u00fcrd\u0151k\u00e1dakr\u00f3l k\u00f6z\u00e9rthet\u0151en\",\"potentialAction\":[{\"@type\":\"SearchAction\",\"target\":{\"@type\":\"EntryPoint\",\"urlTemplate\":\"https:\/\/m-acryl.hu\/kad-kisokos\/?s={search_term_string}\"},\"query-input\":{\"@type\":\"PropertyValueSpecification\",\"valueRequired\":true,\"valueName\":\"search_term_string\"}}],\"inLanguage\":\"hu\"},{\"@type\":\"Person\",\"@id\":\"https:\/\/m-acryl.hu\/kad-kisokos\/#\/schema\/person\/17544c545a9b450c6aade5e58b0e1700\",\"name\":\"metahungary\",\"image\":{\"@type\":\"ImageObject\",\"inLanguage\":\"hu\",\"@id\":\"https:\/\/m-acryl.hu\/kad-kisokos\/#\/schema\/person\/image\/\",\"url\":\"https:\/\/secure.gravatar.com\/avatar\/f804db3b8567df5c29e03af0eefc22e8f91dc30e19a94cd163269611c484507f?s=96&d=mm&r=g\",\"contentUrl\":\"https:\/\/secure.gravatar.com\/avatar\/f804db3b8567df5c29e03af0eefc22e8f91dc30e19a94cd163269611c484507f?s=96&d=mm&r=g\",\"caption\":\"metahungary\"},\"url\":\"https:\/\/m-acryl.hu\/kad-kisokos\/author\/metahungary\/\"}]}<\/script>\n<!-- \/ Yoast SEO plugin. -->","yoast_head_json":{"title":"Mindent a k\u00e1dt\u00edpusokr\u00f3l: egyenes, sarok, aszimmetrikus, szabadon \u00e1ll\u00f3, k\u00fcl\u00f6nleges - K\u00e1d kisokos","description":"Hossz\u00fa id\u0151n kereszt\u00fcl azt gondoltuk, hogy egy k\u00e1d egyenes \u00e9s k\u00e9sz. Azt\u00e1n be\u00e9rkeztek haz\u00e1nkba is a k\u00fcl\u00f6nf\u00e9le tov\u00e1bbfejlesztett \u00e9s \u201emegbolond\u00edtott\u201d k\u00e1dt\u00edpusok, \u00e9s eg\u00e9szen h\u00e1tt\u00e9rbe tolt\u00e1k a legalapvet\u0151bb k\u00e1dform\u00e1t az egyenes k\u00e1dat.","robots":{"index":"index","follow":"follow","max-snippet":"max-snippet:-1","max-image-preview":"max-image-preview:large","max-video-preview":"max-video-preview:-1"},"canonical":"https:\/\/m-acryl.hu\/kad-kisokos\/mindent-a-kad-tipusokrol-egyenes-sarok-aszimmetrikus-szabadon-allo-kulonleges\/","og_locale":"hu_HU","og_type":"article","og_title":"Mindent a k\u00e1dt\u00edpusokr\u00f3l","og_description":"Hossz\u00fa id\u0151n kereszt\u00fcl azt gondoltuk, hogy egy k\u00e1d egyenes \u00e9s k\u00e9sz. Azt\u00e1n be\u00e9rkeztek haz\u00e1nkba is a k\u00fcl\u00f6nf\u00e9le tov\u00e1bbfejlesztett \u00e9s \u201emegbolond\u00edtott\u201d k\u00e1dt\u00edpusok, \u00e9s eg\u00e9szen h\u00e1tt\u00e9rbe tolt\u00e1k a legalapvet\u0151bb k\u00e1dform\u00e1t az egyenes k\u00e1dat.","og_url":"https:\/\/m-acryl.hu\/kad-kisokos\/mindent-a-kad-tipusokrol-egyenes-sarok-aszimmetrikus-szabadon-allo-kulonleges\/","og_site_name":"K\u00e1d kisokos","article_published_time":"2020-12-23T11:22:00+00:00","article_modified_time":"2026-04-24T12:31:26+00:00","og_image":[{"width":990,"height":675,"url":"https:\/\/m-acryl.hu\/kad-kisokos\/wp-content\/uploads\/2020\/08\/61-5410.jpg","type":"image\/jpeg"}],"author":"metahungary","twitter_card":"summary_large_image","twitter_misc":{"Szerz\u0151:":"metahungary","Becs\u00fclt olvas\u00e1si id\u0151":"11 perc"},"schema":{"@context":"https:\/\/schema.org","@graph":[{"@type":"WebPage","@id":"https:\/\/m-acryl.hu\/kad-kisokos\/mindent-a-kad-tipusokrol-egyenes-sarok-aszimmetrikus-szabadon-allo-kulonleges\/","url":"https:\/\/m-acryl.hu\/kad-kisokos\/mindent-a-kad-tipusokrol-egyenes-sarok-aszimmetrikus-szabadon-allo-kulonleges\/","name":"Mindent a k\u00e1dt\u00edpusokr\u00f3l: egyenes, sarok, aszimmetrikus, szabadon \u00e1ll\u00f3, k\u00fcl\u00f6nleges - K\u00e1d kisokos","isPartOf":{"@id":"https:\/\/m-acryl.hu\/kad-kisokos\/#website"},"primaryImageOfPage":{"@id":"https:\/\/m-acryl.hu\/kad-kisokos\/mindent-a-kad-tipusokrol-egyenes-sarok-aszimmetrikus-szabadon-allo-kulonleges\/#primaryimage"},"image":{"@id":"https:\/\/m-acryl.hu\/kad-kisokos\/mindent-a-kad-tipusokrol-egyenes-sarok-aszimmetrikus-szabadon-allo-kulonleges\/#primaryimage"},"thumbnailUrl":"https:\/\/m-acryl.hu\/kad-kisokos\/wp-content\/uploads\/2020\/08\/61-5410.jpg","datePublished":"2020-12-23T11:22:00+00:00","dateModified":"2026-04-24T12:31:26+00:00","author":{"@id":"https:\/\/m-acryl.hu\/kad-kisokos\/#\/schema\/person\/17544c545a9b450c6aade5e58b0e1700"},"description":"Hossz\u00fa id\u0151n kereszt\u00fcl azt gondoltuk, hogy egy k\u00e1d egyenes \u00e9s k\u00e9sz. Azt\u00e1n be\u00e9rkeztek haz\u00e1nkba is a k\u00fcl\u00f6nf\u00e9le tov\u00e1bbfejlesztett \u00e9s \u201emegbolond\u00edtott\u201d k\u00e1dt\u00edpusok, \u00e9s eg\u00e9szen h\u00e1tt\u00e9rbe tolt\u00e1k a legalapvet\u0151bb k\u00e1dform\u00e1t az egyenes k\u00e1dat.","breadcrumb":{"@id":"https:\/\/m-acryl.hu\/kad-kisokos\/mindent-a-kad-tipusokrol-egyenes-sarok-aszimmetrikus-szabadon-allo-kulonleges\/#breadcrumb"},"inLanguage":"hu","potentialAction":[{"@type":"ReadAction","target":["https:\/\/m-acryl.hu\/kad-kisokos\/mindent-a-kad-tipusokrol-egyenes-sarok-aszimmetrikus-szabadon-allo-kulonleges\/"]}]},{"@type":"ImageObject","inLanguage":"hu","@id":"https:\/\/m-acryl.hu\/kad-kisokos\/mindent-a-kad-tipusokrol-egyenes-sarok-aszimmetrikus-szabadon-allo-kulonleges\/#primaryimage","url":"https:\/\/m-acryl.hu\/kad-kisokos\/wp-content\/uploads\/2020\/08\/61-5410.jpg","contentUrl":"https:\/\/m-acryl.hu\/kad-kisokos\/wp-content\/uploads\/2020\/08\/61-5410.jpg","width":990,"height":675,"caption":"Nora egyenes akril k\u00e1d"},{"@type":"BreadcrumbList","@id":"https:\/\/m-acryl.hu\/kad-kisokos\/mindent-a-kad-tipusokrol-egyenes-sarok-aszimmetrikus-szabadon-allo-kulonleges\/#breadcrumb","itemListElement":[{"@type":"ListItem","position":1,"name":"Home","item":"https:\/\/m-acryl.hu\/kad-kisokos\/"},{"@type":"ListItem","position":2,"name":"Mindent a k\u00e1dt\u00edpusokr\u00f3l: egyenes, sarok, aszimmetrikus, szabadon \u00e1ll\u00f3, k\u00fcl\u00f6nleges"}]},{"@type":"WebSite","@id":"https:\/\/m-acryl.hu\/kad-kisokos\/#website","url":"https:\/\/m-acryl.hu\/kad-kisokos\/","name":"K\u00e1d kisokos","description":"Az M-Acryl f\u00fcrd\u0151k\u00e1dakr\u00f3l k\u00f6z\u00e9rthet\u0151en","potentialAction":[{"@type":"SearchAction","target":{"@type":"EntryPoint","urlTemplate":"https:\/\/m-acryl.hu\/kad-kisokos\/?s={search_term_string}"},"query-input":{"@type":"PropertyValueSpecification","valueRequired":true,"valueName":"search_term_string"}}],"inLanguage":"hu"},{"@type":"Person","@id":"https:\/\/m-acryl.hu\/kad-kisokos\/#\/schema\/person\/17544c545a9b450c6aade5e58b0e1700","name":"metahungary","image":{"@type":"ImageObject","inLanguage":"hu","@id":"https:\/\/m-acryl.hu\/kad-kisokos\/#\/schema\/person\/image\/","url":"https:\/\/secure.gravatar.com\/avatar\/f804db3b8567df5c29e03af0eefc22e8f91dc30e19a94cd163269611c484507f?s=96&d=mm&r=g","contentUrl":"https:\/\/secure.gravatar.com\/avatar\/f804db3b8567df5c29e03af0eefc22e8f91dc30e19a94cd163269611c484507f?s=96&d=mm&r=g","caption":"metahungary"},"url":"https:\/\/m-acryl.hu\/kad-kisokos\/author\/metahungary\/"}]}},"_links":{"self":[{"href":"https:\/\/m-acryl.hu\/kad-kisokos\/wp-json\/wp\/v2\/posts\/3460","targetHints":{"allow":["GET"]}}],"collection":[{"href":"https:\/\/m-acryl.hu\/kad-kisokos\/wp-json\/wp\/v2\/posts"}],"about":[{"href":"https:\/\/m-acryl.hu\/kad-kisokos\/wp-json\/wp\/v2\/types\/post"}],"author":[{"embeddable":true,"href":"https:\/\/m-acryl.hu\/kad-kisokos\/wp-json\/wp\/v2\/users\/1"}],"replies":[{"embeddable":true,"href":"https:\/\/m-acryl.hu\/kad-kisokos\/wp-json\/wp\/v2\/comments?post=3460"}],"version-history":[{"count":67,"href":"https:\/\/m-acryl.hu\/kad-kisokos\/wp-json\/wp\/v2\/posts\/3460\/revisions"}],"predecessor-version":[{"id":7481,"href":"https:\/\/m-acryl.hu\/kad-kisokos\/wp-json\/wp\/v2\/posts\/3460\/revisions\/7481"}],"wp:featuredmedia":[{"embeddable":true,"href":"https:\/\/m-acryl.hu\/kad-kisokos\/wp-json\/wp\/v2\/media\/3389"}],"wp:attachment":[{"href":"https:\/\/m-acryl.hu\/kad-kisokos\/wp-json\/wp\/v2\/media?parent=3460"}],"wp:term":[{"taxonomy":"category","embeddable":true,"href":"https:\/\/m-acryl.hu\/kad-kisokos\/wp-json\/wp\/v2\/categories?post=3460"},{"taxonomy":"post_tag","embeddable":true,"href":"https:\/\/m-acryl.hu\/kad-kisokos\/wp-json\/wp\/v2\/tags?post=3460"}],"curies":[{"name":"wp","href":"https:\/\/api.w.org\/{rel}","templated":true}]}}